{"id":7717,"date":"2025-04-09T20:55:00","date_gmt":"2025-04-09T20:55:00","guid":{"rendered":"https:\/\/undetectable.ai/blog\/?p=7717"},"modified":"2026-04-09T05:17:41","modified_gmt":"2026-04-09T05:17:41","slug":"a-toborzoknak-feltett-kerdesek","status":"publish","type":"post","link":"https:\/\/undetectable.ai/blog\/hu\/a-toborzoknak-feltett-kerdesek\/","title":{"rendered":"A toborz\u00f3knak feltett k\u00e9rd\u00e9sek: A legjobb p\u00e9ld\u00e1k az interj\u00fakhoz"},"content":{"rendered":"<p>Az interj\u00fak nem egyoldal\u00fa \u00e9rt\u00e9kel\u00e9sek, vagy legal\u00e1bbis nem kellene, hogy azok legyenek. <\/p>\n\n\n\n<p>Ez egy k\u00e9tir\u00e1ny\u00fa besz\u00e9lget\u00e9s kell, hogy legyen, ahol \u00d6nnek, mint jel\u00f6ltnek, ki kell tal\u00e1lnia, hogy egy v\u00e1llalatn\u00e1l fogja-e t\u00f6lteni \u00e9lete k\u00f6vetkez\u0151 n\u00e9h\u00e1ny \u00e9v\u00e9t.&nbsp;<\/p>\n\n\n\n<p>Mik\u00f6zben azzal vagy elfoglalva, hogy leny\u0171g\u00f6zd \u0151ket a k\u00e9pzetts\u00e9geddel, ugyanolyan fontos, hogy megbizonyosodj arr\u00f3l, hogy \u0151k is <em>leny\u0171g\u00f6z\u0151<\/em> neked is. <\/p>\n\n\n\n<p>V\u00e9g\u00fcl is olyan szerepet szeretne, amely a fizet\u00e9s mellett a c\u00e9ljaival \u00e9s - legy\u00fcnk \u0151szint\u00e9k - a j\u00f3zan esz\u00e9vel is \u00f6sszhangban van.<\/p>\n\n\n\n<p>A legjobb m\u00f3dja annak, hogy ne ker\u00fclj\u00f6n olyan helyzetbe, amit k\u00e9s\u0151bb megb\u00e1nna, ha a megfelel\u0151 k\u00e9rd\u00e9seket teszi fel.<\/p>\n\n\n\n<p>Ebben a cikkben \u00f6sszegy\u0171jt\u00f6tt\u00fck a toborz\u00f3knak feltett legjobb k\u00e9rd\u00e9seket, amelyek seg\u00edtenek abban, hogy egy kicsit kevesebb szorong\u00e1ssal v\u00e1gjon neki az interj\u00faknak.<\/p>\n\n\n\n<h2 class=\"wp-block-heading\">Mi\u00e9rt fontos a toborz\u00f3k k\u00e9rd\u00e9seinek feltev\u00e9se<\/h2>\n\n\n\n<p>Amikor \u00e1ll\u00e1skeres\u0151 vagy, \u00e9s v\u00e9gre besz\u00e9lget\u00e9st kezdem\u00e9nyezel egy toborz\u00f3val, nagyon gyakori, hogy \u00fagy \u00e9rzed, a labda a kezedben van. <em>a<\/em> b\u00edr\u00f3s\u00e1g. <\/p>\n\n\n\n<p>Sokan k\u00f6z\u00fcl\u00fcnk csak arra koncentr\u00e1lnak, hogy leny\u0171g\u00f6zz\u00e9k az interj\u00faztat\u00f3kat, \u00e9s a kihallgat\u00e1s nem is jut esz\u00fcnkbe.<\/p>\n\n\n\n<p>A probl\u00e9ma azonban az, hogy ha nem teszel fel k\u00e9rd\u00e9seket, akkor el\u00e9g nagy az es\u00e9lye annak, hogy hat h\u00e9t ut\u00e1n szerencs\u00e9tlen\u00fcl v\u00e9gzed, \u00e9s azon t\u0171n\u0151dsz, mi romlott el.<\/p>\n\n\n\n<p>A toborz\u00f3k besz\u00e9lnek <em>sokat<\/em> jel\u00f6ltek. Tegyen \u00e1tgondolt k\u00e9rd\u00e9seket, hogy jelezze nekik, hogy vannak lehet\u0151s\u00e9gei, \u00e9s hogy \u00e9rt\u00e9keli \u0151ket. <\/p>\n\n\n\n<p>Ez megv\u00e1ltoztatja a dinamik\u00e1t a \"k\u00e9rlek, vegy\u00e9l fel\" helyett a \"n\u00e9zz\u00fck meg, hogy ill\u00fcnk-e egym\u00e1shoz\" dinamik\u00e1ra.<\/p>\n\n\n\n<p><a href=\"https:\/\/www.indeed.com\/career-advice\/interviewing\/interview-question-do-you-have-any-questions\" target=\"_blank\" data-type=\"link\" data-id=\"https:\/\/www.indeed.com\/career-advice\/interviewing\/interview-question-do-you-have-any-questions\" rel=\"noreferrer noopener\">Inde<\/a><a href=\"https:\/\/www.indeed.com\/career-advice\/interviewing\/interview-question-do-you-have-any-questions\" data-type=\"link\" data-id=\"https:\/\/www.indeed.com\/career-advice\/interviewing\/interview-question-do-you-have-any-questions\" target=\"_blank\" rel=\"noopener\">ed<\/a> kiemeli, hogy az \u00e1ll\u00e1sinterj\u00fak sor\u00e1n feltett alapos k\u00e9rd\u00e9sek seg\u00edthetnek azonos\u00edtani a potenci\u00e1lis v\u00e9szjelz\u0151ket, \u00e9s biztos\u00edthatj\u00e1k, hogy a szerep val\u00f3ban megfeleljen az \u00d6n karrierc\u00e9ljainak.<\/p>\n\n\n\n<p>R\u00e1ad\u00e1sul sok \u00e1ll\u00e1shirdet\u00e9s t\u00fals\u00e1gosan csiszolt, s\u0151t, n\u00e9ha teljesen t\u00e9ves. <\/p>\n\n\n\n<p>A k\u00e9rd\u00e9sek feltev\u00e9se leh\u00e1mozza a felsz\u00edni f\u00e9nyt, \u00e9s seg\u00edt meg\u00e9rteni a t\u00e9nyleges munk\u00e1t, illetve \u00e9szrevenni a v\u00e9szjelz\u0151ket, miel\u0151tt bes\u00e9t\u00e1lna egy m\u00e9rgez\u0151 k\u00f6rnyezetbe.<\/p>\n\n\n\n<h3 class=\"wp-block-heading\">Hogyan seg\u00edthetnek a megfelel\u0151 k\u00e9rd\u00e9sek a legjobb \u00e1ll\u00e1s megtal\u00e1l\u00e1s\u00e1ban?<\/h3>\n\n\n\n<p>Az \u00e1ll\u00e1s megszerz\u00e9se \u00e9s a megfelel\u0151 \u00e1ll\u00e1s megszerz\u00e9se k\u00e9t nagyon k\u00fcl\u00f6nb\u00f6z\u0151 dolog. <\/p>\n\n\n\n<p>A sz\u00e1nd\u00e9kos k\u00e9rd\u00e9sek feltev\u00e9se seg\u00edt kital\u00e1lni, <em>\"Vajon ez a munka felemel, vagy ledar\u00e1l?\"<\/em><\/p>\n\n\n\n<p>Minden munka j\u00f3l hangzik a munkak\u00f6ri le\u00edr\u00e1sban. De csak az \u00d6n k\u00e9rd\u00e9seib\u0151l der\u00fclhet ki, hogy val\u00f3j\u00e1ban mi is az. <em>\u00fagy \u00e9rzi<\/em> mintha \u00e9ln\u00e9k.<\/p>\n\n\n\n<p>Emellett a vezet\u0151je is megalapozhatja vagy megt\u00f6rheti a munk\u00e1val val\u00f3 el\u00e9gedetts\u00e9g\u00e9t. <\/p>\n\n\n\n<p>De egyetlen toborz\u00f3 sem fogja ezt ny\u00edltan kimondani, <em>\"\u00d3, a menedzser egyfajta mikromenedzser, \u00e9s nehezen boldogul a kommunik\u00e1ci\u00f3val.\"&nbsp;<\/em><\/p>\n\n\n\n<p>Ehelyett k\u00e9rdezz\u00fck meg: \"Hogyan t\u00e1mogatja a vezet\u0151 a csapat\u00e1t? Meg tudna osztani egy k\u00f6zelm\u00faltbeli kih\u00edv\u00e1st, amiben seg\u00edtett?\" betekint\u00e9st nyerhet a vezet\u00e9si st\u00edlus\u00e1ba.<\/p>\n\n\n\n<p>Az egyik leggyakoribb ok, ami\u00e9rt az emberek gyorsan elhagyj\u00e1k a munkahely\u00fcket, a nem megfelel\u0151 elv\u00e1r\u00e1sok. <\/p>\n\n\n\n<p>Azt hiszed, hogy egy kreat\u00edv, nagy hat\u00e1s\u00fa munkak\u00f6rbe l\u00e9psz be, de kider\u00fcl, hogy ez t\u00f6bbnyire csak a t\u00e1bl\u00e1zatok b\u00e9biszitterked\u00e9se.&nbsp;<\/p>\n\n\n\n<p>K\u00e9rd\u00e9seket kell feltennie a munk\u00e1val kapcsolatos elv\u00e1r\u00e1sair\u00f3l. Nem csak hom\u00e1lyosan a c\u00e9lokr\u00f3l, hanem konkr\u00e9t eredm\u00e9nyekr\u0151l, hat\u00e1rid\u0151kr\u0151l, kultur\u00e1lis elv\u00e1r\u00e1sokr\u00f3l stb.<\/p>\n\n\n\n<p><a href=\"https:\/\/www.forbes.com\/sites\/carolinecastrillon\/2024\/09\/22\/questions-to-ask-a-recruiter-during-a-job-interview\/\" target=\"_blank\" data-type=\"link\" data-id=\"https:\/\/www.forbes.com\/sites\/carolinecastrillon\/2024\/09\/22\/questions-to-ask-a-recruiter-during-a-job-interview\/\" rel=\"noreferrer noopener\">Forbes<\/a> egy nagyszer\u0171 list\u00e1t ad tov\u00e1bbi hasznos k\u00e9rd\u00e9sekr\u0151l, amelyeket feltehet a toborz\u00f3knak, \u00e9s amelyek seg\u00edthetnek tiszt\u00e1bb k\u00e9pet kapni arr\u00f3l, hogy egy adott szerepk\u00f6r val\u00f3j\u00e1ban mivel j\u00e1r.<\/p>\n\n\n\n<h2 class=\"wp-block-heading\">A legjobb k\u00e9rd\u00e9sek a toborz\u00f3knak, miel\u0151tt jelentkezik egy \u00e1ll\u00e1sra<\/h2>\n\n\n\n<p>Nagy hiba, hogy a k\u00e9rd\u00e9seket az interj\u00fa szakasz\u00e1ra tartogatod. <\/p>\n\n\n\n<p>Addigra m\u00e1r id\u0151t \u00e9s energi\u00e1t fektetett bele, \u00e9s tal\u00e1n m\u00e9g egy sz\u0171r\u00e9si k\u00f6r\u00f6n is \u00e1tment, csak hogy kider\u00fclj\u00f6n, hogy a fizet\u00e9s 40% az \u00d6n \u00e1ltal elv\u00e1rt tartom\u00e1ny alatt van.<\/p>\n\n\n\n<p>A probl\u00e9ma az, hogy a legt\u00f6bben nem tudj\u00e1k, mit k\u00e9rdezzenek, vagy \u00e1ltal\u00e1nos, biztons\u00e1gos k\u00e9rd\u00e9seket tesznek fel, amelyekkel nulla hasznos inform\u00e1ci\u00f3t kapunk.<\/p>\n\n\n\n<figure class=\"wp-block-image size-large\"><img loading=\"lazy\" decoding=\"async\" width=\"1024\" height=\"492\" src=\"https:\/\/undetectable.ai/blog\/wp-content\/uploads\/2025\/01\/ai-chat-1024x492.jpg\" alt=\"AI Chat\" class=\"wp-image-6097\" title=\"\" srcset=\"https:\/\/undetectable.ai/blog\/wp-content\/uploads\/2025\/01\/ai-chat-1024x492.jpg 1024w, https:\/\/undetectable.ai/blog\/wp-content\/uploads\/2025\/01\/ai-chat-300x144.jpg 300w, https:\/\/undetectable.ai/blog\/wp-content\/uploads\/2025\/01\/ai-chat-768x369.jpg 768w, https:\/\/undetectable.ai/blog\/wp-content\/uploads\/2025\/01\/ai-chat-1536x738.jpg 1536w, https:\/\/undetectable.ai/blog\/wp-content\/uploads\/2025\/01\/ai-chat-2048x984.jpg 2048w, https:\/\/undetectable.ai/blog\/wp-content\/uploads\/2025\/01\/ai-chat-18x9.jpg 18w\" sizes=\"auto, (max-width: 1024px) 100vw, 1024px\" \/><\/figure>\n\n\n\n<p>Ha egy munkak\u00f6rh\u00f6z kapcsol\u00f3d\u00f3, kontextus-specifikus k\u00e9rd\u00e9seket szeretne kapni, pr\u00f3b\u00e1lja meg haszn\u00e1lni a <a href=\"https:\/\/undetectable.ai\/apps\/ai-chat\" target=\"_blank\" rel=\"noreferrer noopener\">\u00c9szrevehetetlen AI chat<\/a>. A k\u00f6vetkez\u0151 promptot adhatja meg neki:<br><br><em>\"Elemezze ezt az \u00e1ll\u00e1sle\u00edr\u00e1st, \u00e9s seg\u00edtsen nekem konkr\u00e9t, l\u00e9nyegre t\u00f6r\u0151 k\u00e9rd\u00e9seket feltenni a toborz\u00f3nak, miel\u0151tt jelentkezn\u00e9k. Koncentr\u00e1lj a munkaelv\u00e1r\u00e1sokra, a csapatszerkezetre, a karrier\u00e9p\u00edt\u00e9sre \u00e9s a piros z\u00e1szl\u00f3kra.\"<\/em><\/p>\n\n\n\n<p>\u00cdme n\u00e9h\u00e1ny j\u00f3 k\u00e9rd\u00e9s a toborz\u00f3knak, amelyek k\u00f6zvetlen\u00fcl a legjobb lehet\u0151s\u00e9gekhez vezetnek.<\/p>\n\n\n\n<ol class=\"wp-block-list\">\n<li>Mi a 3 legfontosabb priorit\u00e1s egy ilyen poz\u00edci\u00f3ban dolgoz\u00f3 sz\u00e1m\u00e1ra az els\u0151 90 napban?<\/li>\n<\/ol>\n\n\n\n<p>Ez a k\u00e9rd\u00e9s azt mutatja, hogy m\u00e1r gondolkodik <em>hogyan j\u00e1rulhatsz hozz\u00e1<\/em> az els\u0151 napt\u00f3l kezdve.&nbsp;<\/p>\n\n\n\n<p>Ezt a v\u00e1laszt arra is felhaszn\u00e1lhatja, hogy kider\u00edtse, van-e a poz\u00edci\u00f3nak struktur\u00e1lt beilleszked\u00e9si folyamata, vagy elv\u00e1rj\u00e1k, hogy egyed\u00fcl tal\u00e1lja ki a dolgokat.<\/p>\n\n\n\n<ol start=\"2\" class=\"wp-block-list\">\n<li>Le tudja \u00edrni a felv\u00e9telt v\u00e9gz\u0151 vezet\u0151 munkast\u00edlus\u00e1t, \u00e9s azt, hogy mit \u00e9rt\u00e9kel legink\u00e1bb a csapattagokban?<\/li>\n<\/ol>\n\n\n\n<p>A vezet\u0151j\u00e9vel val\u00f3 kapcsolata b\u00e1rmely munkahelyen megalapozhatja vagy megt\u00f6rheti a tapasztalatokat.<\/p>\n\n\n\n<p>Betekint\u00e9st nyerhet\u00fcnk a munkast\u00edlusukba, hogy gyakorlatiasak-e, vagy nem, hogy \u00e9rt\u00e9kelik-e a f\u00fcggetlens\u00e9get vagy az egy\u00fcttm\u0171k\u00f6d\u00e9st, milyen szem\u00e9lyes tulajdons\u00e1gokat keresnek egy csapattagban, \u00e9s mindezek k\u00f6zvetlen\u00fcl befoly\u00e1solj\u00e1k az \u00d6n mindennapi munk\u00e1j\u00e1t.<\/p>\n\n\n\n<ol start=\"3\" class=\"wp-block-list\">\n<li>Hol helyezkedik el ez a szerepk\u00f6r a csapatszerkezetben, \u00e9s milyen k\u00f6lcs\u00f6nhat\u00e1sban van m\u00e1s r\u00e9szlegekkel?<\/li>\n<\/ol>\n\n\n\n<p>Annak meg\u00e9rt\u00e9se, hogy ez a szerep hogyan illeszkedik a nagyobb csapatszerkezetbe, seg\u00edt \u00e1tl\u00e1tni annak hat\u00e1sfok\u00e1t.&nbsp;<\/p>\n\n\n\n<p>Ha a szerepk\u00f6r m\u00e1s r\u00e9szlegekkel egy\u00fcttm\u0171k\u00f6dik, az annak a jele, hogy a feladat szerves r\u00e9sz\u00e9t k\u00e9pezi az \u00fczletnek. <\/p>\n\n\n\n<p>Ha ez elszigetelt, akkor tudni szeretn\u00e9, hogy ez a munka preferenci\u00e1i szempontj\u00e1b\u00f3l nem jelent-e d\u00f6nt\u0151 t\u00e9nyez\u0151t.<\/p>\n\n\n\n<ol start=\"4\" class=\"wp-block-list\">\n<li>Milyen el\u0151rel\u00e9p\u00e9s v\u00e1rhat\u00f3 ebb\u0151l a poz\u00edci\u00f3b\u00f3l a k\u00f6vetkez\u0151 1-2 \u00e9vben? Van-e precedens a bels\u0151 el\u0151l\u00e9ptet\u00e9sekre?<\/li>\n<\/ol>\n\n\n\n<p>Ez a k\u00e9rd\u00e9s azt mutatja, hogy \u00d6n hossz\u00fa t\u00e1von gondolkodik, \u00e9s nem csak egy hi\u00e1nyp\u00f3tl\u00f3 \u00e1ll\u00e1st keres.&nbsp;<\/p>\n\n\n\n<p>Ez vil\u00e1gos k\u00e9pet ad arr\u00f3l, hogy van-e lehet\u0151s\u00e9g a v\u00e1llalaton bel\u00fcli fejl\u0151d\u00e9sre, \u00e9s milyen utak ny\u00edlhatnak meg el\u0151tted a k\u00e9s\u0151bbiekben.<\/p>\n\n\n\n<ol start=\"5\" class=\"wp-block-list\">\n<li>Hogyan n\u00e9z ki egy tipikus h\u00e9t a munkaterhel\u00e9s \u00e9s az \u00f3r\u00e1k tekintet\u00e9ben a forgalmas \u00e9s a norm\u00e1l id\u0151szakokban?<\/li>\n<\/ol>\n\n\n\n<p>Senki sem akarja, hogy a t\u00falterhel\u00e9s vagy a kisz\u00e1m\u00edthatatlan munkaid\u0151 v\u00e1ratlanul \u00e9rje.&nbsp;<\/p>\n\n\n\n<p>A toborz\u00f3 v\u00e1lasza erre a k\u00e9rd\u00e9sre seg\u00edt meg\u00e9rteni a munkak\u00f6rnyezetet \u00e9s azt, hogy heti rendszeress\u00e9ggel mibe s\u00e9t\u00e1lsz bele.<\/p>\n\n\n\n<ol start=\"6\" class=\"wp-block-list\">\n<li>Vannak olyan konkr\u00e9t eszk\u00f6z\u00f6k, rendszerek vagy keretrendszerek, amelyekre a csapat jelenleg \u00e1t\u00e1ll, vagy amelyekre nagym\u00e9rt\u00e9kben t\u00e1maszkodik?<\/li>\n<\/ol>\n\n\n\n<p>Ez seg\u00edt felm\u00e9rni, hogy sz\u00fcks\u00e9ged van-e tov\u00e1bbk\u00e9pz\u00e9sre, vagy m\u00e1r rendelkezel a sz\u00fcks\u00e9ges szaktud\u00e1ssal ahhoz, hogy beindulj.&nbsp;<\/p>\n\n\n\n<p>Ebb\u0151l kider\u00fcl, hogy milyen technol\u00f3gi\u00e1val vagy rendszerekkel fogsz dolgozni, \u00e9s hogy a csapat\/v\u00e1llalat mennyire el\u0151remutat\u00f3 a technol\u00f3gia ter\u00e9n.<\/p>\n\n\n\n<ol start=\"7\" class=\"wp-block-list\">\n<li>Ez egy \u00faj szerepk\u00f6r vagy egy visszat\u00f6lt\u00e9s? Ha visszat\u00f6lt\u00e9sr\u0151l van sz\u00f3, mi vezetett az el\u0151z\u0151 szem\u00e9ly tov\u00e1bbl\u00e9p\u00e9s\u00e9hez?<\/li>\n<\/ol>\n\n\n\n<p>Ha megk\u00e9rdezz\u00fck, hogy \u00faj vagy \u00fajonnan bet\u00f6lt\u00f6tt poz\u00edci\u00f3r\u00f3l van-e sz\u00f3, megtudhatjuk, hogy mennyire stabil a poz\u00edci\u00f3, mennyire k\u00e9pes a v\u00e1llalat megtartani a tehets\u00e9geket, illetve mi a fluktu\u00e1ci\u00f3 oka.&nbsp;<\/p>\n\n\n\n<p>Ha azt mondj\u00e1k, hogy a visszat\u00f6lt\u00e9s az\u00e9rt t\u00f6rt\u00e9nt, mert az el\u0151z\u0151 jel\u00f6ltet magasabb poz\u00edci\u00f3ba l\u00e9ptett\u00e9k el\u0151, akkor ez egy z\u00f6ld z\u00e1szl\u00f3 az \u00d6n sz\u00e1m\u00e1ra.<\/p>\n\n\n\n<p>Megn\u00e9zheti a <a href=\"https:\/\/www.coursera.org\/articles\/questions-to-ask-recruiters\" target=\"_blank\" data-type=\"link\" data-id=\"https:\/\/www.coursera.org\/articles\/questions-to-ask-recruiters\" rel=\"noreferrer noopener\">Coursera<\/a> a toborz\u00f3knak feltett 10 alapvet\u0151 k\u00e9rd\u00e9s list\u00e1ja, amely seg\u00edthet \u00d6nnek felk\u00e9sz\u00fclni az \u00e1tgondolt k\u00e9rd\u00e9sekre, miel\u0151tt jelentkezik egy \u00e1ll\u00e1sra.<\/p>\n\n\n\n<h2 class=\"wp-block-heading\">A legjobb k\u00e9rd\u00e9sek a toborz\u00f3knak egy interj\u00fa ut\u00e1n<\/h2>\n\n\n\n<p>Miut\u00e1n befejezte az interj\u00fat, vagy a \"Ez remek\u00fcl ment!\" hull\u00e1m\u00e1n lovagol, vagy minden v\u00e1laszt \u00fajra lej\u00e1tszik, \u00e9s azon gondolkodik, hogy vajon nem kellett volna-e \"egy\u00fcttm\u0171k\u00f6d\u0151\" helyett \"f\u00fcggetlen\"-et mondania.<\/p>\n\n\n\n<p>Ak\u00e1rhogy is, term\u00e9szetes, hogy az interj\u00fa ut\u00e1n minden jel\u00f6lt \u00f6szt\u00f6n\u00f6sen h\u00e1trad\u0151l \u00e9s v\u00e1rakozik. De ne tegye.&nbsp;<\/p>\n\n\n\n<p>Az interj\u00fa ut\u00e1ni id\u0151szak val\u00f3j\u00e1ban az egyik leger\u0151sebb befoly\u00e1sol\u00f3 t\u00e9nyez\u0151. <\/p>\n\n\n\n<p>Tegye fel a megfelel\u0151 k\u00e9rd\u00e9seket a toborz\u00f3nak az interj\u00fa ut\u00e1n, hogy ne feledkezzen meg \u00d6nr\u0151l.<\/p>\n\n\n\n<p>V\u00e9gezt\u00fcnk a \"Mikor sz\u00e1m\u00edthatok v\u00e1laszra?\" k\u00e9rd\u00e9ssel. \u00cdme n\u00e9h\u00e1ny \u00e9rt\u00e9kes k\u00e9rd\u00e9s, amelyet a toborz\u00f3knak az interj\u00fa alatt vagy k\u00f6zvetlen\u00fcl ut\u00e1na feltehet.&nbsp;<\/p>\n\n\n\n<ol class=\"wp-block-list\">\n<li>Van valami az interj\u00famban, ami elbizonytalan\u00edtotta a csapatot, vagy amit m\u00e9g tiszt\u00e1zhatn\u00e9k?<\/li>\n<\/ol>\n\n\n\n<p>A legt\u00f6bb jel\u00f6lt soha nem k\u00e9rdez ilyet, de ez azt jelzi, hogy \u00f6nismer\u0151 \u00e9s proakt\u00edv.&nbsp;<\/p>\n\n\n\n<p>Esetenk\u00e9nt pedig a toborz\u00f3 felfedhet egy olyan probl\u00e9m\u00e1t, amellyel \u00d6n azonnal foglalkozhat a nyomon k\u00f6vet\u0151 e-mailben.<\/p>\n\n\n\n<ol start=\"2\" class=\"wp-block-list\">\n<li>Mik a k\u00f6vetkez\u0151 l\u00e9p\u00e9sek az elj\u00e1r\u00e1s sor\u00e1n, \u00e9s van-e valami, amivel addig is meger\u0151s\u00edthetem a p\u00e1ly\u00e1zatomat?<\/li>\n<\/ol>\n\n\n\n<p>Igen, ez r\u00e9szben az id\u0151z\u00edt\u00e9sr\u0151l sz\u00f3l, de ez egyben az \u00d6n k\u00eds\u00e9rlete is, hogy megeml\u00edtse, hogy m\u00e9g mindig j\u00e1t\u00e9kban van, \u00e9s gy\u0151zni akar.<\/p>\n\n\n\n<ol start=\"3\" class=\"wp-block-list\">\n<li>Hogyan hozza meg a csapat a v\u00e9gs\u0151 d\u00f6nt\u00e9st - mik a legfontosabb t\u00e9nyez\u0151k, amelyeket m\u00e9rlegelni fognak?<\/li>\n<\/ol>\n\n\n\n<p>Most betekint\u00e9st nyerhet abba, hogyan sz\u00fcletnek a d\u00f6nt\u00e9sek, pl. k\u00e9szs\u00e9gek vs. kult\u00far\u00e1hoz val\u00f3 illeszked\u00e9s, tapasztalat vs. potenci\u00e1l.&nbsp;<\/p>\n\n\n\n<p>Ez azt is mutatja, hogy \u00fagy gondolkodik, mint aki okos \u00e9s strat\u00e9giai b\u00e9rl\u0151k\u00e9nt szeretne dolgozni.&nbsp;<\/p>\n\n\n\n<ol start=\"4\" class=\"wp-block-list\">\n<li>Van valami, amire felk\u00e9sz\u00fclhetek a k\u00f6vetkez\u0151 fordul\u00f3 el\u0151tt, ami hasznos lehet a csapat sz\u00e1m\u00e1ra?<\/li>\n<\/ol>\n\n\n\n<p>Ha az interj\u00fa ut\u00e1n technikai teszt vagy portf\u00f3li\u00f3ellen\u0151rz\u00e9s k\u00f6vetkezik, akkor m\u00e1ris el\u0151nyben vagy.&nbsp;<\/p>\n\n\n\n<p>Ha pedig nem, akkor \u00e9pp most mutatta meg, hogy m\u00e1r el\u0151re gondolkodik, \u00e9s arra \u00f6sszpontos\u00edt, hogy megk\u00f6nny\u00edtse a csapat dolg\u00e1t.<\/p>\n\n\n\n<ol start=\"5\" class=\"wp-block-list\">\n<li>Hasznos lenne, ha a jel\u00f6l\u00e9semet al\u00e1t\u00e1maszt\u00f3 egy\u00e9b inform\u00e1ci\u00f3kkal is kieg\u00e9sz\u00edten\u00e9m?<\/li>\n<\/ol>\n\n\n\n<p>Ez is az egyik olyan k\u00e9rd\u00e9s, amelyet a telefonos sz\u0171r\u0151vizsg\u00e1lat sor\u00e1n \u00e9rdemes feltenni a toborz\u00f3knak.<\/p>\n\n\n\n<p>A toborz\u00f3 v\u00e9g\u00fcl azt mondhatja: \"Val\u00f3j\u00e1ban igen, seg\u00edtene, ha lenne egy \u00fajabb \u00edr\u00e1smint\u00e1nk.\" Sosem lehet tudni.<\/p>\n\n\n\n<h2 class=\"wp-block-heading\">Hogyan seg\u00edthetnek a mesters\u00e9ges intelligencia eszk\u00f6z\u00f6k a toborz\u00e1si folyamatban?<\/h2>\n\n\n\n<p>Az \u00e1ll\u00e1skeres\u00e9s \u00f6nmag\u00e1ban is teljes munkaid\u0151s feladatnak t\u0171nik. <\/p>\n\n\n\n<p>F\u00e1raszt\u00f3 minden egyes \u00e1ll\u00e1shoz igaz\u00edtani az \u00f6n\u00e9letrajzot, amelyre jelentkezik, \u00e9s olyan k\u00eds\u00e9r\u0151leveleket \u00edrni, amelyek valahogy m\u00e9gis ugyan\u00fagy hangzanak.&nbsp;<\/p>\n\n\n\n<p>Norm\u00e1lis esetben le kellene \u00fclnie, minden egyes \u00e1ll\u00e1shoz igaz\u00edtani a k\u00e9szs\u00e9geit \u00e9s tapasztalatait, m\u00f3dos\u00edtani az \u00f6n\u00e9letrajz\u00e1t \u00e9s a k\u00eds\u00e9r\u0151level\u00e9t, \u00e9s im\u00e1dkozni, hogy azok \u00e1tmenjenek a P\u00e1lyak\u00f6vet\u00e9si rendszereken (ATS).&nbsp;<\/p>\n\n\n\n<p>Szerencs\u00e9re az Undetectable AI eszk\u00f6z\u00f6k seg\u00edthetnek a terhel\u00e9sekben az \u00e1ll\u00e1skeres\u00e9s sor\u00e1n.&nbsp;<\/p>\n\n\n\n<figure class=\"wp-block-image size-full\"><img loading=\"lazy\" decoding=\"async\" width=\"869\" height=\"459\" src=\"https:\/\/undetectable.ai/blog\/wp-content\/uploads\/2025\/02\/resume-builder.jpg\" alt=\"\u00d6n\u00e9letrajz-\u00e9p\u00edt\u0151\" class=\"wp-image-6388\" title=\"\" srcset=\"https:\/\/undetectable.ai/blog\/wp-content\/uploads\/2025\/02\/resume-builder.jpg 869w, https:\/\/undetectable.ai/blog\/wp-content\/uploads\/2025\/02\/resume-builder-300x158.jpg 300w, https:\/\/undetectable.ai/blog\/wp-content\/uploads\/2025\/02\/resume-builder-768x406.jpg 768w, https:\/\/undetectable.ai/blog\/wp-content\/uploads\/2025\/02\/resume-builder-18x10.jpg 18w\" sizes=\"auto, (max-width: 869px) 100vw, 869px\" \/><\/figure>\n\n\n\n<p>A <a href=\"https:\/\/undetectable.ai\/resume-builder\" target=\"_blank\" rel=\"noreferrer noopener\">\u00d6n\u00e9letrajz-\u00e9p\u00edt\u0151<\/a>p\u00e9ld\u00e1ul csak ki kell v\u00e1lasztania egy sablont t\u00f6bb sz\u00e1z terv k\u00f6z\u00fcl, \u00e9s fel kell t\u00f6ltenie adatait.&nbsp;<\/p>\n\n\n\n<p>Ezut\u00e1n a mesters\u00e9ges intelligencia mag\u00e1t\u00f3l optimaliz\u00e1lja azt az ipar\u00e1g-specifikus kulcsszavak seg\u00edts\u00e9g\u00e9vel, \u00e9s m\u00e1ris k\u00e9szen \u00e1ll, mind\u00f6ssze n\u00e9h\u00e1ny kattint\u00e1ssal.<\/p>\n\n\n\n<figure class=\"wp-block-image size-large\"><img loading=\"lazy\" decoding=\"async\" width=\"1024\" height=\"440\" src=\"https:\/\/undetectable.ai/blog\/wp-content\/uploads\/2025\/03\/AI-cover-letter-generator-1-1024x440.jpg\" alt=\"AI Cover Letter Generator szem\u00e9lyre szabott levelek \u00edr\u00e1s\u00e1hoz\" class=\"wp-image-7282\" title=\"\" srcset=\"https:\/\/undetectable.ai/blog\/wp-content\/uploads\/2025\/03\/AI-cover-letter-generator-1-1024x440.jpg 1024w, https:\/\/undetectable.ai/blog\/wp-content\/uploads\/2025\/03\/AI-cover-letter-generator-1-300x129.jpg 300w, https:\/\/undetectable.ai/blog\/wp-content\/uploads\/2025\/03\/AI-cover-letter-generator-1-768x330.jpg 768w, https:\/\/undetectable.ai/blog\/wp-content\/uploads\/2025\/03\/AI-cover-letter-generator-1-18x8.jpg 18w, https:\/\/undetectable.ai/blog\/wp-content\/uploads\/2025\/03\/AI-cover-letter-generator-1.jpg 1355w\" sizes=\"auto, (max-width: 1024px) 100vw, 1024px\" \/><\/figure>\n\n\n\n<p>Hasonl\u00f3k\u00e9ppen, a <a href=\"https:\/\/undetectable.ai\/cover-letter-generator\" target=\"_blank\" rel=\"noreferrer noopener\">Bor\u00edt\u00f3lap gener\u00e1tor<\/a> arra k\u00e9ri, hogy egyszer\u0171en adja meg adatait, vagy import\u00e1lja LinkedIn-profilj\u00e1t, \u00e9s a program l\u00e9trehoz egy szem\u00e9lyre szabott, a megp\u00e1ly\u00e1zott \u00e1ll\u00e1shoz igaz\u00edtott k\u00eds\u00e9r\u0151levelet. <\/p>\n\n\n\n<p>K\u00e9pzelje el, mennyi id\u0151t takar\u00edthat meg ezzel!<\/p>\n\n\n\n<figure class=\"wp-block-image size-large\"><img loading=\"lazy\" decoding=\"async\" width=\"1024\" height=\"365\" src=\"https:\/\/undetectable.ai/blog\/wp-content\/uploads\/2025\/02\/auto-applier-ud-1024x365.jpg\" alt=\"Emellett az \u00c9szrevehetetlen AI Auto Applier seg\u00edthet az \u00e1ll\u00e1skeres\u00e9sben, id\u0151t takar\u00edthat meg, \u00e9s n\u00f6velheti az es\u00e9lyeit az interj\u00fakon.\" class=\"wp-image-6516\" title=\"\" srcset=\"https:\/\/undetectable.ai/blog\/wp-content\/uploads\/2025\/02\/auto-applier-ud-1024x365.jpg 1024w, https:\/\/undetectable.ai/blog\/wp-content\/uploads\/2025\/02\/auto-applier-ud-300x107.jpg 300w, https:\/\/undetectable.ai/blog\/wp-content\/uploads\/2025\/02\/auto-applier-ud-768x274.jpg 768w, https:\/\/undetectable.ai/blog\/wp-content\/uploads\/2025\/02\/auto-applier-ud-18x6.jpg 18w, https:\/\/undetectable.ai/blog\/wp-content\/uploads\/2025\/02\/auto-applier-ud.jpg 1337w\" sizes=\"auto, (max-width: 1024px) 100vw, 1024px\" \/><\/figure>\n\n\n\n<p>A <a href=\"https:\/\/undetectable.ai\/smart-applier\" target=\"_blank\" rel=\"noreferrer noopener\">AI Auto Job Applier automatikus munkak\u00f6zvet\u00edt\u0151<\/a> leveszi a t\u00e1ny\u00e9rj\u00e1r\u00f3l az \u00e1ll\u00e1sokra val\u00f3 jelentkez\u00e9s f\u00e1raszt\u00f3 r\u00e9sz\u00e9t. <\/p>\n\n\n\n<p>Csak annyit kell tennie, hogy felt\u00f6lti \u00f6n\u00e9letrajz\u00e1t, be\u00e1ll\u00edtja a sz\u0171r\u0151ket, \u00e9s egyetlen kattint\u00e1ssal a mesters\u00e9ges intelligencia elk\u00fcldi jelentkez\u00e9s\u00e9t a legmegfelel\u0151bb \u00e1ll\u00e1sokra, mik\u00f6zben \u00d6n h\u00e1trad\u0151l \u00e9s pihen.<\/p>\n\n\n<div class=\"wp-block-image\">\n<figure class=\"aligncenter size-large\"><img loading=\"lazy\" decoding=\"async\" width=\"1024\" height=\"462\" src=\"https:\/\/undetectable.ai/blog\/wp-content\/uploads\/2025\/02\/AI-Question-Solver-1024x462.png\" alt=\"\" class=\"wp-image-12743\" title=\"\" srcset=\"https:\/\/undetectable.ai/blog\/wp-content\/uploads\/2025\/02\/AI-Question-Solver-1024x462.png 1024w, https:\/\/undetectable.ai/blog\/wp-content\/uploads\/2025\/02\/AI-Question-Solver-300x135.png 300w, https:\/\/undetectable.ai/blog\/wp-content\/uploads\/2025\/02\/AI-Question-Solver-768x347.png 768w, https:\/\/undetectable.ai/blog\/wp-content\/uploads\/2025\/02\/AI-Question-Solver-1536x693.png 1536w, https:\/\/undetectable.ai/blog\/wp-content\/uploads\/2025\/02\/AI-Question-Solver-2048x924.png 2048w, https:\/\/undetectable.ai/blog\/wp-content\/uploads\/2025\/02\/AI-Question-Solver-18x8.png 18w\" sizes=\"auto, (max-width: 1024px) 100vw, 1024px\" \/><\/figure><\/div>\n\n\n<p>Seg\u00edts\u00e9gre van sz\u00fcks\u00e9ge a gyakori vagy tr\u00fckk\u00f6s interj\u00fak\u00e9rd\u00e9sekre adott v\u00e1laszok begyakorl\u00e1s\u00e1hoz? <\/p>\n\n\n\n<p>Pr\u00f3b\u00e1lja ki a  c\u00edmet. <a href=\"https:\/\/undetectable.ai\/ai-question-solver\" target=\"_blank\" rel=\"noreferrer noopener\"><strong>AI k\u00e9rd\u00e9s megold\u00f3<\/strong><\/a>. Csak \u00edrja be a k\u00e9rd\u00e9st, \u00e9s m\u00e1ris kap egy vil\u00e1gos, magabiztos v\u00e1laszt - t\u00f6k\u00e9letes a gyors felk\u00e9sz\u00fcl\u00e9shez \u00e9s a csiszolt hangz\u00e1shoz.<\/p>\n\n\n\n<p>K\u00edv\u00e1ncsi az AI Detector \u00e9s Humanizer rendszer\u00fcnkre? Pr\u00f3b\u00e1lja ki \u0151ket az al\u00e1bbi widgetben!<\/p>\n\n\n\n<div id=\"uai-widget\" data-affiliate-link=\"https:\/\/undetectable.ai\/?_by=hi4km\"><script>var js = document.createElement(\"script\");js.async = true;js.src = \"https:\/\/widget.undetectable.ai\/js\/widget-loader.js?t=\"+Date.now();document.getElementsByTagName(\"head\")[0].appendChild(js);<\/script><\/div>\n\n\n\n<h2 class=\"wp-block-heading\">GYIK a toborz\u00f3k k\u00e9rd\u00e9seinek feltev\u00e9s\u00e9r\u0151l<\/h2>\n\n\n<div id=\"rank-math-faq\" class=\"rank-math-block\">\n<div class=\"rank-math-list\">\n<div id=\"faq-question-1744189124826\" class=\"rank-math-list-item\">\n<h3 class=\"rank-math-question\">K\u00e9rdezhetek egy toborz\u00f3t a fizet\u00e9sr\u0151l?<\/h3>\n<div class=\"rank-math-answer\">\n\n<p>Mindenk\u00e9ppen megk\u00e9rdezheted a toborz\u00f3t a fizet\u00e9sr\u0151l, de a legjobb, ha megv\u00e1rod, am\u00edg nem mutatnak n\u00e9mi \u00e9rdekl\u0151d\u00e9st az ir\u00e1nt, hogy tov\u00e1bbl\u00e9pj a folyamatban.<\/p>\n\n<\/div>\n<\/div>\n<div id=\"faq-question-1744189136672\" class=\"rank-math-list-item\">\n<h3 class=\"rank-math-question\">Mit ne k\u00e9rdezzek a toborz\u00f3t\u00f3l?<\/h3>\n<div class=\"rank-math-answer\">\n\n<p>Ker\u00fclje az olyan k\u00e9rd\u00e9sek feltev\u00e9s\u00e9t a toborz\u00f3knak, amelyek k\u00f6nnyen megv\u00e1laszolhat\u00f3k kutat\u00e1ssal, mint p\u00e9ld\u00e1ul a v\u00e1llalat alapvet\u0151 adatai vagy a munkak\u00f6ri k\u00f6vetelm\u00e9nyek.<\/p>\n\n<\/div>\n<\/div>\n<div id=\"faq-question-1744189237371\" class=\"rank-math-list-item\">\n<h3 class=\"rank-math-question\">K\u00f6vessem-e nyomon, ha a toborz\u00f3 nem v\u00e1laszol?<\/h3>\n<div class=\"rank-math-answer\">\n\n<p>Igen, ha a toborz\u00f3 nem v\u00e1laszol egy \u00e9sszer\u0171 id\u0151n bel\u00fcl, k\u00f6r\u00fclbel\u00fcl egy-k\u00e9t h\u00e9tig, akkor c\u00e9lszer\u0171 ut\u00e1naj\u00e1rni.<\/p>\n<p>Azonban \u00fcgyeljen arra, hogy ne legyen t\u00fal tolakod\u00f3, \u00e9s ne bomb\u00e1zza a toborz\u00f3t minden m\u00e1sodik nap nyomon k\u00f6vet\u00e9si k\u00e9rd\u00e9sekkel.<\/p>\n\n<\/div>\n<\/div>\n<\/div>\n<\/div>\n\n\n<h2 class=\"wp-block-heading\">K\u00f6vetkeztet\u00e9s<\/h2>\n\n\n\n<p>Az interj\u00fak c\u00e9lja v\u00e9gs\u0151 soron az, hogy biztos\u00edtsuk, hogy a megfelel\u0151 poz\u00edci\u00f3ba l\u00e9psz be.&nbsp;<\/p>\n\n\n\n<p>A toborz\u00f3knak feltett k\u00e9rd\u00e9sek, amelyeket fentebb felsoroltunk, seg\u00edtenek tiszt\u00e1zni a r\u00e9szleteket, miel\u0151tt id\u0151t \u00e9s energi\u00e1t fektetne az \u00e1ll\u00e1sokra val\u00f3 jelentkez\u00e9sbe, \u00e9s m\u00e9lyebb betekint\u00e9st nyerhet az interj\u00fa ut\u00e1n.&nbsp;<\/p>\n\n\n\n<p>Most, ha m\u00e9g tov\u00e1bb szeretn\u00e9 jav\u00edtani \u00e1ll\u00e1skeres\u00e9s\u00e9t \u00e9s kiemelked\u0151v\u00e9 tenni jelentkez\u00e9s\u00e9t, az Undetectable AI t\u00e1mogatja \u00d6nt.&nbsp;<\/p>\n\n\n\n<p>Haszn\u00e1lja a programot, hogy minden egyes \u00e1ll\u00e1sp\u00e1ly\u00e1zatra szem\u00e9lyre szabott \u00f6n\u00e9letrajzot k\u00e9sz\u00edtsen, szem\u00e9lyre szabott k\u00eds\u00e9r\u0151leveleket gener\u00e1ljon, \u00e9s automatiz\u00e1lja az \u00e1ll\u00e1sp\u00e1ly\u00e1zati folyamatot.<\/p>\n\n\n\n<p>&nbsp;Adja meg a <a href=\"https:\/\/undetectable.ai\/\" target=\"_blank\" rel=\"noreferrer noopener\">Kimutathatatlan AI<\/a> egy pr\u00f3b\u00e1t m\u00e9g ma!<\/p>","protected":false},"excerpt":{"rendered":"","protected":false},"author":15,"featured_media":7724,"comment_status":"closed","ping_status":"closed","sticky":false,"template":"","format":"standard","meta":{"_themeisle_gutenberg_block_has_review":false,"footnotes":""},"categories":[31],"tags":[],"class_list":["post-7717","post","type-post","status-publish","format-standard","has-post-thumbnail","hentry","category-helpful-ai-content-tips"],"_links":{"self":[{"href":"https:\/\/undetectable.ai/blog\/hu\/wp-json\/wp\/v2\/posts\/7717","targetHints":{"allow":["GET"]}}],"collection":[{"href":"https:\/\/undetectable.ai/blog\/hu\/wp-json\/wp\/v2\/posts"}],"about":[{"href":"https:\/\/undetectable.ai/blog\/hu\/wp-json\/wp\/v2\/types\/post"}],"author":[{"embeddable":true,"href":"https:\/\/undetectable.ai/blog\/hu\/wp-json\/wp\/v2\/users\/15"}],"replies":[{"embeddable":true,"href":"https:\/\/undetectable.ai/blog\/hu\/wp-json\/wp\/v2\/comments?post=7717"}],"version-history":[{"count":6,"href":"https:\/\/undetectable.ai/blog\/hu\/wp-json\/wp\/v2\/posts\/7717\/revisions"}],"predecessor-version":[{"id":12746,"href":"https:\/\/undetectable.ai/blog\/hu\/wp-json\/wp\/v2\/posts\/7717\/revisions\/12746"}],"wp:featuredmedia":[{"embeddable":true,"href":"https:\/\/undetectable.ai/blog\/hu\/wp-json\/wp\/v2\/media\/7724"}],"wp:attachment":[{"href":"https:\/\/undetectable.ai/blog\/hu\/wp-json\/wp\/v2\/media?parent=7717"}],"wp:term":[{"taxonomy":"category","embeddable":true,"href":"https:\/\/undetectable.ai/blog\/hu\/wp-json\/wp\/v2\/categories?post=7717"},{"taxonomy":"post_tag","embeddable":true,"href":"https:\/\/undetectable.ai/blog\/hu\/wp-json\/wp\/v2\/tags?post=7717"}],"curies":[{"name":"wp","href":"https:\/\/api.w.org\/{rel}","templated":true}]}}