{"id":7905,"date":"2025-04-14T07:37:12","date_gmt":"2025-04-14T07:37:12","guid":{"rendered":"https:\/\/undetectable.ai/blog\/?p=7905"},"modified":"2025-10-01T20:35:48","modified_gmt":"2025-10-01T20:35:48","slug":"az-essze-reszei","status":"publish","type":"post","link":"https:\/\/undetectable.ai/blog\/hu\/az-essze-reszei","title":{"rendered":"Az essz\u00e9 r\u00e9szei: Sz\u00f6vegszerkezet, tippek \u00e9s p\u00e9ld\u00e1k"},"content":{"rendered":"<p>B\u00e1rmilyen \u00edr\u00e1s eset\u00e9ben a szerkezet sz\u00fcks\u00e9gszer\u0171. A versek, reg\u00e9nyek, dalsz\u00f6vegek \u00e9s essz\u00e9k eset\u00e9ben egyar\u00e1nt elengedhetetlen a szil\u00e1rd keret. <\/p>\n\n\n\n<p>Ez egy \u00fatiterv az \u00d6n \u00e9s a k\u00f6z\u00f6ns\u00e9ge sz\u00e1m\u00e1ra, amely megk\u00f6nny\u00edti az \u00d6n sz\u00e1m\u00e1ra az alkot\u00e1st, \u00e9s megk\u00f6nny\u00edti az olvas\u00f3k sz\u00e1m\u00e1ra az azonosul\u00e1st.<\/p>\n\n\n\n<p>Teh\u00e1t, k\u00e9pzeld el, hogy \u00edrsz egy <a href=\"https:\/\/undetectable.ai\/blog\/college-essay-format\/\" target=\"_blank\" rel=\"noreferrer noopener\">f\u0151iskolai essz\u00e9<\/a> megfelel\u0151 int\u00e9zked\u00e9sek n\u00e9lk\u00fcl. <\/p>\n\n\n\n<p>Elv\u00e9gezted az \u00f6sszes kutat\u00e1st, \u00e9s eg\u00e9sz \u00e9jjel fent volt\u00e1l, hogy \u00f6sszegy\u0171jtsd az \u00f6sszes sz\u00fcks\u00e9ges adatot, de hogyan illesztheted \u00f6ssze mindezt az \u00edr\u00e1soddal?<\/p>\n\n\n\n<p>Egy vil\u00e1gos strukt\u00fara k\u00f6vet\u00e9se lehet\u0151v\u00e9 teszi, hogy az \u00f6tleteire \u00e9s azok bemutat\u00e1s\u00e1ra \u00f6sszpontos\u00edtson. M\u00e9gis sok \u00edr\u00f3nak neh\u00e9zs\u00e9get okoz egy essz\u00e9 fel\u00e9p\u00edt\u00e9se.<\/p>\n\n\n\n<p>Mi tartozik egy bevezet\u0151 bekezd\u00e9sbe, \u00e9s mi nem egy f\u0151 bekezd\u00e9sbe? Hogyan k\u00e9sz\u00edts\u00fcnk olyan befejez\u00e9st, amely nem csak megism\u00e9tli mindazt, amit m\u00e1r elmondtunk? <\/p>\n\n\n\n<p>Ez az \u00fatmutat\u00f3 mindent elmond, amit az essz\u00e9 r\u00e9szeir\u0151l \u00e9s szerkezet\u00e9r\u0151l tudni kell, az alapvet\u0151 \u00f6sszetev\u0151kt\u0151l a v\u00e1laszthat\u00f3 elemekig, amelyek feldobhatj\u00e1k az \u00edr\u00e1sodat.<\/p>\n\n\n\n<h2 class=\"wp-block-heading\">Mi az essz\u00e9 3 f\u0151 r\u00e9sze?<\/h2>\n\n\n\n<p>Minden teljes essz\u00e9, f\u00fcggetlen\u00fcl a hossz\u00fas\u00e1g\u00e1t\u00f3l vagy \u00f6sszetetts\u00e9g\u00e9t\u0151l, h\u00e1rom alapvet\u0151 r\u00e9szt tartalmaz: a bevezet\u00e9st, a f\u0151 r\u00e9szeket \u00e9s a k\u00f6vetkeztet\u00e9st. <\/p>\n\n\n\n<p>Gondoljon \u00fagy erre a szerkezetre, mint az essz\u00e9 v\u00e1z\u00e1ra - a keretre, amely mindent \u00f6sszetart. <\/p>\n\n\n\n<p>Vizsg\u00e1ljuk meg r\u00e9szletesen az egyes szakaszokat.<\/p>\n\n\n\n<h3 class=\"wp-block-heading\"><strong>1. Bevezet\u00e9s<\/strong><\/h3>\n\n\n\n<p>A bevezet\u00e9s <a href=\"https:\/\/www.umgc.edu\/current-students\/learning-resources\/writing-center\/writing-resources\/writing\/essay-introductions\" target=\"_blank\" rel=\"noreferrer noopener\">az essz\u00e9 kapujak\u00e9nt szolg\u00e1l<\/a>. <\/p>\n\n\n\n<p>Ez az els\u0151 benyom\u00e1sod az olvas\u00f3r\u00f3l, \u00e9s ahogy a mond\u00e1s tartja, az els\u0151 benyom\u00e1sra nincs m\u00e1sodik es\u00e9lyed.<\/p>\n\n\n\n<p>Egy er\u0151s bevezet\u00e9s t\u00f6bb fontos feladatot is ell\u00e1t:<\/p>\n\n\n\n<ul class=\"wp-block-list\">\n<li><strong>Felkelti az olvas\u00f3 figyelm\u00e9t<\/strong>: Kezdje valami leny\u0171g\u00f6z\u0151vel, p\u00e9ld\u00e1ul egy elgondolkodtat\u00f3 k\u00e9rd\u00e9ssel, meglep\u0151 statisztik\u00e1val, relev\u00e1ns anekdot\u00e1val vagy mer\u00e9sz kijelent\u00e9ssel. Az els\u0151 mondatodnak arra kell k\u00e9sztetnie az olvas\u00f3t, hogy folytassa.<\/li>\n\n\n\n<li><strong>Kontextust biztos\u00edt<\/strong>: Adja meg olvas\u00f3inak a h\u00e1tt\u00e9rinform\u00e1ci\u00f3kat, amelyekre sz\u00fcks\u00e9g\u00fck van ahhoz, hogy meg\u00e9rts\u00e9k a t\u00e9m\u00e1t \u00e9s annak jelent\u0151s\u00e9g\u00e9t. Ez mag\u00e1ban foglalhatja a t\u00f6rt\u00e9nelmi kontextust, a kulcsfogalmak meghat\u00e1roz\u00e1s\u00e1t vagy a t\u00e9m\u00e1t \u00f6vez\u0151 vita r\u00f6vid \u00e1ttekint\u00e9s\u00e9t.<\/li>\n\n\n\n<li><strong>Bemutatja a t\u00e9zis\u00e9t<\/strong>: A t\u00e9zis \u00e1ll\u00edt\u00e1sa az essz\u00e9 k\u00f6zponti \u00e1ll\u00edt\u00e1sa, amely az a pont, amellyel \u00e9rvelni vagy magyar\u00e1zni fog az eg\u00e9sz essz\u00e9 sor\u00e1n. \u00c1ltal\u00e1ban a bevezet\u00e9sed v\u00e9g\u00e9n jelenik meg, \u00e9s vil\u00e1gosnak, konkr\u00e9tnak \u00e9s \u00e9rvelhet\u0151nek kell lennie.<\/li>\n<\/ul>\n\n\n\n<p>P\u00e9lda a bevezet\u00e9sre:<\/p>\n\n\n\n<p><em>A mesters\u00e9ges intelligencia n\u00e9h\u00e1ny \u00e9vtized alatt a tudom\u00e1nyos fantasztikumb\u00f3l mindennapi val\u00f3s\u00e1gg\u00e1 v\u00e1lt. Az otthonunkat ir\u00e1ny\u00edt\u00f3 hangalap\u00fa asszisztensekt\u0151l kezdve a sz\u00f3rakoz\u00e1sunkr\u00f3l gondoskod\u00f3 algoritmusokig az AI-technol\u00f3gi\u00e1k m\u00e9lyen belesz\u00f6v\u0151dtek a modern \u00e9let sz\u00f6vet\u00e9be. Ahogy azonban ezek a rendszerek egyre kifinomultabb\u00e1 \u00e9s auton\u00f3mabb\u00e1 v\u00e1lnak, egy alapvet\u0151 k\u00e9rd\u00e9s mer\u00fcl fel: Ki viseli a felel\u0151ss\u00e9get....<\/em><\/p>\n\n\n\n<p>Figyelj\u00fck meg, hogy ez a bevezet\u00e9s a mesters\u00e9ges intelligenci\u00e1r\u00f3l sz\u00f3l\u00f3 \u00e1ltal\u00e1nos kijelent\u00e9ssel kezd\u0151dik, majd lesz\u0171k\u00edti azt, hogy \u00f6sszef\u00fcgg\u00e9st adjon az elterjedts\u00e9g\u00e9r\u0151l, azonos\u00edt egy konkr\u00e9t probl\u00e9m\u00e1t, \u00e9s egy olyan t\u00e9zissel z\u00e1rul, amely egy\u00e9rtelm\u0171 \u00e1ll\u00e1spontot k\u00e9pvisel.<\/p>\n\n\n\n<h3 class=\"wp-block-heading\"><strong>2. Test bekezd\u00e9sek<\/strong><\/h3>\n\n\n\n<p>A f\u0151 bekezd\u00e9sek alkotj\u00e1k az essz\u00e9 h\u00fas\u00e1t. <\/p>\n\n\n\n<p>Itt fejleszti \u00e9rveit, bemutatja a bizony\u00edt\u00e9kokat, elemzi az inform\u00e1ci\u00f3kat, \u00e9s v\u00e1laszol az ellen\u00e9rvekre. <\/p>\n\n\n\n<p>A hat\u00e9kony t\u00f6rzssz\u00f6vegek t\u00f6bb kulcsfontoss\u00e1g\u00fa jellemz\u0151vel rendelkeznek:<\/p>\n\n\n\n<ul class=\"wp-block-list\">\n<li><strong>T\u00e9mamondat<\/strong>: Minden bekezd\u00e9snek egy olyan mondattal kell kezd\u0151dnie, amely megfogalmazza az adott bekezd\u00e9s f\u0151 gondolat\u00e1t, \u00e9s kapcsol\u00f3dik a t\u00e9zishez.<\/li>\n\n\n\n<li><strong>Bizony\u00edt\u00e9kok<\/strong>: \u00c1ll\u00edt\u00e1sait t\u00e1massza al\u00e1 konkr\u00e9t p\u00e9ld\u00e1kkal, statisztik\u00e1kkal, szak\u00e9rt\u0151i v\u00e9lem\u00e9nyekkel vagy m\u00e1s bizony\u00edt\u00e9kokkal. Min\u00e9l konkr\u00e9tabb \u00e9s specifikusabb, ann\u00e1l meggy\u0151z\u0151bb az \u00e9rvel\u00e9se.<\/li>\n\n\n\n<li><strong>Elemz\u00e9s<\/strong>: Ne csak bizony\u00edt\u00e9kokat mutasson be - magyar\u00e1zza meg, hogyan t\u00e1masztj\u00e1k al\u00e1 az \u00e1ll\u00e1spontj\u00e1t, hogy a kritikus gondolkod\u00e1s\u00e1t \u00e1tl\u00e1ssa.<\/li>\n\n\n\n<li><strong>\u00c1tmenetek<\/strong>: Haszn\u00e1ljon \u00e1tmeneti kifejez\u00e9seket a bekezd\u00e9seken bel\u00fcli \u00e9s a bekezd\u00e9sek k\u00f6z\u00f6tti gondolatok \u00f6sszekapcsol\u00e1s\u00e1ra, hogy z\u00f6kken\u0151mentes legyen az essz\u00e9 folyamata.<\/li>\n\n\n\n<li><strong>Egys\u00e9g \u00e9s koherencia<\/strong>: Minden bekezd\u00e9snek egyetlen f\u0151 gondolatra kell \u00f6sszpontos\u00edtania, amely al\u00e1t\u00e1masztja a t\u00e9zist, \u00e9s a bekezd\u00e9sen bel\u00fcl minden mondatnak ehhez a gondolathoz kell kapcsol\u00f3dnia.<\/li>\n<\/ul>\n\n\n\n<p>Egy szok\u00e1sos \u00f6t bekezd\u00e9sb\u0151l \u00e1ll\u00f3 essz\u00e9ben h\u00e1rom f\u0151 bekezd\u00e9s van. A hosszabb essz\u00e9kben enn\u00e9l sokkal t\u00f6bb is lehet, saj\u00e1t alc\u00edmekkel ell\u00e1tott szakaszokba rendezve.<\/p>\n\n\n\n<p>P\u00e9lda egy f\u0151 bekezd\u00e9sre:<\/p>\n\n\n\n<p><em>A mesters\u00e9ges intelligencia etik\u00e1j\u00e1\u00e9rt els\u0151sorban az ezeket a rendszereket l\u00e9trehoz\u00f3 fejleszt\u0151knek kell felelni\u00fck. Amikor a programoz\u00f3k algoritmusokat terveznek, akkor - ak\u00e1r sz\u00e1nd\u00e9kosan, ak\u00e1r nem - \u00e9rt\u00e9krendj\u00fcket, elfogults\u00e1gukat \u00e9s felt\u00e9telez\u00e9seiket be\u00e1gyazz\u00e1k a k\u00f3dba. Egy 2018-as MIT tanulm\u00e1ny p\u00e9ld\u00e1ul meg\u00e1llap\u00edtotta, hogy az arcfelismer\u0151 szoftverek hibaar\u00e1nya a s\u00f6t\u00e9t b\u0151r\u0171 n\u0151k eset\u00e9ben ak\u00e1r 34% is lehetett, m\u00edg a vil\u00e1gos b\u0151r\u0171 f\u00e9rfiak eset\u00e9ben csak 0,8%. Ez az elt\u00e9r\u00e9s nem rosszindulat\u00fa sz\u00e1nd\u00e9kb\u00f3l, hanem olyan k\u00e9pz\u00e9si adathalmazokb\u00f3l eredt, amelyek bizonyos demogr\u00e1fiai csoportokat alulreprezent\u00e1ltak. A mesters\u00e9ges intelligencia kialak\u00edt\u00e1s\u00e1ban bet\u00f6lt\u00f6tt szerep\u00fck felismer\u00e9s\u00e9vel...<\/em><\/p>\n\n\n\n<p>Ez a bekezd\u00e9s egy vil\u00e1gos t\u00e9mamondattal kezd\u0151dik, konkr\u00e9t bizony\u00edt\u00e9kkal szolg\u00e1l (az MIT tanulm\u00e1nya), elemzi a bizony\u00edt\u00e9k jelent\u0151s\u00e9g\u00e9t, \u00e9s egy p\u00e9ld\u00e1val z\u00e1rul, hogy a fejleszt\u0151k hogyan v\u00e1llalhatnak felel\u0151ss\u00e9get.<\/p>\n\n\n\n<h3 class=\"wp-block-heading\"><strong>3. K\u00f6vetkeztet\u00e9s<\/strong><\/h3>\n\n\n\n<p>A konkl\u00fazi\u00f3 lez\u00e1rja az essz\u00e9t, \u00e9s az olvas\u00f3nak utols\u00f3 gondolatokat hagy maga ut\u00e1n. <\/p>\n\n\n\n<p>Ahelyett, hogy egyszer\u0171en \u00fajrafogalmazn\u00e1 a t\u00e9zis\u00e9t, haszn\u00e1lja a k\u00f6vetkeztet\u00e9st arra, hogy:<\/p>\n\n\n\n<ul class=\"wp-block-list\">\n<li><strong>Szintetiz\u00e1lja a f\u0151bb pontokat<\/strong>: R\u00f6viden foglalja \u00f6ssze a legfontosabb \u00e9rveket, amelyeket az essz\u00e9 sor\u00e1n kifejtett.<\/li>\n\n\n\n<li><strong>Fogalmazza \u00fajra a t\u00e9zis\u00e9t<\/strong>: T\u00e9rjen vissza a f\u0151 \u00e1ll\u00edt\u00e1s\u00e1hoz, de fogalmazza \u00e1t azt a bemutatott bizony\u00edt\u00e9kok \u00e9s elemz\u00e9sek f\u00e9ny\u00e9ben.<\/li>\n\n\n\n<li><strong>Javasoljon k\u00f6vetkezm\u00e9nyeket<\/strong>: Magyar\u00e1zza meg, mi\u00e9rt fontos az \u00e9rvel\u00e9se. Mik a t\u00e1gabb \u00e9rtelemben vett k\u00f6vetkezm\u00e9nyei? Hogyan befoly\u00e1solhatja a j\u00f6v\u0151beli kutat\u00e1st vagy cselekv\u00e9st?<\/li>\n\n\n\n<li><strong>V\u00e9ge eml\u00e9kezetesen<\/strong>: Fontolja meg, hogy egy elgondolkodtat\u00f3 k\u00e9rd\u00e9ssel, cselekv\u00e9sre val\u00f3 felh\u00edv\u00e1ssal, id\u00e9zettel vagy el\u0151remutat\u00f3 kijelent\u00e9ssel z\u00e1rja, amely a t\u00e9m\u00e1t nagyobb jelent\u0151s\u00e9g\u0171 k\u00e9rd\u00e9sekhez kapcsolja.<\/li>\n<\/ul>\n\n\n\n<p>P\u00e9lda a k\u00f6vetkeztet\u00e9sre:<\/p>\n\n\n\n<p><em>A mesters\u00e9ges intelligencia \u00e1ltal t\u00e1masztott etikai kih\u00edv\u00e1sokat nem lehet \u00fagy megoldani, hogy a felel\u0151ss\u00e9get kiz\u00e1r\u00f3lag a fejleszt\u0151kre, a felhaszn\u00e1l\u00f3kra vagy a szab\u00e1lyoz\u00f3kra h\u00e1r\u00edtjuk. A megosztott elsz\u00e1moltathat\u00f3s\u00e1gi keretrendszer ink\u00e1bb az emberi d\u00f6nt\u00e9shozatal \u00f6sszetett k\u00f6lcs\u00f6nhat\u00e1s\u00e1t ismeri el, amely a mesters\u00e9ges intelligencia rendszereket a koncepci\u00f3t\u00f3l a megval\u00f3s\u00edt\u00e1sig alak\u00edtja. Amint l\u00e1ttuk, a fejleszt\u0151k \u00e9rt\u00e9keket \u00e9p\u00edtenek be a k\u00f3djukba, a telep\u00edt\u0151k d\u00f6nt\u0151 d\u00f6nt\u00e9seket hoznak a megval\u00f3s\u00edt\u00e1si kontextusokat illet\u0151en, a szab\u00e1lyoz\u00f3 szervek pedig meg\u00e1llap\u00edtj\u00e1k a mindkett\u0151re vonatkoz\u00f3 jogi hat\u00e1rokat. Az AI etik\u00e1j\u00e1nak ez a megosztott megk\u00f6zel\u00edt\u00e9se a j\u00f6v\u0151ben.... lesz.<\/em><\/p>\n\n\n\n<p><em>Csak ilyen kollekt\u00edv felel\u0151ss\u00e9gv\u00e1llal\u00e1ssal biztos\u00edthatjuk, hogy a mesters\u00e9ges intelligencia olyan eszk\u00f6z maradjon, amely az emberi...<\/em><\/p>\n\n\n\n<p>Ez a k\u00f6vetkeztet\u00e9s szintetiz\u00e1lja a megosztott felel\u0151ss\u00e9gr\u0151l sz\u00f3l\u00f3 f\u0151 \u00e9rvet, \u00e1rnyaltabban fogalmazza meg a t\u00e9zist, k\u00f6vetkeztet\u00e9seket javasol a j\u00f6v\u0151beli egy\u00fcttm\u0171k\u00f6d\u00e9sre vonatkoz\u00f3an, felhaszn\u00e1lja a <a href=\"https:\/\/undetectable.ai\/blog\/conclusion-transition-words\/\" target=\"_blank\" rel=\"noreferrer noopener\">\u00e1tmeneti nyilatkozatok<\/a> \u00e9s a mesters\u00e9ges intelligencia t\u00e1rsadalomban bet\u00f6lt\u00f6tt szerep\u00e9r\u0151l sz\u00f3l\u00f3 sz\u00e9lesebb k\u00f6r\u0171 kijelent\u00e9ssel z\u00e1rul.<\/p>\n\n\n<div class=\"wp-block-image\">\n<figure class=\"aligncenter size-full\"><img loading=\"lazy\" decoding=\"async\" width=\"800\" height=\"400\" src=\"https:\/\/undetectable.ai/blog\/wp-content\/uploads\/2025\/04\/What-Are-the-Parts-of-an-Essay-1.jpg\" alt=\"\" class=\"wp-image-7915\" title=\"\" srcset=\"https:\/\/undetectable.ai/blog\/wp-content\/uploads\/2025\/04\/What-Are-the-Parts-of-an-Essay-1.jpg 800w, https:\/\/undetectable.ai/blog\/wp-content\/uploads\/2025\/04\/What-Are-the-Parts-of-an-Essay-1-300x150.jpg 300w, https:\/\/undetectable.ai/blog\/wp-content\/uploads\/2025\/04\/What-Are-the-Parts-of-an-Essay-1-768x384.jpg 768w, https:\/\/undetectable.ai/blog\/wp-content\/uploads\/2025\/04\/What-Are-the-Parts-of-an-Essay-1-18x9.jpg 18w\" sizes=\"auto, (max-width: 800px) 100vw, 800px\" \/><\/figure><\/div>\n\n\n<p class=\"has-text-align-left\">M\u00e9g mindig nem tudja, hogyan foglalja \u00f6ssze \u00f6tleteit an\u00e9lk\u00fcl, hogy ism\u00e9tl\u0151d\u0151nek t\u0171nj\u00f6n? <\/p>\n\n\n\n<p class=\"has-text-align-left\">A <a href=\"https:\/\/undetectable.ai\/conclusion-generator\" target=\"_blank\" rel=\"noreferrer noopener\">AI k\u00f6vetkeztet\u00e9s gener\u00e1tor<\/a> megk\u00f6nny\u00edti egy \u00e9rtelmes z\u00e1r\u00f3 bekezd\u00e9s kialak\u00edt\u00e1s\u00e1t, amely vil\u00e1gosan \u00e9s hat\u00e1sosan k\u00f6ti \u00f6ssze a bevezet\u00e9st \u00e9s a sz\u00f6vegtestet.<\/p>\n\n\n<div class=\"wp-block-image\">\n<figure class=\"aligncenter size-large\"><img loading=\"lazy\" decoding=\"async\" width=\"1024\" height=\"504\" src=\"https:\/\/undetectable.ai/blog\/wp-content\/uploads\/2025\/06\/AI-Conclusion-Generator-1024x504.jpg\" alt=\"Pillanatk\u00e9p a felder\u00edthetetlen AI eszk\u00f6zr\u0151l AI Conclusion Generator\" class=\"wp-image-11159\" title=\"\" srcset=\"https:\/\/undetectable.ai/blog\/wp-content\/uploads\/2025\/06\/AI-Conclusion-Generator-1024x504.jpg 1024w, https:\/\/undetectable.ai/blog\/wp-content\/uploads\/2025\/06\/AI-Conclusion-Generator-300x148.jpg 300w, https:\/\/undetectable.ai/blog\/wp-content\/uploads\/2025\/06\/AI-Conclusion-Generator-768x378.jpg 768w, https:\/\/undetectable.ai/blog\/wp-content\/uploads\/2025\/06\/AI-Conclusion-Generator-1536x756.jpg 1536w, https:\/\/undetectable.ai/blog\/wp-content\/uploads\/2025\/06\/AI-Conclusion-Generator-2048x1008.jpg 2048w, https:\/\/undetectable.ai/blog\/wp-content\/uploads\/2025\/06\/AI-Conclusion-Generator-18x9.jpg 18w\" sizes=\"auto, (max-width: 1024px) 100vw, 1024px\" \/><\/figure><\/div>\n\n\n<h3 class=\"wp-block-heading\"><strong>V\u00e1laszthat\u00f3 r\u00e9szek (az essz\u00e9 t\u00edpus\u00e1t\u00f3l f\u00fcgg\u0151en)<\/strong><\/h3>\n\n\n\n<p>A h\u00e1rom alapvet\u0151 \u00f6sszetev\u0151n t\u00fal az essz\u00e9 a c\u00e9lt\u00f3l, a c\u00e9lk\u00f6z\u00f6ns\u00e9gt\u0151l \u00e9s a tudom\u00e1ny\u00e1gt\u00f3l f\u00fcgg\u0151en sz\u00e1mos v\u00e1laszthat\u00f3 elemet tartalmazhat:<\/p>\n\n\n\n<ul class=\"wp-block-list\">\n<li><strong>C\u00edmlap<\/strong>: A tudom\u00e1nyos dolgozathoz gyakran k\u00fcl\u00f6n c\u00edmlapra van sz\u00fcks\u00e9g, amelyen szerepel a n\u00e9v, a d\u00e1tum, a kurzus adatai \u00e9s a dolgozat c\u00edme.<\/li>\n\n\n\n<li><strong>Absztrakt<\/strong>: A tudom\u00e1nyos \u00e9s kutat\u00e1si dolgozatokban szok\u00e1sos \u00f6sszefoglal\u00f3 a teljes dolgozat r\u00f6vid \u00f6sszefoglal\u00f3ja, bele\u00e9rtve a m\u00f3dszereket \u00e9s az eredm\u00e9nyeket.<\/li>\n\n\n\n<li><strong>Tartalomjegyz\u00e9k<\/strong>: A hosszabb dolgozatok tartalmazhatnak tartalomjegyz\u00e9ket, k\u00fcl\u00f6n\u00f6sen, ha sz\u00e1mos szakaszra vannak osztva.<\/li>\n\n\n\n<li><strong>Irodalmi \u00e1ttekint\u00e9s<\/strong>: A kutat\u00e1si tanulm\u00e1nyok gyakran tartalmaznak egy olyan r\u00e9szt, amely a t\u00e9m\u00e1val kapcsolatos megl\u00e9v\u0151 szakirodalmat tekinti \u00e1t, miel\u0151tt bemutatn\u00e1 saj\u00e1t \u00e9rveit.<\/li>\n\n\n\n<li><strong>M\u00f3dszertan<\/strong>: Ha az essz\u00e9je eredeti kutat\u00e1st tartalmaz, meg kell magyar\u00e1znia a kutat\u00e1si m\u00f3dszereit.<\/li>\n\n\n\n<li><strong>F\u00fcggel\u00e9kek<\/strong>: A f\u0151sz\u00f6veghez t\u00fal r\u00e9szletes kieg\u00e9sz\u00edt\u0151 anyagok a f\u00fcggel\u00e9kben is elhelyezhet\u0151k.<\/li>\n\n\n\n<li><strong>Irodalomjegyz\u00e9k\/id\u00e9zett munk\u00e1k<\/strong>: A legt\u00f6bb tudom\u00e1nyos essz\u00e9 <a href=\"https:\/\/psychology.ucsd.edu\/undergraduate-program\/undergraduate-resources\/academic-writing-resources\/writing-research-papers\/appropriate-references.html\" target=\"_blank\" rel=\"noreferrer noopener\">az \u00f6sszes id\u00e9zett forr\u00e1s jegyz\u00e9k\u00e9t megk\u00f6vetelik<\/a>, egy adott id\u00e9z\u00e9si st\u00edlus szerint form\u00e1zva (MLA, APA, Chicago stb.).<\/li>\n<\/ul>\n\n\n\n<p>Ne feledje, hogy a k\u00fcl\u00f6nb\u00f6z\u0151 tudom\u00e1ny\u00e1gaknak k\u00fcl\u00f6nb\u00f6z\u0151 konvenci\u00f3ik vannak. <\/p>\n\n\n\n<p>Egy b\u00f6lcs\u00e9szettudom\u00e1nyi essz\u00e9 a kreat\u00edv nyelvezetet \u00e9s st\u00edlust, m\u00edg egy tudom\u00e1nyos dolgozat a precizit\u00e1st \u00e9s a gondos m\u00f3dszereket helyezi el\u0151t\u00e9rbe.<\/p>\n\n\n\n<p>Ha az APA st\u00edlust haszn\u00e1lja, a mi <a href=\"https:\/\/undetectable.ai\/apa-citation-generator\" target=\"_blank\" rel=\"noreferrer noopener\">APA id\u00e9zet gener\u00e1tor<\/a> megk\u00f6nny\u00edti a hivatkoz\u00e1sok helyes form\u00e1z\u00e1s\u00e1t. <\/p>\n\n\n<div class=\"wp-block-image\">\n<figure class=\"aligncenter size-large\"><img loading=\"lazy\" decoding=\"async\" width=\"1024\" height=\"468\" src=\"https:\/\/undetectable.ai/blog\/wp-content\/uploads\/2025\/06\/Undetectable-AI-Free-AI-Citation-Generator-1024x468.jpg\" alt=\"Pillanatk\u00e9p az Undetectable AI APA Citation Generator-r\u00f3l\" class=\"wp-image-14453\" title=\"\" srcset=\"https:\/\/undetectable.ai/blog\/wp-content\/uploads\/2025\/06\/Undetectable-AI-Free-AI-Citation-Generator-1024x468.jpg 1024w, https:\/\/undetectable.ai/blog\/wp-content\/uploads\/2025\/06\/Undetectable-AI-Free-AI-Citation-Generator-300x137.jpg 300w, https:\/\/undetectable.ai/blog\/wp-content\/uploads\/2025\/06\/Undetectable-AI-Free-AI-Citation-Generator-768x351.jpg 768w, https:\/\/undetectable.ai/blog\/wp-content\/uploads\/2025\/06\/Undetectable-AI-Free-AI-Citation-Generator-18x8.jpg 18w, https:\/\/undetectable.ai/blog\/wp-content\/uploads\/2025\/06\/Undetectable-AI-Free-AI-Citation-Generator.jpg 1371w\" sizes=\"auto, (max-width: 1024px) 100vw, 1024px\" \/><\/figure><\/div>\n\n\n<p>Csak adja meg a szerz\u0151t, a c\u00edmet, a d\u00e1tumot \u00e9s a forr\u00e1s adatait, \u00e9s a program azonnal l\u00e9trehoz egy tiszta, megfelel\u0151 st\u00edlus\u00fa id\u00e9zetet, amely k\u00e9szen \u00e1ll az irodalomjegyz\u00e9khez.<\/p>\n\n\n\n<h2 class=\"wp-block-heading\">Essz\u00e9 szerkezeti p\u00e9lda (r\u00f6vid minta)<\/h2>\n\n\n\n<p>Az essz\u00e9szerkezet gyakorlati m\u0171k\u00f6d\u00e9s\u00e9nek illusztr\u00e1l\u00e1s\u00e1ra tekints\u00fck meg a k\u00f6vetkez\u0151ket <a href=\"https:\/\/read.dukeupress.edu\/pedagogy\/article\/11\/2\/301\/20269\/Clarity-George-Orwell-and-the-Pedagogy-of-Prose\" target=\"_blank\" rel=\"noreferrer noopener\">George Orwell klasszikus essz\u00e9je, az Elef\u00e1ntl\u00f6v\u00e9s<\/a>. <\/p>\n\n\n\n<p>Gyakran id\u00e9zik egyetemi \u00edr\u00e1skurzusokon, mivel a hagyom\u00e1nyos bevezet\u00e9s-test-v\u00e9gk\u00f6vetkeztet\u00e9s form\u00e1tumot tiszt\u00e1n k\u00f6veti, mik\u00f6zben egy szem\u00e9lyes elbesz\u00e9l\u00e9sen kereszt\u00fcl \u00e9les \u00e9rveket is felsorakoztat.<\/p>\n\n\n\n<p><strong>1. Bevezet\u00e9s:<\/strong> Orwell a gyarmati Burm\u00e1ban kezdi a t\u00f6rt\u00e9netet, kifejezve az imperializmussal \u00e9s a gyarmati tisztk\u00e9nt bet\u00f6lt\u00f6tt szerep\u00e9vel kapcsolatos bels\u0151 konfliktus\u00e1t. <\/p>\n\n\n\n<p>Ez a nyit\u00e1ny megalapozza a k\u00f6zponti t\u00e9m\u00e1t, \u00e9s el\u0151revet\u00edti az erk\u00f6lcsi dilemm\u00e1t, amellyel szemben\u00e9z.<\/p>\n\n\n\n<p><em>\"Moulmeinben, Als\u00f3-Burm\u00e1ban rengeteg ember gy\u0171l\u00f6lt - ez volt az egyetlen alkalom az \u00e9letemben, amikor el\u00e9g fontos voltam ahhoz, hogy ez megt\u00f6rt\u00e9njen velem.\"<\/em><\/p>\n\n\n\n<p><strong>2. Test bekezd\u00e9s: <\/strong>Az essz\u00e9 el\u0151rehaladt\u00e1val Orwell elmes\u00e9li azt az esetet, amikor egy elef\u00e1nt lel\u00f6v\u00e9s\u00e9re k\u00e9nyszer\u00edtett\u00e9k. <\/p>\n\n\n\n<p>Minden egyes bekezd\u00e9s fesz\u00fclts\u00e9get \u00e9p\u00edt \u00e9s bels\u0151 konfliktus\u00e1t fejleszti - t\u00f6rt\u00e9netmes\u00e9l\u00e9ssel, konkr\u00e9t p\u00e9ld\u00e1kkal \u00e9s a gyarmati dinamika elemz\u00e9s\u00e9vel.<\/p>\n\n\n\n<p><em>\"Nem \u00e1llt sz\u00e1nd\u00e9komban lel\u0151ni az elef\u00e1ntot - csak az\u00e9rt k\u00fcldtem a pusk\u00e1\u00e9rt, hogy sz\u00fcks\u00e9g eset\u00e9n megv\u00e9djem magam -, \u00e9s mindig ideges\u00edt\u0151, ha t\u00f6meg k\u00f6veti az embert.\"<\/em><\/p>\n\n\n\n<p>Ez azt mutatja, hogy a testr\u00e9szek hogyan keverhetik a bizony\u00edt\u00e9kokat (ebben az esetben a meg\u00e9lt tapasztalatokat) az elemz\u00e9ssel, mik\u00f6zben a t\u00e9zishez kapcsol\u00f3dnak.<\/p>\n\n\n\n<p><strong>3. K\u00f6vetkeztet\u00e9s:<\/strong> Orwell elgondolkodik az esetr\u0151l, \u00e9s kider\u00fcl, hogy a poz\u00edci\u00f3ja \u00e1ltal t\u00e1masztott elv\u00e1r\u00e1sok miatt jobb bel\u00e1t\u00e1sa ellen\u00e9re cselekedett. <\/p>\n\n\n\n<p>Ez a k\u00f6vetkeztet\u00e9s meger\u0151s\u00edti az essz\u00e9 k\u00f6zponti t\u00e9m\u00e1j\u00e1t: az imperializmus mar\u00f3 jelleg\u00e9t mind az elnyom\u00f3, mind az elnyomottak sz\u00e1m\u00e1ra.<\/p>\n\n\n\n<p><em>\"Gyakran elgondolkodtam azon, hogy vajon a t\u00f6bbiek k\u00f6z\u00fcl valaki felfogta-e, hogy csak az\u00e9rt tettem, hogy ne t\u0171njek bolondnak.<\/em>.\"<\/p>\n\n\n\n<p>Ez a p\u00e9lda azt mutatja, hogy egy teljes essz\u00e9 hogyan integr\u00e1lja az \u00f6sszes l\u00e9nyeges elemet: egy <a href=\"https:\/\/www.esu.edu\/writing-studio\/guides\/hook.cfm\" target=\"_blank\" rel=\"noreferrer noopener\">figyelemfelkelt\u0151 horog<\/a>, egy vil\u00e1gos t\u00e9zis megfogalmaz\u00e1sa, c\u00e9lzott, bizony\u00edt\u00e9kokat \u00e9s elemz\u00e9st tartalmaz\u00f3 f\u0151 bekezd\u00e9sek, valamint egy olyan k\u00f6vetkeztet\u00e9s, amely szintetiz\u00e1lja az \u00e9rveket, mik\u00f6zben sz\u00e9lesebb k\u00f6r\u0171 k\u00f6vetkeztet\u00e9sekre is utal.<\/p>\n\n\n<div class=\"wp-block-image\">\n<figure class=\"aligncenter size-large\"><img loading=\"lazy\" decoding=\"async\" width=\"1024\" height=\"1024\" src=\"https:\/\/undetectable.ai/blog\/wp-content\/uploads\/2025\/04\/essay-structure-1-1024x1024.jpg\" alt=\"\" class=\"wp-image-7916\" title=\"\" srcset=\"https:\/\/undetectable.ai/blog\/wp-content\/uploads\/2025\/04\/essay-structure-1.jpg 1024w, https:\/\/undetectable.ai/blog\/wp-content\/uploads\/2025\/04\/essay-structure-1-300x300.jpg 300w, https:\/\/undetectable.ai/blog\/wp-content\/uploads\/2025\/04\/essay-structure-1-150x150.jpg 150w, https:\/\/undetectable.ai/blog\/wp-content\/uploads\/2025\/04\/essay-structure-1-768x768.jpg 768w, https:\/\/undetectable.ai/blog\/wp-content\/uploads\/2025\/04\/essay-structure-1-12x12.jpg 12w\" sizes=\"auto, (max-width: 1024px) 100vw, 1024px\" \/><\/figure><\/div>\n\n\n<p>Ha MLA form\u00e1tumban \u00edrsz, a mi <a href=\"https:\/\/undetectable.ai\/mla-citation-generator\" target=\"_blank\" rel=\"noreferrer noopener\">MLA id\u00e9zet gener\u00e1tor<\/a> seg\u00edthet abban, hogy magabiztosan z\u00e1rja le a dolgozat\u00e1t. Nem csak az id\u00e9zett m\u0171veket kezeli.<\/p>\n\n\n<div class=\"wp-block-image\">\n<figure class=\"aligncenter size-large\"><img loading=\"lazy\" decoding=\"async\" width=\"1024\" height=\"468\" src=\"https:\/\/undetectable.ai/blog\/wp-content\/uploads\/2025\/07\/MLA-Citation-Generator-1024x468.jpg\" alt=\"\" class=\"wp-image-14823\" title=\"\" srcset=\"https:\/\/undetectable.ai/blog\/wp-content\/uploads\/2025\/07\/MLA-Citation-Generator-1024x468.jpg 1024w, https:\/\/undetectable.ai/blog\/wp-content\/uploads\/2025\/07\/MLA-Citation-Generator-300x137.jpg 300w, https:\/\/undetectable.ai/blog\/wp-content\/uploads\/2025\/07\/MLA-Citation-Generator-768x351.jpg 768w, https:\/\/undetectable.ai/blog\/wp-content\/uploads\/2025\/07\/MLA-Citation-Generator-1536x702.jpg 1536w, https:\/\/undetectable.ai/blog\/wp-content\/uploads\/2025\/07\/MLA-Citation-Generator-18x8.jpg 18w, https:\/\/undetectable.ai/blog\/wp-content\/uploads\/2025\/07\/MLA-Citation-Generator.jpg 1623w\" sizes=\"auto, (max-width: 1024px) 100vw, 1024px\" \/><\/figure><\/div>\n\n\n<p>Ez biztos\u00edtja tov\u00e1bb\u00e1, hogy a v\u00e9gs\u0151 bekezd\u00e9s az MLA szabv\u00e1nyoknak megfelel\u0151 hangnemet, szerkezetet \u00e9s id\u00e9zeteket tartalmazzon.<\/p>\n\n\n\n<p>Legyen sz\u00f3 ak\u00e1r egy csiszolt sz\u00f6vegk\u00f6zi hivatkoz\u00e1sr\u00f3l, ak\u00e1r egy megfelel\u0151en stiliz\u00e1lt, a forr\u00e1sokat al\u00e1t\u00e1maszt\u00f3 k\u00f6vetkeztet\u00e9sr\u0151l, ez az eszk\u00f6z gyors \u00e9s hibamentes MLA-form\u00e1z\u00e1st tesz lehet\u0151v\u00e9.<\/p>\n\n\n\n<h2 class=\"wp-block-heading\">Tippek az essz\u00e9 szerkeszt\u00e9s\u00e9hez<\/h2>\n\n\n\n<p>Az essz\u00e9 szerkezet\u00e9nek elsaj\u00e1t\u00edt\u00e1sa gyakorlatot ig\u00e9nyel, de ezek a tippek seg\u00edthetnek abban, hogy hat\u00e9konyabban szervezze gondolatait:<\/p>\n\n\n\n<ul class=\"wp-block-list\">\n<li><strong>Kezdje vil\u00e1gos t\u00e9zissel<\/strong>. A t\u00e9zis megfogalmaz\u00e1sa az eg\u00e9sz essz\u00e9 ir\u00e1nyt\u0171jek\u00e9nt szolg\u00e1l. Gy\u0151z\u0151dj\u00f6n meg r\u00f3la, hogy el\u00e9g konkr\u00e9t ahhoz, hogy ir\u00e1ny\u00edtsa az \u00edr\u00e1s\u00e1t, de el\u00e9g sz\u00e9les ahhoz, hogy t\u00e1mogassa a teljes vit\u00e1t.<\/li>\n\n\n\n<li><strong>V\u00e1zlat k\u00e9sz\u00edt\u00e9se \u00edr\u00e1s el\u0151tt<\/strong>. T\u00e9rk\u00e9pezze fel a f\u0151bb pontokat \u00e9s az egyes pontok al\u00e1t\u00e1maszt\u00e1s\u00e1ra szolg\u00e1l\u00f3 bizony\u00edt\u00e9kokat. Ez a tervezet seg\u00edteni fog abban, hogy koncentr\u00e1lt \u00e9s szervezett maradjon.<\/li>\n\n\n\n<li><strong>El\u0151sz\u00f6r \u00edrjon t\u00e9mamondatokat<\/strong>. Minden egyes f\u0151 bekezd\u00e9shez k\u00e9sz\u00edtsen egy vil\u00e1gos t\u00e9mamondatot, amely kapcsol\u00f3dik a t\u00e9zishez. Ez egy \u00fatitervet hoz l\u00e9tre az olvas\u00f3k sz\u00e1m\u00e1ra, \u00e9s seg\u00edt fenntartani a f\u00f3kuszt.<\/li>\n\n\n\n<li><strong>Haszn\u00e1lja a \"mit, hogyan, mi\u00e9rt\" megk\u00f6zel\u00edt\u00e9st.<\/strong>. A f\u0151 bekezd\u00e9sekben magyar\u00e1zza el, hogy mi az \u00e1ll\u00e1spontja, hogyan t\u00e1masztj\u00e1k al\u00e1 a bizony\u00edt\u00e9kok, \u00e9s mi\u00e9rt fontos ez az \u00e1ltal\u00e1nos \u00e9rvel\u00e9s szempontj\u00e1b\u00f3l.<\/li>\n\n\n\n<li><strong>Hidak \u00e9p\u00edt\u00e9se a bekezd\u00e9sek k\u00f6z\u00f6tt<\/strong>. Haszn\u00e1ljon \u00e1tmeneti kifejez\u00e9seket az \u00f6tletek \u00f6sszekapcsol\u00e1s\u00e1ra a bekezd\u00e9sek k\u00f6z\u00f6tt, hogy z\u00f6kken\u0151mentes legyen az essz\u00e9 folyamata.<\/li>\n\n\n\n<li><strong>A bevezet\u0151t \u00edrja meg utolj\u00e1ra<\/strong>. B\u00e1r a bevezet\u00e9s jelenik meg el\u0151sz\u00f6r, a bevezet\u00e9s meg\u00edr\u00e1sa a f\u0151 bekezd\u00e9sek befejez\u00e9se ut\u00e1n biztos\u00edtja, hogy pontosan t\u00fckr\u00f6zze, hogy az essz\u00e9 val\u00f3j\u00e1ban mir\u0151l sz\u00f3l.<\/li>\n\n\n\n<li><strong>Tegye f\u00e9lre az els\u0151 v\u00e1zlatot<\/strong>. Az els\u0151 v\u00e1zlat elk\u00e9sz\u00fclte ut\u00e1n egy napra \u00e1lljon f\u00e9lre, miel\u0151tt \u00e1tdolgozn\u00e1. Ez \u00faj perspekt\u00edv\u00e1t ad a szerkezeti gyenges\u00e9gek azonos\u00edt\u00e1s\u00e1hoz.<\/li>\n\n\n\n<li><strong>Olvassa fel hangosan az essz\u00e9j\u00e9t<\/strong>. Ez seg\u00edt \u00e9szrevenni a k\u00ednos \u00e1tmeneteket, az egym\u00e1s ut\u00e1n fut\u00f3 mondatokat vagy a logikai hi\u00e1nyoss\u00e1gokat, amelyek nem felt\u00e9tlen\u00fcl t\u0171nnek fel n\u00e9ma olvas\u00e1s k\u00f6zben.<\/li>\n\n\n\n<li><strong>M\u00e1sok visszajelz\u00e9sei<\/strong>. K\u00e9rje meg bar\u00e1tait, oszt\u00e1lyt\u00e1rsait vagy tan\u00e1rait, hogy n\u00e9zz\u00e9k \u00e1t az essz\u00e9 szerkezet\u00e9t, \u00e9s mutassanak r\u00e1 a zavaros r\u00e9szekre.<\/li>\n\n\n\n<li><strong>Revide\u00e1ljon k\u00f6ny\u00f6rtelen\u00fcl<\/strong>. Legyen hajland\u00f3 \u00e1tszervezni vagy ak\u00e1r kiv\u00e1gni azokat a r\u00e9szeket, amelyek nem szolg\u00e1lj\u00e1k a t\u00e9zis\u00e9t, f\u00fcggetlen\u00fcl att\u00f3l, hogy mennyire j\u00f3l meg\u00edrtak.<\/li>\n<\/ul>\n\n\n<div class=\"wp-block-image\">\n<figure class=\"aligncenter size-full\"><img loading=\"lazy\" decoding=\"async\" width=\"799\" height=\"450\" src=\"https:\/\/undetectable.ai/blog\/wp-content\/uploads\/2025\/04\/Helpful-Tips_essays-1-1.jpg\" alt=\"\" class=\"wp-image-7919\" title=\"\" srcset=\"https:\/\/undetectable.ai/blog\/wp-content\/uploads\/2025\/04\/Helpful-Tips_essays-1-1.jpg 799w, https:\/\/undetectable.ai/blog\/wp-content\/uploads\/2025\/04\/Helpful-Tips_essays-1-1-300x169.jpg 300w, https:\/\/undetectable.ai/blog\/wp-content\/uploads\/2025\/04\/Helpful-Tips_essays-1-1-768x433.jpg 768w, https:\/\/undetectable.ai/blog\/wp-content\/uploads\/2025\/04\/Helpful-Tips_essays-1-1-18x10.jpg 18w\" sizes=\"auto, (max-width: 799px) 100vw, 799px\" \/><\/figure><\/div>\n\n\n<p class=\"has-text-align-center\"><strong>A k\u00e9p forr\u00e1sa:<\/strong> <a href=\"https:\/\/myessayreview.com\/essay-tips\/creating-compelling-essays-a-summary\/\" target=\"_blank\" data-type=\"link\" data-id=\"https:\/\/myessayreview.com\/essay-tips\/creating-compelling-essays-a-summary\/\" rel=\"noreferrer noopener\">Az essz\u00e9m fel\u00fclvizsg\u00e1lata<\/a><\/p>\n\n\n\n<h2 class=\"wp-block-heading\">Hogyan seg\u00edthetnek az AI eszk\u00f6z\u00f6k az essz\u00e9 szerkezet\u00e9ben<\/h2>\n\n\n\n<p>A mesters\u00e9ges intelligencia forradalmas\u00edtotta az \u00edr\u00e1s folyamat\u00e1t, \u00e9s olyan eszk\u00f6z\u00f6ket k\u00edn\u00e1l, amelyek az \u00f6tletek gener\u00e1l\u00e1s\u00e1t\u00f3l a v\u00e9gs\u0151 v\u00e1zlatok csiszol\u00e1s\u00e1ig mindenben seg\u00edthetnek. <\/p>\n\n\n\n<p>Itt j\u00f6nnek be az Undetectable AI mesters\u00e9ges intelligencia \u00edr\u00f3eszk\u00f6zei.<\/p>\n\n\n<div class=\"wp-block-image\">\n<figure class=\"aligncenter size-large\"><img loading=\"lazy\" decoding=\"async\" width=\"1024\" height=\"520\" src=\"https:\/\/undetectable.ai/blog\/wp-content\/uploads\/2025\/02\/Undetectable-AIs-essay-writer-can-assist-you-in-completing-all-your-writing-tasks-1024x520.png\" alt=\"A kimutathatatlan AI essz\u00e9\u00edr\u00f3ja seg\u00edthet \u00d6nnek az \u00f6sszes \u00edr\u00e1sbeli feladat elv\u00e9gz\u00e9s\u00e9ben.\" class=\"wp-image-6154\" title=\"\" srcset=\"https:\/\/undetectable.ai/blog\/wp-content\/uploads\/2025\/02\/Undetectable-AIs-essay-writer-can-assist-you-in-completing-all-your-writing-tasks-1024x520.png 1024w, https:\/\/undetectable.ai/blog\/wp-content\/uploads\/2025\/02\/Undetectable-AIs-essay-writer-can-assist-you-in-completing-all-your-writing-tasks-300x152.png 300w, https:\/\/undetectable.ai/blog\/wp-content\/uploads\/2025\/02\/Undetectable-AIs-essay-writer-can-assist-you-in-completing-all-your-writing-tasks-768x390.png 768w, https:\/\/undetectable.ai/blog\/wp-content\/uploads\/2025\/02\/Undetectable-AIs-essay-writer-can-assist-you-in-completing-all-your-writing-tasks-18x9.png 18w, https:\/\/undetectable.ai/blog\/wp-content\/uploads\/2025\/02\/Undetectable-AIs-essay-writer-can-assist-you-in-completing-all-your-writing-tasks.png 1044w\" sizes=\"auto, (max-width: 1024px) 100vw, 1024px\" \/><\/figure><\/div>\n\n\n<p>A <a href=\"https:\/\/undetectable.ai\/ai-essay-writer\" target=\"_blank\" rel=\"noreferrer noopener\"><strong>AI essz\u00e9\u00edr\u00f3<\/strong><\/a> m\u00e1sodpercek alatt teljes, j\u00f3l szervezett essz\u00e9ket k\u00e9sz\u00edt. <\/p>\n\n\n\n<p>Meg\u00e9rti, hogyan kell fel\u00e9p\u00edteni egy t\u00e9zissel ell\u00e1tott bevezet\u00e9st, hogyan kell \u00e9rveket kifejteni a f\u0151 bekezd\u00e9sekben, \u00e9s hogyan kell tiszta, meggy\u0151z\u0151 k\u00f6vetkeztet\u00e9st \u00edrni. <\/p>\n\n\n\n<p>\u00d6n adja meg a t\u00e9m\u00e1t. Ez elv\u00e9gzi a neh\u00e9z munk\u00e1t.<\/p>\n\n\n<div class=\"wp-block-image\">\n<figure class=\"aligncenter size-large\"><img loading=\"lazy\" decoding=\"async\" width=\"1024\" height=\"369\" src=\"https:\/\/undetectable.ai/blog\/wp-content\/uploads\/2025\/04\/AI-paraphrasing-tool-1-1024x369.jpg\" alt=\"Pillanatk\u00e9p az Undetectable AI parafraz\u00e1l\u00f3 eszk\u00f6z\u00e9r\u0151l\" class=\"wp-image-8125\" title=\"\" srcset=\"https:\/\/undetectable.ai/blog\/wp-content\/uploads\/2025\/04\/AI-paraphrasing-tool-1-1024x369.jpg 1024w, https:\/\/undetectable.ai/blog\/wp-content\/uploads\/2025\/04\/AI-paraphrasing-tool-1-300x108.jpg 300w, https:\/\/undetectable.ai/blog\/wp-content\/uploads\/2025\/04\/AI-paraphrasing-tool-1-768x277.jpg 768w, https:\/\/undetectable.ai/blog\/wp-content\/uploads\/2025\/04\/AI-paraphrasing-tool-1-1536x554.jpg 1536w, https:\/\/undetectable.ai/blog\/wp-content\/uploads\/2025\/04\/AI-paraphrasing-tool-1-18x6.jpg 18w, https:\/\/undetectable.ai/blog\/wp-content\/uploads\/2025\/04\/AI-paraphrasing-tool-1.jpg 1600w\" sizes=\"auto, (max-width: 1024px) 100vw, 1024px\" \/><\/figure><\/div>\n\n\n<p>A <strong><a href=\"https:\/\/undetectable.ai\/paraphrasing-tool\" target=\"_blank\" data-type=\"link\" data-id=\"https:\/\/undetectable.ai\/paraphrasing-tool\" rel=\"noreferrer noopener\">Parafraz\u00e1l\u00f3 eszk\u00f6z<\/a><\/strong> seg\u00edt \u00e1tdolgozni a k\u00e9nyelmetlen vonalakat \u00e9les, struktur\u00e1lt vonalakk\u00e1.<\/p>\n\n\n\n<p>Ha az \u00e1ll\u00edt\u00e1sodb\u00f3l hi\u00e1nyzik az \u00e1t\u00fct\u0151er\u0151, vagy az \u00e1tmenetek neh\u00e9zkesnek t\u0171nnek, csak dobd be \u0151ket, \u00e9s a program \u00fagy \u00e1t\u00edrja \u0151ket, mint egy tapasztalt szerkeszt\u0151.<\/p>\n\n\n<div class=\"wp-block-image\">\n<figure class=\"aligncenter size-large\"><img loading=\"lazy\" decoding=\"async\" width=\"1024\" height=\"492\" src=\"https:\/\/undetectable.ai/blog\/wp-content\/uploads\/2025\/01\/ai-chat-1024x492.jpg\" alt=\"AI Chat\" class=\"wp-image-6097\" title=\"\" srcset=\"https:\/\/undetectable.ai/blog\/wp-content\/uploads\/2025\/01\/ai-chat-1024x492.jpg 1024w, https:\/\/undetectable.ai/blog\/wp-content\/uploads\/2025\/01\/ai-chat-300x144.jpg 300w, https:\/\/undetectable.ai/blog\/wp-content\/uploads\/2025\/01\/ai-chat-768x369.jpg 768w, https:\/\/undetectable.ai/blog\/wp-content\/uploads\/2025\/01\/ai-chat-1536x738.jpg 1536w, https:\/\/undetectable.ai/blog\/wp-content\/uploads\/2025\/01\/ai-chat-2048x984.jpg 2048w, https:\/\/undetectable.ai/blog\/wp-content\/uploads\/2025\/01\/ai-chat-18x9.jpg 18w\" sizes=\"auto, (max-width: 1024px) 100vw, 1024px\" \/><\/figure><\/div>\n\n\n<p>Azonnali visszajelz\u00e9sre vagy szerkezeti javaslatokra v\u00e1gyik \u00edr\u00e1s k\u00f6zben? Haszn\u00e1lja a <a href=\"https:\/\/undetectable.ai\/ai-chat\" target=\"_blank\" rel=\"noreferrer noopener\"><strong>AI Chat<\/strong><\/a> mint egy virtu\u00e1lis oktat\u00f3. <\/p>\n\n\n\n<p>Megk\u00e9rdezhetsz olyan dolgokat, mint p\u00e9ld\u00e1ul: \"Vil\u00e1gos a bekezd\u00e9sszerkezetem?\" vagy \"Tudn\u00e1l mutatni egy jobb p\u00e9ld\u00e1t a t\u00e9m\u00e1hoz tartoz\u00f3 k\u00f6vetkeztet\u00e9sre?\". A program humaniz\u00e1lt v\u00e1laszokat ad, amelyeket k\u00f6zvetlen\u00fcl felhaszn\u00e1lhat vagy m\u00f3dos\u00edthat.<\/p>\n\n\n\n<p>Egy tiszta, logikus essz\u00e9t \u00edrni el\u00e9g neh\u00e9z. <a href=\"https:\/\/undetectable.ai\/blog\/best-ai-essay-writer\/\" target=\"_blank\" rel=\"noreferrer noopener\">Essz\u00e9\u00edr\u00f3 eszk\u00f6z\u00f6k<\/a> a felder\u00edthetetlen AI seg\u00edt gyorsabban \u00edrni <em>\u00e9s<\/em> jobban. <\/p>\n\n\n\n<p>A be\u00e9p\u00edtett humaniz\u00e1l\u00e1ssal pedig a munk\u00e1ja nem csak a strukt\u00faraellen\u0151rz\u00e9sen, hanem az AI-\u00e9rz\u00e9kel\u0151k\u00f6n is \u00e1tmegy.<\/p>\n\n\n\n<p>Ne felejtsd el megn\u00e9zni az AI Detector \u00e9s Humanizer programunkat is az al\u00e1bbi widgetben!<\/p>\n\n\n\n<div id=\"uai-widget\" data-affiliate-link=\"https:\/\/undetectable.ai\/?_by=hi4km\"><script>var js = document.createElement(\"script\");js.async = true;js.src = \"https:\/\/widget.undetectable.ai\/js\/widget-loader.js?t=\"+Date.now();document.getElementsByTagName(\"head\")[0].appendChild(js);<\/script><\/div>\n\n\n\n<h2 class=\"wp-block-heading\">GYIK az essz\u00e9 szerkezet\u00e9r\u0151l<\/h2>\n\n\n<div id=\"rank-math-faq\" class=\"rank-math-block\">\n<div class=\"rank-math-list\">\n<div id=\"faq-question-1744789356830\" class=\"rank-math-list-item\">\n<h3 class=\"rank-math-question\"><strong>Lehet t\u00f6bb mint h\u00e1rom f\u0151 bekezd\u00e9sem?\u00a0<\/strong><\/h3>\n<div class=\"rank-math-answer\">\n\n<p>Igen. A h\u00e1rom a szok\u00e1sos, de hosszabb essz\u00e9kben annyi lehet, amennyire sz\u00fcks\u00e9g van, am\u00edg mindegyik al\u00e1t\u00e1masztja a t\u00e9zist.<\/p>\n\n<\/div>\n<\/div>\n<div id=\"faq-question-1744789369452\" class=\"rank-math-list-item\">\n<h3 class=\"rank-math-question\"><strong>Hov\u00e1 ker\u00fclj\u00f6n a t\u00e9zis megfogalmaz\u00e1sa?\u00a0<\/strong><\/h3>\n<div class=\"rank-math-answer\">\n\n<p>A bemutatkoz\u00e1s v\u00e9g\u00e9n. <\/p>\n<p>Ez adja meg az ir\u00e1nyt mindannak, ami ut\u00e1na k\u00f6vetkezik.<\/p>\n\n<\/div>\n<\/div>\n<div id=\"faq-question-1744789382089\" class=\"rank-math-list-item\">\n<h3 class=\"rank-math-question\"><strong>Milyen hossz\u00faak legyenek az egyes r\u00e9szek?<\/strong><\/h3>\n<div class=\"rank-math-answer\">\n\n<p>Bevezet\u00e9s \u00e9s konkl\u00fazi\u00f3: a teljes sz\u00f3mennyis\u00e9g k\u00f6r\u00fclbel\u00fcl 10-15%. <\/p>\n<p>A t\u00f6bbi a testr\u00e9szekbe ker\u00fcl.<\/p>\n\n<\/div>\n<\/div>\n<div id=\"faq-question-1744789391798\" class=\"rank-math-list-item\">\n<h3 class=\"rank-math-question\"><strong>Minden essz\u00e9 ezt a szerkezetet k\u00f6veti?<\/strong><\/h3>\n<div class=\"rank-math-answer\">\n\n<p>A legt\u00f6bb tudom\u00e1nyos essz\u00e9 igen. <\/p>\n<p>A kreat\u00edv, elgondolkodtat\u00f3 vagy k\u00eds\u00e9rleti darabok megszeghetik a szab\u00e1lyokat, de csak akkor, ha erre j\u00f3 okuk van.<\/p>\n\n<\/div>\n<\/div>\n<\/div>\n<\/div>\n\n\n<h2 class=\"wp-block-heading\">A j\u00f3 essz\u00e9knek csontjaik vannak<\/h2>\n\n\n\n<p>Az essz\u00e9 szerkezete biztos\u00edtja azt a keretet, amely lehet\u0151v\u00e9 teszi, hogy az \u00f6tletei felragyogjanak. <\/p>\n\n\n\n<p>Az alapvet\u0151 r\u00e9szek - a bevezet\u00e9s, a f\u0151 bekezd\u00e9sek \u00e9s a k\u00f6vetkeztet\u00e9s - egy olyan utat teremtenek az olvas\u00f3k sz\u00e1m\u00e1ra, amelyen a kezdeti \u00e1ll\u00edt\u00e1st\u00f3l a v\u00e9gs\u0151 felismer\u00e9sig k\u00f6vethetik a gondolkod\u00e1s\u00e1t. <\/p>\n\n\n\n<p>B\u00e1r ezek az alapelemek a legt\u00f6bb essz\u00e9ben \u00e1lland\u00f3ak maradnak, a szerkezet rugalmass\u00e1ga v\u00e9gtelen\u00fcl v\u00e1ltozatos kifejez\u00e9si form\u00e1kat tesz lehet\u0151v\u00e9.<\/p>\n\n\n\n<p>Ahogy gyakorolod az essz\u00e9\u00edr\u00e1st, intuit\u00edv \u00e9rz\u00e9ked lesz arra, hogyan szervezd meg hat\u00e9konyan a gondolataidat. <\/p>\n\n\n\n<p>Megtanulja, hogy mikor kell szigor\u00faan k\u00f6vetnie a hagyom\u00e1nyos strukt\u00far\u00e1kat, \u00e9s mikor kell azokat \u00fagy \u00e1talak\u00edtania, hogy jobban szolg\u00e1lj\u00e1k a c\u00e9lj\u00e1t. <\/p>\n\n\n\n<p>Megtudhatja, hogy az essz\u00e9 szerkezete nem egy merev formula, hanem egy sor olyan eszk\u00f6z, amely seg\u00edt tiszt\u00e1bban kommunik\u00e1lni.<\/p>\n\n\n\n<p>Pr\u00f3b\u00e1lja ki a <a href=\"https:\/\/undetectable.ai\/\" target=\"_blank\" rel=\"noopener\">\u00c9szrevehetetlen AI eszk\u00f6z\u00f6k<\/a> a fent eml\u00edtett, j\u00f3l struktur\u00e1lt v\u00e1zlatok azonnali l\u00e9trehoz\u00e1s\u00e1hoz.<\/p>\n\n\n\n<p>Haszn\u00e1lja a mesters\u00e9ges intelligencia-parafr\u00e1zist a t\u00e9zis vagy a t\u00e9mamondatok csiszol\u00e1s\u00e1hoz, vagy csevegjen k\u00f6zvetlen\u00fcl a mesters\u00e9ges intelligencia-cseveg\u0151vel, hogy val\u00f3s idej\u0171 visszajelz\u00e9st kapjon a szerkezetr\u0151l. <\/p>\n\n\n\n<p>Az essz\u00e9\u00edr\u00e1s nem kell, hogy neh\u00e9z legyen, k\u00fcl\u00f6n\u00f6sen, ha az eszk\u00f6zei ilyen okosak.<\/p>","protected":false},"excerpt":{"rendered":"","protected":false},"author":15,"featured_media":7914,"comment_status":"closed","ping_status":"closed","sticky":false,"template":"","format":"standard","meta":{"_themeisle_gutenberg_block_has_review":false,"footnotes":""},"categories":[31],"tags":[],"class_list":["post-7905","post","type-post","status-publish","format-standard","has-post-thumbnail","hentry","category-helpful-ai-content-tips"],"_links":{"self":[{"href":"https:\/\/undetectable.ai/blog\/hu\/wp-json\/wp\/v2\/posts\/7905","targetHints":{"allow":["GET"]}}],"collection":[{"href":"https:\/\/undetectable.ai/blog\/hu\/wp-json\/wp\/v2\/posts"}],"about":[{"href":"https:\/\/undetectable.ai/blog\/hu\/wp-json\/wp\/v2\/types\/post"}],"author":[{"embeddable":true,"href":"https:\/\/undetectable.ai/blog\/hu\/wp-json\/wp\/v2\/users\/15"}],"replies":[{"embeddable":true,"href":"https:\/\/undetectable.ai/blog\/hu\/wp-json\/wp\/v2\/comments?post=7905"}],"version-history":[{"count":12,"href":"https:\/\/undetectable.ai/blog\/hu\/wp-json\/wp\/v2\/posts\/7905\/revisions"}],"predecessor-version":[{"id":14831,"href":"https:\/\/undetectable.ai/blog\/hu\/wp-json\/wp\/v2\/posts\/7905\/revisions\/14831"}],"wp:featuredmedia":[{"embeddable":true,"href":"https:\/\/undetectable.ai/blog\/hu\/wp-json\/wp\/v2\/media\/7914"}],"wp:attachment":[{"href":"https:\/\/undetectable.ai/blog\/hu\/wp-json\/wp\/v2\/media?parent=7905"}],"wp:term":[{"taxonomy":"category","embeddable":true,"href":"https:\/\/undetectable.ai/blog\/hu\/wp-json\/wp\/v2\/categories?post=7905"},{"taxonomy":"post_tag","embeddable":true,"href":"https:\/\/undetectable.ai/blog\/hu\/wp-json\/wp\/v2\/tags?post=7905"}],"curies":[{"name":"wp","href":"https:\/\/api.w.org\/{rel}","templated":true}]}}