{"id":7990,"date":"2025-04-16T14:23:09","date_gmt":"2025-04-16T14:23:09","guid":{"rendered":"https:\/\/undetectable.ai/blog\/?p=7990"},"modified":"2026-04-09T05:41:12","modified_gmt":"2026-04-09T05:41:12","slug":"belso-ervenyesseg","status":"publish","type":"post","link":"https:\/\/undetectable.ai/blog\/hu\/belso-ervenyesseg\/","title":{"rendered":"A bels\u0151 \u00e9rv\u00e9nyess\u00e9g magyar\u00e1zata (val\u00f3s p\u00e9ld\u00e1kkal)"},"content":{"rendered":"<p>A nagy Albert Einstein egyszer azt mondta: \"Ha tudn\u00e1nk, hogy mit csin\u00e1lunk, akkor nem nevezn\u00e9nk kutat\u00e1snak, nem igaz?\".<\/p>\n\n\n\n<p>A legt\u00f6bb kutat\u00e1si esetben ez \u00e9rv\u00e9nyes. Ha k\u00eds\u00e9rleteket tervezel \u00e9s a megfelel\u0151 k\u00e9rd\u00e9seket teszed fel, akkor j\u00f3 \u00faton j\u00e1rsz. <\/p>\n\n\n\n<p>De ha az eredm\u00e9nyeid nem tudj\u00e1k bizony\u00edtani az okokat (an\u00e9lk\u00fcl, hogy m\u00e1s v\u00e1ltoz\u00f3k megzavarn\u00e1k a bulit), akkor csak egy zavaros z\u0171rzavarral van dolgod, nem pedig k\u00f6vetkeztet\u00e9ssel.<\/p>\n\n\n\n<p>\u00dcdv\u00f6z\u00f6lj\u00fck a bels\u0151 \u00e9rv\u00e9nyess\u00e9g vil\u00e1g\u00e1ban.<\/p>\n\n\n\n<p>Ez a te altereg\u00f3d, a lelkiismereted, a saj\u00e1t Jiminy Cricketed.  Ha a k\u00eds\u00e9rleted azt mondja: \"Ez egy siker\", a bels\u0151 \u00e9rv\u00e9nyess\u00e9g az els\u0151 dolog, amit megk\u00e9rdezel: De vajon siker\u00fclt-e? Ez a k\u00fcl\u00f6nbs\u00e9g a \"szerintem m\u0171k\u00f6d\u00f6tt\" \u00e9s a \"tudom, hogy m\u0171k\u00f6d\u00f6tt, \u00e9s itt van, hogy mi\u00e9rt\" k\u00f6z\u00f6tt.<\/p>\n\n\n\n<p>A bels\u0151 \u00e9rv\u00e9nyess\u00e9g azonban nem csak az akad\u00e9mikusok \u00e9s a kutat\u00f3k sz\u00e1m\u00e1ra fontos. A kamp\u00e1nyok hat\u00e9konys\u00e1g\u00e1t tesztel\u0151 marketingszakembereknek, az A\/B-teszteket v\u00e9gz\u0151 term\u00e9kfejleszt\u0151knek, s\u0151t az eg\u00e9szs\u00e9g\u00fcgyi \u00e1ll\u00edt\u00e1sokat \u00e9rt\u00e9kel\u0151 h\u00e9tk\u00f6znapi embereknek is sz\u00fcks\u00e9g\u00fck van erre a k\u00e9pess\u00e9gre. <\/p>\n\n\n\n<p>Az adatvez\u00e9relt vil\u00e1gunkban alapvet\u0151 fontoss\u00e1g\u00fa annak meghat\u00e1roz\u00e1sa, hogy val\u00f3ban X okozta-e Y-t (\u00e9s nem valamilyen rejtett Z t\u00e9nyez\u0151).<\/p>\n\n\n\n<p>Fejts\u00fcnk ki mindent, amit a bels\u0151 \u00e9rv\u00e9nyess\u00e9gr\u0151l tudni kell. Megvizsg\u00e1ljuk, hogy mi az, mi\u00e9rt fontos, \u00e9s hogyan er\u0151s\u00edtheti meg saj\u00e1t kutat\u00e1saiban. <\/p>\n\n\n\n<p>A legjobb az eg\u00e9szben, hogy az \u00f6sszetett fogalmakat val\u00f3s p\u00e9ld\u00e1kra ford\u00edtjuk le, amelyeknek \u00e9rtelme van.<\/p>\n\n\n\n<h2 class=\"wp-block-heading\">Mi a bels\u0151 \u00e9rv\u00e9nyess\u00e9g?<\/h2>\n\n\n\n<p>A bels\u0151 \u00e9rv\u00e9nyess\u00e9g az a m\u00e9rt\u00e9k, amennyire b\u00edzhat abban, hogy a vizsg\u00e1lat eredm\u00e9nyei pontosan t\u00fckr\u00f6zik az ok-okozati \u00f6sszef\u00fcgg\u00e9seket. <\/p>\n\n\n\n<p>Egyszer\u0171bben fogalmazva, erre a k\u00e9rd\u00e9sre ad v\u00e1laszt: \"Biztos lehetek-e abban, hogy a f\u00fcggetlen v\u00e1ltoz\u00f3m val\u00f3ban okozta a f\u00fcgg\u0151 v\u00e1ltoz\u00f3mban megfigyelt v\u00e1ltoz\u00e1sokat?\"<\/p>\n\n\n\n<p>A bels\u0151 \u00e9rv\u00e9nyess\u00e9g olyan, mint a kutat\u00e1si k\u00f6vetkeztet\u00e9sek \"igazs\u00e1gdetektora\". <\/p>\n\n\n\n<p>A magas bels\u0151 \u00e9rv\u00e9nyess\u00e9g azt jelenti, hogy sikeresen kiz\u00e1rta az alternat\u00edv magyar\u00e1zatokat az eredm\u00e9nyeihez. <\/p>\n\n\n\n<p>Olyan kutat\u00e1si k\u00f6rnyezetet hozott l\u00e9tre, ahol m\u00e1s v\u00e1ltoz\u00f3k nem lopakodhatnak be \u00e9s nem zavarhatj\u00e1k meg az eredm\u00e9nyeit.<\/p>\n\n\n\n<p>Vegy\u00fcnk egy klasszikus p\u00e9ld\u00e1t: Egy kutat\u00f3 azt szeretn\u00e9 meg\u00e1llap\u00edtani, hogy egy \u00faj tan\u00edt\u00e1si m\u00f3dszer jav\u00edtja-e a teszteredm\u00e9nyeket. <\/p>\n\n\n\n<p>Azok a di\u00e1kok, akik az \u00faj m\u00f3dszerrel tanulnak, magasabb pontsz\u00e1mot \u00e9rnek el a vizsg\u00e1n.&nbsp;<\/p>\n\n\n\n<p>De vajon a tan\u00edt\u00e1si m\u00f3dszer okozta ezt a javul\u00e1st? Vagy az\u00e9rt, mert a tan\u00e1r \u00f6ntudatlanul is t\u00f6bb figyelmet ford\u00edtott a k\u00eds\u00e9rleti csoportra? Tal\u00e1n az \u00faj m\u00f3dszerrel oktatott di\u00e1kok m\u00e1r eleve er\u0151sebbek voltak tanulm\u00e1nyi szempontb\u00f3l?&nbsp;<\/p>\n\n\n\n<p>Ezek a k\u00e9rd\u00e9sek a tanulm\u00e1ny bels\u0151 \u00e9rv\u00e9nyess\u00e9g\u00e9t c\u00e9lozz\u00e1k.<\/p>\n\n\n\n<p>A bels\u0151 \u00e9rv\u00e9nyess\u00e9g nem v\u00e9letlen\u00fcl t\u00f6rt\u00e9nik. Gondos tervez\u00e9st, apr\u00f3l\u00e9kos kivitelez\u00e9st \u00e9s a lehets\u00e9ges hib\u00e1k \u0151szinte elemz\u00e9s\u00e9t ig\u00e9nyli. <\/p>\n\n\n\n<p>A c\u00e9l nem a t\u00f6k\u00e9letess\u00e9g, mivel egyetlen tanulm\u00e1ny sem immunis minden vesz\u00e9lyre, hanem ink\u00e1bb a k\u00f6vetkeztet\u00e9seibe vetett bizalom maximaliz\u00e1l\u00e1sa a k\u00f6vetkez\u0151k r\u00e9v\u00e9n. <a href=\"https:\/\/researcher.life\/blog\/article\/what-is-research-design-types-examples\/\" target=\"_blank\" rel=\"noreferrer noopener\">szigor\u00fa kutat\u00e1si terv<\/a> amely a zavar\u00f3 v\u00e1ltoz\u00f3k ellen\u0151rz\u00e9s\u00e9t helyezi el\u0151t\u00e9rbe.<\/p>\n\n\n\n<h2 class=\"wp-block-heading\">Mi\u00e9rt fontos a bels\u0151 \u00e9rv\u00e9nyess\u00e9g<\/h2>\n\n\n<div class=\"wp-block-image\">\n<figure class=\"aligncenter size-large\"><img loading=\"lazy\" decoding=\"async\" width=\"1024\" height=\"683\" src=\"https:\/\/undetectable.ai/blog\/wp-content\/uploads\/2025\/04\/why-internal-1024x683.jpg\" alt=\"\" class=\"wp-image-8042\" title=\"\" srcset=\"https:\/\/undetectable.ai/blog\/wp-content\/uploads\/2025\/04\/why-internal-1024x683.jpg 1024w, https:\/\/undetectable.ai/blog\/wp-content\/uploads\/2025\/04\/why-internal-300x200.jpg 300w, https:\/\/undetectable.ai/blog\/wp-content\/uploads\/2025\/04\/why-internal-768x512.jpg 768w, https:\/\/undetectable.ai/blog\/wp-content\/uploads\/2025\/04\/why-internal-18x12.jpg 18w, https:\/\/undetectable.ai/blog\/wp-content\/uploads\/2025\/04\/why-internal.jpg 1200w\" sizes=\"auto, (max-width: 1024px) 100vw, 1024px\" \/><\/figure><\/div>\n\n\n<p>Mi\u00e9rt kellene t\u00f6r\u0151dnie a bels\u0151 \u00e9rv\u00e9nyess\u00e9ggel? <\/p>\n\n\n\n<p>Mert e n\u00e9lk\u00fcl a kutat\u00e1si k\u00f6vetkeztet\u00e9sek l\u00e9nyeg\u00e9ben \u00e9rtelmetlenek. <\/p>\n\n\n\n<p>Az er\u0151s bels\u0151 \u00e9rv\u00e9nyess\u00e9g elv\u00e1lasztja a val\u00f3di felismer\u00e9seket a f\u00e9lrevezet\u0151 \u00f6sszef\u00fcgg\u00e9sekt\u0151l.<\/p>\n\n\n\n<p>P\u00e9ld\u00e1ul a gy\u00f3gyszeripari v\u00e1llalatok <a href=\"https:\/\/www.forbes.com\/sites\/alexzhavoronkov\/2023\/08\/09\/616-billion-per-drug-approval-almost-half-of-big-pharma-companies-hit-negative-rd-productivity\/\" target=\"_blank\" rel=\"noreferrer noopener\">milli\u00e1rdokat k\u00f6ltenek \u00faj gy\u00f3gyszerek tesztel\u00e9s\u00e9re<\/a>. Bels\u0151 \u00e9rv\u00e9nyess\u00e9g n\u00e9lk\u00fcl olyan gy\u00f3gyszereket hagyhatnak j\u00f3v\u00e1, amelyek val\u00f3j\u00e1ban nem m\u0171k\u00f6dnek, vagy vesz\u00e9lyes mell\u00e9khat\u00e1sokat hagyhatnak ki. <\/p>\n\n\n\n<p><a href=\"https:\/\/www.timeshighereducation.com\/campus\/five-steps-engaging-policymakers-research\" target=\"_blank\" rel=\"noreferrer noopener\">A politikai d\u00f6nt\u00e9shoz\u00f3k a kutat\u00e1sra t\u00e1maszkodnak<\/a> hogy milli\u00f3k \u00e9let\u00e9t befoly\u00e1sol\u00f3 d\u00f6nt\u00e9seket hozzon. Az oktat\u00e1si reformok, a k\u00f6zeg\u00e9szs\u00e9g\u00fcgyi kezdem\u00e9nyez\u00e9sek \u00e9s a gazdas\u00e1gpolitik\u00e1k mind-mind \u00e9rv\u00e9nyes kutat\u00e1si k\u00f6vetkeztet\u00e9sekt\u0151l f\u00fcggenek.<\/p>\n\n\n\n<p>A bels\u0151 \u00e9rv\u00e9nyess\u00e9g m\u00e9g az \u00fczleti k\u00f6rnyezetben is sz\u00e1m\u00edt. El\u0151fordulhat, hogy egy v\u00e1llalat a megn\u00f6vekedett elad\u00e1sokat egy \u00faj marketingkamp\u00e1nynak tulajdon\u00edtja, holott a val\u00f3di ok a szezon\u00e1lis v\u00e1s\u00e1rl\u00e1si szok\u00e1sok voltak. <\/p>\n\n\n\n<p>A bels\u0151 \u00e9rv\u00e9nyess\u00e9gre val\u00f3 odafigyel\u00e9s n\u00e9lk\u00fcl a v\u00e1llalatok t\u00e9ves felt\u00e9telez\u00e9seken alapul\u00f3, k\u00f6lts\u00e9ges hib\u00e1kat k\u00f6vetnek el.<\/p>\n\n\n\n<p>M\u00e9g a tervezet elk\u00e9sz\u00edt\u00e9se is <a href=\"https:\/\/undetectable.ai\/blog\/how-to-write-a-research-proposal\/\" target=\"_blank\" rel=\"noreferrer noopener\">nyertes kutat\u00e1si javaslat<\/a>Azzal a felel\u0151ss\u00e9ggel j\u00e1r, hogy megmutatja, hogyan fogja ellen\u0151rizni a v\u00e1ltoz\u00f3kat \u00e9s kiz\u00e1rni az alternat\u00edv magyar\u00e1zatokat, mert az er\u0151s \u00f6tletek semmit sem \u00e9rnek, ha a tervez\u00e9s nem tudja al\u00e1t\u00e1masztani \u0151ket.<\/p>\n\n\n\n<h3 class=\"wp-block-heading\"><strong>A magas bels\u0151 \u00e9rv\u00e9nyess\u00e9g f\u0151 jellemz\u0151i<\/strong><\/h3>\n\n\n\n<p>Milyen az er\u0151s bels\u0151 \u00e9rv\u00e9nyess\u00e9g\u0171 kutat\u00e1s? <\/p>\n\n\n\n<p>Itt vannak a jellemz\u0151i:<\/p>\n\n\n\n<ul class=\"wp-block-list\">\n<li><strong>Egy\u00e9rtelm\u0171 id\u0151beli sorrend<\/strong>: Az oknak meg kell el\u0151znie a hat\u00e1st. Ez nyilv\u00e1nval\u00f3nak t\u0171nik, de a megfigyel\u00e9si tanulm\u00e1nyok eset\u00e9ben, ahol nem mindig egy\u00e9rtelm\u0171, hogy mi t\u00f6rt\u00e9nt el\u0151sz\u00f6r, neh\u00e9zs\u00e9gekbe \u00fctk\u00f6zhet.<\/li>\n\n\n\n<li><strong>K\u00f6vetkezetes, er\u0151s kapcsolat<\/strong>: Min\u00e9l er\u0151sebb \u00e9s k\u00f6vetkezetesebb a v\u00e1ltoz\u00f3k k\u00f6z\u00f6tti kapcsolat, ann\u00e1l nagyobb bizalommal lehet\u00fcnk az ok-okozati \u00f6sszef\u00fcgg\u00e9s ir\u00e1nt.<\/li>\n\n\n\n<li><strong>Megfelel\u0151 kontrollcsoport<\/strong>: A j\u00f3l illeszked\u0151 kontrollcsoport, amely csak a f\u00fcggetlen v\u00e1ltoz\u00f3nak val\u00f3 kitetts\u00e9gben k\u00fcl\u00f6nb\u00f6zik, er\u0151s\u00edti a bels\u0151 \u00e9rv\u00e9nyess\u00e9get.<\/li>\n\n\n\n<li><strong>V\u00e9letlenszer\u0171 hozz\u00e1rendel\u00e9s<\/strong>: Amikor a r\u00e9sztvev\u0151ket v\u00e9letlenszer\u0171en osztj\u00e1k be a k\u00eds\u00e9rleti felt\u00e9telekbe, a m\u00e1r megl\u00e9v\u0151 k\u00fcl\u00f6nbs\u00e9gek egyenl\u0151en oszlanak meg a csoportok k\u00f6z\u00f6tt.<\/li>\n\n\n\n<li><strong>K\u00eds\u00e9rleti ellen\u0151rz\u00e9s<\/strong>: A kutat\u00f3 szoros ellen\u0151rz\u00e9st tart fenn a vizsg\u00e1lati k\u00f6rnyezet felett, minimaliz\u00e1lva a k\u00fcls\u0151 hat\u00e1sokat.<\/li>\n\n\n\n<li><strong>A zavar\u00f3 v\u00e1ltoz\u00f3k figyelembev\u00e9tele<\/strong>: A j\u00f3 kutat\u00e1s azonos\u00edtja \u00e9s figyelembe veszi azokat a v\u00e1ltoz\u00f3kat, amelyek megzavarhatj\u00e1k az ok \u00e9s okozat k\u00f6z\u00f6tti kapcsolatot.<\/li>\n\n\n\n<li><strong>Statisztikai k\u00f6vetkeztet\u00e9s \u00e9rv\u00e9nyess\u00e9ge<\/strong>: Megfelel\u0151 statisztikai tesztek \u00e9s megfelel\u0151 mintanagys\u00e1gok biztos\u00edtj\u00e1k, hogy a kimutatott hat\u00e1sok val\u00f3sak, \u00e9s nem a v\u00e9letlen m\u0171vei.<\/li>\n<\/ul>\n\n\n\n<p>A magas bels\u0151 \u00e9rv\u00e9nyess\u00e9g nem v\u00e9letlen\u00fcl alakul ki. <\/p>\n\n\n\n<p>Ez a kezdetekt\u0151l fogva \u00e1tgondolt kutat\u00e1si tervez\u00e9st ig\u00e9nyel, nem pedig az adatgy\u0171jt\u00e9s ut\u00e1ni k\u00e1relh\u00e1r\u00edt\u00e1st.<\/p>\n\n\n\n<h3 class=\"wp-block-heading\"><strong>A bels\u0151 \u00e9rv\u00e9nyess\u00e9g vesz\u00e9lyei<\/strong><\/h3>\n\n\n\n<p>M\u00e9g a leggondosabban megtervezett tanulm\u00e1nyok is a bels\u0151 \u00e9rv\u00e9nyess\u00e9g vesz\u00e9lyeivel szembes\u00fclnek. Ezeknek a vesz\u00e9lyeknek a felismer\u00e9se a csata fele. <\/p>\n\n\n\n<p>\u00cdme a f\u0151 b\u0171n\u00f6s\u00f6k:<\/p>\n\n\n\n<ol class=\"wp-block-list\">\n<li><strong>T\u00f6rt\u00e9nelem<\/strong>: A vizsg\u00e1lati id\u0151szak alatt bek\u00f6vetkez\u0151 k\u00fcls\u0151 esem\u00e9nyek befoly\u00e1solhatj\u00e1k az eredm\u00e9nyeket. Ha egy \u00faj tan\u00edt\u00e1si m\u00f3dszer hat\u00e9konys\u00e1g\u00e1t vizsg\u00e1lja egy olyan vil\u00e1gj\u00e1rv\u00e1ny idej\u00e9n, amely megzavarja a norm\u00e1lis tanul\u00e1st, a k\u00fcls\u0151 t\u00e9nyez\u0151k befoly\u00e1solhatj\u00e1k az eredm\u00e9nyeket.<\/li>\n\n\n\n<li><strong>\u00c9r\u00e9s<\/strong>: A r\u00e9sztvev\u0151kben id\u0151vel bek\u00f6vetkez\u0151 term\u00e9szetes v\u00e1ltoz\u00e1sok \u00f6sszet\u00e9veszthet\u0151k a kezel\u00e9s hat\u00e1saival. A gyermekek term\u00e9szetes m\u00f3don fejl\u0151dnek a nyelvi k\u00e9szs\u00e9gek az \u00e9letkoruk el\u0151rehaladt\u00e1val, ez\u00e9rt a nyelvelsaj\u00e1t\u00edt\u00e1ssal kapcsolatos tanulm\u00e1nyoknak figyelembe kell venni\u00fck ezt a norm\u00e1lis fejl\u0151d\u00e9st.<\/li>\n\n\n\n<li><strong>Tesztel\u00e9si hat\u00e1sok<\/strong>: Az el\u0151tesztek elv\u00e9gz\u00e9se befoly\u00e1solhatja az ut\u00f3teszteken ny\u00fajtott teljes\u00edtm\u00e9nyt, f\u00fcggetlen\u00fcl a beavatkoz\u00e1st\u00f3l. A r\u00e9sztvev\u0151k egyszer\u0171en az\u00e9rt teljes\u00edthetnek jobban, mert kor\u00e1bban m\u00e1r l\u00e1ttak hasonl\u00f3 k\u00e9rd\u00e9seket.<\/li>\n\n\n\n<li><strong>M\u0171szerek<\/strong>: A m\u00e9r\u0151eszk\u00f6z\u00f6k vagy a megfigyel\u0151k v\u00e1ltoz\u00e1sa mesters\u00e9ges k\u00fcl\u00f6nbs\u00e9geket okozhat az eredm\u00e9nyekben. Ha a vizsg\u00e1lat k\u00f6zep\u00e9n az egyik szabv\u00e1nyos\u00edtott tesztr\u0151l egy m\u00e1sikra v\u00e1ltunk, a pontsz\u00e1mok k\u00f6z\u00f6tti k\u00fcl\u00f6nbs\u00e9gek ink\u00e1bb a m\u00e9r\u00e9si v\u00e1ltoz\u00e1sokat t\u00fckr\u00f6zhetik, mint a val\u00f3s hat\u00e1sokat.<\/li>\n\n\n\n<li><strong>Statisztikai regresszi\u00f3<\/strong>: Ha a r\u00e9sztvev\u0151ket sz\u00e9ls\u0151s\u00e9ges eredm\u00e9nyek alapj\u00e1n v\u00e1lasztj\u00e1k ki, akkor a k\u00e9s\u0151bbi teszteken term\u00e9szetesen hajlamosak az \u00e1tlaghoz k\u00f6zelebbi eredm\u00e9nyt el\u00e9rni. Ez az \"\u00e1tlaghoz val\u00f3 visszal\u00e9p\u00e9s\" f\u00e9lre\u00e9rtelmezhet\u0151 kezel\u00e9si hat\u00e1sk\u00e9nt.<\/li>\n\n\n\n<li><strong>Szelekci\u00f3s torz\u00edt\u00e1s<\/strong>: Ha a k\u00eds\u00e9rleti \u00e9s a kontrollcsoportok szisztematikusan k\u00fcl\u00f6nb\u00f6znek a beavatkoz\u00e1s el\u0151tt, ezek a m\u00e1r megl\u00e9v\u0151 k\u00fcl\u00f6nbs\u00e9gek (nem a f\u00fcggetlen v\u00e1ltoz\u00f3) magyar\u00e1zhatj\u00e1k az eredm\u00e9nybeli k\u00fcl\u00f6nbs\u00e9geket.<\/li>\n\n\n\n<li><strong>K\u00eds\u00e9rleti hal\u00e1loz\u00e1s (lemorzsol\u00f3d\u00e1s)<\/strong>: A vizsg\u00e1latb\u00f3l kimarad\u00f3 r\u00e9sztvev\u0151k torz\u00edthatj\u00e1k az eredm\u00e9nyeket, k\u00fcl\u00f6n\u00f6sen, ha a kimarad\u00f3k ar\u00e1nya elt\u00e9r a k\u00eds\u00e9rleti \u00e9s a kontrollcsoportok k\u00f6z\u00f6tt. Ha a legs\u00falyosabb betegek kimaradnak egy gy\u00f3gyszerk\u00eds\u00e9rletb\u0151l, a gy\u00f3gyszer hat\u00e1sosabbnak t\u0171nhet, mint amilyen val\u00f3j\u00e1ban.<\/li>\n\n\n\n<li><strong>A kezel\u00e9sek elterjed\u00e9se vagy ut\u00e1nz\u00e1sa<\/strong>: Egyes vizsg\u00e1latokban a kontrollcsoport r\u00e9sztvev\u0151i ki lehetnek t\u00e9ve a k\u00eds\u00e9rleti kezel\u00e9s egyes aspektusainak, ami felh\u00edg\u00edtja a csoportk\u00fcl\u00f6nbs\u00e9geket.<\/li>\n<\/ol>\n\n\n\n<p>A vesz\u00e9lyek tudatos\u00edt\u00e1sa nem sz\u00fcnteti meg \u0151ket automatikusan. <\/p>\n\n\n\n<p>De lehet\u0151v\u00e9 teszi a kutat\u00f3k sz\u00e1m\u00e1ra, hogy olyan tanulm\u00e1nyokat tervezzenek, amelyek minimaliz\u00e1lj\u00e1k hat\u00e1sukat, vagy figyelembe veszik \u0151ket az elemz\u00e9s sor\u00e1n.<\/p>\n\n\n\n<h2 class=\"wp-block-heading\">Hogyan jav\u00edthat\u00f3 a bels\u0151 \u00e9rv\u00e9nyess\u00e9g<\/h2>\n\n\n<div class=\"wp-block-image\">\n<figure class=\"aligncenter size-large\"><img loading=\"lazy\" decoding=\"async\" width=\"1024\" height=\"683\" src=\"https:\/\/undetectable.ai/blog\/wp-content\/uploads\/2025\/04\/how-to-improve-1024x683.jpg\" alt=\"\" class=\"wp-image-8043\" title=\"\" srcset=\"https:\/\/undetectable.ai/blog\/wp-content\/uploads\/2025\/04\/how-to-improve-1024x683.jpg 1024w, https:\/\/undetectable.ai/blog\/wp-content\/uploads\/2025\/04\/how-to-improve-300x200.jpg 300w, https:\/\/undetectable.ai/blog\/wp-content\/uploads\/2025\/04\/how-to-improve-768x512.jpg 768w, https:\/\/undetectable.ai/blog\/wp-content\/uploads\/2025\/04\/how-to-improve-scaled.jpg 1536w, https:\/\/undetectable.ai/blog\/wp-content\/uploads\/2025\/04\/how-to-improve-18x12.jpg 18w\" sizes=\"auto, (max-width: 1024px) 100vw, 1024px\" \/><figcaption class=\"wp-element-caption\">Apr\u00f3 emberek \u00e1llnak a nagy pipa mellett. F\u00e9rfi \u00e9s n\u0151i karakterek csapata, akik befejezik a munk\u00e1t a tennival\u00f3k list\u00e1j\u00e1val vagy a j\u00f3 munk\u00e1t jelz\u0151 lapos vektoros illusztr\u00e1ci\u00f3val. K\u00e9sz munka, ellen\u0151rz\u0151 lista, id\u0151gazd\u00e1lkod\u00e1s koncepci\u00f3<\/figcaption><\/figure><\/div>\n\n\n<p>A bels\u0151 \u00e9rv\u00e9nyess\u00e9g meger\u0151s\u00edt\u00e9se nem csup\u00e1n a vesz\u00e9lyek elker\u00fcl\u00e9s\u00e9r\u0151l sz\u00f3l, hanem az ok-okozati k\u00f6vetkeztet\u00e9st fokoz\u00f3 technik\u00e1k akt\u00edv v\u00e9grehajt\u00e1s\u00e1r\u00f3l. <\/p>\n\n\n\n<p>\u00cdme, hogyan n\u00f6velheti a kutat\u00e1s bels\u0151 \u00e9rv\u00e9nyess\u00e9g\u00e9t:<\/p>\n\n\n\n<ul class=\"wp-block-list\">\n<li><strong>Randomiz\u00e1l\u00e1s<\/strong>: V\u00e9letlenszer\u0171en ossza be a r\u00e9sztvev\u0151ket a k\u00eds\u00e9rleti \u00e9s a kontrollcsoportokba. Ez egyenl\u0151en osztja el a lehets\u00e9ges zavar\u00f3 v\u00e1ltoz\u00f3kat a csoportok k\u00f6z\u00f6tt. P\u00e9ld\u00e1ul egy klinikai vizsg\u00e1latban a v\u00e9letlenszer\u0171 hozz\u00e1rendel\u00e9s seg\u00edt biztos\u00edtani, hogy az olyan t\u00e9nyez\u0151k, mint az \u00e9letkor, a kor\u00e1bbi eg\u00e9szs\u00e9gi \u00e1llapot \u00e9s az \u00e9letm\u00f3dbeli szok\u00e1sok kiegyens\u00falyozottak legyenek a kezel\u00e9si csoportok k\u00f6z\u00f6tt.<\/li>\n\n\n\n<li><strong>Ellen\u0151rz\u0151 csoportok<\/strong>: Tartalmazzon megfelel\u0151 kontroll- vagy \u00f6sszehasonl\u00edt\u00f3 csoportokat, amelyek nem kapnak beavatkoz\u00e1st vagy placeb\u00f3t. Ez lehet\u0151v\u00e9 teszi a f\u00fcggetlen v\u00e1ltoz\u00f3 hat\u00e1s\u00e1nak elk\u00fcl\u00f6n\u00edt\u00e9s\u00e9t. Az orvosi kutat\u00e1sok arany standardja - a randomiz\u00e1lt kontroll\u00e1lt vizsg\u00e1lat - erej\u00e9nek nagy r\u00e9sz\u00e9t a j\u00f3l megtervezett kontrollcsoportok adj\u00e1k.<\/li>\n\n\n\n<li><strong>Vak\u00edt\u00f3<\/strong>: Tartsa a r\u00e9sztvev\u0151ket, a kutat\u00f3kat vagy mindkett\u0151t (kett\u0151s elvak\u00edt\u00e1s), akik nem tudj\u00e1k, hogy melyik kezel\u00e9st kapt\u00e1k. Ez megakad\u00e1lyozza, hogy a v\u00e1rakoz\u00e1sok befoly\u00e1solj\u00e1k az eredm\u00e9nyeket. A gy\u00f3gyszerk\u00eds\u00e9rletek sor\u00e1n a betegek \u00e9s az orvosok gyakran nem tudj\u00e1k, hogy ki kap akt\u00edv gy\u00f3gyszert \u00e9s ki placeb\u00f3t.<\/li>\n\n\n\n<li><strong>Szabv\u00e1nyos\u00edtott elj\u00e1r\u00e1sok<\/strong>: K\u00e9sz\u00edtsen r\u00e9szletes protokollokat a vizsg\u00e1lat minden aspektus\u00e1ra, \u00e9s k\u00e9pezze az \u00f6sszes kutat\u00f3t, hogy pontosan k\u00f6vesse \u0151ket. Ez cs\u00f6kkenti a k\u00f6vetkezetlen m\u00f3dszerek \u00e1ltal okozott v\u00e1ltoz\u00e9konys\u00e1got.<\/li>\n\n\n\n<li><strong>T\u00f6bb int\u00e9zked\u00e9s<\/strong>: Haszn\u00e1ljon t\u00f6bb k\u00fcl\u00f6nb\u00f6z\u0151 m\u00f3dszert a f\u00fcgg\u0151 v\u00e1ltoz\u00f3 m\u00e9r\u00e9s\u00e9re. Ha minden m\u00e9r\u00e9s hasonl\u00f3 eredm\u00e9nyeket mutat, akkor biztosabb lehet a meg\u00e1llap\u00edt\u00e1saiban.<\/li>\n\n\n\n<li><strong>Statisztikai ellen\u0151rz\u00e9sek<\/strong>: Statisztikai technik\u00e1k alkalmaz\u00e1sa a lehets\u00e9ges zavar\u00f3 v\u00e1ltoz\u00f3k figyelembev\u00e9tel\u00e9re. Olyan m\u00f3dszerek, mint <a href=\"https:\/\/www.statisticssolutions.com\/free-resources\/directory-of-statistical-analyses\/factorial-ancova\/\" target=\"_blank\" rel=\"noreferrer noopener\">ANCOVA<\/a>, a propensity score matching vagy a regresszi\u00f3s elemz\u00e9s seg\u00edthet a f\u00fcggetlen v\u00e1ltoz\u00f3 hat\u00e1s\u00e1nak elk\u00fcl\u00f6n\u00edt\u00e9s\u00e9ben.<\/li>\n\n\n\n<li><strong>Pre\/post int\u00e9zked\u00e9sek<\/strong>: Gy\u0171jtse \u00f6ssze a kiindul\u00e1si adatokat a beavatkoz\u00e1s el\u0151tt, hogy figyelembe vegye a csoportok k\u00f6z\u00f6tti kezdeti k\u00fcl\u00f6nbs\u00e9geket. Ez lehet\u0151v\u00e9 teszi, hogy ne csak a v\u00e9g\u00e1llapotokat, hanem a v\u00e1ltoz\u00e1sokat is m\u00e9rje.<\/li>\n\n\n\n<li><strong>K\u00eds\u00e9rleti tesztel\u00e9s<\/strong>: A f\u0151 vizsg\u00e1lat el\u0151tt v\u00e9gezze el az elj\u00e1r\u00e1sok kisl\u00e9pt\u00e9k\u0171 tesztel\u00e9s\u00e9t a lehets\u00e9ges probl\u00e9m\u00e1k azonos\u00edt\u00e1sa \u00e9s kijav\u00edt\u00e1sa \u00e9rdek\u00e9ben. \u00cdgy id\u0151t \u00e9s er\u0151forr\u00e1sokat takar\u00edthat meg, mik\u00f6zben meger\u0151s\u00edti a terv\u00e9t.<\/li>\n\n\n\n<li><strong>Manipul\u00e1ci\u00f3s ellen\u0151rz\u00e9sek<\/strong>: Ellen\u0151rizze, hogy a f\u00fcggetlen v\u00e1ltoz\u00f3 manipul\u00e1ci\u00f3ja val\u00f3ban a k\u00edv\u00e1nt m\u00f3don m\u0171k\u00f6d\u00f6tt-e. Ha p\u00e9ld\u00e1ul az induk\u00e1lt stressz hat\u00e1s\u00e1t vizsg\u00e1lja, er\u0151s\u00edtse meg, hogy a stresszhelyzetben r\u00e9sztvev\u0151k val\u00f3ban stresszesebbnek \u00e9rezt\u00e9k magukat.<\/li>\n<\/ul>\n\n\n\n<p>Ne feledje, hogy a bels\u0151 \u00e9rv\u00e9nyess\u00e9g jav\u00edt\u00e1sa gyakran kompromisszumokat ig\u00e9nyel m\u00e1s kutat\u00e1si c\u00e9lokkal. <\/p>\n\n\n\n<p>A szigor\u00faan ellen\u0151rz\u00f6tt laborat\u00f3riumi vizsg\u00e1latok p\u00e9ld\u00e1ul er\u0151s bels\u0151 \u00e9rv\u00e9nyess\u00e9ggel, de gyeng\u00e9bb k\u00fcls\u0151 \u00e9rv\u00e9nyess\u00e9ggel (a val\u00f3s k\u00f6r\u00fclm\u00e9nyekre val\u00f3 \u00e1ltal\u00e1nos\u00edthat\u00f3s\u00e1g) rendelkezhetnek.<\/p>\n\n\n\n<h2 class=\"wp-block-heading\">Bels\u0151 vs. k\u00fcls\u0151 \u00e9rv\u00e9nyess\u00e9g<\/h2>\n\n\n\n<p>A bels\u0151 \u00e9s a k\u00fcls\u0151 \u00e9rv\u00e9nyess\u00e9g a kutat\u00e1s min\u0151s\u00e9g\u00e9nek k\u00e9t oldala. B\u00e1r gyakran egy\u00fctt t\u00e1rgyalj\u00e1k \u0151ket, alapvet\u0151en k\u00fcl\u00f6nb\u00f6z\u0151 k\u00e9rd\u00e9sekkel foglalkoznak:<\/p>\n\n\n\n<p>Bels\u0151 \u00e9rv\u00e9nyess\u00e9g k\u00e9rdez: \"Megb\u00edzhatok-e abban, hogy a f\u00fcggetlen v\u00e1ltoz\u00f3m okozta a f\u00fcgg\u0151 v\u00e1ltoz\u00f3mban megfigyelt v\u00e1ltoz\u00e1sokat?\"<\/p>\n\n\n\n<p>K\u00fcls\u0151 \u00e9rv\u00e9nyess\u00e9g: \"\u00c1ltal\u00e1nos\u00edthatom-e ezeket az eredm\u00e9nyeket ezen a konkr\u00e9t tanulm\u00e1nyon t\u00fal m\u00e1s emberekre, k\u00f6rnyezetekre \u00e9s helyzetekre?\"<\/p>\n\n\n\n<p>Az \u00e9rv\u00e9nyess\u00e9g e k\u00e9t form\u00e1ja gyakran ellent\u00e9tes. A szigor\u00faan ellen\u0151rz\u00f6tt laborat\u00f3riumi k\u00f6rnyezetben v\u00e9gzett vizsg\u00e1latok kiv\u00e1l\u00f3 bels\u0151 \u00e9rv\u00e9nyess\u00e9ggel rendelkezhetnek, ahol biztosak lehet\u00fcnk az ok-okozati \u00f6sszef\u00fcgg\u00e9sekben. A mesters\u00e9ges k\u00f6rnyezet azonban korl\u00e1tozza, hogy a meg\u00e1llap\u00edt\u00e1sok mennyire j\u00f3l \u00e1t\u00fcltethet\u0151k a val\u00f3s k\u00f6r\u00fclm\u00e9nyekre, ami cs\u00f6kkenti a k\u00fcls\u0151 \u00e9rv\u00e9nyess\u00e9get.<\/p>\n\n\n\n<p>Ezzel szemben a term\u00e9szetes k\u00f6rnyezetben v\u00e9gzett terepvizsg\u00e1latok er\u0151s k\u00fcls\u0151 \u00e9rv\u00e9nyess\u00e9ggel rendelkezhetnek. A meg\u00e1llap\u00edt\u00e1sok nagyobb val\u00f3sz\u00edn\u0171s\u00e9ggel alkalmazhat\u00f3k a val\u00f3s helyzetekre. <\/p>\n\n\n\n<p>A k\u00fcls\u0151 v\u00e1ltoz\u00f3k feletti ellen\u0151rz\u00e9s hi\u00e1nya azonban gyeng\u00edti a bels\u0151 \u00e9rv\u00e9nyess\u00e9get, k\u00fcl\u00f6n\u00f6sen akkor, ha nagym\u00e9rt\u00e9kben t\u00e1maszkodnak megfigyel\u00e9si adatokra vagy egy <a href=\"https:\/\/undetectable.ai\/blog\/what-is-a-primary-source\/\" target=\"_blank\" rel=\"noreferrer noopener\">egyetlen els\u0151dleges forr\u00e1s<\/a> replik\u00e1ci\u00f3 n\u00e9lk\u00fcl.<\/p>\n\n\n\n<p>Vegy\u00fck figyelembe ezeket a k\u00fcl\u00f6nbs\u00e9geket:<\/p>\n\n\n\n<figure class=\"wp-block-table\"><table class=\"has-fixed-layout\"><tbody><tr><td><strong>Bels\u0151 \u00e9rv\u00e9nyess\u00e9g<\/strong><\/td><td><strong>K\u00fcls\u0151 \u00e9rv\u00e9nyess\u00e9g<\/strong><\/td><\/tr><tr><td>Az ok-okozati \u00f6sszef\u00fcgg\u00e9sekre \u00f6sszpontos\u00edt<\/td><td>Az \u00e1ltal\u00e1nos\u00edthat\u00f3s\u00e1gra \u00f6sszpontos\u00edt<\/td><\/tr><tr><td>Ellen\u0151rz\u00f6tt k\u00f6rnyezetek \u00e1ltal jav\u00edtott<\/td><td>Realisztikus be\u00e1ll\u00edt\u00e1sokkal jav\u00edtva<\/td><\/tr><tr><td>V\u00e9letlenszer\u0171 hozz\u00e1rendel\u00e9ssel meger\u0151s\u00edtve<\/td><td>Reprezentat\u00edv mintav\u00e9telez\u00e9ssel meger\u0151s\u00edtve<\/td><\/tr><tr><td>Vesz\u00e9lyeztetett zavar\u00f3 v\u00e1ltoz\u00f3k<\/td><td>Mesters\u00e9ges k\u00f6r\u00fclm\u00e9nyek \u00e1ltal vesz\u00e9lyeztetett<\/td><\/tr><tr><td>Azt k\u00e9rdezi: \"X okozta Y-t?\"<\/td><td>Azt k\u00e9rdezi, hogy \"X m\u00e1shol is okozna Y-t?\"<\/td><\/tr><\/tbody><\/table><\/figure>\n\n\n\n<p>Az ide\u00e1lis kutat\u00e1si program az \u00e9rv\u00e9nyess\u00e9g mindk\u00e9t t\u00edpus\u00e1t egyens\u00falyban tartja. Kezdheti szigor\u00faan ellen\u0151rz\u00f6tt laborat\u00f3riumi k\u00eds\u00e9rletekkel az ok-okozati \u00f6sszef\u00fcgg\u00e9s meg\u00e1llap\u00edt\u00e1sa \u00e9rdek\u00e9ben (bels\u0151 \u00e9rv\u00e9nyess\u00e9g). <\/p>\n\n\n\n<p>Ezut\u00e1n fokozatosan teszteli meg\u00e1llap\u00edt\u00e1sait term\u00e9szetesebb k\u00f6rnyezetben, hogy meg\u00e1llap\u00edtsa az \u00e1ltal\u00e1nos\u00edthat\u00f3s\u00e1got (k\u00fcls\u0151 \u00e9rv\u00e9nyess\u00e9g).<\/p>\n\n\n\n<p>Az \u00e9rv\u00e9nyess\u00e9g egyik t\u00edpusa sem fontosabb a m\u00e1sikn\u00e1l. Relat\u00edv fontoss\u00e1guk a kutat\u00e1si c\u00e9lokt\u00f3l f\u00fcgg. <\/p>\n\n\n\n<p>Ha alapvet\u0151 elm\u00e9leteket dolgoz ki az emberi viselked\u00e9sr\u0151l, akkor a bels\u0151 \u00e9rv\u00e9nyess\u00e9g lehet a legfontosabb. <\/p>\n\n\n\n<p>Ha egy sz\u00e9les k\u00f6r\u0171 bevezet\u00e9sre sz\u00e1nt beavatkoz\u00e1st tesztel, a k\u00fcls\u0151 \u00e9rv\u00e9nyess\u00e9g k\u00fcl\u00f6n\u00f6sen fontoss\u00e1 v\u00e1lik.<\/p>\n\n\n\n<h3 class=\"wp-block-heading\"><strong>A bels\u0151 \u00e9rv\u00e9nyess\u00e9g val\u00f3s p\u00e9ld\u00e1i<\/strong><\/h3>\n\n\n\n<p>Az \u00e9rv\u00e9nyess\u00e9gr\u0151l sz\u00f3l\u00f3 absztrakt vit\u00e1k t\u00e1volinak t\u0171nhetnek a mindennapi kutat\u00e1si kih\u00edv\u00e1sokt\u00f3l. <\/p>\n\n\n\n<p>Vizsg\u00e1ljuk meg a bels\u0151 \u00e9rv\u00e9nyess\u00e9g fogalmait szeml\u00e9ltet\u0151 val\u00f3s p\u00e9ld\u00e1kat:<\/p>\n\n\n\n<p><strong>P\u00e9lda 1: A stanfordi b\u00f6rt\u00f6nk\u00eds\u00e9rlet<\/strong><\/p>\n\n\n\n<p><a href=\"https:\/\/www.verywellmind.com\/the-stanford-prison-experiment-2794995\" target=\"_blank\" rel=\"noreferrer noopener\">Philip Zimbardo h\u00edrhedt 1971-es tanulm\u00e1nya<\/a> sz\u00e1mos bels\u0151 \u00e9rv\u00e9nyess\u00e9gi probl\u00e9m\u00e1val k\u00fczd\u00f6tt. A kutat\u00f3 kett\u0151s szerepet j\u00e1tszott, mint b\u00f6rt\u00f6nfel\u00fcgyel\u0151 \u00e9s els\u0151dleges vizsg\u00e1l\u00f3, ami k\u00eds\u00e9rletez\u0151i torz\u00edt\u00e1st eredm\u00e9nyezett. <\/p>\n\n\n\n<p>Nem volt kontrollcsoport az \u00f6sszehasonl\u00edt\u00e1shoz. A r\u00e9sztvev\u0151k tiszt\u00e1ban voltak a vizsg\u00e1lat c\u00e9ljaival, ami keresleti jellemz\u0151ket teremtett. <\/p>\n\n\n\n<p>Ezek a probl\u00e9m\u00e1k megnehez\u00edtik azt a k\u00f6vetkeztet\u00e9st, hogy a b\u00f6rt\u00f6nk\u00f6rnyezet \u00f6nmag\u00e1ban okozta a megfigyelt viselked\u00e9sbeli v\u00e1ltoz\u00e1sokat.<\/p>\n\n\n\n<p><strong>P\u00e9lda 2: Vakcina hat\u00e9konys\u00e1gi vizsg\u00e1latok<\/strong><\/p>\n\n\n\n<p><a href=\"https:\/\/www.who.int\/news-room\/feature-stories\/detail\/vaccine-efficacy-effectiveness-and-protection\" target=\"_blank\" rel=\"noreferrer noopener\">COVID-19 vakcinak\u00eds\u00e9rletek<\/a> t\u00f6bb tervez\u00e9si elem r\u00e9v\u00e9n er\u0151s bels\u0151 \u00e9rv\u00e9nyess\u00e9get mutatott:<\/p>\n\n\n\n<ul class=\"wp-block-list\">\n<li>Nagy mintanagys\u00e1g (t\u00f6bb t\u00edzezer r\u00e9sztvev\u0151)<\/li>\n\n\n\n<li>V\u00e9letlenszer\u0171 hozz\u00e1rendel\u00e9s vakcina- vagy placebocsoportokhoz<\/li>\n\n\n\n<li>Kett\u0151s vakcin\u00e1z\u00e1s (sem a r\u00e9sztvev\u0151k, sem a kutat\u00f3k nem tudt\u00e1k, hogy ki kapta a t\u00e9nyleges vakcin\u00e1t)<\/li>\n\n\n\n<li>Egy\u00e9rtelm\u0171, objekt\u00edv kimeneti m\u00e9r\u0151sz\u00e1mok (laborat\u00f3riumi \u00faton meger\u0151s\u00edtett COVID-19 esetek).<\/li>\n\n\n\n<li>El\u0151re regisztr\u00e1lt elemz\u00e9si tervek<\/li>\n<\/ul>\n\n\n\n<p>Ezek a jellemz\u0151k lehet\u0151v\u00e9 tett\u00e9k a kutat\u00f3k sz\u00e1m\u00e1ra, hogy a fert\u0151z\u00e9si ar\u00e1nyok k\u00f6z\u00f6tti k\u00fcl\u00f6nbs\u00e9geket mag\u00e1nak a vakcin\u00e1nak, nem pedig m\u00e1s t\u00e9nyez\u0151knek tulajdon\u00edts\u00e1k.<\/p>\n\n\n\n<h2 class=\"wp-block-heading\">Hogyan seg\u00edthetnek az AI-eszk\u00f6z\u00f6k a kutat\u00e1s tervez\u00e9s\u00e9ben<\/h2>\n\n\n\n<p>Az olyan AI-eszk\u00f6z\u00f6k, mint az Undetectable AI eszk\u00f6zei egyre \u00e9rt\u00e9kesebbek a kutat\u00e1s \u00e9rv\u00e9nyess\u00e9g\u00e9nek er\u0151s\u00edt\u00e9s\u00e9ben a k\u00f6vetkez\u0151 ter\u00fcleteken <a href=\"https:\/\/undetectable.ai\/blog\/can-chatgpt-write-research-papers\/\" target=\"_blank\" rel=\"noreferrer noopener\">kutat\u00e1si dolgozat \u00edr\u00e1sa<\/a>. <\/p>\n\n\n\n<p>Ezek az eszk\u00f6z\u00f6k seg\u00edtenek a kutat\u00f3knak azonos\u00edtani az \u00e9rv\u00e9nyess\u00e9get fenyeget\u0151 potenci\u00e1lis vesz\u00e9lyeket, \u00e9s megb\u00edzhat\u00f3bb tanulm\u00e1nyokat tervezni.<\/p>\n\n\n\n<p><a href=\"https:\/\/undetectable.ai\/ai-chat\" target=\"_blank\" rel=\"noreferrer noopener\">\u00c9szrevehetetlen AI AI cseveg\u00e9se<\/a> olyan vizsg\u00e1lati tervez\u00e9si javaslatokat k\u00edn\u00e1l, amelyek cs\u00f6kkentik a torz\u00edt\u00e1st. Ez az eszk\u00f6z:<\/p>\n\n\n\n<ul class=\"wp-block-list\">\n<li>A javasolt m\u00f3dszerek elemz\u00e9se a potenci\u00e1lis zavar\u00f3 v\u00e1ltoz\u00f3k tekintet\u00e9ben<\/li>\n\n\n\n<li>Kiegyens\u00falyozott k\u00eds\u00e9rleti tervek l\u00e9trehoz\u00e1sa megfelel\u0151 kontrollokkal<\/li>\n\n\n\n<li>Javasolja a konkr\u00e9t kutat\u00e1si k\u00e9rd\u00e9sekre szabott randomiz\u00e1ci\u00f3s strat\u00e9gi\u00e1kat.<\/li>\n\n\n\n<li>A m\u00e9r\u00e9si hiba lehets\u00e9ges forr\u00e1sainak azonos\u00edt\u00e1sa<\/li>\n\n\n\n<li>Javasoljon statisztikai megk\u00f6zel\u00edt\u00e9seket az idegen v\u00e1ltoz\u00f3k ellen\u0151rz\u00e9s\u00e9re.<\/li>\n<\/ul>\n\n\n<div class=\"wp-block-image\">\n<figure class=\"aligncenter size-large\"><img loading=\"lazy\" decoding=\"async\" width=\"1024\" height=\"492\" src=\"https:\/\/undetectable.ai/blog\/wp-content\/uploads\/2025\/01\/ai-chat-1024x492.jpg\" alt=\"AI Chat\" class=\"wp-image-6097\" title=\"\" srcset=\"https:\/\/undetectable.ai/blog\/wp-content\/uploads\/2025\/01\/ai-chat-1024x492.jpg 1024w, https:\/\/undetectable.ai/blog\/wp-content\/uploads\/2025\/01\/ai-chat-300x144.jpg 300w, https:\/\/undetectable.ai/blog\/wp-content\/uploads\/2025\/01\/ai-chat-768x369.jpg 768w, https:\/\/undetectable.ai/blog\/wp-content\/uploads\/2025\/01\/ai-chat-1536x738.jpg 1536w, https:\/\/undetectable.ai/blog\/wp-content\/uploads\/2025\/01\/ai-chat-2048x984.jpg 2048w, https:\/\/undetectable.ai/blog\/wp-content\/uploads\/2025\/01\/ai-chat-18x9.jpg 18w\" sizes=\"auto, (max-width: 1024px) 100vw, 1024px\" \/><\/figure><\/div>\n\n\n<p>P\u00e9ld\u00e1ul egy kutat\u00f3, aki tanulm\u00e1nyt tervez a munkahelyi termel\u00e9kenys\u00e9gr\u0151l, megk\u00e9rheti az AI Chatet, hogy \u00e9rt\u00e9kelje a tervez\u00e9s\u00fcket. <\/p>\n\n\n\n<p>Az eszk\u00f6z jelezheti a lehets\u00e9ges el\u0151zm\u00e9nyeket (p\u00e9ld\u00e1ul a szezon\u00e1lis \u00fczleti ingadoz\u00e1sokat), amelyeket a kutat\u00f3 nem vett figyelembe. <\/p>\n\n\n\n<p>Ezut\u00e1n olyan kiegyens\u00falyozott tervet javasolhat, amely ellen\u0151rzi ezeket az id\u0151vel kapcsolatos t\u00e9nyez\u0151ket.<\/p>\n\n\n\n<p>B\u00e1r ezek az eszk\u00f6z\u00f6k nem helyettes\u00edthetik a kutat\u00f3i szak\u00e9rtelmet, \u00e9rt\u00e9kes gondolkod\u00e1si partnerk\u00e9nt szolg\u00e1lnak. <\/p>\n\n\n\n<p>Seg\u00edtenek a tervez\u00e9si hib\u00e1k felt\u00e1r\u00e1s\u00e1ban, miel\u0151tt az adatgy\u0171jt\u00e9s megkezd\u0151dik, amikor a korrekci\u00f3k m\u00e9g lehets\u00e9gesek.<\/p>\n\n\n<div class=\"wp-block-image\">\n<figure class=\"aligncenter size-full\"><img loading=\"lazy\" decoding=\"async\" width=\"769\" height=\"352\" src=\"https:\/\/undetectable.ai/blog\/wp-content\/uploads\/2024\/11\/Undetectable-AI-Translate.jpg\" alt=\"\" class=\"wp-image-19708\" title=\"\" srcset=\"https:\/\/undetectable.ai/blog\/wp-content\/uploads\/2024\/11\/Undetectable-AI-Translate.jpg 769w, https:\/\/undetectable.ai/blog\/wp-content\/uploads\/2024\/11\/Undetectable-AI-Translate-300x137.jpg 300w, https:\/\/undetectable.ai/blog\/wp-content\/uploads\/2024\/11\/Undetectable-AI-Translate-18x8.jpg 18w\" sizes=\"auto, (max-width: 769px) 100vw, 769px\" \/><\/figure><\/div>\n\n\n<blockquote class=\"wp-block-quote is-layout-flow wp-block-quote-is-layout-flow\">\n<p>Ha nemzetk\u00f6zi t\u00e1rsszerz\u0151kkel dolgozik, haszn\u00e1lja a <a href=\"https:\/\/undetectable.ai\/translate\" target=\"_blank\" rel=\"noreferrer noopener\">Ford\u00edt\u00f3<\/a> a szabv\u00e1nyos\u00edtott elj\u00e1r\u00e1sokat a glob\u00e1lis csapattagok anyanyelv\u00e9re konvert\u00e1lja.<\/p>\n\n\n\n<p>Ez biztos\u00edtja, hogy az \u00d6n \u201cigazs\u00e1gdetektor\u00e1nak\u201d technikai \u00e1rnyalatai megmaradnak, cs\u00f6kkentve a kult\u00far\u00e1k k\u00f6z\u00f6tti kommunik\u00e1ci\u00f3s hib\u00e1k okozta m\u0171szeres vagy tesztel\u00e9si vesz\u00e9lyek kock\u00e1zat\u00e1t.<\/p>\n<\/blockquote>\n\n\n\n<p>K\u00edv\u00e1ncsi az AI Detector \u00e9s Humanizer rendszer\u00fcnkre? Pr\u00f3b\u00e1lja ki \u0151ket az al\u00e1bbi widgetben!<\/p>\n\n\n\n<div id=\"uai-widget\" data-affiliate-link=\"https:\/\/undetectable.ai\/?_by=hi4km\"><script>var js = document.createElement(\"script\");js.async = true;js.src = \"https:\/\/widget.undetectable.ai\/js\/widget-loader.js?t=\"+Date.now();document.getElementsByTagName(\"head\")[0].appendChild(js);<\/script><\/div>\n\n\n\n<h2 class=\"wp-block-heading\">Nincs \u00e9rv\u00e9nyess\u00e9g, nincs \u00edt\u00e9let<\/h2>\n\n\n\n<p>A bels\u0151 \u00e9rv\u00e9nyess\u00e9g a hiteles kutat\u00e1s kulcsa. En\u00e9lk\u00fcl nem tudjuk magabiztosan \u00f6sszekapcsolni az okot \u00e9s az okozatot. <\/p>\n\n\n\n<p>B\u00e1r a hib\u00e1tlan tervez\u00e9s ritka, a gondos tervez\u00e9s cs\u00f6kkentheti a torz\u00edt\u00e1st \u00e9s meger\u0151s\u00edtheti a k\u00f6vetkeztet\u00e9seket.<\/p>\n\n\n\n<p>F\u0151bb eml\u00e9keztet\u0151k:<\/p>\n\n\n\n<ul class=\"wp-block-list\">\n<li>A bels\u0151 \u00e9rv\u00e9nyess\u00e9g hat\u00e1rozza meg, hogy mennyire b\u00edzhatunk az oks\u00e1gi \u00e1ll\u00edt\u00e1sokban.<\/li>\n\n\n\n<li>Az olyan vesz\u00e9lyek, mint a szelekci\u00f3s torz\u00edt\u00e1s, az \u00e9r\u00e9s \u00e9s a tesztel\u00e9si hat\u00e1sok torz\u00edthatj\u00e1k az eredm\u00e9nyeket.<\/li>\n\n\n\n<li>Az olyan eszk\u00f6z\u00f6k, mint a randomiz\u00e1ci\u00f3, a kontrollcsoportok \u00e9s a vak\u00edt\u00e1s seg\u00edtenek az ilyen vesz\u00e9lyek elleni v\u00e9dekez\u00e9sben.<\/li>\n\n\n\n<li>A bels\u0151 \u00e9s a k\u00fcls\u0151 \u00e9rv\u00e9nyess\u00e9g egyens\u00falyban tart\u00e1sa gyakran kompromisszumot jelent.<\/li>\n\n\n\n<li>A val\u00f3s vil\u00e1gbeli tanulm\u00e1nyok azt mutatj\u00e1k, hogy a bels\u0151 \u00e9rv\u00e9nyess\u00e9g mennyire kritikus, ak\u00e1r laborat\u00f3riumokban, ak\u00e1r a k\u00f6zeg\u00e9szs\u00e9g\u00fcgyi politik\u00e1ban.<\/li>\n<\/ul>\n\n\n\n<p>A tanulm\u00e1nyok megtervez\u00e9sekor vagy fel\u00fclvizsg\u00e1latakor a bels\u0151 \u00e9rv\u00e9nyess\u00e9get helyezze el\u0151t\u00e9rbe, mivel ez k\u00fcl\u00f6nb\u00f6zteti meg a val\u00f3di felismer\u00e9seket a f\u00e9lrevezet\u0151 \u00e1ll\u00edt\u00e1sokt\u00f3l. <\/p>\n\n\n\n<p>Seg\u00edts\u00e9gre van sz\u00fcks\u00e9ge munk\u00e1ja ellen\u0151rz\u00e9s\u00e9hez? Haszn\u00e1lja a<a href=\"https:\/\/undetectable.ai\/\" target=\"_blank\" rel=\"noreferrer noopener\"> <strong>A kimutathatatlan AI AI eszk\u00f6zei<\/strong><\/a> hogy meger\u0151s\u00edtse m\u00f3dszertan\u00e1t, tiszt\u00e1zza logik\u00e1j\u00e1t, \u00e9s pontosabban \u00e9s hitelesebben \u00edrjon.<\/p>","protected":false},"excerpt":{"rendered":"","protected":false},"author":15,"featured_media":8041,"comment_status":"closed","ping_status":"closed","sticky":false,"template":"","format":"standard","meta":{"_themeisle_gutenberg_block_has_review":false,"footnotes":""},"categories":[31],"tags":[],"class_list":["post-7990","post","type-post","status-publish","format-standard","has-post-thumbnail","hentry","category-helpful-ai-content-tips"],"_links":{"self":[{"href":"https:\/\/undetectable.ai/blog\/hu\/wp-json\/wp\/v2\/posts\/7990","targetHints":{"allow":["GET"]}}],"collection":[{"href":"https:\/\/undetectable.ai/blog\/hu\/wp-json\/wp\/v2\/posts"}],"about":[{"href":"https:\/\/undetectable.ai/blog\/hu\/wp-json\/wp\/v2\/types\/post"}],"author":[{"embeddable":true,"href":"https:\/\/undetectable.ai/blog\/hu\/wp-json\/wp\/v2\/users\/15"}],"replies":[{"embeddable":true,"href":"https:\/\/undetectable.ai/blog\/hu\/wp-json\/wp\/v2\/comments?post=7990"}],"version-history":[{"count":7,"href":"https:\/\/undetectable.ai/blog\/hu\/wp-json\/wp\/v2\/posts\/7990\/revisions"}],"predecessor-version":[{"id":19743,"href":"https:\/\/undetectable.ai/blog\/hu\/wp-json\/wp\/v2\/posts\/7990\/revisions\/19743"}],"wp:featuredmedia":[{"embeddable":true,"href":"https:\/\/undetectable.ai/blog\/hu\/wp-json\/wp\/v2\/media\/8041"}],"wp:attachment":[{"href":"https:\/\/undetectable.ai/blog\/hu\/wp-json\/wp\/v2\/media?parent=7990"}],"wp:term":[{"taxonomy":"category","embeddable":true,"href":"https:\/\/undetectable.ai/blog\/hu\/wp-json\/wp\/v2\/categories?post=7990"},{"taxonomy":"post_tag","embeddable":true,"href":"https:\/\/undetectable.ai/blog\/hu\/wp-json\/wp\/v2\/tags?post=7990"}],"curies":[{"name":"wp","href":"https:\/\/api.w.org\/{rel}","templated":true}]}}