{"id":9561,"date":"2025-05-19T15:07:36","date_gmt":"2025-05-19T15:07:36","guid":{"rendered":"https:\/\/undetectable.ai/blog\/?p=9561"},"modified":"2026-08-31T11:29:44","modified_gmt":"2026-08-31T11:29:44","slug":"citazioni-per-la-giornata-della-memoria","status":"publish","type":"post","link":"https:\/\/undetectable.ai/blog\/it\/citazioni-per-la-giornata-della-memoria\/","title":{"rendered":"50+ citazioni sul Giorno della Memoria per onorare i nostri eroi"},"content":{"rendered":"<p><strong><em>\"La nostra bandiera non sventola perch\u00e9 il vento la muove... sventola con l'ultimo respiro di ogni soldato che \u00e8 morto per proteggerla\".<\/em><\/strong> - Anonimo<\/p>\n<p>Mancano pochi giorni alla Giornata della Memoria. E con esso arriva un peso silenzioso che tutti sentiamo.<\/p>\n<p>\u00c8 il giorno in cui un'intera nazione si ferma a riflettere.<\/p>\n<p>Ci riuniamo nei cimiteri.\u00a0<\/p>\n<p>Deponiamo corone di fiori.\u00a0<\/p>\n<p>Abbassiamo le bandiere.\u00a0<\/p>\n<p>Insegniamo ai nostri figli perch\u00e9 <strong>freedom isn\u2019t free.<\/strong><\/p>\n<p>Il Memorial Day \u00e8 un momento in cui le bandiere sventolano un po' pi\u00f9 pesanti e i cuori di tutta l'America si fermano per ricordare coloro che non sono mai tornati a casa.<\/p>\n<p>E in un'epoca digitale, il ricordo assume spesso la forma di parole condivise tra i vari paesi. <strong>social media, pareti delle aule, newsletter via e-mail, poster e discorsi pubblici.<\/strong><\/p>\n<p>Per questo motivo in questo blog abbiamo raccolto <strong>50+ citazioni sulla Giornata della Memoria.<\/strong>\u00a0<\/p>\n<p>Tratteremo citazioni ispirate, cupe, riflessive, brevi, adatte ai bambini e celebri citazioni per la Giornata della Memoria dei leader degli Stati Uniti nel corso della storia.<\/p>\n<p>Immergiamoci in questa storia.<\/p>\n<h2>Citazioni ispirate al Giorno della Memoria<\/h2>\n<p>Le citazioni ispirate al Giorno della Memoria ci aiutano a soffermarci e a ricordare coloro che hanno dato tutto, il loro futuro, la loro famiglia, la loro vita, affinch\u00e9 noi potessimo vivere in libert\u00e0.\u00a0<\/p>\n<p>Le migliori citazioni per la Giornata della Memoria:<\/p>\n<ol>\n<li><strong>Active voice \u2013<\/strong> Ci mostrano l'azione.<\/li>\n<\/ol>\n<p>\u00a0<\/p>\n<ul>\n<li><strong>Ad esempio:<\/strong> \"Hanno dato\". \"Sono rimasti in piedi\". \"Hanno protetto\".<\/li>\n<\/ul>\n<ol start=\"2\">\n<li><strong>Verbi forti ed emotivi<\/strong><\/li>\n<\/ol>\n<ul>\n<li><strong>Ad esempio:<\/strong> Ha servito, si \u00e8 sacrificato, ha onorato, \u00e8 rimasto in piedi.<\/li>\n<\/ul>\n<ol start=\"3\">\n<li><strong>Utilizzare metafore<\/strong><\/li>\n<\/ol>\n<ul>\n<li><strong>Ad esempio:<\/strong> \"Hanno dato il loro oggi per il nostro domani\".<\/li>\n<\/ul>\n<p>\u00a0<\/p>\n<p>Ecco 10+ citazioni ispirate al Giorno della Memoria:<\/p>\n<p><!-- inline-cta --><\/p>\n<ol>\n<li>\n<p><em>\"Hanno dato il loro oggi perch\u00e9 noi potessimo avere il domani\".<\/em> - <strong>Adattato da John Maxwell Edmonds<\/strong><br \/>\u2192 Questa metafora ci ricorda che la loro perdita \u00e8 la nostra vita.<\/p>\n<\/li>\n<li>\n<p><em>\"Il coraggio \u00e8 quasi una contraddizione in termini. Significa un forte desiderio di vivere che assume la forma della disponibilit\u00e0 a morire\".<\/em> <strong>- G.K. Chesterton<\/strong><br \/>\u2192 Cattura il conflitto interiore: vivere, ma scegliere di rischiare tutto.<\/p>\n<\/li>\n<li>\n<p><em>\"\u00c8 sciocco e sbagliato piangere gli uomini che sono morti. Piuttosto dovremmo ringraziare Dio che tali uomini siano vissuti\".<\/em> <strong>- Gen. George S. Patton<\/strong><br \/>\u2192 Questo sposta la nostra attenzione dal dolore alla gratitudine.<\/p>\n<\/li>\n<li>\n<p><em>\"Un eroe \u00e8 una persona che ha dato la propria vita a qualcosa di pi\u00f9 grande di s\u00e9\".<\/em> <strong>- Joseph Campbell<\/strong><br \/>\u00a0 \u2192 Questo ridefinisce l'eroismo, non come gloria, ma come donazione.<\/p>\n<\/li>\n<li>\n<p><em>\"Il coraggio \u00e8 la paura che ha detto le sue preghiere\".<\/em> <strong>- Gen. George Patton<\/strong><br \/>\u00a0 \u2192 Un modo semplice e comprensibile per dire: il coraggio non \u00e8 l'impavidit\u00e0, ma la fede nell'affrontare le cose.<\/p>\n<\/li>\n<li>\n<p><em>\"Ci\u00f2 che facciamo ora riecheggia nell'eternit\u00e0\".<\/em> <strong>- Marco Aurelio<\/strong><br \/>\u00a0 \u2192 Questa frase ci esorta a vivere in modo da onorare i caduti.<\/p>\n<\/li>\n<li>\n<p><em>\"La libert\u00e0 non \u00e8 mai a pi\u00f9 di una generazione dall'estinzione\".<\/em> <strong>- Ronald Reagan<\/strong><br \/>\u00a0 \u2192 Un campanello d'allarme: dobbiamo proteggere ci\u00f2 per cui sono morti.<\/p>\n<\/li>\n<li>\n<p><em>\"L'eredit\u00e0 degli eroi \u00e8 il ricordo di un grande nome e l'eredit\u00e0 di un grande esempio\".<\/em> <strong>- Benjamin Disraeli<\/strong><br \/>\u00a0 \u2192 L'eredit\u00e0 non \u00e8 una statua. \u00c8 il modo in cui viviamo grazie a loro.<\/p>\n<\/li>\n<li>\n<p><em>\"Nessun dovere \u00e8 pi\u00f9 urgente di quello di restituire i ringraziamenti\".<\/em> <strong>- James Allen<\/strong><br \/>\u00a0 \u2192 Un promemoria: la gratitudine non \u00e8 facoltativa, \u00e8 urgente.<\/p>\n<\/li>\n<li>\n<p><em>\"Sono rimasti in piedi perch\u00e9 altri potessero essere liberi\".<\/em> <strong>- Anonimo<\/strong><br \/>\u00a0 \u2192 Breve. Attivo. Pieno di propositi.<\/p>\n<\/li>\n<li>\n<p><em>\"Il loro silenzio su questa Terra parla pi\u00f9 forte di qualsiasi parola\".<\/em> <strong>- Anonimo<\/strong><br \/>\u00a0 \u2192 Un modo tenero per dire: se ne sono andati, ma non sono mai stati dimenticati.<\/p>\n<\/li>\n<\/ol>\n<p>If you\u2019re trying to write or find the right words for a post, speech, or school project, AI Chatbot can help you brainstorm.<\/p>\n<p><strong>Ad esempio:<\/strong>\u00a0<\/p>\n<p>\ud83d\udc49 Provate questo prompt:<\/p>\n<p><strong>Generare 5 citazioni sul sacrificio militare per la Giornata della Memoria, scritte con un tono rispettoso ed emotivo.<\/strong><\/p>\n<p><img decoding=\"async\" src=\"https:\/\/undetectable.ai/blog\/wp-content\/uploads\/2026\/08\/memorial-day-001.webp\" alt=\"\" title=\"\"><\/p>\n<p>Oppure se avete gi\u00e0 un preventivo ma volete capirlo meglio, potete chiedere:<\/p>\n<p><strong>Spiegare il contesto storico della citazione di Reagan sulla libert\u00e0 e sulle generazioni.<\/strong><\/p>\n<p><img decoding=\"async\" src=\"https:\/\/undetectable.ai/blog\/wp-content\/uploads\/2026\/08\/memorial-day-002.webp\" alt=\"\" title=\"\"><\/p>\n<p>The AI will give you the meaning behind the words\u2014so you don\u2019t just say the quote, you feel it.<\/p>\n<h2>Citazioni riflessive e tristi per la Giornata della Memoria<\/h2>\n<p>Le citazioni riflessive e cupe non hanno lo scopo di ispirare l'azione. Sono destinate a invitare al ricordo.<\/p>\n<p>Queste citazioni usano parole diverse, parole morbide e rispettose.\u00a0<\/p>\n<p>Citazioni per la Giornata della Memoria riflessive e tristi:<\/p>\n<ul>\n<li>\n<p>Un'immagine pi\u00f9 morbida e pi\u00f9 <strong>tono rispettoso<\/strong>. <strong>Ad esempio,<\/strong>\u00a0<\/p>\n<ul>\n<li><strong><em>\"Caduto\"<\/em><\/strong> <em>invece di essere ucciso<\/em><\/li>\n<li><strong><em>\"Riposo\"<\/em><\/strong> <em>invece di morire<\/em><\/li>\n<li><strong><em>\"Mai dimenticato\"<\/em><\/strong> <em>invece di essere ricordato per sempre<\/em><\/li>\n<\/ul>\n<\/li>\n<li>\n<p><strong>Voce passiva,<\/strong> che enfatizza l'esperienza rispetto a chi la fa. <strong>Ad esempio,<\/strong>\u00a0<\/p>\n<ul>\n<li><em>Non saranno mai dimenticati.<\/em><\/li>\n<li><em>Il loro sacrificio \u00e8 ricordato.<\/em><\/li>\n<li><em>\u00c8 stato deposto con onore.<\/em><\/li>\n<\/ul>\n<\/li>\n<li>\n<p><strong>Metafore<\/strong> per attenuare ma approfondire l'emozione. <strong>Ad esempio,<\/strong>\u00a0<\/p>\n<ul>\n<li><em>\"sonno nella polvere\", \"eco nella memoria\", \"conosciuto solo da Dio\".<\/em><\/li>\n<\/ul>\n<\/li>\n<\/ul>\n<p>Ecco 10+ citazioni riflessive e tristi per la Giornata della Memoria:<\/p>\n<ol>\n<li>\n<p><em>Qui riposa nella gloria onorata un soldato americano conosciuto solo da Dio.<\/em> <strong>- Tomba del Milite Ignoto<\/strong><br \/>\u2192 Nessuna storia. Solo riverenza.<\/p>\n<\/li>\n<li>\n<p><em>I coraggiosi non muoiono mai, anche se dormono nella polvere: Il loro coraggio d\u00e0 i nervi a mille uomini vivi.<\/em> <strong>- Memoriali della guerra civile<\/strong><br \/>\u2192 \"Sleep in dust\" ci fa sentire la quiete, non solo la perdita.<\/p>\n<\/li>\n<li>\n<p><em>Il mondo noter\u00e0 poco e non ricorder\u00e0 a lungo ci\u00f2 che diciamo qui, ma non potr\u00e0 mai dimenticare ci\u00f2 che hanno fatto qui.<\/em> <strong>- Abraham Lincoln, Discorso di Gettysburg<\/strong><\/p>\n<\/li>\n<\/ol>\n<p>\u2192 Un tranquillo promemoria per ricordare che le azioni hanno un'eco pi\u00f9 lunga delle parole.<\/p>\n<ol start=\"4\">\n<li>\n<p><em>Sforziamoci di portare a termine l'opera per la quale hanno dato la loro ultima misura di dedizione.<\/em> <strong>- Lincoln<\/strong><br \/>\u2192 Morbido, ma carico di dovere.<\/p>\n<\/li>\n<li>\n<p><em>Sono morti, ma vivono nel cuore di ogni patriota.<\/em> <strong>- James A. Garfield<\/strong><br \/>\u2192 La loro assenza fisica non cancella la loro presenza nella memoria.<\/p>\n<\/li>\n<li>\n<p><em>Le loro vite ci ricordano che la libert\u00e0 non \u00e8 gratuita.<\/em> <strong>-Anonimo<\/strong><br \/>\u2192 Sobria verit\u00e0, detta semplicemente.<\/p>\n<\/li>\n<li>\n<p><em>Spariti, ma mai dimenticati.<\/em> <strong>- Frase commemorativa tradizionale<\/strong><br \/>\u2192 Corto. Pieno di peso.<\/p>\n<\/li>\n<li>\n<p><em>Al tramonto del sole e al mattino, li ricorderemo.<\/em> <strong>- Laurence Binyon<\/strong><br \/>\u2192 Il tempo rallenta per il ricordo.<\/p>\n<\/li>\n<li>\n<p><em>Ogni tomba \u00e8 un saluto silenzioso.<\/em> <strong>- Anonimo<\/strong><br \/>\u2192 Lasciate che la quiete parli.<\/p>\n<\/li>\n<li>\n<p><em>Nessuna parola, nessuna medaglia, nessun tributo pu\u00f2 eguagliare il prezzo che hanno pagato.<\/em> <strong>- Anonimo<\/strong><br \/>\u2192 Riconosce il limite del linguaggio.<\/p>\n<\/li>\n<li>\n<p><em>I loro nomi possono svanire dalla pietra, ma mai dalla memoria.<\/em> <strong>- Anonimo<\/strong><br \/>\u2192 La pietra si consuma, ma il ricordo resiste.<\/p>\n<\/li>\n<\/ol>\n<p>Si potrebbe dire:<\/p>\n<p><em>In questo Giorno della Memoria, ci fermiamo non per parlare ad alta voce, ma per riflettere in silenzio. Per ricordare i caduti, non solo come soldati, ma come figli, figlie, amici. Riposati, mai dimenticati.<\/em><\/p>\n<p>Se la vostra citazione per il Memorial Day vi sembra troppo rigida, prendete in considerazione l'idea di utilizzare un <a href=\"https:\/\/undetectable.ai\/it\/ai-humanizer\" target=\"_blank\" rel=\"noopener\">Strumento di umanizzazione dell'intelligenza artificiale<\/a> per aggiungere profondit\u00e0 emotiva e un tocco pi\u00f9 umano.<\/p>\n<p><img decoding=\"async\" src=\"https:\/\/undetectable.ai/blog\/wp-content\/uploads\/2026\/08\/the-undetectable-ai-humanizer-can-enhance-your-writing-1024x475-4.webp\" alt=\"l&#039;Umanizzatore IA non rilevabile pu\u00f2 migliorare la vostra scrittura\" title=\"\"><\/p>\n<h2>Citazioni famose sulla Giornata della Memoria da parte dei leader statunitensi<\/h2>\n<p>Da tempo i presidenti degli Stati Uniti utilizzano il Memorial Day per onorare i membri del servizio caduti.\u00a0<\/p>\n<p>Non tutti i presidenti hanno tenuto un discorso ogni anno.\u00a0<\/p>\n<p>In particolare, da Theodore Roosevelt a Herbert Hoover (1901-1933), i presidenti hanno partecipato 90% delle volte alle cerimonie del Memorial Day e hanno parlato in 90% di questi eventi.\u00a0<\/p>\n<p>Vediamo alcune delle citazioni sulla Giornata della Memoria dei leader degli Stati Uniti:<\/p>\n<ol>\n<li><em>Abbiamo la responsabilit\u00e0 di essere i custodi della loro missione... per garantire la continuit\u00e0 della nostra democrazia.<\/em> <strong>\u2013 Joe Biden (2024)<\/strong><\/li>\n<\/ol>\n<p>\ud83d\udc49 Leggere l'indirizzo completo: <a href=\"https:\/\/abcnews.go.com\/Politics\/biden-memorial-day-speech-americans-continue-upholding-democracy\/story?id=110585468&#038;utm_source=chatgpt.com\" target=\"_blank\" rel=\"noopener\">ABC News - Giorno della memoria di Biden 2024<\/a><\/p>\n<ol start=\"2\">\n<li><em>A noi vivi spetta piuttosto il compito di dedicarci all'opera incompiuta che coloro che hanno combattuto qui hanno finora portato avanti con tanta nobilt\u00e0.<\/em> <strong>\u2013 Abraham Lincoln (1863)<\/strong><\/li>\n<\/ol>\n<p>\ud83d\udc49 Leggere l'indirizzo completo: <a href=\"https:\/\/www.abrahamlincolnonline.org\/lincoln\/speeches\/gettysburg.htm\" target=\"_blank\" rel=\"noopener\">Discorso di Gettysburg - Archivio Nazionale<\/a><\/p>\n<ol start=\"3\">\n<li>Che ogni nazione sappia che... pagheremo qualsiasi prezzo, sopporteremo qualsiasi peso... per assicurare la sopravvivenza della libert\u00e0. <strong>\u2013 John F. Kennedy (1961)<\/strong><\/li>\n<\/ol>\n<p>\ud83d\udc49 Leggere l'indirizzo completo: <a href=\"https:\/\/www.jfklibrary.org\/archives\/other-resources\/john-f-kennedy-speeches\/inaugural-address-19610120\" target=\"_blank\" rel=\"noopener\">Discorso inaugurale di JFK - Biblioteca JFK<\/a><\/p>\n<ol start=\"4\">\n<li><em>La nostra nazione ha un debito con i suoi eroi caduti che non potremo mai ripagare completamente.<\/em> <strong>\u2013 Barack Obama (2011)<\/strong><\/li>\n<\/ol>\n<p>\ud83d\udc49 Leggi il discorso completo: <a href=\"https:\/\/obamawhitehouse.archives.gov\/the-press-office\/2011\/05\/30\/remarks-president-memorial-day-service\" target=\"_blank\" rel=\"noopener\">Discorso di Obama per il Giorno della Memoria - Casa Bianca Archivi<\/a><\/p>\n<ol start=\"5\">\n<li><em>La libert\u00e0 \u00e8 stata conquistata qui con la forza d'animo, non con il lampo della spada.<\/em> <strong>\u2013 Herbert Hoover (1931)<\/strong><\/li>\n<\/ol>\n<p>\ud83d\udc49 Leggi il discorso completo: <a href=\"https:\/\/www.presidency.ucsb.edu\/documents\/memorial-day-address-valley-forge-pennsylvania\" target=\"_blank\" rel=\"noopener\">Hoover a Valley Forge - Archivio presidenziale<\/a><\/p>\n<ol start=\"6\">\n<li><em>Per amore della patria, hanno accettato la morte.<\/em> <strong>\u2013 James A. Garfield (1868)<\/strong><\/li>\n<\/ol>\n<p>\ud83d\udc49 Leggi il discorso completo: <a href=\"http:\/\/senate.gov\" target=\"_blank\" rel=\"noopener\">Il discorso di Garfield per il Giorno della Memoria - Senato.gov<\/a><\/p>\n<ol start=\"7\">\n<li>\u00a0<em>Le nostre perdite non sono le stesse... ma questo non rende il dolore meno reale.<\/em> <strong>\u2013\u00a0 Joe Biden (2024 \u2013 on Beau Biden)<\/strong><\/li>\n<\/ol>\n<p>\ud83d\udc49 Leggi le osservazioni complete: <a href=\"https:\/\/www.cbsnews.com\/news\/biden-honors-u-s-troops-memorial-day-2024\/\" target=\"_blank\" rel=\"noopener\">CBS News - Biden onora le truppe, 2024<\/a><\/p>\n<ol start=\"8\">\n<li><em>Abbiamo un debito che non potremo mai ripagare. Tutto ci\u00f2 che possiamo fare \u00e8 ricordare.<\/em> <strong>\u2013 Ronald Reagan (1984)<\/strong><\/li>\n<\/ol>\n<p>\u00a0\ud83d\udc49 Leggere l'indirizzo completo: <a href=\"https:\/\/www.va.gov\/opa\/vetsday\/speakers\/1985remarks.asp#:~:text=I%20think%20sometimes%20of%20General,all%2C%20and%20God%20bless%20America.\" target=\"_blank\" rel=\"noopener\">Reagan in Normandia - Fondazione Reagan<\/a><\/p>\n<ol start=\"9\">\n<li><em>Il loro sacrificio non \u00e8 stato vano. Onoreremo sempre i loro nomi.<\/em> <strong>\u2013 George W. Bush (2003)<\/strong><\/li>\n<\/ol>\n<p>\ud83d\udc49 Leggi il discorso completo: <a href=\"https:\/\/tifwe.org\/their-sacrifice-was-not-in-vain\/\" target=\"_blank\" rel=\"noopener\">Discorso di George W. Bush nel Giorno della Memoria - C-SPAN<\/a><\/p>\n<ol start=\"10\">\n<li><em>Solo la nostra fede individuale nella libert\u00e0 pu\u00f2 mantenerci liberi.<\/em> <strong>\u2013 Dwight D. Eisenhower (1954)<\/strong><\/li>\n<\/ol>\n<p>\ud83d\udc49 Leggere l'indirizzo completo: <a href=\"https:\/\/www.brainyquote.com\/quotes\/dwight_d_eisenhower_149097\" target=\"_blank\" rel=\"noopener\">Osservazioni sul Giorno della Memoria di Eisenhower - Biblioteca Eisenhower<\/a><\/p>\n<h2>Citazioni brevi e condivisibili per i social media<\/h2>\n<p>Nel Giorno della Memoria, \u00e8 comune onorare i caduti attraverso le parole che condividiamo online su Instagram, Facebook, X (Twitter) e LinkedIn.\u00a0<\/p>\n<p>\u00c8 qui che entrano in gioco citazioni brevi e potenti.<\/p>\n<p>Le migliori citazioni sulla Giornata della Memoria per i social media sono:<\/p>\n<ul>\n<li>\n<p><strong>Sotto i 150 caratteri<\/strong> - facile da pubblicare, perfetto per immagini o Storie<\/p>\n<\/li>\n<li>\n<p><strong>Guidati dai verbi d'azione<\/strong> - come onorare, ricordare, custodire, servire<\/p>\n<\/li>\n<li>\n<p><strong>Emotivamente unificante<\/strong> - suscitano orgoglio, propositi e patriottismo<\/p>\n<\/li>\n<li>\n<p><strong>Hashtag-friendly<\/strong> - cos\u00ec hanno diffuso il messaggio ancora di pi\u00f9:<br \/>#MemorialDay #HonorTheFallen #NeverForgotten #reedomIsntFree<\/p>\n<\/li>\n<li>\n<p><strong>Bonus:<\/strong> Spesso utilizzano il parallelismo, ovvero la ripetizione della struttura per far risuonare il messaggio.<\/p>\n<ul>\n<li><strong>Ad esempio,<\/strong><br \/><em>\"Ricordare i caduti. Onora i coraggiosi. Ammira i liberi\".<\/em><\/li>\n<\/ul>\n<\/li>\n<\/ul>\n<p>Ecco 10+ esempi di citazioni brevi e condivisibili per la Giornata della Memoria:<\/p>\n<ol>\n<li>Ricordare i caduti. Onora i coraggiosi. Ammira i liberi<\/li>\n<li>Terra dei liberi, perch\u00e9 dei coraggiosi.<\/li>\n<li>Il loro sacrificio. La nostra libert\u00e0.<\/li>\n<li>Spariti, ma mai dimenticati.<\/li>\n<li>La libert\u00e0 ha un prezzo. Ringraziateli.<\/li>\n<li>Non solo un fine settimana. Un ricordo.<\/li>\n<li>Hanno dato tutto. Ringraziamo.<\/li>\n<li>Oggi onoriamo coloro che non sono mai tornati a casa<\/li>\n<li>Il loro coraggio ha reso possibile la nostra pace<\/li>\n<li>Oggi ricordiamo [Nome o Gruppo] per il loro sacrificio.<\/li>\n<\/ol>\n<p>Ecco diverse idee di hashtag per i social media.\u00a0<\/p>\n<p><strong>\u2192<\/strong> #enerli a mente<\/p>\n<p><strong>\u2192<\/strong> #MemorialDay[Anno]<\/p>\n<p><strong>\u2192<\/strong> #Bperch\u00e9ilbravo<\/p>\n<p>Provate questo modello:<\/p>\n<p><strong>\"Ricordiamo [Nome\/Gruppo] con orgoglio e ringraziamento in questa Giornata della Memoria. \ud83c\uddfa\ud83c\uddf8\"<\/strong><\/p>\n<p><img decoding=\"async\" src=\"https:\/\/undetectable.ai/blog\/wp-content\/uploads\/2026\/08\/undetectable-ai-poem-generator-1024x456-1.webp\" alt=\"\" title=\"\"><\/p>\n<p>If you want to create your own tribute instead of using a traditional quote, you can explore our Undetectable AI\u2019s Poem Generator.<\/p>\n<p>Puoi inserire un tema come il ricordo, l'onore o il sacrificio, che ti aiuter\u00e0 a comporre una breve poesia o un tributo poetico che risulti sincero e appropriato per il Memorial Day.<\/p>\n<p>\u00c8 un modo semplice per trasformare i tuoi pensieri in un messaggio rispettoso che puoi condividere in un post, un discorso o un biglietto commemorativo.<\/p>\n<h2>Citazioni sulla Giornata della Memoria per bambini e studenti<\/h2>\n<p><img decoding=\"async\" src=\"https:\/\/undetectable.ai/blog\/wp-content\/uploads\/2026\/08\/ffffff-63-1024x683-2.webp\" alt=\"Flag of the united states in a vertical shot with a blurred\" title=\"\"><\/p>\n<p>A volte \u00e8 difficile spiegare ai bambini idee importanti come il coraggio o il sacrificio. Ma le citazioni possono aiutare.<\/p>\n<p>Possiamo insegnare alle giovani menti cosa significa davvero il Giorno della Memoria... Senza renderlo spaventoso. Senza usare frasi grosse e confuse.<\/p>\n<p>Quali sono le citazioni che funzionano meglio per i bambini?\u00a0<\/p>\n<ul>\n<li>\n<p>**Simple words.**<strong>Ad esempio,<\/strong><\/p>\n<ul>\n<li>\"soldati\", \"squadra\", \"aiuto\", \"libert\u00e0\". Non \"valore\" o \"libert\u00e0\".<\/li>\n<\/ul>\n<\/li>\n<li>\n<p><strong>Immagini concrete.<\/strong><\/p>\n<ul>\n<li>Una bandiera, un aiuto, una banda musicale: non sono metafore astratte.<\/li>\n<\/ul>\n<\/li>\n<li>\n<p><strong>Rispettoso ma speranzoso.<\/strong> Non si tratta di paura o di guerra. Si tratta di gentilezza, coraggio e attenzione.<\/p>\n<\/li>\n<li>\n<p><strong>Breve.<\/strong> I bambini ricordano meglio quando si tratta di una o due righe.<\/p>\n<\/li>\n<\/ul>\n<p>Queste brevi citazioni sono perfette per:<\/p>\n<ul>\n<li>Poster scolastici<\/li>\n<li>Annunci mattutini<\/li>\n<li>Progetti in classe<\/li>\n<li>Discorsi alle assemblee per la Giornata della Memoria<\/li>\n<\/ul>\n<p>Troverete queste idee anche all'interno di strumenti come <a href=\"https:\/\/teacher.scholastic.com\/grade_newurl\/unit_patriotism_books.htm\" target=\"_blank\" rel=\"noopener\">Unit\u00e0 patriottiche di Scholastic<\/a> o <a href=\"https:\/\/www.pbslearningmedia.org\/\" target=\"_blank\" rel=\"noopener\">PBS LearningMedia<\/a> Video della Giornata della Memoria.<\/p>\n<p>Ecco 10 citazioni per la Giornata della Memoria adatte ai bambini:<\/p>\n<ol>\n<li>Un eroe \u00e8 qualcuno che aiuta gli altri, anche quando \u00e8 difficile.<\/li>\n<\/ol>\n<p>\u2192 Insegna l'altruismo in termini semplici.<\/p>\n<ol start=\"2\">\n<li>Ricordiamo i soldati che ci hanno tenuto al sicuro.<\/li>\n<\/ol>\n<p>\u2192 Chiaro e tranquillizzante. Ottimo per i primi anni di scuola.<\/p>\n<ol start=\"3\">\n<li>Coraggio significa fare ci\u00f2 che \u00e8 giusto, anche quando si ha paura.<\/li>\n<\/ol>\n<p>\u2192 Aiuta i bambini a collegare le emozioni all'azione.<\/p>\n<ol start=\"4\">\n<li>Ci hanno dato la pace. Noi li ringraziamo.<\/li>\n<\/ol>\n<p>\u2192 Utilizza la rima e il ritmo: ottimo per cartelloni o poesie.<\/p>\n<ol start=\"5\">\n<li>Il lavoro di squadra ha reso possibile la nostra libert\u00e0.<\/li>\n<\/ol>\n<p>\u2192 Si collega ai temi del lavoro di gruppo in classe.<\/p>\n<ol start=\"6\">\n<li>Grazie a tutti i soldati che hanno protetto il nostro Paese.<\/li>\n<\/ol>\n<p>\u2192 Un tributo a frase intera che suona naturale quando viene letto ad alta voce.<\/p>\n<ol start=\"7\">\n<li>Ci schieriamo a favore della bandiera per onorare coloro che si sono schierati per noi.<\/li>\n<\/ol>\n<p>\u2192 Spiega la cerimonia della bandiera in un modo adatto ai bambini.<\/p>\n<ol start=\"8\">\n<li>La libert\u00e0 non \u00e8 libera. Ecco perch\u00e9 ricordiamo.<\/li>\n<\/ol>\n<p>\u2192 Una verit\u00e0 semplice, ma potente. Ideale per gli studenti delle medie.<\/p>\n<ol start=\"9\">\n<li>\n<p>Gli eroi possono andarsene, ma la loro gentilezza rimane con noi.<br \/>\u2192 Delicato e sentito. Ideale per discussioni sul ricordo.<\/p>\n<\/li>\n<li>\n<p>Alcuni hanno dato la vita perch\u00e9 noi potessimo vivere liberamente.<br \/>\u2192 Un'introduzione soft al sacrificio per i livelli elementari superiori.<\/p>\n<\/li>\n<\/ol>\n<p>Siete curiosi di conoscere i nostri AI Detector e Humanizer? Provateli nel widget qui sotto!<\/p>\n<h2>Domande frequenti<\/h2>\n<h3>Che cos'\u00e8 il Memorial Day e perch\u00e9 si celebra?<\/h3>\n<p>Il Memorial Day \u00e8 una festa federale degli Stati Uniti che si celebra l'ultimo luned\u00ec di maggio.<\/p>\n<p>Onora e piange il personale militare morto al servizio del proprio Paese. \u00c8 un giorno di commemorazione, non di celebrazione.<\/p>\n<h3>Posso scrivere la mia citazione per la Giornata della Memoria?<\/h3>\n<p>S\u00ec. Una citazione sentita e originale, soprattutto se radicata nella gratitudine o nella riflessione personale, \u00e8 un modo significativo per rendere omaggio.<\/p>\n<p>Mantenete un tono rispettoso e solenne.<\/p>\n<h3>Qual \u00e8 una citazione appropriata da usare in un discorso sulla Giornata della Memoria?<\/h3>\n<p>Scegliete citazioni che onorano il sacrificio e riflettono sulla libert\u00e0, come il Discorso di Gettysburg di Lincoln o \"La nostra nazione ha un debito nei confronti dei suoi eroi caduti che non potremo mai ripagare completamente\".<\/p>\n<p>Siate brevi, sinceri e fondati sul rispetto.<\/p>\n<h2>Conclusione<\/h2>\n<p>Come stai <strong>ricordando questo<\/strong> <strong>La Giornata della Memoria?<\/strong><\/p>\n<p>\u00c8 facile farsi prendere dal weekend lungo. Il cibo, il divertimento, il tempo libero. Ma questo giorno significa di pi\u00f9.<\/p>\n<p>\u00c8 un momento di pausa. Per pensare a coloro che hanno dato tutto perch\u00e9 noi potessimo vivere in pace.<\/p>\n<p>Non \u00e8 necessario fare qualcosa di grande. Anche <strong>I piccoli gesti possono significare molto.<\/strong> Potresti:<\/p>\n<ul>\n<li>\n<p>Leggete una breve citazione con la vostra famiglia prima di un pasto.<\/p>\n<\/li>\n<li>\n<p>Visitate un monumento commemorativo locale e deponete un fiore.<\/p>\n<\/li>\n<li>\n<p>Dite una preghiera o prendetevi un momento di silenzio per riflettere.<\/p>\n<\/li>\n<li>\n<p>Parlate con i vostri figli del significato di coraggio.<\/p>\n<\/li>\n<li>\n<p>Condividete un messaggio o una citazione online per ricordare agli altri perch\u00e9 esiste questa giornata.<\/p>\n<\/li>\n<\/ul>\n<p>Il Giorno della Memoria \u00e8 una questione di memoria. Si tratta di onorare le persone che abbiamo perso - e di dire, <strong><em>\"Non l'abbiamo dimenticato\".<\/em><\/strong><\/p>\n<p>Quindi, chiedetevi: <strong>Cosa farete per ricordare?<\/strong><\/p>\n<p>Qualunque cosa sia, che venga dal cuore.<\/p>\n<p>And if you\u2019re sharing your thoughts online, make sure your message sounds as genuine as you feel\u2014<a href=\"https:\/\/undetectable.ai\/it\/\" target=\"_blank\" rel=\"noopener\">AI non rilevabile<\/a> pu\u00f2 aiutarvi a scrivere con il cuore, non solo con l'automazione.<\/p>\n<p><!--\nDebug List of Changed Links:\nBefore: https:\/\/undetectable.ai\/ai-humanizer\nAfter: https:\/\/undetectable.ai\/it\/ai-humanizer\nBefore: https:\/\/undetectable.ai\/\nAfter: https:\/\/undetectable.ai\/it\/\n--><\/p>","protected":false},"excerpt":{"rendered":"<p>**_\u201cOur flag does not fly because the wind moves it\u2026 it flies with the last breath of each soldier who died protecting it.\u201d_** \u2014 Anonymous<\/p>","protected":false},"author":15,"featured_media":30865,"comment_status":"closed","ping_status":"closed","sticky":false,"template":"","format":"standard","meta":{"_themeisle_gutenberg_block_has_review":false,"footnotes":""},"categories":[31],"tags":[],"class_list":["post-9561","post","type-post","status-publish","format-standard","has-post-thumbnail","hentry","category-helpful-ai-content-tips"],"_links":{"self":[{"href":"https:\/\/undetectable.ai/blog\/it\/wp-json\/wp\/v2\/posts\/9561","targetHints":{"allow":["GET"]}}],"collection":[{"href":"https:\/\/undetectable.ai/blog\/it\/wp-json\/wp\/v2\/posts"}],"about":[{"href":"https:\/\/undetectable.ai/blog\/it\/wp-json\/wp\/v2\/types\/post"}],"author":[{"embeddable":true,"href":"https:\/\/undetectable.ai/blog\/it\/wp-json\/wp\/v2\/users\/15"}],"replies":[{"embeddable":true,"href":"https:\/\/undetectable.ai/blog\/it\/wp-json\/wp\/v2\/comments?post=9561"}],"version-history":[{"count":11,"href":"https:\/\/undetectable.ai/blog\/it\/wp-json\/wp\/v2\/posts\/9561\/revisions"}],"predecessor-version":[{"id":30871,"href":"https:\/\/undetectable.ai/blog\/it\/wp-json\/wp\/v2\/posts\/9561\/revisions\/30871"}],"wp:featuredmedia":[{"embeddable":true,"href":"https:\/\/undetectable.ai/blog\/it\/wp-json\/wp\/v2\/media\/30865"}],"wp:attachment":[{"href":"https:\/\/undetectable.ai/blog\/it\/wp-json\/wp\/v2\/media?parent=9561"}],"wp:term":[{"taxonomy":"category","embeddable":true,"href":"https:\/\/undetectable.ai/blog\/it\/wp-json\/wp\/v2\/categories?post=9561"},{"taxonomy":"post_tag","embeddable":true,"href":"https:\/\/undetectable.ai/blog\/it\/wp-json\/wp\/v2\/tags?post=9561"}],"curies":[{"name":"wp","href":"https:\/\/api.w.org\/{rel}","templated":true}]}}