{"id":19655,"date":"2026-01-17T19:50:43","date_gmt":"2026-01-17T19:50:43","guid":{"rendered":"https:\/\/undetectable.ai/blog\/?p=19655"},"modified":"2026-01-30T22:00:40","modified_gmt":"2026-01-30T22:00:40","slug":"o-data-intr-o-luna-albastra","status":"publish","type":"post","link":"https:\/\/undetectable.ai/blog\/ro\/o-data-intr-o-luna-albastra","title":{"rendered":"Utilizarea \u00een scris a expresiei \"o dat\u0103 la o lun\u0103 albastr\u0103\": \u00cen\u021beles \u0219i sfaturi"},"content":{"rendered":"<p>O auzi\u021bi tot timpul:<\/p>\n\n\n\n<p>\u201cIes doar o dat\u0103 la o lun\u0103 albastr\u0103.\u201d<\/p>\n\n\n\n<p>\u201cAcest tip de noroc se \u00eent\u00e2mpl\u0103 doar o dat\u0103 la o lun\u0103 albastr\u0103.\u201d<\/p>\n\n\n\n<p>\u201cAm ve\u0219ti de la el doar o dat\u0103 la o lun\u0103 albastr\u0103.\u201d<\/p>\n\n\n\n<p>Probabil c\u0103 \u0219i tu spui de multe ori expresia \u201co dat\u0103 \u00eentr-o lun\u0103 albastr\u0103\u201d f\u0103r\u0103 s\u0103 te g\u00e2nde\u0219ti la asta.<\/p>\n\n\n\n<p>Se pronun\u021b\u0103 at\u00e2t de u\u0219or... dar v-a\u021bi \u00eentrebat vreodat\u0103 ce \u00eenseamn\u0103 de fapt expresia \u00een sine sau de unde provine?<\/p>\n\n\n\n<p>Dac\u0103 da, sunte\u021bi \u00een locul potrivit! \u00cen aceast\u0103 postare, vom detalia adev\u0103rata semnifica\u021bie a expresiei \"once in a blue moon\" (o dat\u0103 \u00eentr-o lun\u0103 albastr\u0103), vom eviden\u021bia istoria expresiei, modul \u00een care este legat\u0103 de luna real\u0103 \u0219i, \u00een cele din urm\u0103, cum s\u0103 folosi\u021bi expresia \u00een mod natural at\u00e2t \u00een limbajul scris, c\u00e2t \u0219i \u00een cel vorbit.<\/p>\n\n\n\n<p><strong>TL: DR<\/strong> - \u201cO dat\u0103 \u00eentr-o lun\u0103 albastr\u0103\u201d este o expresie idiomatic\u0103 veche, folosit\u0103 pentru a descrie ceva care se \u00eent\u00e2mpl\u0103 foarte rar. De\u0219i expresia pare abstract\u0103, ea \u00ee\u0219i are de fapt r\u0103d\u0103cinile \u00een fazele reale ale lunii \u0219i \u00een primele sisteme calendaristice.<\/p>\n\n\n\n<p>S\u0103 trecem la treab\u0103.<\/p>\n\n\n\n<hr class=\"wp-block-separator has-alpha-channel-opacity\"\/>\n\n\n\n<p class=\"has-text-align-center\"><strong>Principalele concluzii<\/strong><\/p>\n\n\n\n<ul class=\"wp-block-list\">\n<li>\u201cO dat\u0103 \u00eentr-o lun\u0103 albastr\u0103\u201d este o expresie idiomatic\u0103 obi\u0219nuit\u0103 utilizat\u0103 pentru a descrie un eveniment care are loc foarte rar sau aproape niciodat\u0103.<\/li>\n<\/ul>\n\n\n\n<p><\/p>\n\n\n\n<ul class=\"wp-block-list\">\n<li>Expresia \u00ee\u0219i are r\u0103d\u0103cinile \u00een astronomie, referindu-se fie la a doua lun\u0103 plin\u0103 dintr-o singur\u0103 lun\u0103 calendaristic\u0103, fie la a patra lun\u0103 plin\u0103 dintr-un singur sezon.<\/li>\n<\/ul>\n\n\n\n<p><\/p>\n\n\n\n<ul class=\"wp-block-list\">\n<li>\u00cen timp ce expresia este figurat\u0103, luna poate ap\u0103rea \u00een mod fizic albastr\u0103 \u00een condi\u021bii atmosferice rare care implic\u0103 praf sau fum greu, de\u0219i acest lucru nu are leg\u0103tur\u0103 cu originea expresiei.<\/li>\n<\/ul>\n\n\n\n<p><\/p>\n\n\n\n<ul class=\"wp-block-list\">\n<li>Aceast\u0103 expresie este cea mai eficient\u0103 \u00een scrierea ocazional\u0103 sau conversa\u021bional\u0103, cum ar fi post\u0103rile pe blog \u0219i fic\u021biunea, dar ar trebui evitat\u0103 \u00een documentele tehnice sau \u0219tiin\u021bifice \u00een care este necesar\u0103 precizia.<\/li>\n<\/ul>\n\n\n\n<p><\/p>\n\n\n\n<ul class=\"wp-block-list\">\n<li>Pentru a v\u0103 asigura c\u0103 astfel de expresii idiomatice curg \u00een mod natural \u0219i nu par for\u021bate \u00een proza dvs., pute\u021bi utiliza Inteligen\u021ba Artificial\u0103 Nedetectabil\u0103 pentru a umaniza textul \u0219i a v\u0103 asigura c\u0103 se potrive\u0219te cu tonul unui vorbitor nativ.<\/li>\n<\/ul>\n\n\n\n<p><\/p>\n\n\n\n<hr class=\"wp-block-separator has-alpha-channel-opacity\"\/>\n\n\n\n<h2 class=\"wp-block-heading\"><strong><em>O dat\u0103 la o lun\u0103 albastr\u0103<\/em><\/strong><strong> \u00cen\u021beles<\/strong><\/h2>\n\n\n\n<p>Cu o c\u0103utare rapid\u0103 pe Google, pute\u021bi afla cu u\u0219urin\u021b\u0103 c\u0103 <em>o dat\u0103 \u00eentr-o lun\u0103 albastr\u0103<\/em> este o expresie utilizat\u0103 pentru a descrie o \u00eent\u00e2mplare sau un eveniment rar, adic\u0103 un lucru care nu se \u00eent\u00e2mpl\u0103 \u00een fiecare s\u0103pt\u0103m\u00e2n\u0103, \u00een fiecare lun\u0103 sau chiar \u00een fiecare an.<\/p>\n\n\n\n<p>De exemplu:<\/p>\n\n\n\n<ul class=\"wp-block-list\">\n<li>\u201cM\u0103n\u00e2nc fast-food doar o dat\u0103 la o lun\u0103 albastr\u0103.\u201d<\/li>\n\n\n\n<li>\u201c\u00ce\u0219i viziteaz\u0103 ora\u0219ul natal o dat\u0103 la o lun\u0103 albastr\u0103.\u201d<\/li>\n\n\n\n<li>\u201cAici vedem z\u0103pad\u0103 o dat\u0103 la o lun\u0103 albastr\u0103.\u201d<\/li>\n\n\n\n<li>\u201cAstfel de oportunit\u0103\u021bi apar o dat\u0103 la o lun\u0103 albastr\u0103.\u201d<\/li>\n<\/ul>\n\n\n\n<p>Chiar dac\u0103 expresia men\u021bioneaz\u0103 luna, oamenii care o folosesc nu se refer\u0103 de fapt la lun\u0103. \u00cen schimb, o folosesc ca o scurt\u0103tur\u0103 figurativ\u0103 pentru cuvinte precum <em>rar<\/em>, <em>rareori<\/em>, sau <em>aproape niciodat\u0103.<\/em><\/p>\n\n\n\n<h3 class=\"wp-block-heading\"><strong>\u00cen\u021belegerea acestei expresii idiomatice<\/strong><\/h3>\n\n\n\n<p><em>O dat\u0103 \u00eentr-o lun\u0103 albastr\u0103<\/em> este un exemplu clasic de expresie idiomatic\u0103 (o expresie care nu trebuie luat\u0103 la propriu). Majoritatea oamenilor o \u00een\u021beleg instinctiv, deoarece a fost folosit\u0103 \u00een limbajul cotidian de genera\u021bii \u00eentregi. <\/p>\n\n\n\n<p>C\u00e2nd o auzi, \u021bi se \u00eentip\u0103re\u0219te imediat \u00een minte. Nici m\u0103car nu trebuie s\u0103 te g\u00e2nde\u0219ti la ce \u00eenseamn\u0103.<\/p>\n\n\n\n<p>Ca \u0219i alte expresii idiomatice, <em>o dat\u0103 \u00eentr-o lun\u0103 albastr\u0103<\/em> adaug\u0103 un pic de personalitate conversa\u021biilor \u0219i scrierilor. De exemplu, a spune ceva de genul \u201c\u00cemi verific e-mailul personal o dat\u0103 la o lun\u0103 albastr\u0103\u201d pare mai u\u0219or \u0219i mai uman dec\u00e2t a spune \u201cNu-mi verific niciodat\u0103 e-mailurile\u201d.\u201d<\/p>\n\n\n\n<p>Acesta este motivul pentru care expresiile idiomatice sunt at\u00e2t de eficiente. Ele comunic\u0103 rapid \u00een\u021belesul \u0219i, \u00een acela\u0219i timp, fac ca limbajul s\u0103 par\u0103 mai natural, mai expresiv \u0219i mai accesibil.<\/p>\n\n\n\n<h2 class=\"wp-block-heading\"><strong><em>O dat\u0103 la o lun\u0103 albastr\u0103: <\/em><\/strong><strong>Origine \u0219i istorie<\/strong><\/h2>\n\n\n<div class=\"wp-block-image\">\n<figure class=\"aligncenter size-large\"><img loading=\"lazy\" decoding=\"async\" width=\"1024\" height=\"683\" src=\"https:\/\/undetectable.ai/blog\/wp-content\/uploads\/2026\/01\/phases-of-the-moon-1024x683.jpg\" alt=\"fazele lunii\" class=\"wp-image-19665\" title=\"\" srcset=\"https:\/\/undetectable.ai/blog\/wp-content\/uploads\/2026\/01\/phases-of-the-moon-1024x683.jpg 1024w, https:\/\/undetectable.ai/blog\/wp-content\/uploads\/2026\/01\/phases-of-the-moon-300x200.jpg 300w, https:\/\/undetectable.ai/blog\/wp-content\/uploads\/2026\/01\/phases-of-the-moon-768x512.jpg 768w, https:\/\/undetectable.ai/blog\/wp-content\/uploads\/2026\/01\/phases-of-the-moon-18x12.jpg 18w, https:\/\/undetectable.ai/blog\/wp-content\/uploads\/2026\/01\/phases-of-the-moon.jpg 1200w\" sizes=\"auto, (max-width: 1024px) 100vw, 1024px\" \/><\/figure><\/div>\n\n\n<p>Cu mult timp \u00eenainte <em>o dat\u0103 \u00eentr-o lun\u0103 albastr\u0103<\/em> a devenit o expresie obi\u0219nuit\u0103, era legat\u0103 de modul \u00een care oamenii urm\u0103reau timpul; \u00een special, luna, calendarul \u0219i modul \u00een care lunile pline se aliniaz\u0103 de-a lungul lunilor \u0219i anotimpurilor.<\/p>\n\n\n\n<h3 class=\"wp-block-heading\"><strong>De unde provine expresia<\/strong><\/h3>\n\n\n\n<p>Din punct de vedere istoric, o lun\u0103 plin\u0103 apare aproximativ la fiecare 29,5 zile. Aceast\u0103 perioad\u0103 nu se aliniaz\u0103 perfect cu luna calendaristic\u0103 modern\u0103, motiv pentru care este posibil s\u0103 avem dou\u0103 luni pline \u00een aceea\u0219i lun\u0103.<\/p>\n\n\n\n<p>Atunci c\u00e2nd se \u00eent\u00e2mpl\u0103 acest lucru, a doua se nume\u0219te adesea lun\u0103 albastr\u0103.<\/p>\n\n\n\n<p>Deoarece aceast\u0103 lun\u0103 suplimentar\u0103 nu apare prea des, ea a devenit asociat\u0103 cu ocazii rare. De-a lungul timpului, oamenii au \u00eenceput s\u0103 foloseasc\u0103 expresia <em>o dat\u0103 \u00eentr-o lun\u0103 albastr\u0103<\/em> pentru a descrie orice lucru care nu se \u00eent\u00e2mpl\u0103 aproape niciodat\u0103 \u00een via\u021ba de zi cu zi.<\/p>\n\n\n\n<h3 class=\"wp-block-heading\"><strong>Rolul almanahurilor \u0219i calendarelor<\/strong><\/h3>\n\n\n\n<p>Sensul pe care \u00eel recunoa\u0219tem ast\u0103zi a fost modelat \u00een mare parte de vechile almanahuri \u0219i de sistemele sezoniere de num\u0103rare a lunii.<\/p>\n\n\n\n<p>\u00cen unele sisteme, o lun\u0103 albastr\u0103 nu era deloc a doua lun\u0103 plin\u0103 dintr-o lun\u0103; era <em>al patrulea<\/em> lun\u0103 plin\u0103 \u00eentr-un anotimp care \u00een mod normal avea doar trei. Aceast\u0103 defini\u021bie a contribuit la alinierea calendarelor religioase la natur\u0103.<\/p>\n\n\n\n<p>Mai t\u00e2rziu, o interpretare gre\u0219it\u0103 <a href=\"https:\/\/www.loc.gov\/everyday-mysteries\/astronomy\/item\/what-is-a-blue-moon-is-it-ever-really-blue\/\" target=\"_blank\" rel=\"noreferrer noopener\">publicat \u00een anii 1940<\/a> a popularizat ideea de lun\u0103 albastr\u0103 ca <em>al doilea<\/em> lun\u0103 plin\u0103 \u00een aceea\u0219i lun\u0103.<\/p>\n\n\n\n<p>Aceast\u0103 versiune s-a r\u0103sp\u00e2ndit rapid \u0219i a r\u0103mas \u00een vigoare, \u00een ciuda faptului c\u0103 era incorect\u0103 din punct de vedere tehnic, conform regulilor mai vechi.<\/p>\n\n\n\n<p>Oricum ar fi, ambele defini\u021bii conduc la aceea\u0219i idee: o lun\u0103 albastr\u0103 este ceva care nu se \u00eent\u00e2mpl\u0103 des.<\/p>\n\n\n\n<h3 class=\"wp-block-heading\"><strong>Luna plin\u0103 devine vreodat\u0103 albastr\u0103?<\/strong><\/h3>\n\n\n\n<p>Aici lucrurile devin confuze.<\/p>\n\n\n\n<p>O lun\u0103 care pare albastr\u0103 <em>poate<\/em> se \u00eent\u00e2mpl\u0103, dar nu are nimic de-a face cu expresia. \u00cen condi\u021bii atmosferice rare, particule precum praful, fumul sau cenu\u0219a pot \u00eempr\u0103\u0219tia lumina albastr\u0103, f\u0103c\u00e2nd ca luna s\u0103 par\u0103 u\u0219or albastr\u0103 pentru ochiul uman.<\/p>\n\n\n\n<p>Aceste evenimente sunt extrem de rare \u0219i, de obicei, legate de dezastre naturale sau incendii de amploare. Ele sunt fascinante, dar nu sunt motivul pentru care spunem <em>o dat\u0103 \u00eentr-o lun\u0103 albastr\u0103<\/em>.<\/p>\n\n\n\n<h2 class=\"wp-block-heading\"><strong>Situa\u021bii \u00een care fraza se potrive\u0219te<\/strong><\/h2>\n\n\n\n<p>\u00cen general, <em>o dat\u0103 \u00eentr-o lun\u0103 albastr\u0103<\/em> func\u021bioneaz\u0103 cel mai bine atunci c\u00e2nd dori\u021bi s\u0103 descrie\u021bi ceva ce se \u00eent\u00e2mpl\u0103 foarte rar, \u00eentr-un mod natural, informal. Urm\u0103toarele exemple arat\u0103 unde se potrive\u0219te cel mai bine (\u0219i unde nu).<\/p>\n\n\n\n<h3 class=\"wp-block-heading\"><strong>Utilizare scris\u0103<\/strong><\/h3>\n\n\n\n<p>\u00cen scris, <em>o dat\u0103 \u00eentr-o lun\u0103 albastr\u0103<\/em> func\u021bioneaz\u0103 cel mai bine atunci c\u00e2nd dori\u021bi s\u0103 ad\u0103uga\u021bi personalitate sau un ton conversa\u021bional f\u0103r\u0103 a p\u0103rea informal sau neglijent.<\/p>\n\n\n\n<p>Este deosebit de eficient \u00een:<\/p>\n\n\n\n<ul class=\"wp-block-list\">\n<li>Post\u0103ri pe blog \u0219i articole de opinie<\/li>\n\n\n\n<li>Eseuri personale sau povestiri<\/li>\n\n\n\n<li>Articole informale \u0219i scrieri despre stilul de via\u021b\u0103<\/li>\n\n\n\n<li>Comentarii sau explica\u021bii de tip narativ<\/li>\n\n\n\n<li>Fic\u021biune, \u00een special dialog \u0219i g\u00e2nduri interne<\/li>\n<\/ul>\n\n\n\n<p>Pe scurt, se potrive\u0219te oric\u0103rei scrieri \u00een care dori\u021bi ca tonul vocii s\u0103 par\u0103 uman \u0219i relatabil.<\/p>\n\n\n\n<p>Acestea fiind spuse, este de obicei o potrivire slab\u0103 pentru:<\/p>\n\n\n\n<ul class=\"wp-block-list\">\n<li>Post\u0103ri \u0219tiin\u021bifice sau cu multe date<\/li>\n\n\n\n<li>Documenta\u021bie juridic\u0103 sau tehnic\u0103<\/li>\n\n\n\n<li>Situa\u021bii \u00een care frecven\u021ba exact\u0103 conteaz\u0103<\/li>\n<\/ul>\n\n\n\n<p>Dac\u0103 nu sunte\u021bi sigur dac\u0103 s\u0103 o folosi\u021bi sau nu, g\u00e2ndi\u021bi-v\u0103 la cititorul dumneavoastr\u0103. Dac\u0103 se a\u0219teapt\u0103 la cifre, termene sau sisteme clar definite, <em>o dat\u0103 \u00eentr-o lun\u0103 albastr\u0103<\/em> ar putea fi prea vag.<\/p>\n\n\n\n<h3 class=\"wp-block-heading\"><strong>Utilizarea vorbit\u0103<\/strong><\/h3>\n\n\n\n<p>\u00cen conversa\u021bia de zi cu zi, <em>o dat\u0103 \u00eentr-o lun\u0103 albastr\u0103<\/em> apare \u00een mod natural atunci c\u00e2nd oamenii vorbesc despre lucruri care nu se \u00eent\u00e2mpl\u0103 aproape niciodat\u0103.<\/p>\n\n\n\n<p>O ve\u021bi auzi adesea \u00eentre prieteni, colegi de munc\u0103 sau membri ai familiei pentru c\u0103 este u\u0219or \u0219i majoritatea oamenilor \u0219tiu deja ce \u00eenseamn\u0103.<\/p>\n\n\n\n<p>Cu excep\u021bia cazului \u00een care vorbi\u021bi cu cineva care \u00eenc\u0103 \u00eenva\u021b\u0103 limba englez\u0103, nimeni nu ia expresia la propriu. Este doar un mod relaxat de a spune c\u0103 ceva nu se \u00eent\u00e2mpl\u0103 aproape niciodat\u0103 (nu este o referire la cer, la soare sau la momentul real al lunii pline).<\/p>\n\n\n\n<h2 class=\"wp-block-heading\"><strong>Ce face ca <\/strong><strong><em>O dat\u0103 la o lun\u0103 albastr\u0103<\/em><\/strong><strong> Eficace<\/strong><\/h2>\n\n\n<div class=\"wp-block-image\">\n<figure class=\"aligncenter size-large\"><img loading=\"lazy\" decoding=\"async\" width=\"1024\" height=\"683\" src=\"https:\/\/undetectable.ai/blog\/wp-content\/uploads\/2025\/08\/Undetectable-AI-Featured-image-1024x683.jpg\" alt=\"AI nedetectabil imagine prezentat\u0103\" class=\"wp-image-13574\" title=\"\" srcset=\"https:\/\/undetectable.ai/blog\/wp-content\/uploads\/2025\/08\/Undetectable-AI-Featured-image-1024x683.jpg 1024w, https:\/\/undetectable.ai/blog\/wp-content\/uploads\/2025\/08\/Undetectable-AI-Featured-image-300x200.jpg 300w, https:\/\/undetectable.ai/blog\/wp-content\/uploads\/2025\/08\/Undetectable-AI-Featured-image-768x512.jpg 768w, https:\/\/undetectable.ai/blog\/wp-content\/uploads\/2025\/08\/Undetectable-AI-Featured-image-18x12.jpg 18w, https:\/\/undetectable.ai/blog\/wp-content\/uploads\/2025\/08\/Undetectable-AI-Featured-image.jpg 1200w\" sizes=\"auto, (max-width: 1024px) 100vw, 1024px\" \/><\/figure><\/div>\n\n\n<p>Spun\u00e2nd c\u0103 ceva este \u201crar\u201d sau \u201cpu\u021bin frecvent\u201d, se transmite ideea. Dar, \u00een func\u021bie de context, aceste cuvinte pot p\u0103rea \u0219i pu\u021bin plate (\u0219i, s\u0103 fim sinceri, plictisitoare).<\/p>\n\n\n\n<p><em>O dat\u0103 \u00eentr-o lun\u0103 albastr\u0103<\/em>, pe de alt\u0103 parte, pare mult mai conversa\u021bional. Este modul \u00een care oamenii adev\u0103ra\u021bi vorbesc despre via\u021ba lor. \u0218i \u00een conversa\u021bii \u0219i \u00een scris, adaug\u0103 c\u0103ldur\u0103, ritm \u0219i personalitate f\u0103r\u0103 a \u00eencerca prea mult.<\/p>\n\n\n\n<p><strong>Sfat pro pentru vorbitorii ne-nativi de limba englez\u0103: <\/strong>Utilizarea expresiilor idiomatice poate p\u0103rea riscant\u0103 dac\u0103 engleza nu este prima dumneavoastr\u0103 limb\u0103. <\/p>\n\n\n\n<p>Dac\u0103 v\u0103 str\u0103dui\u021bi s\u0103 face\u021bi expresii precum <em>o dat\u0103 \u00eentr-o lun\u0103 albastr\u0103<\/em> s\u0103 sune natural \u00een scris sau \u00een vorbire, instrumente precum Undetectable AI's <a href=\"https:\/\/undetectable.ai\/\" target=\"_blank\" rel=\"noreferrer noopener\">AI Humanizer<\/a> \u0219i <a href=\"https:\/\/undetectable.ai\/ai-stealth-writer\" target=\"_blank\" rel=\"noreferrer noopener\">AI Stealth Writer<\/a> poate fi un ajutor masiv!<\/p>\n\n\n\n<p>Tot ce trebuie s\u0103 face\u021bi este s\u0103 rula\u021bi textul prin instrument, iar acesta va netezi tonul, va ajusta frazarea \u0219i va face ca expresia s\u0103 curg\u0103 a\u0219a cum ar folosi-o un vorbitor nativ.<\/p>\n\n\n\n<h2 class=\"wp-block-heading\"><strong>Utiliz\u0103ri \u00een lumea real\u0103 ale <\/strong><strong><em>O dat\u0103 la o lun\u0103 albastr\u0103<\/em><\/strong><\/h2>\n\n\n\n<p>\u00cen\u021belegerea semnifica\u021biei <em>o dat\u0103 \u00eentr-o lun\u0103 albastr\u0103<\/em> este un lucru. Dar s\u0103 \u0219tii <em>cum<\/em> s\u0103 folosi\u021bi fraza \u00een mod natural este ceea ce v\u0103 poate ridica cu adev\u0103rat nivelul scrierii.<\/p>\n\n\n\n<p>Iat\u0103 c\u00e2teva exemple practice ale modului \u00een care fraza tinde s\u0103 func\u021bioneze \u00een conversa\u021bia de zi cu zi.<\/p>\n\n\n\n<h3 class=\"wp-block-heading\"><strong>Exemple simple, de zi cu zi<\/strong><\/h3>\n\n\n\n<p>Iat\u0103 c\u00e2teva exemple clare care reflect\u0103 modul \u00een care majoritatea oamenilor vorbesc \u0219i scriu de fapt:<\/p>\n\n\n\n<ul class=\"wp-block-list\">\n<li>\u201cM\u0103n\u00e2nc desert doar o dat\u0103 la o lun\u0103 albastr\u0103.\u201d<\/li>\n\n\n\n<li>\u201cScrie pe re\u021belele de socializare o dat\u0103 la o lun\u0103 albastr\u0103.\u201d<\/li>\n\n\n\n<li>\u201cM\u0103 uit la TV \u00een direct o dat\u0103 la o lun\u0103 albastr\u0103.\u201d<\/li>\n\n\n\n<li>\u201cNu avem o zi liber\u0103 ca asta dec\u00e2t o dat\u0103 la o lun\u0103 albastr\u0103.\u201d<\/li>\n\n\n\n<li>\u201cSper s\u0103 avem z\u0103pad\u0103, dar asta se \u00eent\u00e2mpl\u0103 doar o dat\u0103 la o lun\u0103 albastr\u0103.\u201d<\/li>\n\n\n\n<li>\u201cAvem acces la aceast\u0103 func\u021bie doar o dat\u0103 la o lun\u0103 albastr\u0103.\u201d<\/li>\n\n\n\n<li>\u201cM\u0103 conectez la acel cont doar o dat\u0103 la o lun\u0103 albastr\u0103.\u201d<\/li>\n\n\n\n<li>\u201cA\u0219a plou\u0103 \u00een iulie din c\u00e2nd \u00een c\u00e2nd.\u201d<\/li>\n\n\n\n<li>\u201cMerg la petreceri mari o dat\u0103 la o lun\u0103 albastr\u0103.\u201d<\/li>\n\n\n\n<li>\u201c\u00cen zilele noastre, tip\u0103resc documente doar o dat\u0103 la o lun\u0103 albastr\u0103.\u201d<\/li>\n\n\n\n<li>\u201cDin p\u0103cate, b\u0103ie\u021bii se \u00eent\u00e2lnesc doar o dat\u0103 la o lun\u0103 albastr\u0103 acum.\u201d<\/li>\n\n\n\n<li>\u201cJuc\u0103m acest joc o dat\u0103 la o lun\u0103 albastr\u0103.\u201d<\/li>\n\n\n\n<li>\u201cParticip la astfel de \u00eent\u00e2lniri doar o dat\u0103 la o lun\u0103 albastr\u0103.\u201d<\/li>\n<\/ul>\n\n\n\n<h2 class=\"wp-block-heading\"><strong>Sfaturi de utilizare inteligent\u0103 \u0219i capcane<\/strong><\/h2>\n\n\n\n<p>Chiar \u0219i o fraz\u0103 grozav\u0103 \u00ee\u0219i poate pierde impactul dac\u0103 este folosit\u0103 gre\u0219it. Iat\u0103 c\u00e2teva sfaturi practice pentru a v\u0103 ajuta s\u0103 utiliza\u021bi <em>o dat\u0103 \u00eentr-o lun\u0103 albastr\u0103<\/em> \u00een mod corect, \u00een special \u00een scris.<\/p>\n\n\n\n<figure class=\"wp-block-table\"><table class=\"has-fixed-layout\"><tbody><tr><td class=\"has-text-align-center\" data-align=\"center\" colspan=\"2\"><strong>Ce se face \u0219i ce nu se face \u00een utilizarea <\/strong><strong><em>O dat\u0103 \u00eentr-o lun\u0103 albastr\u0103<\/em><\/strong><\/td><\/tr><tr><td class=\"has-text-align-center\" data-align=\"center\"><strong>Face\u021bi...<\/strong><\/td><td class=\"has-text-align-center\" data-align=\"center\"><strong>Nu...<\/strong><\/td><\/tr><tr><td class=\"has-text-align-center\" data-align=\"center\">Folosi\u021bi-l numai pentru evenimente cu adev\u0103rat rare.<\/td><td class=\"has-text-align-center\" data-align=\"center\">Utiliza\u021bi-o \u00een exces. Dac\u0103 totul se \u00eent\u00e2mpl\u0103 \u201co dat\u0103 la o lun\u0103 albastr\u0103\u201d, nimic nu pare rar.<\/td><\/tr><tr><td class=\"has-text-align-center\" data-align=\"center\">Bazeaz\u0103-te pe context \u0219i folose\u0219te propozi\u021biile din jur pentru a face \u00een\u021belesul evident.<\/td><td class=\"has-text-align-center\" data-align=\"center\">Explic\u0103 prea mult ce \u00eenseamn\u0103 fraza.<\/td><\/tr><tr><td class=\"has-text-align-center\" data-align=\"center\">Citi\u021bi propozi\u021bia cu voce tare pentru a verifica fluen\u021ba.<\/td><td class=\"has-text-align-center\" data-align=\"center\">For\u021ba\u021bi-l s\u0103 intre \u00eentr-o propozi\u021bie. Dac\u0103 sun\u0103 nefiresc atunci c\u00e2nd este rostit, va suna nefiresc \u0219i pentru cititori.<\/td><\/tr><tr><td class=\"has-text-align-center\" data-align=\"center\">Varia\u021bi frazarea \u00een piesele mai lungi.<\/td><td class=\"has-text-align-center\" data-align=\"center\">Repeta\u021bi-o continuu \u00een text. Mai pu\u021bin \u00eenseamn\u0103 mai mult.<\/td><\/tr><\/tbody><\/table><\/figure>\n\n\n\n<p><strong>Sfat profesional:<\/strong> Dac\u0103 folosi\u021bi inteligen\u021ba artificial\u0103 pentru a v\u0103 ajuta cu scrisul, instrumente precum Undetectable's <a href=\"https:\/\/undetectable.ai\/\" target=\"_blank\" data-type=\"link\" data-id=\"https:\/\/undetectable.ai\/\" rel=\"noreferrer noopener\">AI Humanizer<\/a> poate ajuta la atenuarea tonului, la \u00eembun\u0103t\u0103\u021birea fluxului propozi\u021biilor \u0219i la prevenirea unor fraze precum <em>o dat\u0103 \u00eentr-o lun\u0103 albastr\u0103<\/em> s\u0103 nu sune robotic sau repetitiv.<\/p>\n\n\n\n<p>Experimenta\u021bi detectorul nostru de inteligen\u021b\u0103 artificial\u0103 \u0219i Humanizer \u00een widget-ul de mai jos!<\/p>\n\n\n\n<div id=\"uai-widget\" data-affiliate-link=\"https:\/\/undetectable.ai\/?_by=hi4km\"><script>var js = document.createElement(\"script\");js.async = true;js.src = \"https:\/\/widget.undetectable.ai\/js\/widget-loader.js?t=\"+Date.now();document.getElementsByTagName(\"head\")[0].appendChild(js);<\/script><\/div>\n\n\n\n<h2 class=\"wp-block-heading\"><strong>\u00centreb\u0103ri frecvente despre lunile albastre<\/strong><\/h2>\n\n\n<div id=\"rank-math-faq\" class=\"rank-math-block\">\n<div class=\"rank-math-list\">\n<div id=\"faq-question-1769803089204\" class=\"rank-math-list-item\">\n<h3 class=\"rank-math-question\"><strong>Ce \u00eenseamn\u0103 expresia \"o dat\u0103 la o lun\u0103 albastr\u0103\"?<\/strong><\/h3>\n<div class=\"rank-math-answer\">\n\n<p>Idiomul <em>o dat\u0103 \u00eentr-o lun\u0103 albastr\u0103<\/em> este pur \u0219i simplu un mod informal de a spune c\u0103 ceva se \u00eent\u00e2mpl\u0103 foarte rar. \u00cen limba englez\u0103, oamenii o folosesc pentru a descrie lucruri care nu se \u00eent\u00e2mpl\u0103 aproape niciodat\u0103, cum ar fi z\u0103pada \u00een aprilie sau g\u0103sirea imediat\u0103 a unui loc de parcare bun.<\/p>\n\n<\/div>\n<\/div>\n<div id=\"faq-question-1769803098183\" class=\"rank-math-list-item\">\n<h3 class=\"rank-math-question\"><strong>Ce este o a doua lun\u0103 plin\u0103?<\/strong><\/h3>\n<div class=\"rank-math-answer\">\n\n<p>O a doua lun\u0103 plin\u0103 apare atunci c\u00e2nd dou\u0103 luni pline apar \u00een aceea\u0219i lun\u0103 calendaristic\u0103. Deoarece un ciclu lunar dureaz\u0103 aproximativ 29,5 zile, acest lucru se \u00eent\u00e2mpl\u0103 doar ocazional. Atunci c\u00e2nd apare o a doua lun\u0103 plin\u0103, aceasta este denumit\u0103 \u00een mod obi\u0219nuit \u201clun\u0103 albastr\u0103\u201d, conform defini\u021biei moderne a termenului.<\/p>\n\n<\/div>\n<\/div>\n<div id=\"faq-question-1769803106860\" class=\"rank-math-list-item\">\n<h3 class=\"rank-math-question\"><strong>Se poate \u00eent\u00e2mpla o lun\u0103 albastr\u0103 \u00een februarie?<\/strong><\/h3>\n<div class=\"rank-math-answer\">\n\n<p>Nu, lunile albastre nu apar de obicei \u00een februarie. Deoarece februarie este cea mai scurt\u0103 lun\u0103, de obicei nu exist\u0103 suficient timp pentru a con\u021bine dou\u0103 luni pline.<\/p>\n\n<\/div>\n<\/div>\n<div id=\"faq-question-1769803118909\" class=\"rank-math-list-item\">\n<h3 class=\"rank-math-question\"><strong>Se poate \u00eent\u00e2mpla o lun\u0103 albastr\u0103 \u00een noiembrie?<\/strong><\/h3>\n<div class=\"rank-math-answer\">\n\n<p>Da, o lun\u0103 albastr\u0103 poate avea loc \u00een noiembrie, de\u0219i depinde \u00een \u00eentregime de modul \u00een care lunile pline cad \u00een anul calendaristic. Orice lun\u0103 cu suficiente zile poate g\u0103zdui, din punct de vedere tehnic, dou\u0103 luni pline, motiv pentru care lunile albastre nu sunt legate de un anumit anotimp.<\/p>\n\n<\/div>\n<\/div>\n<div id=\"faq-question-1769803132102\" class=\"rank-math-list-item\">\n<h3 class=\"rank-math-question\"><strong>Se folose\u0219te \u00een Marea Britanie expresia \u201conce in a blue moon\u201d?<\/strong><\/h3>\n<div class=\"rank-math-answer\">\n\n<p>Da. Expresia <em>o dat\u0103 \u00eentr-o lun\u0103 albastr\u0103 <\/em>este utilizat pe scar\u0103 larg\u0103 \u00een Regatul Unit \u0219i \u00een \u00eentreaga lume vorbitoare de limba englez\u0103. De\u0219i utilizarea poate varia u\u0219or \u00een func\u021bie de regiune, sensul principal al expresiei r\u0103m\u00e2ne acela\u0219i.<\/p>\n\n<\/div>\n<\/div>\n<\/div>\n<\/div>\n\n\n<h2 class=\"wp-block-heading\"><strong>G\u00e2nduri finale privind utilizarea <\/strong><strong><em>O dat\u0103 \u00eentr-o lun\u0103 albastr\u0103<\/em><\/strong><strong> \u00een Conversa\u021bie \u0219i scriere<\/strong><\/h2>\n\n\n\n<p>Exist\u0103 un motiv <em>o dat\u0103 \u00eentr-o lun\u0103 albastr\u0103 <\/em>a trecut testul timpului. Este simpl\u0103, memorabil\u0103 \u0219i imediat \u00een\u021beleas\u0103 (cel pu\u021bin pentru majoritatea vorbitorilor de limb\u0103 englez\u0103), chiar dac\u0103 majoritatea dintre noi nu s-au g\u00e2ndit niciodat\u0103 de dou\u0103 ori de unde provine.<\/p>\n\n\n\n<p>Cu toate acestea, la fel ca alte expresii \u0219i zicale idiomatice, mai pu\u021bin este \u00eentotdeauna mai mult.<\/p>\n\n\n\n<p>\u00cen scris \u0219i \u00een conversa\u021bie, asta \u00eenseamn\u0103:<\/p>\n\n\n\n<ul class=\"wp-block-list\">\n<li>Folosi\u021bi-l cu modera\u021bie pentru un impact maxim.<\/li>\n\n\n\n<li>Las\u0103-l s\u0103 curg\u0103 natural, astfel \u00eenc\u00e2t s\u0103 nu par\u0103 for\u021bat sau deplasat.<\/li>\n<\/ul>\n\n\n\n<p>\u0218i, nu \u00een ultimul r\u00e2nd, adapta\u021bi-l tonului \u0219i contextului, asigur\u00e2ndu-v\u0103 c\u0103 \u00eel p\u0103stra\u021bi \u00een contexte mai informale, conversa\u021bionale, unde sun\u0103 cel mai natural.<\/p>\n\n\n\n<p>Asigura\u021bi-v\u0103 c\u0103 scrierea dvs. r\u0103m\u00e2ne natural\u0103 \u0219i uman\u0103 <a href=\"https:\/\/undetectable.ai\/\" target=\"_blank\" data-type=\"link\" data-id=\"https:\/\/undetectable.ai\/\" rel=\"noreferrer noopener\">AI nedetectabil<\/a> pentru a v\u0103 rafina \u0219i umaniza textul f\u0103r\u0103 efort.<\/p>","protected":false},"excerpt":{"rendered":"","protected":false},"author":15,"featured_media":19664,"comment_status":"closed","ping_status":"closed","sticky":false,"template":"","format":"standard","meta":{"_themeisle_gutenberg_block_has_review":false,"footnotes":""},"categories":[31],"tags":[],"class_list":["post-19655","post","type-post","status-publish","format-standard","has-post-thumbnail","hentry","category-helpful-ai-content-tips"],"_links":{"self":[{"href":"https:\/\/undetectable.ai/blog\/ro\/wp-json\/wp\/v2\/posts\/19655","targetHints":{"allow":["GET"]}}],"collection":[{"href":"https:\/\/undetectable.ai/blog\/ro\/wp-json\/wp\/v2\/posts"}],"about":[{"href":"https:\/\/undetectable.ai/blog\/ro\/wp-json\/wp\/v2\/types\/post"}],"author":[{"embeddable":true,"href":"https:\/\/undetectable.ai/blog\/ro\/wp-json\/wp\/v2\/users\/15"}],"replies":[{"embeddable":true,"href":"https:\/\/undetectable.ai/blog\/ro\/wp-json\/wp\/v2\/comments?post=19655"}],"version-history":[{"count":5,"href":"https:\/\/undetectable.ai/blog\/ro\/wp-json\/wp\/v2\/posts\/19655\/revisions"}],"predecessor-version":[{"id":19666,"href":"https:\/\/undetectable.ai/blog\/ro\/wp-json\/wp\/v2\/posts\/19655\/revisions\/19666"}],"wp:featuredmedia":[{"embeddable":true,"href":"https:\/\/undetectable.ai/blog\/ro\/wp-json\/wp\/v2\/media\/19664"}],"wp:attachment":[{"href":"https:\/\/undetectable.ai/blog\/ro\/wp-json\/wp\/v2\/media?parent=19655"}],"wp:term":[{"taxonomy":"category","embeddable":true,"href":"https:\/\/undetectable.ai/blog\/ro\/wp-json\/wp\/v2\/categories?post=19655"},{"taxonomy":"post_tag","embeddable":true,"href":"https:\/\/undetectable.ai/blog\/ro\/wp-json\/wp\/v2\/tags?post=19655"}],"curies":[{"name":"wp","href":"https:\/\/api.w.org\/{rel}","templated":true}]}}