{"id":11614,"date":"2025-07-07T21:24:22","date_gmt":"2025-07-07T21:24:22","guid":{"rendered":"https:\/\/undetectable.ai/blog\/?p=11614"},"modified":"2025-08-10T17:39:38","modified_gmt":"2025-08-10T17:39:38","slug":"relativt-adverb","status":"publish","type":"post","link":"https:\/\/undetectable.ai/blog\/sv\/relativt-adverb\/","title":{"rendered":"Vad \u00e4r ett relativt adverb? Betydelse och exempel"},"content":{"rendered":"<p>N\u00e4r, var och varf\u00f6r. Tre enkla men viktiga ord i den engelska vokabul\u00e4ren. <\/p>\n\n\n\n<p>Dessa ord pekar ut en viss tid, plats eller anledning och g\u00f6r sammanhanget mer levande.<\/p>\n\n\n\n<p>\u00c4nnu viktigare \u00e4r att de kopplar ihop dina id\u00e9er p\u00e5 ett smidigt s\u00e4tt. <\/p>\n\n\n\n<p>Ingen meningss\u00f6mnad, inga besv\u00e4rliga formuleringar, bara rent ber\u00e4ttande. Du har sett dem arbeta p\u00e5 \u00f6vertid i rubriker, romaner och till och med memes.<\/p>\n\n\n\n<p>Det var den sommaren d\u00e5 allt f\u00f6r\u00e4ndrades.<\/p>\n\n\n\n<p>Kaf\u00e9et d\u00e4r vi tr\u00e4ffades finns inte l\u00e4ngre.<\/p>\n\n\n\n<p>Ingen visste varf\u00f6r hon f\u00f6rsvann.<\/p>\n\n\n\n<p>Om det engelska spr\u00e5ket hade haft Oscars skulle dessa tre f\u00f6rmodligen kamma hem trof\u00e9erna. <\/p>\n\n\n\n<p>F\u00f6r de kopplar inte bara samman dina tankar utan st\u00f6der dem faktiskt genom att g\u00f6ra allt mer begripligt.<\/p>\n\n\n\n<p>Nu n\u00e4r du vet vad de g\u00f6r, l\u00e5t oss titta p\u00e5 hur du anv\u00e4nder dem som ett proffs.<\/p>\n\n\n\n<hr class=\"wp-block-separator has-alpha-channel-opacity\"\/>\n\n\n\n<p class=\"has-text-align-center\"><strong>Viktiga slutsatser<\/strong><\/p>\n\n\n\n<ul class=\"wp-block-list\">\n<li>Relativa adverb (\"n\u00e4r\", \"var\" och \"varf\u00f6r\") inleder adjektivsatser som f\u00f6rklarar tid, plats eller orsak.<\/li>\n<\/ul>\n\n\n\n<p><\/p>\n\n\n\n<ul class=\"wp-block-list\">\n<li>De modifierar substantiv, till skillnad fr\u00e5n relativa pronomen, som h\u00e4nvisar till personer eller saker.<\/li>\n<\/ul>\n\n\n\n<p><\/p>\n\n\n\n<ul class=\"wp-block-list\">\n<li>Genom att anv\u00e4nda dem skapas smidigare, mer sammanh\u00e4ngande meningar utan upprepningar eller besv\u00e4rliga formuleringar.<\/li>\n<\/ul>\n\n\n\n<p><\/p>\n\n\n\n<ul class=\"wp-block-list\">\n<li>Var f\u00f6rsiktig s\u00e5 att du inte blandar ihop dem med underordnade konjunktioner, som modifierar hela satser.<\/li>\n<\/ul>\n\n\n\n<p><\/p>\n\n\n\n<ul class=\"wp-block-list\">\n<li>Tydlighet \u00e4r viktigt: det relativa adverbet m\u00e5ste tydligt relatera till substantivet precis f\u00f6re det.<\/li>\n<\/ul>\n\n\n\n<p><\/p>\n\n\n\n<hr class=\"wp-block-separator has-alpha-channel-opacity\"\/>\n\n\n\n<h2 class=\"wp-block-heading\">Vad \u00e4r ett relativt adverb?<\/h2>\n\n\n\n<p>Ett relativt adverb \u00e4r en grammatisk matchmaker. Det kopplar samman tv\u00e5 delar av en mening genom att introducera en adjektivsats som beskriver n\u00e4r, var eller varf\u00f6r n\u00e5got h\u00e4nder. <\/p>\n\n\n\n<p>T\u00e4nk p\u00e5 det som en v\u00e4n som presenterar dig f\u00f6r n\u00e5gon p\u00e5 en fest genom att s\u00e4ga: \"Det h\u00e4r \u00e4r Sarah, hon som bodde i det d\u00e4r huset d\u00e4r den \u00f6k\u00e4nda karaokeincidenten intr\u00e4ffade.\"<\/p>\n\n\n\n<p>Det relativa adverbet \u00f6verbryggar din <a href=\"https:\/\/doodlelearning.com\/english\/subjects\/grammar\/main-clause\" target=\"_blank\" rel=\"noreferrer noopener\">huvudsats<\/a> och den ytterligare information du vill dela med dig av. <\/p>\n\n\n\n<p>I st\u00e4llet f\u00f6r att skriva tv\u00e5 separata meningar kan du v\u00e4va ihop dem till n\u00e5got mer elegant och sammanh\u00e4ngande.<\/p>\n\n\n\n<h3 class=\"wp-block-heading\"><strong>Hur de introducerar adjektiviska (relativa) klausuler<\/strong><\/h3>\n\n\n\n<p>Relativa adverb introducerar <a href=\"https:\/\/undetectable.ai\/blog\/adjectives\/\" target=\"_blank\" rel=\"noreferrer noopener\">adjektiv<\/a> satser som modifierar substantiv i din huvudmening. <\/p>\n\n\n\n<p>Dessa satser ger ett viktigt sammanhang utan att skapa en grammatisk katastrof. <\/p>\n\n\n\n<p>S\u00e5 h\u00e4r \u00e4r det: klausulen som de introducerar \u00e4r inte bara slumpm\u00e4ssig information som kastas in f\u00f6r skojs skull. <\/p>\n\n\n\n<p>Det beskriver specifikt det substantiv som kommer precis f\u00f6re det relativa adverbet.<\/p>\n\n\n\n<p>I till exempel \"Jag minns dagen d\u00e5 vi tr\u00e4ffades f\u00f6rsta g\u00e5ngen\" anv\u00e4nds \"n\u00e4r\" f\u00f6r att inleda en sats som beskriver \"dagen\". Satsen \"n\u00e4r vi tr\u00e4ffades f\u00f6rsta g\u00e5ngen\" s\u00e4ger n\u00e5got specifikt om just den dagen. <\/p>\n\n\n\n<p>Utan det relativa adverbet skulle du sitta med klumpiga meningar som \"Jag minns dagen. Vi tr\u00e4ffades f\u00f6rsta g\u00e5ngen den dagen\" som ingen vill l\u00e4sa.<\/p>\n\n\n\n<p>Det fina med relativa adverb \u00e4r att de <a href=\"https:\/\/undetectable.ai\/blog\/how-to-write-better\/\" target=\"_blank\" rel=\"noreferrer noopener\">hj\u00e4lpa dig att skriva b\u00e4ttre<\/a> genom att skapa s\u00f6ml\u00f6sa anslutningar. <\/p>\n\n\n\n<p>Din l\u00e4sare beh\u00f6ver inte arbeta \u00f6vertid f\u00f6r att f\u00f6rst\u00e5 hur dina id\u00e9er f\u00f6rh\u00e5ller sig till varandra. Det relativa adverbet g\u00f6r det tunga jobbet \u00e5t dig.<\/p>\n\n\n\n<h3 class=\"wp-block-heading\"><strong>Skillnaden mellan relativa adverb och pronomen<\/strong><\/h3>\n\n\n\n<p>Det \u00e4r h\u00e4r det blir intressant. Relativa adverb och relativa pronomen \u00e4r som kusiner som ser likadana ut men har helt olika personligheter. <\/p>\n\n\n\n<p>Relativa pronomen (vem, vilka, vems, vilken, det) syftar p\u00e5 personer eller saker. Relativa adverb syftar p\u00e5 omst\u00e4ndigheter.<\/p>\n\n\n\n<p>Relativa pronomen kan ofta ers\u00e4ttas med sitt antecedent. <\/p>\n\n\n\n<p>Till exempel kan \"Kvinnan som ringde ig\u00e5r\" bli \"Kvinnan som ringde ig\u00e5r\" om du \u00e4ndrar lite p\u00e5 det. Men relativa adverb kan inte g\u00f6ra samma trick. <\/p>\n\n\n\n<p>Du kan inte bara ta bort \"n\u00e4r\" fr\u00e5n \"tiden d\u00e5 allt f\u00f6r\u00e4ndrades\" utan att helt f\u00f6rlora inneb\u00f6rden.<\/p>\n\n\n\n<p>En annan viktig skillnad \u00e4r att relativa pronomen ofta fungerar som subjekt eller objekt i sin sats, medan relativa adverb fungerar som, just det, adverb. <\/p>\n\n\n\n<p>De modifierar verb, adjektiv eller andra adverb inom den sats de inleder.<\/p>\n\n\n<div class=\"wp-block-image\">\n<figure class=\"aligncenter size-full\"><img loading=\"lazy\" decoding=\"async\" width=\"869\" height=\"459\" src=\"https:\/\/undetectable.ai/blog\/wp-content\/uploads\/2025\/03\/ask-ai.jpg\" alt=\"Ouppt\u00e4ckbara AI:s Fr\u00e5ga AI\" class=\"wp-image-6716\" title=\"\" srcset=\"https:\/\/undetectable.ai/blog\/wp-content\/uploads\/2025\/03\/ask-ai.jpg 869w, https:\/\/undetectable.ai/blog\/wp-content\/uploads\/2025\/03\/ask-ai-300x158.jpg 300w, https:\/\/undetectable.ai/blog\/wp-content\/uploads\/2025\/03\/ask-ai-768x406.jpg 768w, https:\/\/undetectable.ai/blog\/wp-content\/uploads\/2025\/03\/ask-ai-18x10.jpg 18w\" sizes=\"auto, (max-width: 869px) 100vw, 869px\" \/><\/figure><\/div>\n\n\n<p>Om du har sv\u00e5rt att skilja dem \u00e5t i dina egna texter, kan Undetectable AI:s <a href=\"https:\/\/undetectable.ai\/sv\/ask-ai\" target=\"_blank\" rel=\"noreferrer noopener\">Fr\u00e5ga AI<\/a> kan hj\u00e4lpa dig att skilja mellan relativa adverb och relativa pronomen i ett sammanhang. <\/p>\n\n\n\n<p>Det \u00e4r som att ha en grammatiskt kunnig v\u00e4n som inte d\u00f6mer din f\u00f6rvirring.<\/p>\n\n\n\n<h2 class=\"wp-block-heading\">De tre viktigaste relativa adverbialen<\/h2>\n\n\n\n<p>L\u00e5t oss bryta ner den heliga treenigheten av relativa adverb. <\/p>\n\n\n\n<p>Dessa tre ord g\u00f6r det mesta av jobbet i relativadverbialens v\u00e4rld.<\/p>\n\n\n\n<h3 class=\"wp-block-heading\"><strong>N\u00e4r - avser tid<\/strong><\/h3>\n\n\n\n<p>\"N\u00e4r\" \u00e4r ditt relativa adverb f\u00f6r allt som har med tid att g\u00f6ra. Det inleder satser som beskriver \u00f6gonblick, perioder eller tillf\u00e4llen. <\/p>\n\n\n\n<p>T\u00e4nk \"sommaren d\u00e5 jag l\u00e4rde mig \u00e5ka skateboard\" eller \"\u00f6gonblicket d\u00e5 allt klickade\".<\/p>\n\n\n\n<p>Det knepiga med \"n\u00e4r\" \u00e4r att det ibland k\u00e4nns utbytbart mot \"att\" i vissa sammanhang. Men h\u00e4r \u00e4r skillnaden: \"n\u00e4r\" betonar specifikt <a href=\"https:\/\/academiascience.com\/index.php\/repo\/article\/download\/443\/443\/877\" target=\"_blank\" rel=\"noreferrer noopener\">tidsm\u00e4ssig aspekt<\/a>. <\/p>\n\n\n\n<p>\"Dagen d\u00e5 vi flyttade\" k\u00e4nns mer fokuserat p\u00e5 tidpunkten \u00e4n \"dagen d\u00e5 vi flyttade\".<\/p>\n\n\n\n<p>Du kommer ofta att se \"n\u00e4r\" anv\u00e4ndas med tidsrelaterade substantiv som dag, \u00e5r, \u00f6gonblick, tid, period, era eller s\u00e4song. <\/p>\n\n\n\n<p>Det skapar en naturlig brygga mellan tidsreferensen och vad som faktiskt h\u00e4nde under den tiden.<\/p>\n\n\n\n<h3 class=\"wp-block-heading\"><strong>Var - h\u00e4nvisar till plats<\/strong><\/h3>\n\n\n\n<p>\"Var\" hanterar alla dina platsbaserade behov. Det introducerar klausuler som beskriver platser, platser eller positioner. <\/p>\n\n\n\n<p>\"Kaf\u00e9et d\u00e4r jag skrev min f\u00f6rsta roman\" eller \"h\u00f6rnet d\u00e4r vi alltid tr\u00e4ffas\" \u00e4r klassiska exempel.<\/p>\n\n\n\n<p>Det som g\u00f6r \"var\" s\u00e4rskilt anv\u00e4ndbart \u00e4r dess f\u00f6rm\u00e5ga att skapa levande mentala bilder. Ist\u00e4llet f\u00f6r att s\u00e4ga \"Jag gick till parken. <\/p>\n\n\n\n<p>Parken hade fantastiska k\u00f6rsb\u00e4rsblommor\", kan du s\u00e4ga \"Jag gick till parken d\u00e4r k\u00f6rsb\u00e4rsblommorna var helt fantastiska.\" Samma information, b\u00e4ttre fl\u00f6de.<\/p>\n\n\n\n<p>\"Where\" fungerar med platsrelaterade substantiv som hus, stad, gata, land, rum, byggnad eller vilken plats som helst som du kan komma p\u00e5. <\/p>\n\n\n\n<p>Det \u00e4r s\u00e4rskilt effektivt i beskrivande texter eftersom det hj\u00e4lper l\u00e4sarna att visualisera milj\u00f6er utan att bryta ber\u00e4ttelsens fl\u00f6de.<\/p>\n\n\n\n<h3 class=\"wp-block-heading\"><strong>Varf\u00f6r - H\u00e4nvisar till f\u00f6rnuftet<\/strong><\/h3>\n\n\n\n<p>\"Varf\u00f6r\" \u00e4r filosofen i den relativa adverbfamiljen. Det inleder satser som f\u00f6rklarar sk\u00e4l, orsaker eller motiv. <\/p>\n\n\n\n<p>\"Anledningen till att jag b\u00f6rjade skriva\" eller \"det \u00e4r d\u00e4rf\u00f6r jag inte litar p\u00e5 m\u00e4nniskor som inte gillar hundar\" visar \"varf\u00f6r\" i handling.<\/p>\n\n\n\n<p>Intressant nog anv\u00e4nds \"varf\u00f6r\" ofta i mer vardagliga texter. Det ger en lite annan k\u00e4nsla \u00e4n de mer formella \"f\u00f6r vilket\" eller \"p\u00e5 grund av vilket\". <\/p>\n\n\n\n<p><a href=\"https:\/\/twominenglish.com\/is-it-correct-to-say-the-reason-why\/\" target=\"_blank\" rel=\"noreferrer noopener\">\"Anledningen till varf\u00f6r\"-konstruktioner<\/a> finns \u00f6verallt i moderna texter, \u00e4ven om vissa grammatikpurister h\u00e4vdar att man bara kan anv\u00e4nda \"anledningen\" utan \"varf\u00f6r\".<\/p>\n\n\n\n<p>Saken \u00e4r den att \"varf\u00f6r\" g\u00f6r att det du skriver l\u00e5ter mer naturligt och vardagligt. <\/p>\n\n\n\n<p>Det \u00e4r skillnaden mellan att l\u00e5ta som en m\u00e4nniska och att l\u00e5ta som ett juridiskt dokument.<\/p>\n\n\n\n<h2 class=\"wp-block-heading\">Hur man anv\u00e4nder relativa adverb i meningar<\/h2>\n\n\n\n<p>Att anv\u00e4nda relativa adverb effektivt handlar om att skapa smidiga kopplingar mellan id\u00e9er. <\/p>\n\n\n\n<p>Det viktiga \u00e4r att se till att det relativa adverbet h\u00e4nvisar till r\u00e4tt substantiv och att den sats som det inleder \u00e4r logiskt meningsfull.<\/p>\n\n\n\n<p>B\u00f6rja med att identifiera det substantiv som du vill modifiera. Fr\u00e5ga dig sedan om du beskriver n\u00e4r, var eller varf\u00f6r n\u00e5got som \u00e4r relaterat till det substantivet h\u00e4nde. <\/p>\n\n\n\n<p>I s\u00e5 fall har du ett perfekt uppl\u00e4gg f\u00f6r ett relativt adverb.<\/p>\n\n\n\n<p>Det vanligaste misstaget \u00e4r att man skapar otydliga antecedenter. <\/p>\n\n\n\n<p>Ditt relativa adverb ska tydligt h\u00e4nvisa till det substantiv som kommer precis f\u00f6re det. <\/p>\n\n\n\n<p>\"Jag bes\u00f6kte restaurangen d\u00e4r n\u00e4r jag var hungrig\" fungerar inte eftersom \"d\u00e4r\" f\u00f6rs\u00f6ker h\u00e4nvisa till en plats, men \"n\u00e4r\" sl\u00e4nger in ett tidselement som f\u00f6rvirrar allt.<\/p>\n\n\n\n<p>Ett annat proffstips \u00e4r att vara uppm\u00e4rksam p\u00e5 skiljetecknen. Om informationen i relativsatsen \u00e4r viktig f\u00f6r att f\u00f6rst\u00e5 meningen ska du inte anv\u00e4nda kommatecken. <\/p>\n\n\n\n<p>\"Platsen d\u00e4r jag v\u00e4xte upp\" beh\u00f6ver inte kommatecken eftersom \"platsen d\u00e4r jag v\u00e4xte upp\" \u00e4r avg\u00f6rande information.\u00a0<\/p>\n\n\n\n<p>Men i \"Min hemstad, d\u00e4r jag l\u00e4rde mig k\u00f6ra bil, har usla v\u00e4gar\" anv\u00e4nds kommatecken eftersom relativsatsen tillf\u00f6r extra information som inte \u00e4r n\u00f6dv\u00e4ndig.<\/p>\n\n\n<div class=\"wp-block-image\">\n<figure class=\"aligncenter size-large\"><img loading=\"lazy\" decoding=\"async\" width=\"1024\" height=\"341\" src=\"https:\/\/undetectable.ai/blog\/wp-content\/uploads\/2025\/07\/Free-grammar-checker-001-1024x341.png\" alt=\"\" class=\"wp-image-11486\" title=\"\" srcset=\"https:\/\/undetectable.ai/blog\/wp-content\/uploads\/2025\/07\/Free-grammar-checker-001-1024x341.png 1024w, https:\/\/undetectable.ai/blog\/wp-content\/uploads\/2025\/07\/Free-grammar-checker-001-300x100.png 300w, https:\/\/undetectable.ai/blog\/wp-content\/uploads\/2025\/07\/Free-grammar-checker-001-768x256.png 768w, https:\/\/undetectable.ai/blog\/wp-content\/uploads\/2025\/07\/Free-grammar-checker-001-18x6.png 18w, https:\/\/undetectable.ai/blog\/wp-content\/uploads\/2025\/07\/Free-grammar-checker-001.png 1305w\" sizes=\"auto, (max-width: 1024px) 100vw, 1024px\" \/><\/figure><\/div>\n\n\n<p>Om du \u00e4r orolig f\u00f6r felplacerade relativa adverb eller satsfel kan Undetectable AI:s <a href=\"https:\/\/undetectable.ai\/sv\/grammar-checker\" target=\"_blank\" rel=\"noreferrer noopener\">AI-grammatikkontroll<\/a> kan f\u00e5nga upp dessa problem innan de drabbar dina l\u00e4sare. <\/p>\n\n\n\n<p>Det \u00e4r som att ha ett skyddsn\u00e4t f\u00f6r din meningsbyggnad.<\/p>\n\n\n\n<h2 class=\"wp-block-heading\">Relativt adverb vs underordnad konjunktion<\/h2>\n\n\n<div class=\"wp-block-image\">\n<figure class=\"aligncenter size-large\"><img loading=\"lazy\" decoding=\"async\" width=\"1024\" height=\"683\" src=\"https:\/\/undetectable.ai/blog\/wp-content\/uploads\/2025\/07\/relative-pronoun-002-1024x683.jpg\" alt=\"\" class=\"wp-image-11620\" title=\"\" srcset=\"https:\/\/undetectable.ai/blog\/wp-content\/uploads\/2025\/07\/relative-pronoun-002-1024x683.jpg 1024w, https:\/\/undetectable.ai/blog\/wp-content\/uploads\/2025\/07\/relative-pronoun-002-300x200.jpg 300w, https:\/\/undetectable.ai/blog\/wp-content\/uploads\/2025\/07\/relative-pronoun-002-768x512.jpg 768w, https:\/\/undetectable.ai/blog\/wp-content\/uploads\/2025\/07\/relative-pronoun-002-18x12.jpg 18w, https:\/\/undetectable.ai/blog\/wp-content\/uploads\/2025\/07\/relative-pronoun-002.jpg 1200w\" sizes=\"auto, (max-width: 1024px) 100vw, 1024px\" \/><\/figure><\/div>\n\n\n<p>Det \u00e4r nu det blir lite tekniskt, men h\u00e4ng med oss. <\/p>\n\n\n\n<p>F\u00f6rvirringen mellan relativa adverb och underordnade konjunktioner g\u00f6r m\u00e5nga skribenter f\u00f6rvirrade.<\/p>\n\n\n\n<h3 class=\"wp-block-heading\"><strong>Likheter i funktion<\/strong><\/h3>\n\n\n\n<p>I <a href=\"https:\/\/undetectable.ai\/blog\/grammar-rules\/\" target=\"_blank\" rel=\"noreferrer noopener\">Regler f\u00f6r engelsk grammatik<\/a>Relativa adverb och underordnade konjunktioner binder samman satser och skapar relationer mellan id\u00e9er. <\/p>\n\n\n\n<p>B\u00e5da introducerar bisatser som inte kan st\u00e5 f\u00f6r sig sj\u00e4lva som fullst\u00e4ndiga meningar, och b\u00e5da hj\u00e4lper dig att skapa mer komplexa och sofistikerade meningsstrukturer.<\/p>\n\n\n\n<p>Orden i sig kan till och med vara desamma. <\/p>\n\n\n\n<p>\"N\u00e4r\", \"var\" och \"varf\u00f6r\" kan fungera som antingen relativa adverb eller underordnade konjunktioner beroende p\u00e5 hur de anv\u00e4nds. Allt handlar om sammanhanget och vad de faktiskt g\u00f6r i meningen.<\/p>\n\n\n\n<h3 class=\"wp-block-heading\"><strong>Viktiga skillnader i struktur och anv\u00e4ndning<\/strong><\/h3>\n\n\n\n<p>Den stora skillnaden \u00e4r att relativa adverb specifikt introducerar adjektivklausuler som modifierar substantiv. <\/p>\n\n\n\n<p>Underordnade konjunktioner inleder adverbsatser som modifierar verb, adjektiv eller hela satser.<\/p>\n\n\n\n<p>Ett relativt adverb skapar en direkt relation till ett specifikt substantiv. \"Huset d\u00e4r jag v\u00e4xte upp\" har \"d\u00e4r\" som direkt modifierar \"hus\". <\/p>\n\n\n\n<p>Men en underordnad konjunktion skapar en bredare relation. \"Jag k\u00e4nner mig nostalgisk n\u00e4r jag bes\u00f6ker min hemstad\" har \"n\u00e4r\" som inleder en sats som modifierar hela handlingen att k\u00e4nna sig nostalgisk.<\/p>\n\n\n\n<h3 class=\"wp-block-heading\"><strong>Exempel som visar distinktionen<\/strong><\/h3>\n\n\n\n<p>L\u00e5t oss titta p\u00e5 n\u00e5gra exempel f\u00f6r att g\u00f6ra detta kristallklart:<\/p>\n\n\n\n<ul class=\"wp-block-list\">\n<li><strong>Relativt adverb<\/strong>: \"Jag minns \u00f6gonblicket d\u00e5 allt f\u00f6r\u00e4ndrades.\" H\u00e4r inleder \"n\u00e4r\" en sats som beskriver \"\u00f6gonblicket\".<\/li>\n\n\n\n<li><strong>Underordnad konjunktion<\/strong>: \"N\u00e4r allt f\u00f6r\u00e4ndrades var jag inte beredd.\" H\u00e4r inleder \"n\u00e4r\" en sats som anger tidpunkten f\u00f6r huvudsatsen.<\/li>\n<\/ul>\n\n\n\n<p>Ser du skillnaden?<\/p>\n\n\n\n<p>Det relativa adverbet \u00e4r knutet till ett specifikt substantiv, medan den underordnade konjunktionen skapar en bredare relation mellan satserna.<\/p>\n\n\n\n<h2 class=\"wp-block-heading\">Vanliga misstag och hur man undviker dem<\/h2>\n\n\n\n<p>L\u00e5t oss tala om de misstag som f\u00e5r grammatikl\u00e4rare att gr\u00e5ta och l\u00e4sare att bli f\u00f6rvirrade. <\/p>\n\n\n\n<p>Ett av de st\u00f6rsta problemen \u00e4r att anv\u00e4nda relativa adverb utan ett l\u00e4mpligt antecedent.<\/p>\n\n\n\n<p>\"Jag gick till aff\u00e4ren n\u00e4r jag beh\u00f6vde mj\u00f6lk\" l\u00e5ter bra, men det \u00e4r tekniskt felaktigt.&nbsp;<\/p>\n\n\n\n<p>\"Store\" \u00e4r inte en tid, s\u00e5 \"when\" har inte ett korrekt antecedent. I meningen \u00e4r \"when\" inte ett relativt adverb eftersom det inte modifierar ett substantiv. Det \u00e4r en underordnad konjunktion som f\u00f6rbinder de tv\u00e5 satserna.<\/p>\n\n\n\n<p>Ett annat vanligt misstag \u00e4r att blanda ihop \"var\" och \"n\u00e4r\" i vardagligt tal.&nbsp;<\/p>\n\n\n\n<p>\"F\u00f6rr i tiden n\u00e4r allting var enklare\" borde vara \"f\u00f6rr i tiden n\u00e4r allting var enklare\" eftersom \"dag\" avser tid, inte plats.<\/p>\n\n\n\n<p>Det r\u00e5der ocks\u00e5 f\u00f6rvirring kring \"varf\u00f6r\". <a href=\"https:\/\/forum.wordreference.com\/threads\/the-reason-that-vs-why-is-because.2012926\/\" target=\"_blank\" rel=\"noreferrer noopener\">M\u00e4nniskor skriver ofta<\/a> \"Anledningen till varf\u00f6r \u00e4r f\u00f6r att\", vilket \u00e4r \u00f6verfl\u00f6digt. V\u00e4lj ett: \"sk\u00e4let \u00e4r\" eller \"varf\u00f6r \u00e4r\", men inte b\u00e5da.<\/p>\n\n\n\n<p>M\u00e5let \u00e4r inte att anv\u00e4nda relativa adverb \u00f6verallt.&nbsp;<\/p>\n\n\n<div class=\"wp-block-image\">\n<figure class=\"aligncenter size-large\"><img decoding=\"async\" src=\"https:\/\/undetectable.ai/blog\/wp-content\/uploads\/2025\/06\/Detector-and-Humanizer-1024x389.jpg\" alt=\"Sk\u00e4rmdump av Undetectable AI som visar gr\u00e4nssnittet f\u00f6r Advanced AI Detector och Humanizer-verktygen\" class=\"wp-image-10230\" title=\"\"><\/figure><\/div>\n\n\n<p>Det g\u00e4ller att anv\u00e4nda dem strategiskt f\u00f6r att skapa naturliga kopplingar och f\u00f6rst\u00e4rka din betydelse. <\/p>\n\n\n\n<p>Ouppt\u00e4ckbara AI:s <a href=\"https:\/\/undetectable.ai\/sv\/ai-humanizer\" target=\"_blank\" rel=\"noreferrer noopener\">AI Humanizer<\/a> kan hj\u00e4lpa till att j\u00e4mna ut \u00f6verg\u00e5ngar och s\u00e4kerst\u00e4lla naturliga formuleringar kring relativsatser, vilket g\u00f6r att dina texter l\u00e5ter mer konversationsinriktade och mindre robotaktiga.<\/p>\n\n\n\n<p>B\u00f6rja utforska - v\u00e5r AI Detector och Humanizer v\u00e4ntar i widgeten nedan!<\/p>\n\n\n\n<div id=\"uai-widget\" data-affiliate-link=\"https:\/\/undetectable.ai\/?_by=hi4km\"><script>var js = document.createElement(\"script\");js.async = true;js.src = \"https:\/\/widget.undetectable.ai\/js\/widget-loader.js?t=\"+Date.now();document.getElementsByTagName(\"head\")[0].appendChild(js);<\/script><\/div>\n\n\n\n<h2 class=\"wp-block-heading\">Var, n\u00e4r, varf\u00f6r... och vad h\u00e4nder nu?<\/h2>\n\n\n\n<p>Relativa adverb \u00e4r verktyg, inte regler. <\/p>\n\n\n\n<p>De \u00e4r till f\u00f6r att hj\u00e4lpa dig att skapa tydligare och mer sammanh\u00e4ngande texter. Beh\u00e4rska dem och du kommer att m\u00e4rka att dina meningar flyter mer naturligt. Dina l\u00e4sare kommer att tacka dig f\u00f6r att du g\u00f6r deras jobb enklare.<\/p>\n\n\n\n<p>De b\u00e4sta skribenterna anv\u00e4nder relativa adverb instinktivt. De vet n\u00e4r de ska anv\u00e4nda \"n\u00e4r\", var de ska placera \"var\" och varf\u00f6r de ska anv\u00e4nda \"varf\u00f6r\". <\/p>\n\n\n\n<p>Men f\u00f6r att komma till den niv\u00e5n kr\u00e4vs \u00f6vning och uppm\u00e4rksamhet p\u00e5 hur de h\u00e4r sm\u00e5 orden fungerar i meningar.<\/p>\n\n\n\n<p>B\u00f6rja uppm\u00e4rksamma relativa adverb i texter som du beundrar. L\u00e4gg m\u00e4rke till hur de skapar samband och sl\u00e4tar ut potentiellt besv\u00e4rliga \u00f6verg\u00e5ngar. <\/p>\n\n\n\n<p>\u00d6va sedan p\u00e5 att anv\u00e4nda dem i ditt arbete.<\/p>\n\n\n\n<p>Grammatik handlar inte om att f\u00f6lja regler f\u00f6r reglernas skull. Det handlar om kommunikation. <\/p>\n\n\n\n<p>Relativa adverb hj\u00e4lper dig att kommunicera mer effektivt genom att skapa tydliga, logiska kopplingar mellan dina id\u00e9er. Och i en v\u00e4rld full av otydliga och f\u00f6rvirrande texter \u00e4r det en superkraft som \u00e4r v\u00e4rd att utveckla.<\/p>\n\n\n\n<p>Vill du ha hj\u00e4lp med att f\u00e5 dina meningar att l\u00e5ta mer m\u00e4nskliga, naturliga och grammatikkunniga? <\/p>\n\n\n\n<p>F\u00f6rs\u00f6k <a href=\"https:\/\/undetectable.ai\/sv\/\" target=\"_blank\" rel=\"noreferrer noopener\">Ouppt\u00e4ckbara AI:s<\/a> Grammar Checker och AI Humanizer, som \u00e4r byggda f\u00f6r att sl\u00e4ta ut besv\u00e4rliga formuleringar och hj\u00e4lpa dig att skriva b\u00e4ttre.<\/p>\n<!--\nDebug List of Changed Links:\nBefore: https:\/\/undetectable.ai\/ask-ai\nAfter: https:\/\/undetectable.ai\/sv\/ask-ai\nBefore: https:\/\/undetectable.ai\/grammar-checker\nAfter: https:\/\/undetectable.ai\/sv\/grammar-checker\nBefore: https:\/\/undetectable.ai\/ai-humanizer\nAfter: https:\/\/undetectable.ai\/sv\/ai-humanizer\nBefore: https:\/\/undetectable.ai\/\nAfter: https:\/\/undetectable.ai\/sv\/\n-->","protected":false},"excerpt":{"rendered":"","protected":false},"author":15,"featured_media":11619,"comment_status":"closed","ping_status":"closed","sticky":false,"template":"","format":"standard","meta":{"_themeisle_gutenberg_block_has_review":false,"footnotes":""},"categories":[31],"tags":[],"class_list":["post-11614","post","type-post","status-publish","format-standard","has-post-thumbnail","hentry","category-helpful-ai-content-tips"],"_links":{"self":[{"href":"https:\/\/undetectable.ai/blog\/sv\/wp-json\/wp\/v2\/posts\/11614","targetHints":{"allow":["GET"]}}],"collection":[{"href":"https:\/\/undetectable.ai/blog\/sv\/wp-json\/wp\/v2\/posts"}],"about":[{"href":"https:\/\/undetectable.ai/blog\/sv\/wp-json\/wp\/v2\/types\/post"}],"author":[{"embeddable":true,"href":"https:\/\/undetectable.ai/blog\/sv\/wp-json\/wp\/v2\/users\/15"}],"replies":[{"embeddable":true,"href":"https:\/\/undetectable.ai/blog\/sv\/wp-json\/wp\/v2\/comments?post=11614"}],"version-history":[{"count":4,"href":"https:\/\/undetectable.ai/blog\/sv\/wp-json\/wp\/v2\/posts\/11614\/revisions"}],"predecessor-version":[{"id":11622,"href":"https:\/\/undetectable.ai/blog\/sv\/wp-json\/wp\/v2\/posts\/11614\/revisions\/11622"}],"wp:featuredmedia":[{"embeddable":true,"href":"https:\/\/undetectable.ai/blog\/sv\/wp-json\/wp\/v2\/media\/11619"}],"wp:attachment":[{"href":"https:\/\/undetectable.ai/blog\/sv\/wp-json\/wp\/v2\/media?parent=11614"}],"wp:term":[{"taxonomy":"category","embeddable":true,"href":"https:\/\/undetectable.ai/blog\/sv\/wp-json\/wp\/v2\/categories?post=11614"},{"taxonomy":"post_tag","embeddable":true,"href":"https:\/\/undetectable.ai/blog\/sv\/wp-json\/wp\/v2\/tags?post=11614"}],"curies":[{"name":"wp","href":"https:\/\/api.w.org\/{rel}","templated":true}]}}