{"id":11699,"date":"2025-07-10T15:57:43","date_gmt":"2025-07-10T15:57:43","guid":{"rendered":"https:\/\/undetectable.ai/blog\/?p=11699"},"modified":"2025-08-10T17:41:32","modified_gmt":"2025-08-10T17:41:32","slug":"vad-ar-ett-vagt-pronomen","status":"publish","type":"post","link":"https:\/\/undetectable.ai/blog\/sv\/vad-ar-ett-vagt-pronomen","title":{"rendered":"Vad \u00e4r ett vagt pronomen? Verkliga exempel + l\u00f6sningar"},"content":{"rendered":"<p>Minns du avsnittet av <em>V\u00e4nner<\/em> d\u00e4r Ross l\u00e4ser Rachels 18-sidiga brev? Fram och bak?<\/p>\n\n\n\n<p>Senare, n\u00e4r de gr\u00e4lar om det, skriker Ross, <em>\"Det var ett misstag!\" <\/em>Och Rachel g\u00e5r, <em>\"Vad var det?\"<\/em><\/p>\n\n\n\n<p>Pang! Det \u00e4r ett vagt pronomen i aktion.<\/p>\n\n\n\n<p>N\u00e4r Ross sa <em>\"det\"<\/em>...visste han vad han menade. Men Rachel (och \u00e4rligt talat, alla vi som tittade) sa: \"V\u00e4nta... <em>Vad syftar du ens p\u00e5?<\/em><\/p>\n\n\n\n<p>Det \u00e4r hela problemet med vaga pronomen. <\/p>\n\n\n\n<p>Ord som <em>det, det, det,<\/em> eller <em>de<\/em> l\u00e5ter bra i ditt huvud, men om din l\u00e4sare inte vet exakt vad du syftar p\u00e5 faller din mening s\u00f6nder.<\/p>\n\n\n\n<p>I den h\u00e4r bloggen g\u00e5r vi igenom vad som \u00e4r ett vagt pronomen, hur du uppt\u00e4cker ett s\u00e5dant i dina texter och hur du \u00e5tg\u00e4rdar det med hj\u00e4lp av verkliga exempel som \u00e4r l\u00e4tta att f\u00f6lja.<\/p>\n\n\n\n<hr class=\"wp-block-separator has-alpha-channel-opacity\"\/>\n\n\n\n<p class=\"has-text-align-center\"><strong>Viktiga slutsatser<\/strong><\/p>\n\n\n\n<ul class=\"wp-block-list\">\n<li>Ett vagt pronomen \u00e4r n\u00e4r ett ord som den, det, det eller de anv\u00e4nds utan att det tydligt framg\u00e5r vad det syftar p\u00e5.<\/li>\n<\/ul>\n\n\n\n<p><\/p>\n\n\n\n<ul class=\"wp-block-list\">\n<li>Vaga pronomen kan g\u00f6ra det sv\u00e5rt f\u00f6r l\u00e4sarna att f\u00f6rst\u00e5 vem eller vad du pratar om.<\/li>\n<\/ul>\n\n\n\n<p><\/p>\n\n\n\n<ul class=\"wp-block-list\">\n<li>Tydliga texter kr\u00e4ver tydliga pronomen, s\u00e4rskilt i aff\u00e4rssammanhang eller akademiska sammanhang d\u00e4r missf\u00f6rst\u00e5nd kan bli kostsamma.<\/li>\n<\/ul>\n\n\n\n<p><\/p>\n\n\n\n<ul class=\"wp-block-list\">\n<li>Du kan \u00e5tg\u00e4rda vaga pronomen genom att n\u00e4mna exakt den person eller sak du h\u00e4nvisar till eller genom att l\u00e4gga till mer sammanhang.<\/li>\n<\/ul>\n\n\n\n<p><\/p>\n\n\n\n<hr class=\"wp-block-separator has-alpha-channel-opacity\"\/>\n\n\n\n<h2 class=\"wp-block-heading\">Definition av ett vagt pronomen<\/h2>\n\n\n<div class=\"wp-block-image\">\n<figure class=\"aligncenter size-large\"><img loading=\"lazy\" decoding=\"async\" width=\"1024\" height=\"683\" src=\"https:\/\/undetectable.ai/blog\/wp-content\/uploads\/2025\/07\/what-is-a-vague-pronoun-001-1024x683.jpg\" alt=\"\" class=\"wp-image-11711\" title=\"\" srcset=\"https:\/\/undetectable.ai/blog\/wp-content\/uploads\/2025\/07\/what-is-a-vague-pronoun-001-1024x683.jpg 1024w, https:\/\/undetectable.ai/blog\/wp-content\/uploads\/2025\/07\/what-is-a-vague-pronoun-001-300x200.jpg 300w, https:\/\/undetectable.ai/blog\/wp-content\/uploads\/2025\/07\/what-is-a-vague-pronoun-001-768x512.jpg 768w, https:\/\/undetectable.ai/blog\/wp-content\/uploads\/2025\/07\/what-is-a-vague-pronoun-001-18x12.jpg 18w, https:\/\/undetectable.ai/blog\/wp-content\/uploads\/2025\/07\/what-is-a-vague-pronoun-001.jpg 1200w\" sizes=\"auto, (max-width: 1024px) 100vw, 1024px\" \/><\/figure><\/div>\n\n\n<p>Ett vagt pronomen \u00e4r ett pronomen som inte tydligt h\u00e4nvisar till ett specifikt substantiv. Med andra ord l\u00e5ter det din l\u00e4sare undra vem eller vad du pratar om.<em>.<\/em><\/p>\n\n\n\n<p><a href=\"https:\/\/undetectable.ai\/blog\/what-are-pronouns\/\" target=\"_blank\" rel=\"noreferrer noopener\">Pronomen<\/a> som <em>det, detta, det, de, han, hon,<\/em> och <em>som<\/em> \u00e4r avsedda att ers\u00e4tta substantiv, men om det ursprungliga substantivet (som kallas <strong>a<\/strong>nteceden<strong>t<\/strong>) inte \u00e4r tydlig blir din mening f\u00f6rvirrande.<\/p>\n\n\n\n<p>L\u00e4s till exempel den h\u00e4r meningen:<\/p>\n\n\n\n<p><em>Jess sa till Mia att hon beh\u00f6vde arbeta med sitt projekt.<\/em><\/p>\n\n\n\n<p>Vem beh\u00f6vde arbeta med projektet, Jess eller Mia? Pronomenet <em>hon<\/em> \u00e4r vagt h\u00e4r eftersom det kan syfta p\u00e5 vilken person som helst.<\/p>\n\n\n\n<p>Vaga pronomen kanske inte verkar vara n\u00e5gon stor sak, men de kan f\u00f6r\u00e4ndra hela meningen i en mening. <\/p>\n\n\n\n<p>Eller \u00e4nnu v\u00e4rre, de kan g\u00f6ra din publik helt vilsen. Och n\u00e4r du skriver ett e-postmeddelande, ett blogginl\u00e4gg, en skoluppsats eller till och med en bildtext kan du inte kompromissa med tydligheten.<\/p>\n\n\n\n<p>Jag ska visa dig hur du \u00e5tg\u00e4rdar dem h\u00e4rn\u00e4st. Men l\u00e5t oss f\u00f6rst titta p\u00e5 n\u00e5gra verkliga exempel f\u00f6r att se hur vaga pronomen smyger sig in och f\u00f6rst\u00f6r ditt budskap.<\/p>\n\n\n\n<h3 class=\"wp-block-heading\">Vaga eller tydliga h\u00e4nvisningar till pronomen<\/h3>\n\n\n\n<p>Nu vet du att vaga pronomen kan orsaka f\u00f6rvirring, men hur ser ett tydligt pronomen ut i j\u00e4mf\u00f6relse?<\/p>\n\n\n\n<p>Ta den h\u00e4r meningen f\u00f6r att f\u00f6rst\u00e5 vad som \u00e4r en vag pronomenreferens:<\/p>\n\n\n\n<p><strong>\"Teamet mejlade kunden efter att ha g\u00e5tt igenom kontraktet, men de var fortfarande f\u00f6rvirrade.\"<\/strong><\/p>\n\n\n\n<p>Vem \u00e4r <em>de<\/em>? Teamet eller klienten? Det \u00e4r oklart...det \u00e4r ett vagt pronomen.<\/p>\n\n\n\n<p>L\u00e5t oss nu g\u00f6ra det klart:<\/p>\n\n\n\n<p><strong>\"Teamet mejlade kunden efter att ha g\u00e5tt igenom avtalet, men kunden var fortfarande f\u00f6rvirrad.\"<\/strong><\/p>\n\n\n\n<p>Mycket b\u00e4ttre, eller hur? Nu beh\u00f6ver l\u00e4saren inte gissa vem som var f\u00f6rvirrad.<\/p>\n\n\n\n<p>N\u00e4r ett pronomen tydligt kopplas till ett specifikt substantiv flyter din mening b\u00e4ttre och l\u00e4saren stannar kvar hos dig. <\/p>\n\n\n\n<p>Om det finns minsta tvekan \u00e4r det v\u00e4rt att skriva om det f\u00f6r tydlighetens skull.<\/p>\n\n\n\n<h2 class=\"wp-block-heading\">Exempel p\u00e5 vaga pronomen<\/h2>\n\n\n\n<p>H\u00e4r \u00e4r n\u00e5gra vardagliga meningar d\u00e4r vaga pronomen f\u00f6rvirrar din mening:<\/p>\n\n\n\n<ol class=\"wp-block-list\">\n<li><strong>\"Kommitt\u00e9n tr\u00e4ffade styrelsen, men den var inte \u00f6verens.\"<\/strong><strong><br><\/strong> - Vem var inte \u00f6verens - utskottet eller styrelsen? Det <strong><em>den<\/em><\/strong> d\u00f6ljer f\u00f6r mycket.<\/li>\n\n\n\n<li><strong>\"Efter att ha granskat resultaten sa hon att det var b\u00e4ttre att v\u00e4nta.\"<\/strong><strong><br><\/strong> - Vem \u00e4r <em>hon<\/em>? Och vad \u00e4r <em>den<\/em>-Resultaten, tidpunkten eller n\u00e5got helt annat?<\/li>\n\n\n\n<li><strong>\"De lovade att l\u00f6sa problemet, men sedan h\u00e4nde ingenting.\"<\/strong><strong><br><\/strong> - Vem \u00e4r <em>de<\/em>, och vad exakt <em>h\u00e4nde inte<\/em>? Du har tappat bort din l\u00e4sare n\u00e5gonstans.<\/li>\n<\/ol>\n\n\n\n<p>Jag rekommenderar att du anv\u00e4nder Odetekterbara AI: er <a href=\"https:\/\/undetectable.ai\/sv\/ask-ai\" target=\"_blank\" rel=\"noreferrer noopener\">Fr\u00e5ga AI<\/a> verktyg om du har sv\u00e5rt att uppt\u00e4cka dessa vaga pronomen. <\/p>\n\n\n\n<p>Det kan vara en gudag\u00e5va om du anv\u00e4nder det f\u00f6r att markera otydliga pronomenreferenser i sammanhanget.<\/p>\n\n\n<div class=\"wp-block-image\">\n<figure class=\"aligncenter size-large\"><img loading=\"lazy\" decoding=\"async\" width=\"1024\" height=\"297\" src=\"https:\/\/undetectable.ai/blog\/wp-content\/uploads\/2025\/04\/Ask-AI-1024x297.jpg\" alt=\"Sk\u00e4rmdump av Undetectable AI:s &quot;Ask AI&quot;-funktion, som visar ett AI-drivet verktyg f\u00f6r att besvara anv\u00e4ndarnas fr\u00e5gor och generera inneh\u00e5ll\" class=\"wp-image-8150\" title=\"\" srcset=\"https:\/\/undetectable.ai/blog\/wp-content\/uploads\/2025\/04\/Ask-AI-1024x297.jpg 1024w, https:\/\/undetectable.ai/blog\/wp-content\/uploads\/2025\/04\/Ask-AI-300x87.jpg 300w, https:\/\/undetectable.ai/blog\/wp-content\/uploads\/2025\/04\/Ask-AI-768x223.jpg 768w, https:\/\/undetectable.ai/blog\/wp-content\/uploads\/2025\/04\/Ask-AI-1536x445.jpg 1536w, https:\/\/undetectable.ai/blog\/wp-content\/uploads\/2025\/04\/Ask-AI-18x5.jpg 18w, https:\/\/undetectable.ai/blog\/wp-content\/uploads\/2025\/04\/Ask-AI.jpg 1600w\" sizes=\"auto, (max-width: 1024px) 100vw, 1024px\" \/><\/figure><\/div>\n\n\n<p>Bonustips? N\u00e4r du har identifierat ett otydligt pronomen \u00e4r det bara att byta ut det<em> <\/em>med ett tydligt substantiv eller en substantivfras. <\/p>\n\n\n\n<p>Till exempel:<\/p>\n\n\n\n<ul class=\"wp-block-list\">\n<li><strong>Vagt:<\/strong> \"De sa att det skulle bli b\u00e4ttre.\"<\/li>\n\n\n\n<li><strong>Klart:<\/strong> \"Marknadsf\u00f6ringsteamet sa att uppdateringen skulle f\u00f6rb\u00e4ttra kundupplevelsen.\"<\/li>\n<\/ul>\n\n\n\n<h2 class=\"wp-block-heading\">Varf\u00f6r vaga pronomen \u00e4r ett problem<\/h2>\n\n\n\n<p>Vaga pronomen kan verka harml\u00f6sa, men de st\u00f6r avsev\u00e4rt <a href=\"https:\/\/www.writingmastery.com\/blog\/how-to-prevent-dnf-tips-to-keep-readers-hooked\" target=\"_blank\" rel=\"noreferrer noopener\">l\u00e4supplevelse<\/a>. <\/p>\n\n\n\n<p>Du har l\u00e4rt dig vad som \u00e4r ett vagt pronomen. Det \u00e4r dags f\u00f6r dig att f\u00f6rst\u00e5 varf\u00f6r de \u00e4r v\u00e4rda att \u00e5tg\u00e4rda.<\/p>\n\n\n\n<h3 class=\"wp-block-heading\">1. De f\u00f6rvirrar din l\u00e4sare<\/h3>\n\n\n\n<p>Det st\u00f6rsta problemet? Vaga pronomen f\u00e5r din l\u00e4sare att undra <em>som<\/em> eller <em>vad<\/em> du pratar om. <\/p>\n\n\n\n<p>Det g\u00f6r att f\u00f6rst\u00e5elsen g\u00e5r l\u00e5ngsammare och att man tvingas g\u00e5 tillbaka och l\u00e4sa om. I vardaglig kommunikation \u00e4r detta ett snabbt s\u00e4tt att f\u00f6rlora l\u00e4sarens uppm\u00e4rksamhet.<\/p>\n\n\n\n<h3 class=\"wp-block-heading\">2. De f\u00f6rsvagar ditt budskap<\/h3>\n\n\n\n<p>Skrivande som f\u00f6rlitar sig p\u00e5 vaga pronomen k\u00e4nns ofta mjukt eller os\u00e4kert. Ist\u00e4llet f\u00f6r att g\u00f6ra en dj\u00e4rv, tydlig po\u00e4ng begravs din mening under allm\u00e4nna termer som <em>detta<\/em>, <em>att<\/em>, eller <em>den<\/em>. <\/p>\n\n\n\n<p>Det g\u00f6r att det du skriver inte blir lika \u00f6vertygande eller slagkraftigt.<\/p>\n\n\n\n<h3 class=\"wp-block-heading\">3. De f\u00e5r dig att l\u00e5ta oprofessionell<\/h3>\n\n\n\n<p>I aff\u00e4rs-, akademiska eller kundinriktade texter kan otydliga pronomen uppfattas som lata eller slarviga. <\/p>\n\n\n\n<p>L\u00e4sarna kan tro att du inte har korrekturl\u00e4st, eller \u00e4nnu v\u00e4rre, att du inte helt f\u00f6rst\u00e5r vad du s\u00e4ger. Det \u00e4r ett problem n\u00e4r du f\u00f6rs\u00f6ker bygga upp f\u00f6rtroende eller trov\u00e4rdighet.<\/p>\n\n\n\n<h3 class=\"wp-block-heading\">4. De leder till missf\u00f6rst\u00e5nd<\/h3>\n\n\n\n<p>Vagt spr\u00e5k \u00f6ppnar d\u00f6rren f\u00f6r feltolkningar. Ett enda otydligt pronomen kan f\u00f6r\u00e4ndra hela inneb\u00f6rden av en mening, s\u00e4rskilt i instruktioner, kontrakt eller viktig kommunikation.<\/p>\n\n\n\n<h3 class=\"wp-block-heading\">5. De st\u00f6r ton och klarhet<\/h3>\n\n\n\n<p>\u00c4ven i vardagligt skrivande kan ett vagt pronomen g\u00f6ra att en mening k\u00e4nns klumpig eller besv\u00e4rlig. Tydliga referenser g\u00f6r att din ton l\u00e5ter mer sj\u00e4lvs\u00e4ker, genomt\u00e4nkt och l\u00e4tt att f\u00f6lja.<\/p>\n\n\n\n<h2 class=\"wp-block-heading\">Hur man identifierar ett vagt pronomen<\/h2>\n\n\n<div class=\"wp-block-image\">\n<figure class=\"aligncenter size-large\"><img loading=\"lazy\" decoding=\"async\" width=\"1024\" height=\"683\" src=\"https:\/\/undetectable.ai/blog\/wp-content\/uploads\/2025\/07\/vague-pronoun-001-1024x683.jpg\" alt=\"Aff\u00e4rskvinna arbetar med anteckningar p\u00e5 ett kontor\" class=\"wp-image-11715\" title=\"\" srcset=\"https:\/\/undetectable.ai/blog\/wp-content\/uploads\/2025\/07\/vague-pronoun-001-1024x683.jpg 1024w, https:\/\/undetectable.ai/blog\/wp-content\/uploads\/2025\/07\/vague-pronoun-001-300x200.jpg 300w, https:\/\/undetectable.ai/blog\/wp-content\/uploads\/2025\/07\/vague-pronoun-001-768x512.jpg 768w, https:\/\/undetectable.ai/blog\/wp-content\/uploads\/2025\/07\/vague-pronoun-001-18x12.jpg 18w, https:\/\/undetectable.ai/blog\/wp-content\/uploads\/2025\/07\/vague-pronoun-001.jpg 1200w\" sizes=\"auto, (max-width: 1024px) 100vw, 1024px\" \/><\/figure><\/div>\n\n\n<p>Vaga pronomen kan l\u00e4tt slinka f\u00f6rbi om du inte vet vad du ska leta efter.&nbsp;<\/p>\n\n\n\n<p>H\u00e4r \u00e4r hur du hittar dem:<\/p>\n\n\n\n<ul class=\"wp-block-list\">\n<li><strong>Leta efter pronomen som inte har n\u00e5got tydligt substantiv framf\u00f6r sig: <\/strong>Pausa och kontrollera om en mening b\u00f6rjar med <em>det, detta, det, de, han,<\/em> eller <em>hon<\/em>men du \u00e4r inte s\u00e4ker p\u00e5 vem eller vad det syftar p\u00e5. Ett pronomen ska tydligt peka tillbaka p\u00e5 ett specifikt substantiv. Om det inte g\u00f6r det \u00e4r det vagt.<\/li>\n\n\n\n<li><strong>Var uppm\u00e4rksam p\u00e5 om det finns flera substantiv f\u00f6re pronomenet: <\/strong>N\u00e4r mer \u00e4n en person, ett objekt eller en grupp n\u00e4mns och ett pronomen f\u00f6ljer efter, se till att det \u00e4r uppenbart vem eller vad pronomenet syftar p\u00e5.<\/li>\n\n\n\n<li><strong>Markera frist\u00e5ende pronomen i b\u00f6rjan av meningarna: <\/strong>Meningar som b\u00f6rjar med <em>...det h\u00e4r, det d\u00e4r..,<\/em> eller <em>den<\/em> utan sammanhang leder ofta till f\u00f6rvirring. Dessa pronomen beh\u00f6ver en stark koppling till f\u00f6reg\u00e5ende mening.<\/li>\n\n\n\n<li><strong>Kontrollera f\u00f6r l\u00e4sarperspektiv: <\/strong>Du kanske vet vad <em>den<\/em> betyder det i ditt huvud, men skulle n\u00e5gon som l\u00e4ser din mening f\u00f6r f\u00f6rsta g\u00e5ngen f\u00f6rst\u00e5 det direkt? Om inte, \u00e4r det dags att f\u00f6rtydliga.<\/li>\n<\/ul>\n\n\n\n<h2 class=\"wp-block-heading\">S\u00e5 h\u00e4r \u00e5tg\u00e4rdar du ett vagt pronomen<\/h2>\n\n\n\n<p>S\u00e5 du har uppt\u00e4ckt ett vagt pronomen i din mening. Vad h\u00e4nder nu d\u00e5?<\/p>\n\n\n\n<p>Den goda nyheten \u00e4r att det inte kr\u00e4vs n\u00e5gon kunskap om vaga pronomen f\u00f6r att \u00e5tg\u00e4rda <a href=\"https:\/\/undetectable.ai\/blog\/grammar-rules\/\" target=\"_blank\" rel=\"noreferrer noopener\">grammatikregler<\/a>. <\/p>\n\n\n\n<p>F\u00f6r det mesta handlar det bara om att fr\u00e5ga sig sj\u00e4lv om n\u00e5gon annan skulle f\u00f6rst\u00e5 vad du pratar om h\u00e4r.<\/p>\n\n\n\n<p>Prova de h\u00e4r:<\/p>\n\n\n\n<ol class=\"wp-block-list\">\n<li>S\u00e4g exakt vem eller vad du menar<\/li>\n<\/ol>\n\n\n\n<p>Det h\u00e4r \u00e4r den enklaste (och ofta b\u00e4sta) l\u00f6sningen. Om ditt pronomen \u00e4r vagt ers\u00e4tter du det bara med det specifika substantiv som det \u00e4r avsett att referera till.<\/p>\n\n\n\n<p><strong>Vagt:<\/strong> <em>\"De sa att det var en d\u00e5lig id\u00e9.\"<\/em><em><br><\/em><strong>Klart:<\/strong> <em>\"Styrelsen sa att budgetf\u00f6rslaget var en d\u00e5lig id\u00e9.\"<\/em><\/p>\n\n\n\n<p>Visst, det l\u00e4gger till n\u00e5gra fler ord, men det g\u00f6r din mening 100% tydlig.<\/p>\n\n\n\n<ol start=\"2\" class=\"wp-block-list\">\n<li>L\u00e4gg till lite kontext<\/li>\n<\/ol>\n\n\n\n<p>Ibland beh\u00f6ver meningen bara lite mer information s\u00e5 att l\u00e4saren inte l\u00e4mnas i ovisshet.<\/p>\n\n\n\n<p><strong>Vagt:<\/strong> <em>\"Efter att Mia pratat med Clara \u00e4ndrade hon sig.\"<\/em><em><br><\/em><strong>B\u00e4ttre:<\/strong> <em>\"Efter att Mia pratat med Clara \u00e4ndrade hon sig om schemat.\"<\/em><\/p>\n\n\n\n<p>Nu beh\u00f6ver vi inte l\u00e4ngre f\u00f6rs\u00f6ka gissa vem som gjorde vad.<\/p>\n\n\n\n<ol start=\"3\" class=\"wp-block-list\">\n<li>Para ihop \"det h\u00e4r\" eller \"det d\u00e4r\" med ett substantiv<\/li>\n<\/ol>\n\n\n\n<p>Ord som <em>detta<\/em> eller <em>att<\/em> kan l\u00e5ta vaga om de bara flyter omkring i en mening f\u00f6r sig sj\u00e4lva. Para ist\u00e4llet ihop dem med ett beskrivande substantiv.<\/p>\n\n\n\n<p><strong>Vagt:<\/strong> <em>\"Det h\u00e4r var irriterande.\"<\/em><em><br><\/em> <strong>Klart:<\/strong> <em>\"Den h\u00e4r f\u00f6rseningen i leveransprocessen var irriterande.\"<\/em><\/p>\n\n\n\n<p>Det ger klarhet och f\u00e5r din mening att l\u00e5ta mer genomt\u00e4nkt och polerad.<\/p>\n\n\n\n<ol start=\"4\" class=\"wp-block-list\">\n<li>Dela upp l\u00e5nga, f\u00f6rvirrande meningar<\/li>\n<\/ol>\n\n\n\n<p>Om en mening \u00e4r \u00f6verlastad med m\u00e4nniskor, saker eller id\u00e9er och du anv\u00e4nder ett pronomen f\u00f6r att sammanfatta allt, \u00e4r det f\u00f6rmodligen b\u00e4ttre att dela upp den i tv\u00e5 enklare tankar.<\/p>\n\n\n\n<p><strong>Vagt:<\/strong> <em>\"Taylor tr\u00e4ffade finans- och marknadsf\u00f6ringsteamen f\u00f6re lanseringen, men de var inte s\u00e4kra p\u00e5 att det var klart.\"<\/em><\/p>\n\n\n\n<p>S\u00e5... vem var inte s\u00e4ker? Vad var inte redo?<\/p>\n\n\n\n<p><strong>Klart:<\/strong> <em>\"Taylor tr\u00e4ffade ekonomi- och marknadsavdelningarna f\u00f6re lanseringen. Marknadsf\u00f6ringsteamet var inte s\u00e4kra p\u00e5 att webbplatsen var klar.\"<\/em><\/p>\n\n\n\n<p>Kortare, renare, tydligare.<\/p>\n\n\n\n<h2 class=\"wp-block-heading\">Vaga pronomen i akademiska texter och aff\u00e4rstexter<\/h2>\n\n\n\n<p>I vardagligt skrivande kan ett vagt pronomen orsaka en stunds f\u00f6rvirring. <\/p>\n\n\n\n<p>Men i akademiska eller aff\u00e4rsm\u00e4ssiga sammanhang kan det g\u00f6ra mycket mer skada.<\/p>\n\n\n\n<p>N\u00e4r du \u00e4r <a href=\"https:\/\/undetectable.ai\/blog\/how-to-write-a-research-proposal\/\" target=\"_blank\" rel=\"noreferrer noopener\">skriva ett forskningsf\u00f6rslag<\/a> eller ett dokument, en kundrapport eller ett internt memo m\u00e5ste varje ord vara tydligt eftersom otydligt spr\u00e5k kan leda till feltolkningar, d\u00e5liga beslut eller minskad trov\u00e4rdighet.<\/p>\n\n\n\n<p>Meningar som <em>\"De best\u00e4mde sig f\u00f6r att det inte var en bra id\u00e9\"<\/em> kanske l\u00e5ter vettigt i ditt huvud, men i ett professionellt sammanhang l\u00e4mnar den typen av vaghet folk att gissa: Vem best\u00e4mde? Vad var inte en bra id\u00e9?<\/p>\n\n\n\n<p>I akademiska texter f\u00f6rsvagar vaga pronomen dina argument. En mening som <em>\"Detta bevisar teorin\"<\/em> \u00e4r inte stark om det inte \u00e4r tydligt vad <strong><em>detta<\/em><\/strong> faktiskt h\u00e4nvisar till.<\/p>\n\n\n\n<p>Granskare och professorer f\u00f6rv\u00e4ntar sig precision. Om de m\u00e5ste ta en paus f\u00f6r att f\u00f6rst\u00e5 vad du menade f\u00f6rlorar din po\u00e4ng i kraft.<\/p>\n\n\n\n<p>I aff\u00e4rsjournalistik \u00e4r riskerna \u00e4nnu st\u00f6rre. <\/p>\n\n\n\n<p>Om en rapport inneh\u00e5ller <em>de<\/em> eller <em>den<\/em> utan en tydlig referens kan det leda till missf\u00f6rst\u00e5nd mellan team eller avdelningar.<\/p>\n\n\n\n<p>Om du vill ha hj\u00e4lp med att se till att dina pronomen \u00e4r tydliga kan du anv\u00e4nda Undetectable AI:s <a href=\"https:\/\/undetectable.ai\/sv\/ai-chat\" target=\"_blank\" rel=\"noreferrer noopener\">AI-chatt<\/a>. Det \u00e4r en smart skrivassistent som ger dig omedelbar, interaktiv feedback.<\/p>\n\n\n\n<p>Du kan klistra in en mening och fr\u00e5ga saker som, <em>\"\u00c4r det f\u00f6rst\u00e5tt?\"<\/em> eller <em>\"\u00c4r min anv\u00e4ndning av \"de\" f\u00f6r vag?\"<\/em> och den kommer att peka ut exakt var tydligheten saknas.<\/p>\n\n\n<div class=\"wp-block-image\">\n<figure class=\"aligncenter size-large\"><img decoding=\"async\" src=\"https:\/\/undetectable.ai/blog\/wp-content\/uploads\/2025\/05\/UA-AI-Chat-1024x481.jpg\" alt=\"Sk\u00e4rmdump av gr\u00e4nssnittet f\u00f6r huvudinstrumentpanelen f\u00f6r Undetectable AI Chat\" class=\"wp-image-9606\" title=\"\"><\/figure><\/div>\n\n\n<p>Uppt\u00e4ck AI-genererat inneh\u00e5ll och humanisera det utan problem - kom ig\u00e5ng nedan.<\/p>\n\n\n\n<div id=\"uai-widget\" data-affiliate-link=\"https:\/\/undetectable.ai\/?_by=hi4km\"><script>var js = document.createElement(\"script\");js.async = true;js.src = \"https:\/\/widget.undetectable.ai\/js\/widget-loader.js?t=\"+Date.now();document.getElementsByTagName(\"head\")[0].appendChild(js);<\/script><\/div>\n\n\n\n<h2 class=\"wp-block-heading\">Vanliga fr\u00e5gor om vaga pronomen<\/h2>\n\n\n<div id=\"rank-math-faq\" class=\"rank-math-block\">\n<div class=\"rank-math-list\">\n<div id=\"faq-question-1753286738448\" class=\"rank-math-list-item\">\n<h3 class=\"rank-math-question\">\u00c4r alla pronomen potentiellt vaga?<\/h3>\n<div class=\"rank-math-answer\">\n\n<p>Ja, det \u00e4r det. Alla pronomen kan vara vaga om substantivet som det h\u00e4nvisar till inte \u00e4r tydligt angivet eller uppenbart i det omgivande sammanhanget.<\/p>\n\n<\/div>\n<\/div>\n<div id=\"faq-question-1753286749292\" class=\"rank-math-list-item\">\n<h3 class=\"rank-math-question\">Kan du anv\u00e4nda \"det\" eller \"de\" i b\u00f6rjan av en mening?<\/h3>\n<div class=\"rank-math-answer\">\n\n<p>Ja, men bara om det substantiv som avses framg\u00e5r tydligt av f\u00f6reg\u00e5ende mening eller omedelbart f\u00f6rst\u00e5s av l\u00e4saren. Annars blir pronomenet vagt.<\/p>\n\n<\/div>\n<\/div>\n<div id=\"faq-question-1753286759206\" class=\"rank-math-list-item\">\n<h3 class=\"rank-math-question\">Hur vet du n\u00e4r en l\u00e4sare kan vara f\u00f6rvirrad?<\/h3>\n<div class=\"rank-math-answer\">\n\n<p>Om en mening har flera substantiv f\u00f6re pronomenet, eller om referensen inte \u00e4r uppenbar, kommer l\u00e4saren sannolikt att bli f\u00f6rvirrad.<\/p>\n\n<\/div>\n<\/div>\n<div id=\"faq-question-1753286771586\" class=\"rank-math-list-item\">\n<h3 class=\"rank-math-question\">\u00c4r vaga pronomen acceptabla i vardagligt skrivande?<\/h3>\n<div class=\"rank-math-answer\">\n\n<p>Ibland, ja. I vardagligt skrivande eller samtal tolereras ofta en viss tvetydighet, men tydlighet \u00e4r \u00e4nd\u00e5 b\u00e4ttre f\u00f6r effektiv kommunikation.<\/p>\n\n<\/div>\n<\/div>\n<\/div>\n<\/div>\n\n\n<h2 class=\"wp-block-heading\">Avslutande tankar<\/h2>\n\n\n\n<p>Det \u00e4r verkligen vilt hur ett enda ord som det eller de kan kasta bort hela din po\u00e4ng om det inte \u00e4r klart vem du pratar om. <\/p>\n\n\n\n<p>Ett enda vagt ord kan g\u00f6ra att din mening k\u00e4nns tydlig eller helt bortgl\u00f6md.<\/p>\n\n\n\n<p>S\u00e5 n\u00e4sta g\u00e5ng du undrar vad ett vagt pronomen \u00e4r, kom ih\u00e5g: det \u00e4r inte bara en spr\u00e5kfr\u00e5ga, det \u00e4r en klarhetsfr\u00e5ga. <\/p>\n\n\n\n<p>Och tydlighet vinner alltid. F\u00f6r ju tydligare du skriver, desto starkare blir ditt budskap.<\/p>\n\n\n\n<p>L\u00e5t <a href=\"https:\/\/undetectable.ai\/sv\/\" target=\"_blank\" data-type=\"link\" data-id=\"https:\/\/undetectable.ai\/sv\/\" rel=\"noreferrer noopener\">Odetekterbar AI<\/a> hj\u00e4lper dig att skriva med klarhet, varje g\u00e5ng.<\/p>\n<!--\nDebug List of Changed Links:\nBefore: https:\/\/undetectable.ai\/ask-ai\nAfter: https:\/\/undetectable.ai\/sv\/ask-ai\nBefore: https:\/\/undetectable.ai\/ai-chat\nAfter: https:\/\/undetectable.ai\/sv\/ai-chat\nBefore: https:\/\/undetectable.ai\/\nAfter: https:\/\/undetectable.ai\/sv\/\n-->","protected":false},"excerpt":{"rendered":"","protected":false},"author":15,"featured_media":11713,"comment_status":"closed","ping_status":"closed","sticky":false,"template":"","format":"standard","meta":{"_themeisle_gutenberg_block_has_review":false,"footnotes":""},"categories":[31],"tags":[],"class_list":["post-11699","post","type-post","status-publish","format-standard","has-post-thumbnail","hentry","category-helpful-ai-content-tips"],"_links":{"self":[{"href":"https:\/\/undetectable.ai/blog\/sv\/wp-json\/wp\/v2\/posts\/11699","targetHints":{"allow":["GET"]}}],"collection":[{"href":"https:\/\/undetectable.ai/blog\/sv\/wp-json\/wp\/v2\/posts"}],"about":[{"href":"https:\/\/undetectable.ai/blog\/sv\/wp-json\/wp\/v2\/types\/post"}],"author":[{"embeddable":true,"href":"https:\/\/undetectable.ai/blog\/sv\/wp-json\/wp\/v2\/users\/15"}],"replies":[{"embeddable":true,"href":"https:\/\/undetectable.ai/blog\/sv\/wp-json\/wp\/v2\/comments?post=11699"}],"version-history":[{"count":9,"href":"https:\/\/undetectable.ai/blog\/sv\/wp-json\/wp\/v2\/posts\/11699\/revisions"}],"predecessor-version":[{"id":11716,"href":"https:\/\/undetectable.ai/blog\/sv\/wp-json\/wp\/v2\/posts\/11699\/revisions\/11716"}],"wp:featuredmedia":[{"embeddable":true,"href":"https:\/\/undetectable.ai/blog\/sv\/wp-json\/wp\/v2\/media\/11713"}],"wp:attachment":[{"href":"https:\/\/undetectable.ai/blog\/sv\/wp-json\/wp\/v2\/media?parent=11699"}],"wp:term":[{"taxonomy":"category","embeddable":true,"href":"https:\/\/undetectable.ai/blog\/sv\/wp-json\/wp\/v2\/categories?post=11699"},{"taxonomy":"post_tag","embeddable":true,"href":"https:\/\/undetectable.ai/blog\/sv\/wp-json\/wp\/v2\/tags?post=11699"}],"curies":[{"name":"wp","href":"https:\/\/api.w.org\/{rel}","templated":true}]}}