{"id":11761,"date":"2025-07-11T13:53:21","date_gmt":"2025-07-11T13:53:21","guid":{"rendered":"https:\/\/undetectable.ai/blog\/?p=11761"},"modified":"2025-10-28T17:47:21","modified_gmt":"2025-10-28T17:47:21","slug":"konjunktivt-adverb","status":"publish","type":"post","link":"https:\/\/undetectable.ai/blog\/sv\/konjunktivt-adverb","title":{"rendered":"Konjunktiva adverb f\u00f6rklarade med tydliga exempel"},"content":{"rendered":"<p>Vad \u00e4r ett konjunktivt adverb? Hur kan det bidra till att g\u00f6ra ditt skrivande b\u00e4ttre? <\/p>\n\n\n\n<p>G\u00e5 inte n\u00e5gonstans; den h\u00e4r artikeln kommer att l\u00e4ra dig hur du kan anv\u00e4nda konjunktiva adverb korrekt. <\/p>\n\n\n\n<p>Det \u00e4r ett av de viktigaste uttrycken som ger ditt skrivande flyt och g\u00f6r det mer begripligt och professionellt.&nbsp;<\/p>\n\n\n\n<hr class=\"wp-block-separator has-alpha-channel-opacity\"\/>\n\n\n\n<p class=\"has-text-align-center\"><strong>Viktiga slutsatser<\/strong><\/p>\n\n\n\n<ul class=\"wp-block-list\">\n<li>Konjunktiva adverb kombinerar tv\u00e5 separata meningar eller satser.<\/li>\n<\/ul>\n\n\n\n<p><\/p>\n\n\n\n<ul class=\"wp-block-list\">\n<li>De representerar relationer som kontrast, orsak och verkan eller tid.<\/li>\n<\/ul>\n\n\n\n<p><\/p>\n\n\n\n<ul class=\"wp-block-list\">\n<li>De m\u00e5ste placeras med korrekt skiljetecken, t.ex. semikolon eller kommatecken.&nbsp;<\/li>\n<\/ul>\n\n\n\n<p><\/p>\n\n\n\n<ul class=\"wp-block-list\">\n<li>Konjunktiva adverbial kan placeras i b\u00f6rjan, mitten eller slutet av en mening.&nbsp;<\/li>\n<\/ul>\n\n\n\n<p><\/p>\n\n\n\n<ul class=\"wp-block-list\">\n<li>De bidrar till att g\u00f6ra ditt skrivande mer l\u00e4ttflytande och underl\u00e4ttar f\u00f6rst\u00e5elsen.<\/li>\n<\/ul>\n\n\n\n<p><\/p>\n\n\n\n<hr class=\"wp-block-separator has-alpha-channel-opacity\"\/>\n\n\n\n<h2 class=\"wp-block-heading\">Vad \u00e4r ett konjunktivt adverb?&nbsp;<\/h2>\n\n\n\n<p>Ett konjunktivt adverb \u00e4r en term eller fras som sammanfogar tv\u00e5 oberoende meningar och som ocks\u00e5 visar relationen mellan tv\u00e5 meningar. <\/p>\n\n\n\n<p>Du kan till exempel s\u00e4ga&nbsp;<\/p>\n\n\n\n<ul class=\"wp-block-list\">\n<li>Han best\u00e4mde sig f\u00f6r att ta en promenad, men det b\u00f6rjade regna.<\/li>\n\n\n\n<li>Han bad mig \u00e5terkomma kl. 13.00, men han d\u00f6k upp kl. 15.00.&nbsp;<\/li>\n<\/ul>\n\n\n\n<h3 class=\"wp-block-heading\">Hur de skiljer sig fr\u00e5n samordnande konjunktioner&nbsp;<\/h3>\n\n\n\n<p>Konjunktiva adverb brukar j\u00e4mf\u00f6ras med samordnande konjunktioner som \"och\" eller \"men\". De \u00e4r inte likadana, men de \u00e4r besl\u00e4ktade. <\/p>\n\n\n\n<p>Samordnande konjunktioner kan anv\u00e4ndas f\u00f6r att f\u00f6rena tv\u00e5 sj\u00e4lvst\u00e4ndiga satser och l\u00e4gga lika stor vikt vid b\u00e5da. Det kan uttryckas som:<\/p>\n\n\n\n<ul class=\"wp-block-list\">\n<li>Peter \u00f6vade fl\u00f6jt p\u00e5 egen hand och nu l\u00e4r han sig spela piano.<\/li>\n\n\n\n<li>Jag var tr\u00f6tt, men jag slutf\u00f6rde mina uppgifter.&nbsp;<\/li>\n<\/ul>\n\n\n\n<p>Alternativt kan konjunktiva adverb f\u00e4sta tv\u00e5 frist\u00e5ende satser och ange f\u00f6rh\u00e5llandet mellan dem. <\/p>\n\n\n\n<p>Du kan ocks\u00e5 visa f\u00f6rh\u00e5llandet mellan tv\u00e5 enskilda satser genom att g\u00f6ra uttalanden som&nbsp;<\/p>\n\n\n\n<ul class=\"wp-block-list\">\n<li>Claudia \u00e4lskar att springa varje morgon, men hon tar aldrig samma rutt tv\u00e5 g\u00e5nger.<\/li>\n\n\n\n<li>Jag var tr\u00f6tt, men jag slutf\u00f6rde \u00e4nd\u00e5 mina uppgifter.<\/li>\n<\/ul>\n\n\n\n<p>I det h\u00e4r exemplet visar \"men\", l\u00e4nken mellan de tv\u00e5 satserna, ocks\u00e5 hur Claudia utf\u00f6r sin morgonl\u00f6pning. <\/p>\n\n\n\n<p>Skiljeteckenstilen varierar n\u00e4r samordnande konjunktioner anv\u00e4nds. Det konjunktiva adverbet st\u00e5r efter semikolon och f\u00f6re kommatecken f\u00f6r att binda samman tv\u00e5 meningar.&nbsp;&nbsp;<\/p>\n\n\n\n<h2 class=\"wp-block-heading\">Lista \u00f6ver vanliga konjunktiva adverb&nbsp;<\/h2>\n\n\n<div class=\"wp-block-image\">\n<figure class=\"aligncenter size-large\"><img loading=\"lazy\" decoding=\"async\" width=\"1024\" height=\"683\" src=\"https:\/\/undetectable.ai/blog\/wp-content\/uploads\/2025\/07\/conjunctive-adverb-003-1024x683.jpg\" alt=\"Ton\u00e5rsv\u00e4nner l\u00e4ser n\u00e4ra r\u00e4cke\" class=\"wp-image-11777\" title=\"\" srcset=\"https:\/\/undetectable.ai/blog\/wp-content\/uploads\/2025\/07\/conjunctive-adverb-003-1024x683.jpg 1024w, https:\/\/undetectable.ai/blog\/wp-content\/uploads\/2025\/07\/conjunctive-adverb-003-300x200.jpg 300w, https:\/\/undetectable.ai/blog\/wp-content\/uploads\/2025\/07\/conjunctive-adverb-003-768x512.jpg 768w, https:\/\/undetectable.ai/blog\/wp-content\/uploads\/2025\/07\/conjunctive-adverb-003-18x12.jpg 18w, https:\/\/undetectable.ai/blog\/wp-content\/uploads\/2025\/07\/conjunctive-adverb-003.jpg 1200w\" sizes=\"auto, (max-width: 1024px) 100vw, 1024px\" \/><\/figure><\/div>\n\n\n<p>Nedan finns en lista \u00f6ver vanliga konjunktiva adverb. L\u00e5t oss komma in i det.<\/p>\n\n\n\n<h3 class=\"wp-block-heading\">Till\u00e4gg<\/h3>\n\n\n\n<p>Ord som \"moreover\" eller \"furthermore\" kan anv\u00e4ndas f\u00f6r att l\u00e4gga till extra information eller utveckla den ursprungliga id\u00e9n. <\/p>\n\n\n\n<p>Dessa konjunktiva adverb kommer v\u00e4l till pass n\u00e4r du f\u00f6rs\u00f6ker bygga upp en argumentation eller r\u00e4kna upp f\u00f6rdelar med ett objekt<\/p>\n\n\n\n<p>Anv\u00e4ndningen av moreover l\u00e4gger st\u00f6rre vikt vid den punkt som underbygger det tidigare uttalandet. <\/p>\n\n\n\n<p>\"Dessutom\" ger ytterligare information till den redan f\u00f6reslagna id\u00e9n. Uttrycket \"Dessutom\" har en liten skillnad i det att det hj\u00e4lper till att l\u00e4gga till ytterligare en punkt i meningen.&nbsp;<\/p>\n\n\n\n<p><strong>Till exempel:<\/strong><\/p>\n\n\n\n<ul class=\"wp-block-list\">\n<li>Hon \u00e4r en bra student; <strong>dessutom<\/strong>Hon arbetar som volont\u00e4r p\u00e5 det lokala biblioteket.&nbsp;<\/li>\n\n\n\n<li>Det \u00e4r en billig restaurang; <strong>dessutom<\/strong>, tj\u00e4nsten \u00e4r bra.<\/li>\n\n\n\n<li>Den nya policyn kommer att spara pengar; <strong>dessutom<\/strong>, kommer det att f\u00f6rb\u00e4ttra tillv\u00e4xten.&nbsp;<\/li>\n<\/ul>\n\n\n\n<h3 class=\"wp-block-heading\">Kontrast&nbsp;<\/h3>\n\n\n\n<p>Konjunktiva adverb kan anv\u00e4ndas som en kontrast som illustrerar en annan eller motsatt id\u00e9 till den f\u00f6rsta punkten som g\u00f6rs. <\/p>\n\n\n\n<p>Exempel p\u00e5 s\u00e5dana \u00e4r \"men\", \"\u00e4nd\u00e5\" och \"\u00e5 andra sidan\". De hj\u00e4lper till att visa ett annat koncept \u00e4n det som har n\u00e4mnts.&nbsp;<\/p>\n\n\n\n<p>De kan dock leda till olika resultat beroende p\u00e5 hur du formulerar dina meningar.&nbsp;<\/p>\n\n\n\n<p>\"Men\" visar vanligtvis att det finns en ov\u00e4ntad v\u00e4ndning. Men \"\u00e4nd\u00e5\" anv\u00e4nds vanligtvis f\u00f6r att indikera att \u00e4mnet inte gav upp \u00e4ven inf\u00f6r en hicka.<\/p>\n\n\n\n<p>Genom att anv\u00e4nda \"\u00e5 andra sidan\" kan du presentera en alternativ synvinkel eller ett motargument.&nbsp;&nbsp;<\/p>\n\n\n\n<p><strong>Exempel p\u00e5 detta: <\/strong>&nbsp;<\/p>\n\n\n\n<ul class=\"wp-block-list\">\n<li>Dagen har varit solig; <strong>dock<\/strong>, det regnade hela kv\u00e4llen.<\/li>\n\n\n\n<li>Det regnade under fotbollsmatchen; <strong>\u00e4nd\u00e5<\/strong>avslutade spelarna matchen.<\/li>\n\n\n\n<li>Stadslivet \u00e4r superkul; <strong>\u00e5 andra sidan<\/strong>kan det vara mycket h\u00f6gljutt.<\/li>\n<\/ul>\n\n\n\n<p>Ovanst\u00e5ende \u00e4r de b\u00e4sta exemplen p\u00e5 att visa vad som \u00e4r ett konjunktivt adverb i kontrast eller balans mellan tv\u00e5 sidor av ett argument.<\/p>\n\n\n\n<h3 class=\"wp-block-heading\">Orsak och verkan<\/h3>\n\n\n\n<p>Fler exempel p\u00e5 konjunktiva adverb inkluderar d\u00e4rf\u00f6r, s\u00e5ledes, f\u00f6ljaktligen. <\/p>\n\n\n\n<p>Du kan anv\u00e4nda dem f\u00f6r att relatera en handling eller situation till ett resultat eller en konsekvens. \"D\u00e4rf\u00f6r\" visar att det som kommer h\u00e4rn\u00e4st \u00e4r en logisk slutsats. <\/p>\n\n\n\n<p>\"Thus\" liknar \"therefore\", men anv\u00e4nds ofta mer i formella eller vetenskapliga publikationer. \"F\u00f6ljaktligen\" understryker att n\u00e5got intr\u00e4ffade som ett direkt resultat.<\/p>\n\n\n\n<p><strong>Exempel p\u00e5 detta:&nbsp;<\/strong><\/p>\n\n\n\n<ul class=\"wp-block-list\">\n<li>Maten blev br\u00e4nd; <strong>d\u00e4rf\u00f6r<\/strong>...skulle vi sv\u00e4lta.<\/li>\n\n\n\n<li>Trafiken var t\u00e4t; <strong>d\u00e4rmed<\/strong>...arbetarna var sena till m\u00f6tet.<\/li>\n\n\n\n<li>Han var aldrig f\u00f6rberedd; <strong>f\u00f6ljaktligen<\/strong>Han klarade inte provet.<\/li>\n<\/ul>\n\n\n\n<p>Sammantaget tydligg\u00f6r dessa dina orsakssamband och f\u00e5r dem att se professionella ut.<\/p>\n\n\n\n<h3 class=\"wp-block-heading\">Sekvens och tid<\/h3>\n\n\n\n<p>Ett annat s\u00e4tt att anv\u00e4nda konjunktiva adverb i en mening \u00e4r att f\u00f6rklara sekvens och tid. <\/p>\n\n\n\n<p>\"Sedan\", \"Under tiden\" och \"N\u00e4sta\" \u00e4r adverb som visar n\u00e4r h\u00e4ndelser sker i en sekvens eller vad som h\u00e4nder samtidigt. <\/p>\n\n\n\n<p>N\u00e4r du anv\u00e4nder \"Then\" visar det vad som kommer att h\u00e4nda h\u00e4rn\u00e4st i en sekvens. Om du anv\u00e4nder \"under tiden\" vill du visa att flera h\u00e4ndelser intr\u00e4ffar samtidigt.&nbsp;<\/p>\n\n\n\n<p><strong>Exempel p\u00e5 detta:<\/strong><\/p>\n\n\n\n<ul class=\"wp-block-list\">\n<li>Hon avslutade sitt skolarbete, <strong>d\u00e5<\/strong> gick hon till mixerbordet.<\/li>\n\n\n\n<li>Sarah tillagade steken; <strong>under tiden<\/strong>Mark dukade bordet.<\/li>\n<\/ul>\n\n\n\n<p>Dessa adverb kan anv\u00e4ndas i instruktioner, guider eller beskrivande texter f\u00f6r att f\u00f6rklara steg i ordning.&nbsp;<\/p>\n\n\n\n<p>Antag att du fortfarande \u00e4r intresserad av att l\u00e4ra dig att skilja konjunktiva adverb, och du undrar \u00e4r \u00e4ven om ett konjunktivt adverb? <\/p>\n\n\n\n<p>Anv\u00e4nd det om\u00f6jliga att uppt\u00e4cka <a href=\"https:\/\/undetectable.ai\/sv\/ask-ai\" target=\"_blank\" rel=\"noreferrer noopener\">Fr\u00e5ga AI<\/a> att klarg\u00f6ra och skilja p\u00e5 konjunktiva adverb och vilka ord som passar en menings syfte.&nbsp;<\/p>\n\n\n<div class=\"wp-block-image\">\n<figure class=\"aligncenter size-large\"><img loading=\"lazy\" decoding=\"async\" width=\"1024\" height=\"297\" src=\"https:\/\/undetectable.ai/blog\/wp-content\/uploads\/2025\/04\/Ask-AI-1024x297.jpg\" alt=\"Sk\u00e4rmdump av Undetectable AI:s &quot;Ask AI&quot;-funktion, som visar ett AI-drivet verktyg f\u00f6r att besvara anv\u00e4ndarnas fr\u00e5gor och generera inneh\u00e5ll\" class=\"wp-image-8150\" title=\"\" srcset=\"https:\/\/undetectable.ai/blog\/wp-content\/uploads\/2025\/04\/Ask-AI-1024x297.jpg 1024w, https:\/\/undetectable.ai/blog\/wp-content\/uploads\/2025\/04\/Ask-AI-300x87.jpg 300w, https:\/\/undetectable.ai/blog\/wp-content\/uploads\/2025\/04\/Ask-AI-768x223.jpg 768w, https:\/\/undetectable.ai/blog\/wp-content\/uploads\/2025\/04\/Ask-AI-1536x445.jpg 1536w, https:\/\/undetectable.ai/blog\/wp-content\/uploads\/2025\/04\/Ask-AI-18x5.jpg 18w, https:\/\/undetectable.ai/blog\/wp-content\/uploads\/2025\/04\/Ask-AI.jpg 1600w\" sizes=\"auto, (max-width: 1024px) 100vw, 1024px\" \/><\/figure><\/div>\n\n\n<h2 class=\"wp-block-heading\">Hur man anv\u00e4nder konjunktiva adverb korrekt&nbsp;<\/h2>\n\n\n\n<p>F\u00f6r att hantera konjunktiva adverb m\u00e5ste du vara uppm\u00e4rksam p\u00e5 ordets placering i meningen och p\u00e5 <a href=\"https:\/\/undetectable.ai\/blog\/what-is-a-verb\/\" target=\"_blank\" rel=\"noreferrer noopener\">skiljetecken f\u00f6r adverb<\/a>. <\/p>\n\n\n\n<p>Nedan f\u00f6ljer exempel p\u00e5 regler f\u00f6r placering och skiljetecken.&nbsp;&nbsp;<\/p>\n\n\n\n<h3 class=\"wp-block-heading\">Placering i en mening&nbsp;<\/h3>\n\n\n\n<p>Du kan placera konjunktiva adverb i b\u00f6rjan av en mening eller i mitten av en mening eller ett stycke. <\/p>\n\n\n\n<p>Beslutet baseras p\u00e5 vilket koncept du f\u00f6redrar att lyfta fram eller hur du vill att dina tankar ska fl\u00f6da. <\/p>\n\n\n\n<p>Den vanligaste placeringen \u00e4r mitt i eller i b\u00f6rjan av meningen.&nbsp;&nbsp;<\/p>\n\n\n\n<p>En annan sak att vara uppm\u00e4rksam p\u00e5 \u00e4r hur man alltid <a href=\"https:\/\/undetectable.ai\/sv\/human-auto-typer-for-docs\" target=\"_blank\" rel=\"noreferrer noopener\">matcha skiljetecknen<\/a> till placeringen av det konjunktiva adverbet. <\/p>\n\n\n\n<p>Detta inneb\u00e4r helt enkelt att du anv\u00e4nder ett kommatecken i b\u00f6rjan av en sats eller efter ett semikolon. Du kan ocks\u00e5 s\u00e4tta kommatecken runt om det avbryter satsen.&nbsp;<\/p>\n\n\n\n<ul class=\"wp-block-list\">\n<li>Laget var tr\u00f6tt; <strong>dock<\/strong>fortsatte de att \u00f6va.<\/li>\n<\/ul>\n\n\n\n<h3 class=\"wp-block-heading\">Regler f\u00f6r skiljetecken (kommatecken eller semikolon?)<\/h3>\n\n\n\n<p>De flesta undrar ofta n\u00e4r man ska anv\u00e4nda kommatecken och semikolon p\u00e5 r\u00e4tt s\u00e4tt n\u00e4r man placerar konjunktiva adverb i en mening. <\/p>\n\n\n\n<p>Den stora fr\u00e5gan \u00e4r om du kopplar samman separata satser eller \u00e4ndrar inom meningen. <\/p>\n\n\n\n<p>De tre formaten \u00e4r f\u00f6ljande:&nbsp;<\/p>\n\n\n\n<ol class=\"wp-block-list\">\n<li><strong>Bryta en sats med ett konjunktionsverb:<\/strong> I denna typ av stil \u00e4r en <a href=\"https:\/\/writing.wisc.edu\/handbook\/conjadv\/\" target=\"_blank\" rel=\"noreferrer noopener\">kommatecken kr\u00e4vs<\/a> f\u00f6r att omge det konjunktiva adverbet n\u00e4r det kommer i mitten av meningen. Du kan strukturera det som<\/li>\n<\/ol>\n\n\n\n<ul class=\"wp-block-list\">\n<li>Nej, men om hon beh\u00f6ver mer tid, s\u00e5 g\u00f6r hon det.<\/li>\n<\/ul>\n\n\n\n<ol start=\"2\" class=\"wp-block-list\">\n<li><strong>Frist\u00e5ende sats + konjunktivt adverb + frist\u00e5ende sats: <\/strong>Om du anv\u00e4nder den h\u00e4r stilen ska du s\u00e4tta ett semikolon f\u00f6re det konjunktiva adverbet och ett kommatecken efter det.<\/li>\n<\/ol>\n\n\n\n<ul class=\"wp-block-list\">\n<li>Regnet f\u00f6ll kraftigt; <strong>dock<\/strong>var spelarna fortsatt koncentrerade p\u00e5 matchen.<\/li>\n<\/ul>\n\n\n\n<ol start=\"3\" class=\"wp-block-list\">\n<li><strong>Samordnande konjunktion + konjunktivt adverb: <\/strong>Ibland kan du skriva en mening med b\u00e5de en samordnande konjunktion som \"och\", \"s\u00e5\" eller \"men\" f\u00f6re det konjunktiva adverbet. Till exempel<\/li>\n<\/ol>\n\n\n\n<ul class=\"wp-block-list\">\n<li>Hon var sen;<strong> d\u00e4rf\u00f6r<\/strong>var han tvungen att g\u00e5 sj\u00e4lv.&nbsp;<\/li>\n<\/ul>\n\n\n\n<h3 class=\"wp-block-heading\">Sammanfogning av frist\u00e5ende satser&nbsp;<\/h3>\n\n\n\n<p>Att koppla samman tv\u00e5 frist\u00e5ende satser \u00e4r ett av de viktigaste anv\u00e4ndningsomr\u00e5dena f\u00f6r konjunktiva adverb. <\/p>\n\n\n\n<p>Detta hj\u00e4lper till att <a href=\"https:\/\/undetectable.ai\/blog\/change-ai-writing-to-human\/\" target=\"_blank\" rel=\"noreferrer noopener\">visar uttrycksfulla associationer<\/a> i betydelse och associationer av id\u00e9er. Ord som \"under tiden\" och \"n\u00e4sta\" anv\u00e4nds f\u00f6r att beskriva sekvens och tid. <\/p>\n\n\n\n<p>Alternativt kan konjunktiva adverb som \"f\u00f6ljaktligen\", \"d\u00e4rf\u00f6r\" hj\u00e4lpa till att beskriva orsak och verkan.&nbsp;<\/p>\n\n\n\n<ul class=\"wp-block-list\">\n<li>Han lj\u00f6g f\u00f6r mig; <strong>under tiden,<\/strong> Jag visste hela tiden<\/li>\n\n\n\n<li>Jag b\u00f6rjade med avtalet, <strong>n\u00e4sta,<\/strong> vi gick vidare med planen<\/li>\n<\/ul>\n\n\n\n<p>Om du fortfarande har problem med var du ska placera skiljetecknet f\u00f6r ditt konjunktiva adverb kan du kopiera meningen och klistra in den i den ouppt\u00e4ckbara AI <a href=\"https:\/\/undetectable.ai\/sv\/grammar-checker\" target=\"_blank\" rel=\"noreferrer noopener\">Grammatikkontroll<\/a> f\u00f6r att se var du verkar ha placerat dem felaktigt.&nbsp;<\/p>\n\n\n<div class=\"wp-block-image\">\n<figure class=\"aligncenter size-large\"><img loading=\"lazy\" decoding=\"async\" width=\"1024\" height=\"432\" src=\"https:\/\/undetectable.ai/blog\/wp-content\/uploads\/2025\/07\/Free-Grammar-checker-1024x432.jpg\" alt=\"\" class=\"wp-image-11753\" title=\"\" srcset=\"https:\/\/undetectable.ai/blog\/wp-content\/uploads\/2025\/07\/Free-Grammar-checker-1024x432.jpg 1024w, https:\/\/undetectable.ai/blog\/wp-content\/uploads\/2025\/07\/Free-Grammar-checker-300x127.jpg 300w, https:\/\/undetectable.ai/blog\/wp-content\/uploads\/2025\/07\/Free-Grammar-checker-768x324.jpg 768w, https:\/\/undetectable.ai/blog\/wp-content\/uploads\/2025\/07\/Free-Grammar-checker-18x8.jpg 18w, https:\/\/undetectable.ai/blog\/wp-content\/uploads\/2025\/07\/Free-Grammar-checker.jpg 1133w\" sizes=\"auto, (max-width: 1024px) 100vw, 1024px\" \/><\/figure><\/div>\n\n\n<h2 class=\"wp-block-heading\">Konjunktiva adverb kontra andra konnektorer&nbsp;<\/h2>\n\n\n\n<p>Konjunktiva adverb f\u00f6rv\u00e4xlas l\u00e4tt med andra konnektiver, t.ex. samordnande eller till och med underordnande konjunktioner. <\/p>\n\n\n\n<p>Var och en av enheterna har dock tydliga skillnader.&nbsp;<\/p>\n\n\n\n<ol class=\"wp-block-list\">\n<li><strong>Koordinerande konjunktioner:<\/strong> Dessa anv\u00e4nds f\u00f6r att koppla samman tv\u00e5 begrepp och lika stor betoning p\u00e5 endera betonas utan anv\u00e4ndning av speciell skiljetecken.&nbsp;<\/li>\n<\/ol>\n\n\n\n<ul class=\"wp-block-list\">\n<li>Han k\u00e4nde f\u00f6r att vila, men fortsatte att l\u00e4sa.<\/li>\n<\/ul>\n\n\n\n<p>Uttrycket av ordet \"men\" ovan ger betydelse \u00e5t f\u00f6rsta och andra meningen. <\/p>\n\n\n\n<p>Andra former av samordnande konjunktioner \u00e4r: och, eller, s\u00e5.&nbsp;<\/p>\n\n\n\n<ol start=\"2\" class=\"wp-block-list\">\n<li><strong>Underordnade konjunktioner: <\/strong>\u00c4r \u00e4nnu en konnektor som ofta \u00e4r relaterad till konjunktiva adverb. Denna konnektor associerar huvudpunkten till n\u00e5gon annan id\u00e9 som \u00e4r beroende av den f\u00f6rra. Exempel \u00e4r: eftersom, \u00e4ven om och medan.<\/li>\n<\/ol>\n\n\n\n<ul class=\"wp-block-list\">\n<li>Han fortsatte att springa trots att han var tr\u00f6tt.<\/li>\n<\/ul>\n\n\n\n<h3 class=\"wp-block-heading\">J\u00e4mf\u00f6relser av meningsbyggnad<\/h3>\n\n\n\n<p>Titta p\u00e5 skillnaden i interpunktion och p\u00e5 den n\u00e5got annorlunda ton av formalitet som skapas i alla de meningar som anges nedan n\u00e4r du anv\u00e4nder det konjunktiva adverbet.&nbsp;<\/p>\n\n\n\n<figure class=\"wp-block-table\"><table class=\"has-fixed-layout\"><tbody><tr><td class=\"has-text-align-center\" data-align=\"center\"><strong>Kontaktdon<\/strong><\/td><td class=\"has-text-align-center\" data-align=\"center\"><strong>Exempel<\/strong><\/td><\/tr><tr><td class=\"has-text-align-center\" data-align=\"center\">Koordinerande samverkan<\/td><td class=\"has-text-align-center\" data-align=\"center\">Han tappade bort sina nycklar och gick hem.<\/td><\/tr><tr><td class=\"has-text-align-center\" data-align=\"center\">Underordnad konjunktion<\/td><td class=\"has-text-align-center\" data-align=\"center\">Han tappade bort sina nycklar och \u00e5kte hem.<\/td><\/tr><tr><td class=\"has-text-align-center\" data-align=\"center\">Konjunktivt adverb<\/td><td class=\"has-text-align-center\" data-align=\"center\">Han tappade bort sina nycklar och \u00e5kte d\u00e4rf\u00f6r hem igen.<\/td><\/tr><\/tbody><\/table><\/figure>\n\n\n\n<h2 class=\"wp-block-heading\">Exempel p\u00e5 konjunktiva adverb i aktion&nbsp;<\/h2>\n\n\n\n<p>Fr\u00e5gar du fortfarande vad som \u00e4r konjunktivt adverb? H\u00e4r \u00e4r fem <a href=\"https:\/\/loveenglish.org\/conjunctive-adverbs-2\/\" target=\"_blank\" rel=\"noreferrer noopener\">ytterligare exempel<\/a> som kan f\u00e5 dig att visualisera dem i enkla meningar:&nbsp;<\/p>\n\n\n\n<ul class=\"wp-block-list\">\n<li>\"Det var mycket regn; <strong>dock<\/strong>best\u00e4mde de sig f\u00f6r att ta en vandring.\"  Det finns en kontrast mellan de tv\u00e5 satserna.<\/li>\n\n\n\n<li>\"Hon pluggade inte; <strong>f\u00f6ljaktligen<\/strong>Hon klarade inte provet.\" Det h\u00e4r exemplet visar hur ett konjunktivt adverb kan anv\u00e4ndas f\u00f6r att f\u00f6rklara orsak och verkan.<\/li>\n\n\n\n<li>\"Jag vill spara pengar; <strong>d\u00e4rf\u00f6r<\/strong>\"Jag ska laga mat hemma.\" Det konjunktiva adverbet anger huvudid\u00e9n i den f\u00f6rsta satsen och resultatet i n\u00e4sta sats.<\/li>\n\n\n\n<li>Han packade sina v\u00e4skor; <strong>d\u00e5<\/strong>ringde han efter en taxi. I det h\u00e4r exemplet kan du se hur en punkt flyttar sig till n\u00e4sta.&nbsp;<\/li>\n\n\n\n<li>F\u00f6rest\u00e4llningen st\u00e4lldes in; <strong>\u00e4nd\u00e5<\/strong>, stannade fansen kvar f\u00f6r att heja. Ett annat exempel p\u00e5 ett kontrastivt konjunktivt adverb.&nbsp;<\/li>\n<\/ul>\n\n\n\n<p>Dessa \u00e4r alla eftermeningar som inneh\u00e5ller tv\u00e5 fullst\u00e4ndiga id\u00e9er med ett konjunktivt adverb emellan och korrekt interpunktion.<\/p>\n\n\n\n<h2 class=\"wp-block-heading\">Vanliga misstag och hur man r\u00e4ttar till dem&nbsp;<\/h2>\n\n\n\n<p>H\u00e4r \u00e4r n\u00e5gra misstag som m\u00e4nniskor g\u00f6r med konjunktiva adverb, och du f\u00e5r ocks\u00e5 l\u00e4ra dig hur du \u00e5tg\u00e4rdar dem:<\/p>\n\n\n\n<ol class=\"wp-block-list\">\n<li>Anv\u00e4nder endast ett kommatecken. Det korrekta formatet anv\u00e4nder b\u00e5de semikolon och kommatecken<\/li>\n<\/ol>\n\n\n\n<ul class=\"wp-block-list\">\n<li><strong>Felaktigt:<\/strong> Jag var hungrig, <strong>d\u00e4rf\u00f6r<\/strong> Jag \u00e5t.<\/li>\n\n\n\n<li><strong>Det st\u00e4mmer:<\/strong> Jag var hungrig<strong>; d\u00e4rf\u00f6r,<\/strong> Jag \u00e5t.&nbsp;<\/li>\n<\/ul>\n\n\n\n<ol start=\"2\" class=\"wp-block-list\">\n<li>Utel\u00e4mnande av kommatecken efter adverb<\/li>\n<\/ol>\n\n\n\n<ul class=\"wp-block-list\">\n<li><strong>Felaktigt:<\/strong> Jag var hungrig<strong>; dock<\/strong> Jag v\u00e4ntade.<\/li>\n\n\n\n<li><strong>Det st\u00e4mmer:<\/strong> Jag var hungrig<strong>dock,<\/strong> Jag v\u00e4ntade.<\/li>\n<\/ul>\n\n\n\n<ol start=\"3\" class=\"wp-block-list\">\n<li>Anv\u00e4nda fel adverb f\u00f6r betydelsen. Det anv\u00e4nds ofta f\u00f6r att ge mer information, men \u00e4r inte till\u00e4mpligt n\u00e4r man f\u00f6rklarar orsak och verkan.<\/li>\n<\/ol>\n\n\n\n<ul class=\"wp-block-list\">\n<li><strong>Felaktigt:<\/strong> Det var sent; <strong>Dessutom..,<\/strong> \u00e5kte vi hem.<\/li>\n\n\n\n<li><strong>Det st\u00e4mmer:<\/strong> Det var sent; <strong>d\u00e4rf\u00f6r<\/strong>...\u00e5kte vi hem.<\/li>\n<\/ul>\n\n\n\n<p>Det \u00e4r viktigt att dubbelkolla vad som \u00e4r konjunktivt adverb? <\/p>\n\n\n\n<p>Se till att varje enskild sats \u00e4r en sj\u00e4lvst\u00e4ndig sats och kan st\u00e5 f\u00f6r sig sj\u00e4lv. Du b\u00f6r ocks\u00e5 vara uppm\u00e4rksam p\u00e5 vid vilken tidpunkt du anv\u00e4nder semikolon, punkt eller kommatecken.<\/p>\n\n\n\n<p>Om du arbetar med att bem\u00e4stra skiljetecken och meningsbyggnad, <strong>v\u00e5ra ouppt\u00e4ckbara AI:er <a href=\"https:\/\/undetectable.ai\/sv\/human-auto-typer-for-docs\" data-type=\"link\" data-id=\"https:\/\/undetectable.ai\/sv\/human-auto-typer-for-docs\" target=\"_blank\" rel=\"noreferrer noopener\">Human Auto Typer<\/a><\/strong> kan g\u00f6ra processen mycket enklare.<\/p>\n\n\n<div class=\"wp-block-image\">\n<figure class=\"aligncenter size-large\"><img loading=\"lazy\" decoding=\"async\" width=\"1024\" height=\"385\" src=\"https:\/\/undetectable.ai/blog\/wp-content\/uploads\/2025\/09\/Undetectable-AI-Human-Auto-Typer-1024x385.jpg\" alt=\"Odetekterbart AI Human Auto Typer-verktyg som anv\u00e4nds i Google Docs.\" class=\"wp-image-14596\" title=\"\" srcset=\"https:\/\/undetectable.ai/blog\/wp-content\/uploads\/2025\/09\/Undetectable-AI-Human-Auto-Typer-1024x385.jpg 1024w, https:\/\/undetectable.ai/blog\/wp-content\/uploads\/2025\/09\/Undetectable-AI-Human-Auto-Typer-300x113.jpg 300w, https:\/\/undetectable.ai/blog\/wp-content\/uploads\/2025\/09\/Undetectable-AI-Human-Auto-Typer-768x289.jpg 768w, https:\/\/undetectable.ai/blog\/wp-content\/uploads\/2025\/09\/Undetectable-AI-Human-Auto-Typer-18x7.jpg 18w, https:\/\/undetectable.ai/blog\/wp-content\/uploads\/2025\/09\/Undetectable-AI-Human-Auto-Typer.jpg 1371w\" sizes=\"auto, (max-width: 1024px) 100vw, 1024px\" \/><\/figure><\/div>\n\n\n<p>Den skriver ut din text naturligt i realtid och hj\u00e4lper dig att se hur dina meningar flyter och var skiljetecknen ska hamna.<\/p>\n\n\n\n<p>I st\u00e4llet f\u00f6r att kopiera och klistra in exempel eller skriva dem manuellt rad f\u00f6r rad, \u00e5terskapar Human Auto Typer rytmen i m\u00e4nskligt skrivande \u00e5t dig.<\/p>\n\n\n\n<p>Det \u00e4r s\u00e4rskilt anv\u00e4ndbart f\u00f6r att \u00f6va p\u00e5 meningsm\u00f6nster som konjunktiva adverb och f\u00f6r att h\u00e5lla ditt skrivande autentiskt samtidigt som du undviker problem med formatering eller uppt\u00e4ckt.<\/p>\n\n\n\n<p>Uppt\u00e4ck AI-m\u00f6nster och f\u00f6rm\u00e4nskliga dina texter p\u00e5 n\u00e5gra sekunder - anv\u00e4nd widgeten nedan.<\/p>\n\n\n\n<div id=\"uai-widget\" data-affiliate-link=\"https:\/\/undetectable.ai\/?_by=hi4km\"><script>var js = document.createElement(\"script\");js.async = true;js.src = \"https:\/\/widget.undetectable.ai\/js\/widget-loader.js?t=\"+Date.now();document.getElementsByTagName(\"head\")[0].appendChild(js);<\/script><\/div>\n\n\n\n<h2 class=\"wp-block-heading\">Vanliga fr\u00e5gor om konjunktiva adverb<\/h2>\n\n\n<div id=\"rank-math-faq\" class=\"rank-math-block\">\n<div class=\"rank-math-list\">\n<div id=\"faq-question-1753451824623\" class=\"rank-math-list-item\">\n<h3 class=\"rank-math-question\">Kan du b\u00f6rja en mening med ett konjunktivt adverb?<\/h3>\n<div class=\"rank-math-answer\">\n\n<p>Ja, du kan b\u00f6rja en mening med ett konjunktivt adverb. Det \u00e4r ett bra s\u00e4tt att knyta ihop en ny mening med den f\u00f6reg\u00e5ende eller att koppla ihop tv\u00e5 olika id\u00e9er.<\/p>\n\n<\/div>\n<\/div>\n<div id=\"faq-question-1753451838764\" class=\"rank-math-list-item\">\n<h3 class=\"rank-math-question\">Ska du alltid anv\u00e4nda ett semikolon f\u00f6re ett?<\/h3>\n<div class=\"rank-math-answer\">\n\n<p>Nej, s\u00e4tt in ett semikolon d\u00e4r du sammanfogar tv\u00e5 oberoende meningar. Det \u00e4r ett s\u00e4tt att visa att de b\u00e5da \u00e4r sj\u00e4lvst\u00e4ndiga id\u00e9er, men att de kan kopplas samman. Det konjunktiva adverbet hj\u00e4lper till att klarg\u00f6ra vilken typ av relation som finns mellan dem.\u00a0<\/p>\n\n<\/div>\n<\/div>\n<div id=\"faq-question-1753451850141\" class=\"rank-math-list-item\">\n<h3 class=\"rank-math-question\">\u00c4r konjunktiva adverb valfria?<\/h3>\n<div class=\"rank-math-answer\">\n\n<p>Ja, absolut. Du kan sj\u00e4lv best\u00e4mma n\u00e4r du ska anv\u00e4nda konjunktiva adverb i din text f\u00f6r att g\u00f6ra den tydligare och mer professionell.\u00a0<\/p>\n\n<\/div>\n<\/div>\n<div id=\"faq-question-1753451857806\" class=\"rank-math-list-item\">\n<h3 class=\"rank-math-question\">P\u00e5verkar de subjekt-verb-\u00f6verensst\u00e4mmelse?<\/h3>\n<div class=\"rank-math-answer\">\n\n<p>Nej, konjunktiva adverb p\u00e5verkar inte din grammatik. De visar bara hur en frist\u00e5ende sats kan relatera till en annan frist\u00e5ende id\u00e9.<\/p>\n\n<\/div>\n<\/div>\n<\/div>\n<\/div>\n\n\n<h2 class=\"wp-block-heading\">Avslutande tankar&nbsp;<\/h2>\n\n\n\n<p>Att f\u00f6rst\u00e5 fr\u00e5gan \"Vad \u00e4r ett konjunktivt adverb?\" \u00e4r ett enkelt men kraftfullt s\u00e4tt att lyfta ditt skrivande. <\/p>\n\n\n\n<p>Vi har beskrivit <a href=\"https:\/\/undetectable.ai\/blog\/ai-help-with-writing\/\" target=\"_blank\" rel=\"noreferrer noopener\">enkla regler<\/a> f\u00f6r att hj\u00e4lpa dig att skriva tydligare, mer strukturerat och professionellt.&nbsp;<\/p>\n\n\n\n<p>N\u00e4r du anv\u00e4nder konjunktiva adverb \u00e4r det mycket viktigt att du anv\u00e4nder korrekt interpunktion och placerar kommatecken p\u00e5 l\u00e4mpligt s\u00e4tt efter adverbet. <\/p>\n\n\n\n<p>Du b\u00f6r ocks\u00e5 se till att ditt adverb passar in i meningsstrukturen f\u00f6r ytterligare tydlighet. <\/p>\n\n\n\n<p>F\u00f6r att enkelt utv\u00e4rdera dina texter rekommenderar vi att du anv\u00e4nder verktygen Undetectable AI Grammar Checker och Ask AI f\u00f6r att uppt\u00e4cka misstag.&nbsp;<\/p>\n\n\n\n<p>G\u00f6r ditt skrivande skarpare - prova <a href=\"https:\/\/undetectable.ai\/sv\/\" target=\"_blank\" data-type=\"link\" data-id=\"https:\/\/undetectable.ai\/sv\/\" rel=\"noreferrer noopener\">Odetekterbar AI<\/a> idag.<\/p>\n<!--\nDebug List of Changed Links:\nBefore: https:\/\/undetectable.ai\/ask-ai\nAfter: https:\/\/undetectable.ai\/sv\/ask-ai\nBefore: https:\/\/undetectable.ai\/human-auto-typer-for-docs\nAfter: https:\/\/undetectable.ai\/sv\/human-auto-typer-for-docs\nBefore: https:\/\/undetectable.ai\/grammar-checker\nAfter: https:\/\/undetectable.ai\/sv\/grammar-checker\nBefore: https:\/\/undetectable.ai\/human-auto-typer-for-docs\nAfter: https:\/\/undetectable.ai\/sv\/human-auto-typer-for-docs\nBefore: https:\/\/undetectable.ai\/\nAfter: https:\/\/undetectable.ai\/sv\/\n-->","protected":false},"excerpt":{"rendered":"","protected":false},"author":15,"featured_media":11776,"comment_status":"closed","ping_status":"closed","sticky":false,"template":"","format":"standard","meta":{"_themeisle_gutenberg_block_has_review":false,"footnotes":""},"categories":[31],"tags":[],"class_list":["post-11761","post","type-post","status-publish","format-standard","has-post-thumbnail","hentry","category-helpful-ai-content-tips"],"_links":{"self":[{"href":"https:\/\/undetectable.ai/blog\/sv\/wp-json\/wp\/v2\/posts\/11761","targetHints":{"allow":["GET"]}}],"collection":[{"href":"https:\/\/undetectable.ai/blog\/sv\/wp-json\/wp\/v2\/posts"}],"about":[{"href":"https:\/\/undetectable.ai/blog\/sv\/wp-json\/wp\/v2\/types\/post"}],"author":[{"embeddable":true,"href":"https:\/\/undetectable.ai/blog\/sv\/wp-json\/wp\/v2\/users\/15"}],"replies":[{"embeddable":true,"href":"https:\/\/undetectable.ai/blog\/sv\/wp-json\/wp\/v2\/comments?post=11761"}],"version-history":[{"count":13,"href":"https:\/\/undetectable.ai/blog\/sv\/wp-json\/wp\/v2\/posts\/11761\/revisions"}],"predecessor-version":[{"id":15699,"href":"https:\/\/undetectable.ai/blog\/sv\/wp-json\/wp\/v2\/posts\/11761\/revisions\/15699"}],"wp:featuredmedia":[{"embeddable":true,"href":"https:\/\/undetectable.ai/blog\/sv\/wp-json\/wp\/v2\/media\/11776"}],"wp:attachment":[{"href":"https:\/\/undetectable.ai/blog\/sv\/wp-json\/wp\/v2\/media?parent=11761"}],"wp:term":[{"taxonomy":"category","embeddable":true,"href":"https:\/\/undetectable.ai/blog\/sv\/wp-json\/wp\/v2\/categories?post=11761"},{"taxonomy":"post_tag","embeddable":true,"href":"https:\/\/undetectable.ai/blog\/sv\/wp-json\/wp\/v2\/tags?post=11761"}],"curies":[{"name":"wp","href":"https:\/\/api.w.org\/{rel}","templated":true}]}}