{"id":19655,"date":"2026-01-17T19:50:43","date_gmt":"2026-01-17T19:50:43","guid":{"rendered":"https:\/\/undetectable.ai/blog\/?p=19655"},"modified":"2026-01-30T22:00:40","modified_gmt":"2026-01-30T22:00:40","slug":"en-gang-i-manaden","status":"publish","type":"post","link":"https:\/\/undetectable.ai/blog\/sv\/en-gang-i-manaden","title":{"rendered":"Att anv\u00e4nda Once in a Blue Moon i skrivande: Betydelse &amp; tips"},"content":{"rendered":"<p>Du h\u00f6r det hela tiden:<\/p>\n\n\n\n<p>\u201cJag g\u00e5r bara ut en g\u00e5ng i m\u00e5naden.\u201d<\/p>\n\n\n\n<p>\u201cDen sortens tur h\u00e4nder bara en g\u00e5ng i m\u00e5naden.\u201d<\/p>\n\n\n\n<p>\u201cJag h\u00f6r bara av honom en g\u00e5ng i m\u00e5naden.\u201d<\/p>\n\n\n\n<p>Du s\u00e4ger s\u00e4kert ocks\u00e5 uttrycket \u201conce in a blue moon\u201d m\u00e5nga g\u00e5nger utan att ens t\u00e4nka p\u00e5 det.<\/p>\n\n\n\n<p>Det rullar s\u00e5 l\u00e4tt \u00f6ver tungan... men har du n\u00e5gonsin funderat \u00f6ver vad frasen egentligen betyder eller var den kommer ifr\u00e5n?<\/p>\n\n\n\n<p>Om s\u00e5 \u00e4r fallet \u00e4r du p\u00e5 r\u00e4tt plats! I det h\u00e4r inl\u00e4gget bryter vi ner den sanna inneb\u00f6rden av once in a blue moon, belyser frasens historia, hur den \u00e4r kopplad till den riktiga m\u00e5nen och slutligen hur man anv\u00e4nder frasen naturligt i b\u00e5de skrivet och talat spr\u00e5k.<\/p>\n\n\n\n<p><strong>TL: DR<\/strong> - \u201cOnce in a blue moon\u201d \u00e4r ett gammalt idiomatiskt uttryck som anv\u00e4nds f\u00f6r att beskriva n\u00e5got som h\u00e4nder mycket s\u00e4llan. \u00c4ven om uttrycket k\u00e4nns abstrakt har det faktiskt sina r\u00f6tter i verkliga m\u00e5nfaser och tidiga kalendersystem.<\/p>\n\n\n\n<p>L\u00e5t oss hoppa in.<\/p>\n\n\n\n<hr class=\"wp-block-separator has-alpha-channel-opacity\"\/>\n\n\n\n<p class=\"has-text-align-center\"><strong>Viktiga slutsatser<\/strong><\/p>\n\n\n\n<ul class=\"wp-block-list\">\n<li>\u201cOnce in a blue moon\u201d \u00e4r ett vanligt idiomatiskt uttryck som anv\u00e4nds f\u00f6r att beskriva en h\u00e4ndelse som intr\u00e4ffar mycket s\u00e4llan eller n\u00e4stan aldrig.<\/li>\n<\/ul>\n\n\n\n<p><\/p>\n\n\n\n<ul class=\"wp-block-list\">\n<li>Uttrycket har sina r\u00f6tter i astronomin och syftar antingen p\u00e5 den andra fullm\u00e5nen under en kalenderm\u00e5nad eller p\u00e5 den fj\u00e4rde fullm\u00e5nen under en s\u00e4song.<\/li>\n<\/ul>\n\n\n\n<p><\/p>\n\n\n\n<ul class=\"wp-block-list\">\n<li>Uttrycket \u00e4r bildligt, men m\u00e5nen kan rent fysiskt se bl\u00e5 ut under s\u00e4llsynta atmosf\u00e4riska f\u00f6rh\u00e5llanden med mycket damm eller r\u00f6k, \u00e4ven om detta inte har n\u00e5got samband med ordspr\u00e5kets ursprung.<\/li>\n<\/ul>\n\n\n\n<p><\/p>\n\n\n\n<ul class=\"wp-block-list\">\n<li>Detta uttryck \u00e4r mest effektivt i vardagliga texter, t.ex. blogginl\u00e4gg och sk\u00f6nlitteratur, men b\u00f6r undvikas i tekniska eller vetenskapliga dokument d\u00e4r precision kr\u00e4vs.<\/li>\n<\/ul>\n\n\n\n<p><\/p>\n\n\n\n<ul class=\"wp-block-list\">\n<li>F\u00f6r att se till att idiom som detta flyter naturligt och inte k\u00e4nns p\u00e5tvingade i din prosa kan du anv\u00e4nda Undetectable AI f\u00f6r att f\u00f6rm\u00e4nskliga texten och se till att den matchar en modersm\u00e5lstalares ton.<\/li>\n<\/ul>\n\n\n\n<p><\/p>\n\n\n\n<hr class=\"wp-block-separator has-alpha-channel-opacity\"\/>\n\n\n\n<h2 class=\"wp-block-heading\"><strong><em>En g\u00e5ng i m\u00e5naden<\/em><\/strong><strong> Betydelse<\/strong><\/h2>\n\n\n\n<p>Med en snabb Google-s\u00f6kning kan du enkelt hitta det <em>en g\u00e5ng i m\u00e5naden<\/em> \u00e4r ett uttryck som anv\u00e4nds f\u00f6r att beskriva en s\u00e4llsynt h\u00e4ndelse, dvs. n\u00e5got som inte intr\u00e4ffar varje vecka, varje m\u00e5nad eller ens varje \u00e5r.<\/p>\n\n\n\n<p>Till exempel:<\/p>\n\n\n\n<ul class=\"wp-block-list\">\n<li>\u201cJag \u00e4ter bara snabbmat en g\u00e5ng i m\u00e5naden.\u201d<\/li>\n\n\n\n<li>\u201cHon bes\u00f6ker sin hemstad en g\u00e5ng i m\u00e5naden.\u201d<\/li>\n\n\n\n<li>\u201cVi ser sn\u00f6 h\u00e4r en g\u00e5ng i m\u00e5naden.\u201d<\/li>\n\n\n\n<li>\u201cS\u00e5dana h\u00e4r m\u00f6jligheter dyker upp en g\u00e5ng i m\u00e5naden.\u201d<\/li>\n<\/ul>\n\n\n\n<p>\u00c4ven om frasen n\u00e4mner m\u00e5nen s\u00e5 syftar de som anv\u00e4nder den egentligen inte alls p\u00e5 m\u00e5nen. Ist\u00e4llet anv\u00e4nder de det som en figurativ genv\u00e4g f\u00f6r ord som <em>s\u00e4llan<\/em>, <em>S\u00e4llan<\/em>, eller <em>N\u00e4stan aldrig.<\/em><\/p>\n\n\n\n<h3 class=\"wp-block-heading\"><strong>F\u00f6rst\u00e5 detta idiomatiska uttryck<\/strong><\/h3>\n\n\n\n<p><em>En g\u00e5ng i m\u00e5naden<\/em> \u00e4r ett klassiskt exempel p\u00e5 ett idiom (ett uttryck som inte \u00e4r avsett att tas bokstavligt). De flesta m\u00e4nniskor f\u00f6rst\u00e5r det instinktivt eftersom det har anv\u00e4nts i vardagsspr\u00e5ket i generationer. <\/p>\n\n\n\n<p>N\u00e4r du h\u00f6r det klickar det omedelbart i ditt huvud. Man beh\u00f6ver inte ens fundera p\u00e5 vad det betyder.<\/p>\n\n\n\n<p>Som andra idiom, <em>en g\u00e5ng i m\u00e5naden<\/em> ger lite personlighet till konversationer och skrivande. Att till exempel s\u00e4ga n\u00e5got i stil med \u201cJag kollar min personliga e-post en g\u00e5ng i m\u00e5naden\u201d k\u00e4nns l\u00e4ttare och mer m\u00e4nskligt \u00e4n att s\u00e4ga \u201cJag kollar aldrig min e-post\u201d.\u201d<\/p>\n\n\n\n<p>Det \u00e4r d\u00e4rf\u00f6r idiom \u00e4r s\u00e5 effektiva. De f\u00f6rmedlar inneb\u00f6rden snabbt samtidigt som de g\u00f6r att spr\u00e5ket k\u00e4nns mer naturligt, uttrycksfullt och relaterbart.<\/p>\n\n\n\n<h2 class=\"wp-block-heading\"><strong><em>Once in a Blue Moon: <\/em><\/strong><strong>Ursprung och historia<\/strong><\/h2>\n\n\n<div class=\"wp-block-image\">\n<figure class=\"aligncenter size-large\"><img loading=\"lazy\" decoding=\"async\" width=\"1024\" height=\"683\" src=\"https:\/\/undetectable.ai/blog\/wp-content\/uploads\/2026\/01\/phases-of-the-moon-1024x683.jpg\" alt=\"m\u00e5nens faser\" class=\"wp-image-19665\" title=\"\" srcset=\"https:\/\/undetectable.ai/blog\/wp-content\/uploads\/2026\/01\/phases-of-the-moon-1024x683.jpg 1024w, https:\/\/undetectable.ai/blog\/wp-content\/uploads\/2026\/01\/phases-of-the-moon-300x200.jpg 300w, https:\/\/undetectable.ai/blog\/wp-content\/uploads\/2026\/01\/phases-of-the-moon-768x512.jpg 768w, https:\/\/undetectable.ai/blog\/wp-content\/uploads\/2026\/01\/phases-of-the-moon-18x12.jpg 18w, https:\/\/undetectable.ai/blog\/wp-content\/uploads\/2026\/01\/phases-of-the-moon.jpg 1200w\" sizes=\"auto, (max-width: 1024px) 100vw, 1024px\" \/><\/figure><\/div>\n\n\n<p>L\u00e5ngt innan <em>en g\u00e5ng i m\u00e5naden<\/em> blev ett vardagligt uttryck, var det kopplat till hur m\u00e4nniskor sp\u00e5rade tid; specifikt m\u00e5nen, kalendern och hur fullm\u00e5nar ligger i linje \u00f6ver m\u00e5nader och \u00e5rstider.<\/p>\n\n\n\n<h3 class=\"wp-block-heading\"><strong>Var kommer frasen ifr\u00e5n?<\/strong><\/h3>\n\n\n\n<p>Historiskt sett intr\u00e4ffar en fullm\u00e5ne ungef\u00e4r var 29,5:e dag. Den tidpunkten st\u00e4mmer inte helt \u00f6verens med den moderna kalenderm\u00e5naden, vilket \u00e4r anledningen till att det \u00e4r m\u00f6jligt att ha tv\u00e5 fullm\u00e5nar i samma m\u00e5nad.<\/p>\n\n\n\n<p>N\u00e4r det h\u00e4nder kallas den andra ofta f\u00f6r en bl\u00e5m\u00e5ne.<\/p>\n\n\n\n<p>Eftersom denna extram\u00e5ne inte dyker upp ofta blev den f\u00f6rknippad med s\u00e4llsynta tillf\u00e4llen. Med tiden b\u00f6rjade m\u00e4nniskor anv\u00e4nda frasen <em>en g\u00e5ng i m\u00e5naden<\/em> f\u00f6r att beskriva n\u00e5got som n\u00e4stan aldrig h\u00e4nder i det dagliga livet.<\/p>\n\n\n\n<h3 class=\"wp-block-heading\"><strong>Almanackors och kalendrars roll<\/strong><\/h3>\n\n\n\n<p>Den betydelse vi k\u00e4nner igen idag formades till stor del av gamla almanackor och s\u00e4songsbaserade m\u00e5nr\u00e4kningssystem.<\/p>\n\n\n\n<p>I vissa system var en bl\u00e5m\u00e5ne inte alls den andra fullm\u00e5nen p\u00e5 en m\u00e5nad; det var den <em>fj\u00e4rde<\/em> fullm\u00e5ne under en s\u00e4song som normalt bara hade tre. Denna definition bidrog till att h\u00e5lla de religi\u00f6sa kalendrarna i linje med naturen.<\/p>\n\n\n\n<p>Senare har en felaktig tolkning <a href=\"https:\/\/www.loc.gov\/everyday-mysteries\/astronomy\/item\/what-is-a-blue-moon-is-it-ever-really-blue\/\" target=\"_blank\" rel=\"noreferrer noopener\">publicerades p\u00e5 1940-talet<\/a> populariserade id\u00e9n om en bl\u00e5 m\u00e5ne som den <em>andra<\/em> fullm\u00e5ne i samma m\u00e5nad.<\/p>\n\n\n\n<p>Den versionen spreds snabbt och fastnade, trots att den var tekniskt felaktig enligt \u00e4ldre regler.<\/p>\n\n\n\n<p>Hur som helst pekar b\u00e5da definitionerna p\u00e5 samma sak: en bl\u00e5m\u00e5ne \u00e4r n\u00e5got som inte h\u00e4nder ofta.<\/p>\n\n\n\n<h3 class=\"wp-block-heading\"><strong>Blir en fullm\u00e5ne n\u00e5gonsin bl\u00e5?<\/strong><\/h3>\n\n\n\n<p>Det \u00e4r h\u00e4r som saker och ting blir f\u00f6rvirrande.<\/p>\n\n\n\n<p>En m\u00e5ne som ser bl\u00e5 ut <em>kan<\/em> h\u00e4nda, men det har inget att g\u00f6ra med idiomet. Under s\u00e4llsynta atmosf\u00e4riska f\u00f6rh\u00e5llanden kan partiklar som damm, r\u00f6k eller aska sprida bl\u00e5tt ljus, vilket g\u00f6r att m\u00e5nen ser svagt bl\u00e5 ut f\u00f6r det m\u00e4nskliga \u00f6gat.<\/p>\n\n\n\n<p>Dessa h\u00e4ndelser \u00e4r extremt ovanliga och oftast kopplade till naturkatastrofer eller storskaliga br\u00e4nder. De \u00e4r fascinerande, men de \u00e4r inte anledningen till att vi s\u00e4ger <em>en g\u00e5ng i m\u00e5naden<\/em>.<\/p>\n\n\n\n<h2 class=\"wp-block-heading\"><strong>Situationer d\u00e4r frasen passar in<\/strong><\/h2>\n\n\n\n<p>I allm\u00e4nhet, <em>en g\u00e5ng i m\u00e5naden<\/em> fungerar b\u00e4st n\u00e4r du vill beskriva n\u00e5got som h\u00e4nder mycket s\u00e4llan p\u00e5 ett naturligt och vardagligt s\u00e4tt. F\u00f6ljande exempel visar var det passar b\u00e4st (och var det inte g\u00f6r det).<\/p>\n\n\n\n<h3 class=\"wp-block-heading\"><strong>Skriftlig anv\u00e4ndning<\/strong><\/h3>\n\n\n\n<p>I skrift, <em>en g\u00e5ng i m\u00e5naden<\/em> fungerar b\u00e4st n\u00e4r du vill l\u00e4gga till personlighet eller en konversationston utan att l\u00e5ta informell eller slarvig.<\/p>\n\n\n\n<p>Det \u00e4r s\u00e4rskilt effektivt i:<\/p>\n\n\n\n<ul class=\"wp-block-list\">\n<li>Blogginl\u00e4gg och debattartiklar<\/li>\n\n\n\n<li>Personliga ess\u00e4er eller ber\u00e4ttelser<\/li>\n\n\n\n<li>Informella artiklar och livsstilsartiklar<\/li>\n\n\n\n<li>Kommentarer eller f\u00f6rklaringar i ber\u00e4ttande stil<\/li>\n\n\n\n<li>Fiktion, s\u00e4rskilt dialog och inre tankar<\/li>\n<\/ul>\n\n\n\n<p>Kort sagt passar den i alla texter d\u00e4r du vill att tonfallet ska k\u00e4nnas m\u00e4nskligt och relaterbart.<\/p>\n\n\n\n<p>Med det sagt \u00e4r det vanligtvis en d\u00e5lig passform f\u00f6r:<\/p>\n\n\n\n<ul class=\"wp-block-list\">\n<li>Vetenskapliga eller datatunga inl\u00e4gg<\/li>\n\n\n\n<li>Juridisk eller teknisk dokumentation<\/li>\n\n\n\n<li>Situationer d\u00e4r exakt frekvens spelar roll<\/li>\n<\/ul>\n\n\n\n<p>Om du inte \u00e4r helt s\u00e4ker p\u00e5 om du ska anv\u00e4nda det eller inte, t\u00e4nk p\u00e5 din l\u00e4sare. Om de f\u00f6rv\u00e4ntar sig siffror, tidslinjer eller tydligt definierade system, <em>en g\u00e5ng i m\u00e5naden<\/em> kan vara f\u00f6r vagt.<\/p>\n\n\n\n<h3 class=\"wp-block-heading\"><strong>Talad anv\u00e4ndning<\/strong><\/h3>\n\n\n\n<p>I vardagliga samtal, <em>en g\u00e5ng i m\u00e5naden<\/em> kommer naturligt upp n\u00e4r folk pratar om saker som n\u00e4stan aldrig h\u00e4nder.<\/p>\n\n\n\n<p>Du h\u00f6r det ofta mellan v\u00e4nner, arbetskamrater eller familjemedlemmar eftersom det \u00e4r enkelt och de flesta redan vet vad det betyder.<\/p>\n\n\n\n<p>S\u00e5vida du inte talar med n\u00e5gon som fortfarande l\u00e4r sig engelska tar ingen frasen bokstavligt. Det \u00e4r helt enkelt ett avslappnat s\u00e4tt att s\u00e4ga att n\u00e5got n\u00e4stan aldrig h\u00e4nder (inte en referens till himlen, solen eller den faktiska tidpunkten f\u00f6r en fullm\u00e5ne).<\/p>\n\n\n\n<h2 class=\"wp-block-heading\"><strong>Vad g\u00f6r <\/strong><strong><em>En g\u00e5ng i m\u00e5naden<\/em><\/strong><strong> Effektiv<\/strong><\/h2>\n\n\n<div class=\"wp-block-image\">\n<figure class=\"aligncenter size-large\"><img loading=\"lazy\" decoding=\"async\" width=\"1024\" height=\"683\" src=\"https:\/\/undetectable.ai/blog\/wp-content\/uploads\/2025\/08\/Undetectable-AI-Featured-image-1024x683.jpg\" alt=\"Ouppt\u00e4ckbar AI utvald bild\" class=\"wp-image-13574\" title=\"\" srcset=\"https:\/\/undetectable.ai/blog\/wp-content\/uploads\/2025\/08\/Undetectable-AI-Featured-image-1024x683.jpg 1024w, https:\/\/undetectable.ai/blog\/wp-content\/uploads\/2025\/08\/Undetectable-AI-Featured-image-300x200.jpg 300w, https:\/\/undetectable.ai/blog\/wp-content\/uploads\/2025\/08\/Undetectable-AI-Featured-image-768x512.jpg 768w, https:\/\/undetectable.ai/blog\/wp-content\/uploads\/2025\/08\/Undetectable-AI-Featured-image-18x12.jpg 18w, https:\/\/undetectable.ai/blog\/wp-content\/uploads\/2025\/08\/Undetectable-AI-Featured-image.jpg 1200w\" sizes=\"auto, (max-width: 1024px) 100vw, 1024px\" \/><\/figure><\/div>\n\n\n<p>Att s\u00e4ga att n\u00e5got \u00e4r \u201cs\u00e4llsynt\u201d eller \u201covanligt\u201d f\u00e5r fram po\u00e4ngen. Men beroende p\u00e5 sammanhanget kan dessa ord ocks\u00e5 k\u00e4nnas lite platta (och l\u00e5t oss vara \u00e4rliga, tr\u00e5kiga).<\/p>\n\n\n\n<p><em>En g\u00e5ng i m\u00e5naden<\/em>, k\u00e4nns \u00e5 andra sidan mycket mer konversationsinriktat. Det \u00e4r s\u00e5 riktiga m\u00e4nniskor pratar om sina liv. Och i samtal och texter ger det v\u00e4rme, rytm och personlighet utan att f\u00f6rs\u00f6ka f\u00f6r mycket.<\/p>\n\n\n\n<p><strong>Proffstips f\u00f6r personer som inte har engelska som modersm\u00e5l: <\/strong>Det kan k\u00e4nnas riskabelt att anv\u00e4nda idiom om engelska inte \u00e4r ditt f\u00f6rsta spr\u00e5k. <\/p>\n\n\n\n<p>Om du har sv\u00e5rt att g\u00f6ra uttryck som <em>en g\u00e5ng i m\u00e5naden<\/em> l\u00e5ter naturligt n\u00e4r du skriver eller talar, kan verktyg som Undetectable AI:s <a href=\"https:\/\/undetectable.ai\/sv\/\" target=\"_blank\" rel=\"noreferrer noopener\">AI Humanizer<\/a> och <a href=\"https:\/\/undetectable.ai\/sv\/ai-stealth-writer\" target=\"_blank\" rel=\"noreferrer noopener\">AI Stealth-f\u00f6rfattare<\/a> kan vara till stor hj\u00e4lp!<\/p>\n\n\n\n<p>Allt du beh\u00f6ver g\u00f6ra \u00e4r att k\u00f6ra din text genom verktyget, som j\u00e4mnar ut tonen, justerar fraseringen och f\u00e5r uttrycket att flyta som en modersm\u00e5lstalare skulle anv\u00e4nda det.<\/p>\n\n\n\n<h2 class=\"wp-block-heading\"><strong>Verkliga anv\u00e4ndningsomr\u00e5den f\u00f6r <\/strong><strong><em>En g\u00e5ng i m\u00e5naden<\/em><\/strong><\/h2>\n\n\n\n<p>F\u00f6rst\u00e5 inneb\u00f6rden av <em>en g\u00e5ng i m\u00e5naden<\/em> \u00e4r en sak. Men att veta <em>hur<\/em> att anv\u00e4nda uttrycket naturligt \u00e4r det som verkligen kan lyfta ditt skrivande.<\/p>\n\n\n\n<p>H\u00e4r \u00e4r n\u00e5gra praktiska exempel p\u00e5 hur frasen brukar fungera i vardagliga samtal.<\/p>\n\n\n\n<h3 class=\"wp-block-heading\"><strong>Enkla, vardagliga exempel<\/strong><\/h3>\n\n\n\n<p>H\u00e4r \u00e4r n\u00e5gra tydliga exempel som speglar hur de flesta m\u00e4nniskor faktiskt pratar och skriver:<\/p>\n\n\n\n<ul class=\"wp-block-list\">\n<li>\u201cJag \u00e4ter bara efterr\u00e4tt en g\u00e5ng i m\u00e5naden.\u201d<\/li>\n\n\n\n<li>\u201cHon skriver p\u00e5 sociala medier en g\u00e5ng i m\u00e5naden.\u201d<\/li>\n\n\n\n<li>\u201cJag tittar p\u00e5 direkts\u00e4nd TV en g\u00e5ng i m\u00e5naden.\u201d<\/li>\n\n\n\n<li>\u201cVi f\u00e5r bara en s\u00e5n h\u00e4r ledig dag en g\u00e5ng i m\u00e5naden.\u201d<\/li>\n\n\n\n<li>\u201cJag hoppas att vi f\u00e5r sn\u00f6, men det h\u00e4nder bara en g\u00e5ng i m\u00e5naden.\u201d<\/li>\n\n\n\n<li>\u201cVi f\u00e5r bara tillg\u00e5ng till den funktionen en g\u00e5ng i m\u00e5naden.\u201d<\/li>\n\n\n\n<li>\u201cJag loggar bara in p\u00e5 det kontot en g\u00e5ng i m\u00e5naden.\u201d<\/li>\n\n\n\n<li>\u201cDet regnar s\u00e5 d\u00e4r i juli en g\u00e5ng i m\u00e5naden.\u201d<\/li>\n\n\n\n<li>\u201cJag g\u00e5r p\u00e5 stora fester en g\u00e5ng i m\u00e5naden.\u201d<\/li>\n\n\n\n<li>\u201cJag skriver bara ut dokument en g\u00e5ng i m\u00e5naden nuf\u00f6rtiden.\u201d<\/li>\n\n\n\n<li>\u201cTyv\u00e4rr tr\u00e4ffas killarna bara en g\u00e5ng i m\u00e5naden nu.\u201d<\/li>\n\n\n\n<li>\u201cVi spelar det spelet en g\u00e5ng i m\u00e5naden.\u201d<\/li>\n\n\n\n<li>\u201cJag g\u00e5r bara p\u00e5 s\u00e5na m\u00f6ten en g\u00e5ng i m\u00e5naden.\u201d<\/li>\n<\/ul>\n\n\n\n<h2 class=\"wp-block-heading\"><strong>Tips och fallgropar f\u00f6r smart anv\u00e4ndning<\/strong><\/h2>\n\n\n\n<p>\u00c4ven en bra fras kan f\u00f6rlora sin effekt om den anv\u00e4nds p\u00e5 fel s\u00e4tt. H\u00e4r \u00e4r n\u00e5gra praktiska tips f\u00f6r att hj\u00e4lpa dig att anv\u00e4nda <em>en g\u00e5ng i m\u00e5naden<\/em> p\u00e5 r\u00e4tt s\u00e4tt, s\u00e4rskilt n\u00e4r det g\u00e4ller att skriva.<\/p>\n\n\n\n<figure class=\"wp-block-table\"><table class=\"has-fixed-layout\"><tbody><tr><td class=\"has-text-align-center\" data-align=\"center\" colspan=\"2\"><strong>Vad man b\u00f6r och inte b\u00f6r g\u00f6ra n\u00e4r man anv\u00e4nder <\/strong><strong><em>En g\u00e5ng i en bl\u00e5 m\u00e5ne<\/em><\/strong><\/td><\/tr><tr><td class=\"has-text-align-center\" data-align=\"center\"><strong>G\u00f6r...<\/strong><\/td><td class=\"has-text-align-center\" data-align=\"center\"><strong>G\u00f6r inte...<\/strong><\/td><\/tr><tr><td class=\"has-text-align-center\" data-align=\"center\">Anv\u00e4nd den endast f\u00f6r verkligt s\u00e4llsynta h\u00e4ndelser.<\/td><td class=\"has-text-align-center\" data-align=\"center\">\u00d6veranv\u00e4nd det. Om allt h\u00e4nder \u201cen g\u00e5ng i m\u00e5naden\u201d k\u00e4nns ingenting s\u00e4llsynt.<\/td><\/tr><tr><td class=\"has-text-align-center\" data-align=\"center\">F\u00f6rlita dig p\u00e5 sammanhanget och anv\u00e4nd omgivande meningar f\u00f6r att g\u00f6ra betydelsen uppenbar.<\/td><td class=\"has-text-align-center\" data-align=\"center\">F\u00f6rklara f\u00f6r mycket vad frasen betyder.<\/td><\/tr><tr><td class=\"has-text-align-center\" data-align=\"center\">L\u00e4s meningen h\u00f6gt f\u00f6r att kontrollera fl\u00f6det.<\/td><td class=\"has-text-align-center\" data-align=\"center\">Tvinga in det i en mening. Om det l\u00e5ter onaturligt n\u00e4r det talas kommer det ocks\u00e5 att k\u00e4nnas onaturligt f\u00f6r l\u00e4sarna.<\/td><\/tr><tr><td class=\"has-text-align-center\" data-align=\"center\">Variera fraseringen i l\u00e4ngre stycken.<\/td><td class=\"has-text-align-center\" data-align=\"center\">Upprepa det kontinuerligt \u00f6ver hela texten. Mindre \u00e4r mer.<\/td><\/tr><\/tbody><\/table><\/figure>\n\n\n\n<p><strong>Proffstips:<\/strong> Om du anv\u00e4nder AI f\u00f6r att hj\u00e4lpa till med skrivandet kan verktyg som Undetectable's <a href=\"https:\/\/undetectable.ai\/sv\/\" target=\"_blank\" data-type=\"link\" data-id=\"https:\/\/undetectable.ai\/sv\/\" rel=\"noreferrer noopener\">AI Humanizer<\/a> kan hj\u00e4lpa till att j\u00e4mna ut tonen, f\u00f6rb\u00e4ttra meningsfl\u00f6det och f\u00f6rhindra fraser som <em>en g\u00e5ng i m\u00e5naden<\/em> fr\u00e5n att l\u00e5ta robotliknande eller repetitivt.<\/p>\n\n\n\n<p>Upplev v\u00e5r AI Detector och Humanizer i widgeten nedan!<\/p>\n\n\n\n<div id=\"uai-widget\" data-affiliate-link=\"https:\/\/undetectable.ai\/?_by=hi4km\"><script>var js = document.createElement(\"script\");js.async = true;js.src = \"https:\/\/widget.undetectable.ai\/js\/widget-loader.js?t=\"+Date.now();document.getElementsByTagName(\"head\")[0].appendChild(js);<\/script><\/div>\n\n\n\n<h2 class=\"wp-block-heading\"><strong>Ofta st\u00e4llda fr\u00e5gor om bl\u00e5 m\u00e5nar<\/strong><\/h2>\n\n\n<div id=\"rank-math-faq\" class=\"rank-math-block\">\n<div class=\"rank-math-list\">\n<div id=\"faq-question-1769803089204\" class=\"rank-math-list-item\">\n<h3 class=\"rank-math-question\"><strong>Vad betyder uttrycket \"once in a blue moon\"?<\/strong><\/h3>\n<div class=\"rank-math-answer\">\n\n<p>Uttrycket <em>en g\u00e5ng i m\u00e5naden<\/em> \u00e4r helt enkelt ett vardagligt s\u00e4tt att s\u00e4ga att n\u00e5got h\u00e4nder v\u00e4ldigt s\u00e4llan. I det engelska spr\u00e5ket anv\u00e4nds det f\u00f6r att beskriva saker som n\u00e4stan aldrig intr\u00e4ffar, till exempel sn\u00f6 i april eller att hitta en bra parkeringsplats direkt.<\/p>\n\n<\/div>\n<\/div>\n<div id=\"faq-question-1769803098183\" class=\"rank-math-list-item\">\n<h3 class=\"rank-math-question\"><strong>Vad \u00e4r en andra fullm\u00e5ne?<\/strong><\/h3>\n<div class=\"rank-math-answer\">\n\n<p>En andra fullm\u00e5ne intr\u00e4ffar n\u00e4r tv\u00e5 fullm\u00e5nar upptr\u00e4der under samma kalenderm\u00e5nad. Eftersom en m\u00e5ncykel \u00e4r cirka 29,5 dagar l\u00e5ng intr\u00e4ffar detta endast vid enstaka tillf\u00e4llen. N\u00e4r en andra fullm\u00e5ne intr\u00e4ffar kallas den vanligen f\u00f6r \u201cbl\u00e5m\u00e5ne\u201d enligt den moderna definitionen av termen.<\/p>\n\n<\/div>\n<\/div>\n<div id=\"faq-question-1769803106860\" class=\"rank-math-list-item\">\n<h3 class=\"rank-math-question\"><strong>Kan en bl\u00e5m\u00e5ne intr\u00e4ffa i februari?<\/strong><\/h3>\n<div class=\"rank-math-answer\">\n\n<p>Nej, bl\u00e5 m\u00e5nar intr\u00e4ffar normalt inte i februari. Eftersom februari \u00e4r den kortaste m\u00e5naden finns det vanligtvis inte tillr\u00e4ckligt med tid f\u00f6r att den ska inneh\u00e5lla tv\u00e5 fullm\u00e5nar.<\/p>\n\n<\/div>\n<\/div>\n<div id=\"faq-question-1769803118909\" class=\"rank-math-list-item\">\n<h3 class=\"rank-math-question\"><strong>Kan en bl\u00e5m\u00e5ne intr\u00e4ffa i november?<\/strong><\/h3>\n<div class=\"rank-math-answer\">\n\n<p>Ja, en bl\u00e5m\u00e5ne kan intr\u00e4ffa i november, men det beror helt p\u00e5 hur fullm\u00e5narna infaller under kalender\u00e5ret. Varje m\u00e5nad med tillr\u00e4ckligt m\u00e5nga dagar kan tekniskt sett rymma tv\u00e5 fullm\u00e5nar, vilket \u00e4r anledningen till att bl\u00e5 m\u00e5nar inte \u00e4r knutna till en specifik s\u00e4song.<\/p>\n\n<\/div>\n<\/div>\n<div id=\"faq-question-1769803132102\" class=\"rank-math-list-item\">\n<h3 class=\"rank-math-question\"><strong>Anv\u00e4nds \u201conce in a blue moon\u201d i Storbritannien?<\/strong><\/h3>\n<div class=\"rank-math-answer\">\n\n<p>Ja. Uttrycket <em>en g\u00e5ng i m\u00e5naden <\/em>anv\u00e4nds ofta i Storbritannien och i hela den engelsktalande v\u00e4rlden. Anv\u00e4ndningen kan variera n\u00e5got beroende p\u00e5 region, men frasens grundl\u00e4ggande betydelse \u00e4r densamma.<\/p>\n\n<\/div>\n<\/div>\n<\/div>\n<\/div>\n\n\n<h2 class=\"wp-block-heading\"><strong>Slutliga tankar om att anv\u00e4nda <\/strong><strong><em>En g\u00e5ng i en bl\u00e5 m\u00e5ne<\/em><\/strong><strong> i Samtal och skrivande<\/strong><\/h2>\n\n\n\n<p>Det finns en anledning <em>en g\u00e5ng i m\u00e5naden <\/em>har st\u00e5tt sig genom tiderna. Det \u00e4r enkelt, minnesv\u00e4rt och omedelbart begripligt (\u00e5tminstone f\u00f6r de flesta engelsktalande), \u00e4ven om de flesta av oss aldrig har stannat upp och funderat \u00f6ver var det kommer ifr\u00e5n.<\/p>\n\n\n\n<p>Men precis som med andra idiomatiska uttryck och tales\u00e4tt \u00e4r mindre alltid mer.<\/p>\n\n\n\n<p>I skrift och i samtal betyder det:<\/p>\n\n\n\n<ul class=\"wp-block-list\">\n<li>Anv\u00e4nd det sparsamt f\u00f6r att f\u00e5 b\u00e4sta effekt.<\/li>\n\n\n\n<li>L\u00e5t det fl\u00f6da naturligt, s\u00e5 att det inte k\u00e4nns p\u00e5tvingat eller malplacerat.<\/li>\n<\/ul>\n\n\n\n<p>Och sist men inte minst, anpassa det till tonen och sammanhanget, och se till att h\u00e5lla det i mer avslappnade konversationsmilj\u00f6er d\u00e4r det l\u00e5ter mest naturligt.<\/p>\n\n\n\n<p>Se till att du skriver naturligt och med m\u00e4nskligt spr\u00e5k <a href=\"https:\/\/undetectable.ai\/sv\/\" target=\"_blank\" data-type=\"link\" data-id=\"https:\/\/undetectable.ai\/sv\/\" rel=\"noreferrer noopener\">Odetekterbar AI<\/a> f\u00f6r att f\u00f6rfina och f\u00f6rm\u00e4nskliga din text utan anstr\u00e4ngning.<\/p>\n<!--\nDebug List of Changed Links:\nBefore: https:\/\/undetectable.ai\/\nAfter: https:\/\/undetectable.ai\/sv\/\nBefore: https:\/\/undetectable.ai\/ai-stealth-writer\nAfter: https:\/\/undetectable.ai\/sv\/ai-stealth-writer\nBefore: https:\/\/undetectable.ai\/\nAfter: https:\/\/undetectable.ai\/sv\/\nBefore: https:\/\/undetectable.ai\/\nAfter: https:\/\/undetectable.ai\/sv\/\n-->","protected":false},"excerpt":{"rendered":"","protected":false},"author":15,"featured_media":19664,"comment_status":"closed","ping_status":"closed","sticky":false,"template":"","format":"standard","meta":{"_themeisle_gutenberg_block_has_review":false,"footnotes":""},"categories":[31],"tags":[],"class_list":["post-19655","post","type-post","status-publish","format-standard","has-post-thumbnail","hentry","category-helpful-ai-content-tips"],"_links":{"self":[{"href":"https:\/\/undetectable.ai/blog\/sv\/wp-json\/wp\/v2\/posts\/19655","targetHints":{"allow":["GET"]}}],"collection":[{"href":"https:\/\/undetectable.ai/blog\/sv\/wp-json\/wp\/v2\/posts"}],"about":[{"href":"https:\/\/undetectable.ai/blog\/sv\/wp-json\/wp\/v2\/types\/post"}],"author":[{"embeddable":true,"href":"https:\/\/undetectable.ai/blog\/sv\/wp-json\/wp\/v2\/users\/15"}],"replies":[{"embeddable":true,"href":"https:\/\/undetectable.ai/blog\/sv\/wp-json\/wp\/v2\/comments?post=19655"}],"version-history":[{"count":5,"href":"https:\/\/undetectable.ai/blog\/sv\/wp-json\/wp\/v2\/posts\/19655\/revisions"}],"predecessor-version":[{"id":19666,"href":"https:\/\/undetectable.ai/blog\/sv\/wp-json\/wp\/v2\/posts\/19655\/revisions\/19666"}],"wp:featuredmedia":[{"embeddable":true,"href":"https:\/\/undetectable.ai/blog\/sv\/wp-json\/wp\/v2\/media\/19664"}],"wp:attachment":[{"href":"https:\/\/undetectable.ai/blog\/sv\/wp-json\/wp\/v2\/media?parent=19655"}],"wp:term":[{"taxonomy":"category","embeddable":true,"href":"https:\/\/undetectable.ai/blog\/sv\/wp-json\/wp\/v2\/categories?post=19655"},{"taxonomy":"post_tag","embeddable":true,"href":"https:\/\/undetectable.ai/blog\/sv\/wp-json\/wp\/v2\/tags?post=19655"}],"curies":[{"name":"wp","href":"https:\/\/api.w.org\/{rel}","templated":true}]}}