{"id":6573,"date":"2025-03-08T13:43:35","date_gmt":"2025-03-08T13:43:35","guid":{"rendered":"https:\/\/undetectable.ai/blog\/?p=6573"},"modified":"2026-04-10T18:58:43","modified_gmt":"2026-04-10T18:58:43","slug":"adjektiv","status":"publish","type":"post","link":"https:\/\/undetectable.ai/blog\/sv\/adjektiv","title":{"rendered":"Vad \u00e4r adjektiv? Lista med exempel och hur man anv\u00e4nder dem"},"content":{"rendered":"<p>Har du n\u00e5gonsin lagt m\u00e4rke till hur vissa romaner tar oss med p\u00e5 en resa?&nbsp;<\/p>\n\n\n\n<p>Vi kan n\u00e4stan se karakt\u00e4rerna, milj\u00f6n och till och med deras personligheter.&nbsp;<\/p>\n\n\n\n<p>Det k\u00e4nns som om en film spelas upp i v\u00e5ra sinnen.&nbsp;<\/p>\n\n\n\n<p>Men hur kommer det sig att allt k\u00e4nns s\u00e5 verkligt och tydligt?<\/p>\n\n\n\n<p>Hur vi kan f\u00f6rest\u00e4lla oss de h\u00f6ga stenmurarna och magin i luften n\u00e4r <strong>J.K. Rowling<\/strong> beskriver Hogwarts som en<em> \"ur\u00e5ldrig\", \"st\u00e5tlig\" och \"magnifik\" <\/em>slott i <strong>Harry Potter<\/strong>.&nbsp;<\/p>\n\n\n\n<p>Hur vi kan se de tr\u00e5nga gatorna och k\u00e4nna sp\u00e4nningen i den tid d\u00e5 <strong>Charles Dickens<\/strong> beskriver London i <strong>En ber\u00e4ttelse om tv\u00e5 st\u00e4der<\/strong> som <em>\"grumliga\", \"kaotiska\" och \"dystra\".<\/em><\/p>\n\n\n\n<p>Dessa ord som hj\u00e4lper oss att se, k\u00e4nna och f\u00f6rest\u00e4lla oss kallas <strong>adjektiv.&nbsp;<\/strong><\/p>\n\n\n\n<p>Adjektiv g\u00f6r vanliga meningar till f\u00e4rgglada, sp\u00e4nnande meningar.<\/p>\n\n\n\n<p>L\u00e5t oss utforska hur dessa sm\u00e5 ord kan g\u00f6ra s\u00e5 stor skillnad n\u00e4r vi talar och skriver!<\/p>\n\n\n\n<h2 class=\"wp-block-heading\">Vad \u00e4r ett adjektiv?<\/h2>\n\n\n\n<p>Adjektiv \u00e4r ord som beskriver eller modifierar substantiv eller pronomen.&nbsp;<\/p>\n\n\n\n<p>De hj\u00e4lper oss att ge mer information om saker och m\u00e4nniskor.&nbsp;<\/p>\n\n\n\n<p><strong>Till exempel,<\/strong><\/p>\n\n\n\n<p>I st\u00e4llet f\u00f6r att s\u00e4ga \"jag har en katt\" kan du s\u00e4ga \"jag har en fluffig katt\".&nbsp;<\/p>\n\n\n\n<p>Ordet \"fluffig\" \u00e4r ett adjektiv som talar om vilken typ av katt det \u00e4r.&nbsp;<\/p>\n\n\n\n<p>Ordet \"adjektiv\" kommer fr\u00e5n det latinska ordet \"<a href=\"https:\/\/www.etymonline.com\/word\/adjective\" target=\"_blank\" rel=\"noreferrer noopener\">adjectivum,<\/a>\" vilket betyder \"n\u00e5got som l\u00e4ggs till\" eller \"kastas till\".<\/p>\n\n\n\n<p>Adjektiv \u00e4r n\u00e4mligen ord som ger extra information till v\u00e5ra meningar.&nbsp;<\/p>\n\n\n\n<p>Adjektivens huvuduppgift \u00e4r att l\u00e4gga till detaljer om:<\/p>\n\n\n\n<ul class=\"wp-block-list\">\n<li>Egenskaper (mjuk, ljus, glad)<\/li>\n\n\n\n<li>Kvantiteter (m\u00e5nga, f\u00e5, flera)<\/li>\n\n\n\n<li>Vilken specifik (den h\u00e4r, den d\u00e4r, de d\u00e4r)<\/li>\n<\/ul>\n\n\n\n<p>Det begr\u00e4nsar betydelsen. Utan adjektiv kan ord vara mycket allm\u00e4nna.&nbsp;<\/p>\n\n\n\n<p><strong>Till exempel,<\/strong>&nbsp;<\/p>\n\n\n\n<p>Om jag bara s\u00e4ger \"bil\" kan du t\u00e4nka p\u00e5 vilken bil som helst.&nbsp;<\/p>\n\n\n\n<p>Men om jag s\u00e4ger \"gammal elbil\" \u00e4r inneb\u00f6rden mycket sn\u00e4vare.&nbsp;<\/p>\n\n\n\n<p>Adjektiven \"vintage\" och \"elektrisk\" hj\u00e4lper dig att f\u00f6rest\u00e4lla dig en viss typ av bil.&nbsp;<\/p>\n\n\n\n<p>Adjektiv g\u00f6r v\u00e5rt skrivande och talande mycket tydligare och mer intressant.&nbsp;<\/p>\n\n\n\n<h3 class=\"wp-block-heading\">Ord som modifierar substantiv och pronomen<\/h3>\n\n\n\n<p><strong>Modifiering<\/strong> i grammatiken inneb\u00e4r att de \u00e4ndrar eller l\u00e4gger till betydelsen av ett ord.&nbsp;<\/p>\n\n\n\n<p>Detta \u00e4r som att l\u00e4gga till speciella detaljer till en grundl\u00e4ggande id\u00e9.&nbsp;<\/p>\n\n\n\n<p>N\u00e4r du modifierar n\u00e5got g\u00f6r du det mer specifikt eller ger information om det.&nbsp;<\/p>\n\n\n\n<p>En <a href=\"https:\/\/www.grammarly.com\/blog\/parts-of-speech\/adjectives-modify-nouns\/\" target=\"_blank\" rel=\"noopener\">adjektiv modifierar <\/a>orden p\u00e5 tv\u00e5 s\u00e4tt.&nbsp;<\/p>\n\n\n\n<ol class=\"wp-block-list\">\n<li><strong>Attributiv anv\u00e4ndning<\/strong><\/li>\n<\/ol>\n\n\n\n<p>F\u00f6r det f\u00f6rsta kan vi s\u00e4tta dem framf\u00f6r substantiv eller pronomen. Detta kallas \"attributiv\" anv\u00e4ndning.&nbsp;<\/p>\n\n\n\n<p><strong>Till exempel,&nbsp;<\/strong><\/p>\n\n\n\n<p>Det var en solig dag. <em>(Ordet \"solig\" kommer precis f\u00f6re substantivet \"dag\" som det beskriver).<\/em><\/p>\n\n\n\n<p>N\u00e5got m\u00e4rkligt h\u00e4nde i g\u00e5r. <em>(Adjektivet \"konstigt\" modifierar pronomenet \"n\u00e5got\")<\/em><\/p>\n\n\n\n<ol start=\"2\" class=\"wp-block-list\">\n<li><strong>F\u00f6ruts\u00e4gbar anv\u00e4ndning<\/strong><\/li>\n<\/ol>\n\n\n\n<p>Det h\u00e4r h\u00e4nder n\u00e4r vi s\u00e4tter adjektiv efter l\u00e4nkande verb som \"\u00e4r\", \"verkar\" eller \"k\u00e4nns\".<\/p>\n\n\n\n<p><strong>Till exempel,<\/strong><\/p>\n\n\n\n<p>Himlen \u00e4r bl\u00e5. <em>(\"bl\u00e5\" kommer efter det sammanl\u00e4nkande verbet \"\u00e4r\" och beskriver \"himmel\")<\/em><\/p>\n\n\n\n<h2 class=\"wp-block-heading\">Hur man identifierar ett adjektiv i en mening<\/h2>\n\n\n\n<p>Det \u00e4r sv\u00e5rt f\u00f6r en nyb\u00f6rjare att f\u00f6rst\u00e5 ett adjektiv, dessa tester kommer att underl\u00e4tta f\u00f6r dig.&nbsp;<\/p>\n\n\n\n<ol class=\"wp-block-list\">\n<li><strong>Anv\u00e4nd positionstest<\/strong><\/li>\n<\/ol>\n\n\n\n<p>Minns du hur vi pratade om adjektiv som f\u00f6rekommer i tv\u00e5 huvudpositioner?&nbsp;<\/p>\n\n\n\n<p>De kommer ofta precis f\u00f6re de substantiv som de beskriver <em>(som \"vacker blomma\") <\/em>&nbsp;eller efter l\u00e4nkande verb <em>(som \"blomman \u00e4r vacker\")<\/em>.&nbsp;<\/p>\n\n\n\n<p>Om du ser ett ord i n\u00e5gon av dessa positioner kan det vara ett adjektiv.&nbsp;<\/p>\n\n\n\n<ol start=\"2\" class=\"wp-block-list\">\n<li><strong>Ers\u00e4ttningstest<\/strong><\/li>\n<\/ol>\n\n\n\n<p>Om du tror att ett ord kan vara ett adjektiv kan du f\u00f6rs\u00f6ka ers\u00e4tta det med ett ord som du s\u00e4kert vet \u00e4r ett adjektiv, t.ex. \"stor\" eller \"liten\".&nbsp;<\/p>\n\n\n\n<p>Om meningen fortfarande \u00e4r begriplig har du f\u00f6rmodligen hittat ett adjektiv.&nbsp;<\/p>\n\n\n\n<p><strong>Till exempel,&nbsp;<\/strong><\/p>\n\n\n\n<p>I \"Hon hade en tjusig kl\u00e4nning\" kan du ers\u00e4tta \"tjusig\" med \"vacker\" och det fungerar fortfarande, s\u00e5 \"tjusig\" \u00e4r ett adjektiv.&nbsp;<\/p>\n\n\n\n<ol start=\"3\" class=\"wp-block-list\">\n<li><strong>Test av komparativ\/superlativ<\/strong><\/li>\n<\/ol>\n\n\n\n<p>De flesta adjektiv kan \u00e4ndras f\u00f6r att visa olika grader genom att l\u00e4gga till -er eller -est i slutet, eller genom att anv\u00e4nda \"mer\" eller \"mest\" f\u00f6re dem.&nbsp;<\/p>\n\n\n\n<p><strong>Till exempel,&nbsp;<\/strong><\/p>\n\n\n\n<ul class=\"wp-block-list\">\n<li>Lycklig \u2192 Lyckligare \u2192 Lyckligast<\/li>\n\n\n\n<li>Vacker \u2192 Vackrare \u2192 Mer vacker \u2192 Vackrast<\/li>\n<\/ul>\n\n\n\n<p>Om ett ord kan \u00e4ndras p\u00e5 det h\u00e4r s\u00e4ttet \u00e4r det sannolikt ett adjektiv.&nbsp;<\/p>\n\n\n\n<ol start=\"4\" class=\"wp-block-list\">\n<li><strong>M\u00f6nsterigenk\u00e4nning<\/strong><\/li>\n<\/ol>\n\n\n\n<p>Du kan ocks\u00e5 leta efter vanliga \u00e4ndelser p\u00e5 adjektiv. M\u00e5nga adjektiv slutar med dessa m\u00f6nster:&nbsp;<\/p>\n\n\n\n<ul class=\"wp-block-list\">\n<li>- kapabel (bekv\u00e4m, rimlig)<\/li>\n\n\n\n<li>- ful (vacker, hj\u00e4lpsam)<\/li>\n\n\n\n<li>-ish (r\u00f6daktig, barnslig)<\/li>\n\n\n\n<li>-ous (farlig, ber\u00f6md)<\/li>\n\n\n\n<li>-y (rolig, regnig)<\/li>\n\n\n\n<li>-ive (kreativ, aktiv)&nbsp;<\/li>\n<\/ul>\n\n\n\n<p>Det h\u00e4r var de fyra vanligaste s\u00e4tten att identifiera adjektiven. H\u00e4r \u00e4r en fallgrop att se upp med.&nbsp;<\/p>\n\n\n\n<p>Adjektiv \u00e4r n\u00e4ra besl\u00e4ktade med en annan del av talet som kallas \"adverb\".&nbsp;<\/p>\n\n\n\n<p>Adjektiv beskriver substantiv och pronomen, medan adverb ofta beskriver verb, adjektiv eller andra adverb.&nbsp;<\/p>\n\n\n\n<p><strong>Till exempel,<\/strong><\/p>\n\n\n\n<p>Hon m\u00e5r d\u00e5ligt efter att ha misslyckats med provet. <em>(H\u00e4r \u00e4r \"d\u00e5lig\" ett adjektiv som beskriver hur hon k\u00e4nner sig)<\/em><\/p>\n\n\n\n<p>Hon sjunger d\u00e5ligt i duschen. <em>(H\u00e4r \u00e4r \"d\u00e5ligt\" ett adverb som beskriver hur hon sjunger)<\/em><\/p>\n\n\n\n<p>Har du m\u00e4rkt hur m\u00e5nga adverb som slutar p\u00e5 -ly? Det \u00e4r en bra ledtr\u00e5d, men inte en perfekt regel.<\/p>\n\n\n\n<p>N\u00e4r vi anv\u00e4nder adjektiv svarar vi faktiskt p\u00e5 specifika fr\u00e5gor om det substantiv som de beskriver.&nbsp;<\/p>\n\n\n\n<h2 class=\"wp-block-heading\">Hur adjektiv besvarar fr\u00e5gor<\/h2>\n\n\n\n<p>Adjektivet svarar p\u00e5 specifika fr\u00e5gor som en l\u00e4sare eller lyssnare har i huvudet. Dessa fr\u00e5gor \u00e4r....<\/p>\n\n\n\n<p><strong>Fr\u00e5ga 1 - Vilken av dem?&nbsp;<\/strong><\/p>\n\n\n\n<p>Demonstrativa adjektiv besvarar den h\u00e4r fr\u00e5gan.&nbsp;<\/p>\n\n\n\n<p>Ord som \"det h\u00e4r\", \"det d\u00e4r\", \"de h\u00e4r\" och \"de d\u00e4r\" pekar p\u00e5 specifika substantiv och hj\u00e4lper oss att identifiera exakt vad vi pratar om.&nbsp;<\/p>\n\n\n\n<p><strong>Till exempel,<\/strong><\/p>\n\n\n\n<ul class=\"wp-block-list\">\n<li>Den h\u00e4r boken h\u00f6r hemma p\u00e5 hyllan. (Vilken bok? Den h\u00e4r, precis h\u00e4r.)<\/li>\n\n\n\n<li>De d\u00e4r molnen ser ut som om det kommer att regna. (Vilka moln? De d\u00e4r borta.)<\/li>\n<\/ul>\n\n\n\n<p><strong>Fr\u00e5ga 2 - Vilken typ?&nbsp;<\/strong><\/p>\n\n\n\n<p>Beskrivande adjektiv ber\u00e4ttar om ett substantivs kvaliteter eller egenskaper.&nbsp;<\/p>\n\n\n\n<p>Det h\u00e4r \u00e4r f\u00f6rmodligen de adjektiv du t\u00e4nker p\u00e5 f\u00f6rst - ord som beskriver f\u00e4rg, storlek eller andra egenskaper.&nbsp;<\/p>\n\n\n\n<p><strong>Till exempel,<\/strong><\/p>\n\n\n\n<ul class=\"wp-block-list\">\n<li>Den r\u00f6da ballongen sv\u00e4vade iv\u00e4g. <em>(Vad f\u00f6r slags ballong? En r\u00f6d.)<\/em><\/li>\n\n\n\n<li>Hon har lockigt h\u00e5r och ljusa \u00f6gon. <em>(Vilken typ av h\u00e5r? Lockigt. Vilken typ av \u00f6gon? Ljusa.)<\/em><\/li>\n<\/ul>\n\n\n\n<p><strong>Fr\u00e5ga 3 - Hur m\u00e5nga?&nbsp;<\/strong><\/p>\n\n\n\n<p>Numeriska adjektiv svarar p\u00e5 fr\u00e5gor om kvantitet eller m\u00e4ngd.&nbsp;<\/p>\n\n\n\n<p>Dessa inkluderar specifika siffror och ord som anger allm\u00e4nna kvantiteter.&nbsp;<\/p>\n\n\n\n<p><strong>Till exempel,<\/strong><\/p>\n\n\n\n<ul class=\"wp-block-list\">\n<li>Tre hundar sprang \u00f6ver g\u00e5rden. <em>(Hur m\u00e5nga hundar? Tre.)<\/em><\/li>\n\n\n\n<li>Flera elever missade bussen. <em>(Hur m\u00e5nga studenter? Flera.)<\/em><\/li>\n\n\n\n<li>Jag \u00e5t halva pizzan. <em>(Hur mycket pizza? H\u00e4lften.)&nbsp;<\/em><\/li>\n<\/ul>\n\n\n\n<p><strong>Fr\u00e5ga 4 - Vems?<\/strong><\/p>\n\n\n\n<p>Possessiva adjektiv visar \u00e4gander\u00e4tt eller relation.&nbsp;<\/p>\n\n\n\n<p>De talar om f\u00f6r oss vem n\u00e5got tillh\u00f6r.&nbsp;<\/p>\n\n\n\n<p><strong>Till exempel,&nbsp;<\/strong><\/p>\n\n\n\n<ul class=\"wp-block-list\">\n<li>Min ryggs\u00e4ck \u00e4r f\u00f6r tung. <em>(Vems ryggs\u00e4ck? Min.)<\/em><\/li>\n\n\n\n<li>Deras hus ligger p\u00e5 h\u00f6rnet. <em>(Vems hus? Deras.)<\/em><\/li>\n\n\n\n<li>Hennes leende lyste upp rummet. <em>(Vems leende? Hennes.)<\/em><\/li>\n<\/ul>\n\n\n\n<p>Det h\u00e4r var de fyra fr\u00e5gor som adjektiven besvarade.&nbsp;<\/p>\n\n\n\n<p>Nu ska vi \u00f6va oss p\u00e5 att identifiera adjektiv med hj\u00e4lp av en <a href=\"https:\/\/www.grammarbook.com\/grammar_quiz\/identifying_adjectives.asp\" target=\"_blank\" rel=\"noreferrer noopener\">fr\u00e5gesport:<\/a><\/p>\n\n\n\n<ul class=\"wp-block-list\">\n<li>Den l\u00e5nge mannen vinkade \u00e5t oss. <em>(Vilken typ av man? L\u00e5ng.)<\/em><\/li>\n\n\n\n<li>De h\u00e4r kakorna luktar uts\u00f6kt. <em>(Vilka kakor? De d\u00e4r.)<\/em><\/li>\n\n\n\n<li>Sex spelare gjorde m\u00e5l i matchen. <em>(Hur m\u00e5nga spelare? Sex.)<\/em><\/li>\n\n\n\n<li>Ditt svar var korrekt. <em>(Vems svar? Ditt.)<\/em><\/li>\n\n\n\n<li>Den gamla stenmuren omgav slottet. <em>(Vad f\u00f6r slags mur? Forntida sten.)<\/em><\/li>\n<\/ul>\n\n\n\n<p>N\u00e4sta g\u00e5ng du l\u00e4ser eller skriver en mening med adjektiv ska du f\u00f6rs\u00f6ka identifiera vilken av dessa fr\u00e5gor som adjektivet besvarar.&nbsp;<\/p>\n\n\n\n<h2 class=\"wp-block-heading\">Typer av adjektiv (med exempel)<\/h2>\n\n\n\n<p>Adjektiv \u00e4r inte av en enda typ. L\u00e5t oss dyka in i <a href=\"https:\/\/www.basic-english-grammar.com\/8-types-of-adjectives-in-english-grammar-with-examples.html\/\" target=\"_blank\" rel=\"noreferrer noopener\">st\u00f6rre typer av adjektiv<\/a> en efter en.<\/p>\n\n\n\n<ol class=\"wp-block-list\">\n<li><strong>Beskrivande adjektiv <\/strong>ber\u00e4ttar om ett substantivs kvaliteter, egenskaper eller k\u00e4nnetecken.\n<ol class=\"wp-block-list\">\n<li><strong>Till exempel,&nbsp;<\/strong><\/li>\n<\/ol>\n<\/li>\n<\/ol>\n\n\n\n<ul class=\"wp-block-list\">\n<li><strong>F\u00e4rger:<\/strong> Den bl\u00e5 himlen var molnfri.&nbsp;<\/li>\n\n\n\n<li><strong>Storlekar:<\/strong> Den lilla myran bar p\u00e5 en stor smula.<\/li>\n\n\n\n<li><strong>Former:<\/strong> Hon ritade ett cirkelm\u00f6nster.<\/li>\n\n\n\n<li><strong>Texturer:<\/strong>&nbsp; Jag \u00e4lskar sl\u00e4ta stenar.&nbsp;<\/li>\n\n\n\n<li><strong>\u00c5lder: <\/strong>Ett ur\u00e5ldrigt tr\u00e4d stod p\u00e5 g\u00e5rden.<\/li>\n<\/ul>\n\n\n\n<ol start=\"2\" class=\"wp-block-list\">\n<li><strong>Kvantitativa adjektiv <\/strong>ber\u00e4tta om antalet eller m\u00e4ngden av n\u00e5got utan att ange ett exakt antal.\n<ol class=\"wp-block-list\">\n<li><strong>Till exempel,&nbsp;<\/strong><\/li>\n<\/ol>\n<\/li>\n<\/ol>\n\n\n\n<ul class=\"wp-block-list\">\n<li>F\u00e5 studenter klarade inte provet.<\/li>\n\n\n\n<li>M\u00e5nga m\u00e4nniskor bes\u00f6kte konserten.<\/li>\n<\/ul>\n\n\n\n<ol start=\"3\" class=\"wp-block-list\">\n<li><strong>Demonstrativa adjektiv <\/strong>peka p\u00e5 specifika substantiv och visa var de befinner sig i tid och rum.\n<ol class=\"wp-block-list\">\n<li><strong>Till exempel,&nbsp;<\/strong><\/li>\n<\/ol>\n<\/li>\n<\/ol>\n\n\n\n<ul class=\"wp-block-list\">\n<li>Denna t\u00e5rta smakar uts\u00f6kt <em>(detta visar att det \u00e4r n\u00e4ra).<\/em><\/li>\n\n\n\n<li>Det huset ser vackert ut <em>(det visar att den \u00e4r l\u00e4ngre bort).&nbsp;<\/em><\/li>\n<\/ul>\n\n\n\n<ol start=\"4\" class=\"wp-block-list\">\n<li><strong>Possessiva adjektiv <\/strong>visa \u00e4gander\u00e4tt eller anknytning till en person eller sak.\n<ol class=\"wp-block-list\">\n<li><strong>Till exempel,<\/strong><\/li>\n<\/ol>\n<\/li>\n<\/ol>\n\n\n\n<ul class=\"wp-block-list\">\n<li>Min lillebror \u00e4lskar godnattsagor.&nbsp;<\/li>\n\n\n\n<li>Din valp \u00e4r s\u00e5 lekfull.<\/li>\n<\/ul>\n\n\n\n<ol start=\"5\" class=\"wp-block-list\">\n<li><strong>Interrogativa adjektiv <\/strong>st\u00e4lla fr\u00e5gor om substantivet.\n<ol class=\"wp-block-list\">\n<li><strong>Till exempel,&nbsp;<\/strong><\/li>\n<\/ol>\n<\/li>\n<\/ol>\n\n\n\n<ul class=\"wp-block-list\">\n<li>Vilken bok \u00e4r din favorit?<\/li>\n\n\n\n<li>Vilket mellanm\u00e5l vill du ha?<\/li>\n<\/ul>\n\n\n\n<ol start=\"6\" class=\"wp-block-list\">\n<li><strong>Sammansatta adjektiv <\/strong>\u00e4r kombinationen<strong> <\/strong>av tv\u00e5 eller flera ord, vanligtvis sammanfogade med bindestreck.\n<ol class=\"wp-block-list\">\n<li><strong>Till exempel,<\/strong><\/li>\n<\/ol>\n<\/li>\n<\/ol>\n\n\n\n<ul class=\"wp-block-list\">\n<li>Hon har en godhj\u00e4rtad mormor.<\/li>\n\n\n\n<li>Vi bodde p\u00e5 ett femstj\u00e4rnigt hotell.&nbsp;<\/li>\n<\/ul>\n\n\n\n<ol start=\"7\" class=\"wp-block-list\">\n<li><strong>Particip Adjektiv <\/strong>bildas av verb, men de fungerar ocks\u00e5 som adjektiv.\n<ol class=\"wp-block-list\">\n<li><strong>Till exempel,<\/strong><\/li>\n<\/ol>\n<\/li>\n<\/ol>\n\n\n\n<ul class=\"wp-block-list\">\n<li>Det rinnande vattnet k\u00e4ndes svalt. <em>(Presens particip)<\/em><\/li>\n\n\n\n<li>Det trasiga f\u00f6nstret beh\u00f6vde lagas. (Particip i f\u00f6rfluten tid)<\/li>\n<\/ul>\n\n\n\n<p>V\u00e5rt spr\u00e5k blir tydligare och mer beskrivande genom varje typ av adjektiv.<\/p>\n\n\n\n<h2 class=\"wp-block-heading\">50+ exempel p\u00e5 adjektiv i meningar<\/h2>\n\n\n\n<p>Fysiska egenskaper - Adjektiv exempel i meningar<\/p>\n\n\n<div class=\"wp-block-image\">\n<figure class=\"aligncenter size-large\"><img loading=\"lazy\" decoding=\"async\" width=\"724\" height=\"1024\" src=\"https:\/\/undetectable.ai/blog\/wp-content\/uploads\/2025\/03\/Physical-Qualities-724x1024.jpg\" alt=\"\" class=\"wp-image-6574\" title=\"\" srcset=\"https:\/\/undetectable.ai/blog\/wp-content\/uploads\/2025\/03\/Physical-Qualities-724x1024.jpg 724w, https:\/\/undetectable.ai/blog\/wp-content\/uploads\/2025\/03\/Physical-Qualities-212x300.jpg 212w, https:\/\/undetectable.ai/blog\/wp-content\/uploads\/2025\/03\/Physical-Qualities-768x1086.jpg 768w, https:\/\/undetectable.ai/blog\/wp-content\/uploads\/2025\/03\/Physical-Qualities.jpg 1024w, https:\/\/undetectable.ai/blog\/wp-content\/uploads\/2025\/03\/Physical-Qualities-8x12.jpg 8w\" sizes=\"auto, (max-width: 724px) 100vw, 724px\" \/><\/figure><\/div>\n\n\n<p>K\u00e4nslor - Adjektiv exempel i meningar<\/p>\n\n\n<div class=\"wp-block-image\">\n<figure class=\"aligncenter size-large\"><img loading=\"lazy\" decoding=\"async\" width=\"724\" height=\"1024\" src=\"https:\/\/undetectable.ai/blog\/wp-content\/uploads\/2025\/03\/Emotions-724x1024.jpg\" alt=\"\" class=\"wp-image-6575\" title=\"\" srcset=\"https:\/\/undetectable.ai/blog\/wp-content\/uploads\/2025\/03\/Emotions-724x1024.jpg 724w, https:\/\/undetectable.ai/blog\/wp-content\/uploads\/2025\/03\/Emotions-212x300.jpg 212w, https:\/\/undetectable.ai/blog\/wp-content\/uploads\/2025\/03\/Emotions-768x1086.jpg 768w, https:\/\/undetectable.ai/blog\/wp-content\/uploads\/2025\/03\/Emotions.jpg 1024w, https:\/\/undetectable.ai/blog\/wp-content\/uploads\/2025\/03\/Emotions-8x12.jpg 8w\" sizes=\"auto, (max-width: 724px) 100vw, 724px\" \/><\/figure><\/div>\n\n\n<p>M\u00e4tningar - Adjektiv exempel i meningar<\/p>\n\n\n<div class=\"wp-block-image\">\n<figure class=\"aligncenter size-large\"><img loading=\"lazy\" decoding=\"async\" width=\"724\" height=\"1024\" src=\"https:\/\/undetectable.ai/blog\/wp-content\/uploads\/2025\/03\/Measurements-1-724x1024.jpg\" alt=\"\" class=\"wp-image-6577\" title=\"\" srcset=\"https:\/\/undetectable.ai/blog\/wp-content\/uploads\/2025\/03\/Measurements-1-724x1024.jpg 724w, https:\/\/undetectable.ai/blog\/wp-content\/uploads\/2025\/03\/Measurements-1-212x300.jpg 212w, https:\/\/undetectable.ai/blog\/wp-content\/uploads\/2025\/03\/Measurements-1-768x1086.jpg 768w, https:\/\/undetectable.ai/blog\/wp-content\/uploads\/2025\/03\/Measurements-1.jpg 1024w, https:\/\/undetectable.ai/blog\/wp-content\/uploads\/2025\/03\/Measurements-1-8x12.jpg 8w\" sizes=\"auto, (max-width: 724px) 100vw, 724px\" \/><\/figure><\/div>\n\n\n<p>F\u00e4rger - Adjektiv exempel i meningar<\/p>\n\n\n<div class=\"wp-block-image\">\n<figure class=\"aligncenter size-large\"><img loading=\"lazy\" decoding=\"async\" width=\"724\" height=\"1024\" src=\"https:\/\/undetectable.ai/blog\/wp-content\/uploads\/2025\/03\/Colors-1-724x1024.jpg\" alt=\"\" class=\"wp-image-6579\" title=\"\" srcset=\"https:\/\/undetectable.ai/blog\/wp-content\/uploads\/2025\/03\/Colors-1-724x1024.jpg 724w, https:\/\/undetectable.ai/blog\/wp-content\/uploads\/2025\/03\/Colors-1-212x300.jpg 212w, https:\/\/undetectable.ai/blog\/wp-content\/uploads\/2025\/03\/Colors-1-768x1086.jpg 768w, https:\/\/undetectable.ai/blog\/wp-content\/uploads\/2025\/03\/Colors-1.jpg 1024w, https:\/\/undetectable.ai/blog\/wp-content\/uploads\/2025\/03\/Colors-1-8x12.jpg 8w\" sizes=\"auto, (max-width: 724px) 100vw, 724px\" \/><\/figure><\/div>\n\n\n<p>Former - Adjektiv exemplifieringar i satser<\/p>\n\n\n<div class=\"wp-block-image\">\n<figure class=\"aligncenter size-large\"><img loading=\"lazy\" decoding=\"async\" width=\"724\" height=\"1024\" src=\"https:\/\/undetectable.ai/blog\/wp-content\/uploads\/2025\/03\/shapes-724x1024.jpg\" alt=\"\" class=\"wp-image-6580\" title=\"\" srcset=\"https:\/\/undetectable.ai/blog\/wp-content\/uploads\/2025\/03\/shapes-724x1024.jpg 724w, https:\/\/undetectable.ai/blog\/wp-content\/uploads\/2025\/03\/shapes-212x300.jpg 212w, https:\/\/undetectable.ai/blog\/wp-content\/uploads\/2025\/03\/shapes-768x1086.jpg 768w, https:\/\/undetectable.ai/blog\/wp-content\/uploads\/2025\/03\/shapes.jpg 1024w, https:\/\/undetectable.ai/blog\/wp-content\/uploads\/2025\/03\/shapes-8x12.jpg 8w\" sizes=\"auto, (max-width: 724px) 100vw, 724px\" \/><\/figure><\/div>\n\n\n<p>Hastighet &amp; tid - Adjektiv exempel i meningar<\/p>\n\n\n<div class=\"wp-block-image\">\n<figure class=\"aligncenter\"><img decoding=\"async\" src=\"https:\/\/undetectable.ai/blog\/wp-content\/uploads\/2025\/03\/AD_4nXdGIEmEqNDrzDGbm4EStgJd97-0t53DdhYZVj6yGSROHKpB5kCxfV9zywi4hLg3cExJI9Kp3Q17zhZDkH1B8vtyfe5x-dm0ONdp2vp3o6OEEnTcDRn4Yj36z-Xy_uIpBy-HdkW9ZAkeyMj0cOuBwrGHaaBaD2I803Fr5.png\" alt=\"\" title=\"\"><\/figure><\/div>\n\n\n<h2 class=\"wp-block-heading\">Hur man anv\u00e4nder adjektiv p\u00e5 ett effektivt s\u00e4tt i skrift<\/h2>\n\n\n\n<p>Bra skribenter vet att adjektiv \u00e4r kraftfulla. (men bara n\u00e4r de anv\u00e4nds klokt)&nbsp;<\/p>\n\n\n\n<p>Den gyllene regeln \u00e4r att hellre l\u00e4gga till ett starkt adjektiv \u00e4n flera okej.&nbsp;<\/p>\n\n\n\n<p><strong>Till exempel,<\/strong><\/p>\n\n\n\n<p><strong>Svag:<\/strong> Den stora, l\u00e5nga, enorma, enorma, gigantiska elefanten stod i parken.<\/p>\n\n\n\n<p><strong>B\u00e4ttre: <\/strong>Den enorma elefanten stod i parken.<\/p>\n\n\n\n<p>Varje ord ska f\u00f6rtj\u00e4na sin plats i meningen.  H\u00e4r \u00e4r n\u00e5gra viktiga punkter att t\u00e4nka p\u00e5:<\/p>\n\n\n\n<p><strong>\"Regeln om tre\" f\u00f6r adjektivlistor<\/strong><\/p>\n\n\n\n<p>L\u00e4gg inte till mer \u00e4n tre adjektiv i en mening. N\u00e4r du anv\u00e4nder fler \u00e4n tre adjektiv i rad f\u00e5r det din text att k\u00e4nnas r\u00f6rig och \u00f6verv\u00e4ldigande.&nbsp;<\/p>\n\n\n\n<p><strong>Till exempel,&nbsp;<\/strong><\/p>\n\n\n\n<ul class=\"wp-block-list\">\n<li>Den stora, tomma och dammiga vinden inneh\u00f6ll gamla m\u00f6bler.<\/li>\n\n\n\n<li>Hon var en smart, m\u00e5lmedveten och resursstark probleml\u00f6sare.&nbsp;<\/li>\n<\/ul>\n\n\n\n<p><strong>Anv\u00e4nd sinnliga adjektiv f\u00f6r levande beskrivningar<\/strong><\/p>\n\n\n\n<p>Sensoriska adjektiv spelar p\u00e5 v\u00e5ra fem sinnen och hj\u00e4lper l\u00e4sarna att m\u00e5la upp en bild av dina ord.&nbsp;<\/p>\n\n\n\n<p><strong>Till exempel,&nbsp;<\/strong><\/p>\n\n\n\n<p><strong>Sikt: <\/strong>Den starka solen lyste upp himlen.<\/p>\n\n\n\n<p><strong>Ljud: <\/strong>Den h\u00f6ga klockan ringde i korridoren.<\/p>\n\n\n\n<p><strong>Touch: <\/strong>Den mjuka filten h\u00f6ll mig varm.<\/p>\n\n\n\n<p><strong>Smak: <\/strong>Det s\u00f6ta \u00e4pplet smakade uts\u00f6kt.<\/p>\n\n\n\n<p><strong>Lukta:<\/strong> Den skarpa vitl\u00f6ken fyllde kycklingen.&nbsp;<\/p>\n\n\n\n<p><strong>Balansera beskrivande och funktionella adjektiv<\/strong><\/p>\n\n\n\n<p>Beskrivande adjektiv (r\u00f6d, vacker, h\u00f6gljudd) ger f\u00e4rg och k\u00e4nsla \u00e5t det du skriver.&nbsp;<\/p>\n\n\n\n<p>Funktionella adjektiv (detta, n\u00e5gra, varje) hj\u00e4lper till att organisera information. Bra texter anv\u00e4nder b\u00e5da typerna i balans:<\/p>\n\n\n\n<p><strong>Till exempel,&nbsp;<\/strong><\/p>\n\n\n\n<ul class=\"wp-block-list\">\n<li>De h\u00e4r tre mogna jordgubbarna \u00e4r redo att \u00e4tas. <em>(funktionell + funktionell + beskrivande)<\/em><\/li>\n\n\n\n<li>Min nya dator g\u00e5r snabbare \u00e4n den gamla. <em>(funktionell + beskrivande)<\/em><\/li>\n<\/ul>\n\n\n\n<p>M\u00e5let \u00e4r inte att anv\u00e4nda fler adjektiv - det \u00e4r att anv\u00e4nda r\u00e4tt adjektiv p\u00e5 r\u00e4tt plats f\u00f6r att g\u00f6ra texten tydlig, levande och kraftfull.&nbsp;<\/p>\n\n\n<div class=\"wp-block-image\">\n<figure class=\"aligncenter size-large\"><img loading=\"lazy\" decoding=\"async\" width=\"1024\" height=\"446\" src=\"https:\/\/undetectable.ai/blog\/wp-content\/uploads\/2025\/12\/AI-Sentence-Rewriter-1024x446.jpg\" alt=\"AI Sentence Rewriter sk\u00e4rmdump\" class=\"wp-image-19129\" title=\"\" srcset=\"https:\/\/undetectable.ai/blog\/wp-content\/uploads\/2025\/12\/AI-Sentence-Rewriter-1024x446.jpg 1024w, https:\/\/undetectable.ai/blog\/wp-content\/uploads\/2025\/12\/AI-Sentence-Rewriter-300x131.jpg 300w, https:\/\/undetectable.ai/blog\/wp-content\/uploads\/2025\/12\/AI-Sentence-Rewriter-768x335.jpg 768w, https:\/\/undetectable.ai/blog\/wp-content\/uploads\/2025\/12\/AI-Sentence-Rewriter-18x8.jpg 18w, https:\/\/undetectable.ai/blog\/wp-content\/uploads\/2025\/12\/AI-Sentence-Rewriter.jpg 1202w\" sizes=\"auto, (max-width: 1024px) 100vw, 1024px\" \/><\/figure><\/div>\n\n\n<blockquote class=\"wp-block-quote is-layout-flow wp-block-quote-is-layout-flow\">\n<p>N\u00e4r dina beskrivningar b\u00f6rjar k\u00e4nnas platta eller repetitiva kan v\u00e5r Undetectable AI's <a href=\"https:\/\/undetectable.ai\/sv\/sentence-rewriter\" target=\"_blank\" rel=\"noreferrer noopener\">Omskrivare av meningar<\/a> \u00e4r ett fantastiskt s\u00e4tt att visualisera hur ett enda byte av adjektiv kan f\u00f6r\u00e4ndra hela st\u00e4mningen i en scen.<\/p>\n\n\n\n<p>Ist\u00e4llet f\u00f6r att n\u00f6ja dig med \u201ctr\u00f6tta\u201d modifierare kan du anv\u00e4nda det h\u00e4r specialiserade verktyget f\u00f6r att hitta mer exakta, effektfulla alternativ som hj\u00e4lper ditt utkast att utvecklas till en flytande ber\u00e4ttelse - vilket g\u00f6r att slutresultatet k\u00e4nns naturligt f\u00f6rfattat snarare \u00e4n p\u00e5tvingat.<\/p>\n<\/blockquote>\n\n\n\n<h2 class=\"wp-block-heading\">Hur AI kan hj\u00e4lpa dig att f\u00f6rb\u00e4ttra din anv\u00e4ndning av adjektiv<\/h2>\n\n\n\n<p>Det \u00e4r l\u00e4ttare att g\u00f6ra allt med AI. Du kan l\u00e4ra dig ett helt spr\u00e5k eller beh\u00e4rska n\u00e5got s\u00e5 litet som en del av talet. L\u00e5t oss utforska hur <a href=\"https:\/\/undetectable.ai\/sv\/ai-chat\" target=\"_blank\" rel=\"noopener\">A<\/a><a href=\"https:\/\/undetectable.ai\/sv\/ai-chat\" target=\"_blank\" rel=\"noreferrer noopener\">I<\/a><a href=\"https:\/\/undetectable.ai\/sv\/ai-chat\" target=\"_blank\" rel=\"noopener\"> Chatt<\/a> och <a href=\"https:\/\/undetectable.ai\/sv\/ask-ai\" target=\"_blank\" rel=\"noreferrer noopener\">Fr\u00e5ga AI<\/a> hj\u00e4lpa dig att beh\u00e4rska adjektiv.&nbsp;<\/p>\n\n\n<div class=\"wp-block-image\">\n<figure class=\"aligncenter size-large\"><img loading=\"lazy\" decoding=\"async\" width=\"1024\" height=\"492\" src=\"https:\/\/undetectable.ai/blog\/wp-content\/uploads\/2025\/01\/ai-chat-1024x492.jpg\" alt=\"AI-chatt\" class=\"wp-image-6097\" title=\"\" srcset=\"https:\/\/undetectable.ai/blog\/wp-content\/uploads\/2025\/01\/ai-chat-1024x492.jpg 1024w, https:\/\/undetectable.ai/blog\/wp-content\/uploads\/2025\/01\/ai-chat-300x144.jpg 300w, https:\/\/undetectable.ai/blog\/wp-content\/uploads\/2025\/01\/ai-chat-768x369.jpg 768w, https:\/\/undetectable.ai/blog\/wp-content\/uploads\/2025\/01\/ai-chat-1536x738.jpg 1536w, https:\/\/undetectable.ai/blog\/wp-content\/uploads\/2025\/01\/ai-chat-2048x984.jpg 2048w, https:\/\/undetectable.ai/blog\/wp-content\/uploads\/2025\/01\/ai-chat-18x9.jpg 18w\" sizes=\"auto, (max-width: 1024px) 100vw, 1024px\" \/><\/figure><\/div>\n\n\n<p><strong>Anv\u00e4nd AI-chatt f\u00f6r att f\u00f6rb\u00e4ttra dina adjektiv<\/strong><\/p>\n\n\n\n<p><a href=\"https:\/\/undetectable.ai\/sv\/ai-chat\" target=\"_blank\" rel=\"noreferrer noopener\">AI-chatt<\/a> kan anv\u00e4ndas p\u00e5 ett par olika s\u00e4tt:&nbsp;<\/p>\n\n\n\n<ol class=\"wp-block-list\">\n<li><strong>Att hitta mer precisa eller suggestiva alternativ.&nbsp;<\/strong>\n<ol class=\"wp-block-list\">\n<li><strong>Till exempel,<\/strong> kan man s\u00e4ga: <em>\"Jag vill beskriva skogen som 'trevlig', men det l\u00e5ter f\u00f6r enkelt.\" <\/em>Detta hj\u00e4lper dig att hitta specifika ord som skapar tydligare bilder i ditt sinne.&nbsp;<\/li>\n<\/ol>\n<\/li>\n<\/ol>\n\n\n\n<ol start=\"2\" class=\"wp-block-list\">\n<li><strong>F\u00f6r att kontrollera om adjektivets placering \u00e4r naturlig.<\/strong>\n<ol class=\"wp-block-list\">\n<li>Engelskan har s\u00e4rskilda regler f\u00f6r adjektivens ordningsf\u00f6ljd, och modersm\u00e5lstalare f\u00f6ljer dem utan att ens t\u00e4nka p\u00e5 det. <strong>Till exempel, <\/strong>kan man s\u00e4ga: <em>\"L\u00e5ter 'det runda lilla gamla tr\u00e4bordet' r\u00e4tt?\"<\/em><\/li>\n<\/ol>\n<\/li>\n<\/ol>\n\n\n\n<ol start=\"3\" class=\"wp-block-list\">\n<li><strong>F\u00f6r att f\u00e5 f\u00f6rslag p\u00e5 sensoriska beskrivningar.<\/strong>\n<ol class=\"wp-block-list\">\n<li>AI Chat hj\u00e4lper till att engagera l\u00e4sarnas sinnen med riktade f\u00f6rslag. <strong>Till exempel,<\/strong> kan man s\u00e4ga: <em>\"Jag beskriver en strandscen och beh\u00f6ver adjektiv f\u00f6r att beskriva hur havet l\u00e5ter.\"&nbsp;<\/em><\/li>\n<\/ol>\n<\/li>\n<\/ol>\n\n\n\n<p><strong>Usie Ask AI-verktyg f\u00f6r analys av adjektiv<\/strong><\/p>\n\n\n\n<p><a href=\"https:\/\/undetectable.ai\/sv\/ask-ai\" target=\"_blank\" rel=\"noreferrer noopener\">Fr\u00e5ga AI<\/a> verktyget kan l\u00e4sa det du skrivit och se om du anv\u00e4nt adjektiv p\u00e5 r\u00e4tt s\u00e4tt. Du kan anv\u00e4nda det:&nbsp;<\/p>\n\n\n\n<ol class=\"wp-block-list\">\n<li><strong>F\u00f6r att kontrollera \u00f6veranv\u00e4ndningen av vissa adjektiv<\/strong>\n<ol class=\"wp-block-list\">\n<li>Ladda upp din text s\u00e5 kommer Ask AI att identifiera \u00f6veranv\u00e4nda adjektiv. <strong>Till exempel,<\/strong> AI kommer att analysera det <em>\"I din uppsats har du anv\u00e4nt 'intressant' 8 g\u00e5nger, 'viktig' 6 g\u00e5nger och 'betydande' 5 g\u00e5nger. \u00d6verv\u00e4g att ers\u00e4tta n\u00e5gra av dessa med mer specifika alternativ som 'fascinerande', 'crucia' eller 'banbrytande'.\"<\/em><\/li>\n<\/ol>\n<\/li>\n<\/ol>\n\n\n\n<ol start=\"2\" class=\"wp-block-list\">\n<li><strong>Analysera texten med avseende p\u00e5 adjektivens variation.&nbsp;<\/strong>\n<ol class=\"wp-block-list\">\n<li>Ask AI kommer att utv\u00e4rdera m\u00e5ngfalden i dina adjektiv. <strong>Till exempel,<\/strong> kommer det att analysera ungef\u00e4r s\u00e5 h\u00e4r: \"<em>Din novell anv\u00e4nder fr\u00e4mst visuella adjektiv (74%) med f\u00e5 taktila (15%), auditiva (8%) eller olfaktoriska (3%) deskriptorer. \u00d6verv\u00e4g att balansera dina sensoriska detaljer genom att l\u00e4gga till hur saker k\u00e4nns, l\u00e5ter och luktar.\"<\/em><\/li>\n<\/ol>\n<\/li>\n<\/ol>\n\n\n\n<ol start=\"3\" class=\"wp-block-list\">\n<li><strong>F\u00f6resl\u00e5 alternativ baserat p\u00e5 sammanhanget.<\/strong>\n<ol class=\"wp-block-list\">\n<li>Ask AI f\u00f6rst\u00e5r sammanhanget i det du skriver och kan f\u00f6resl\u00e5 adjektiv som passar just din situation.<\/li>\n<\/ol>\n<\/li>\n<\/ol>\n\n\n<div class=\"wp-block-image\">\n<figure class=\"aligncenter size-large\"><img loading=\"lazy\" decoding=\"async\" width=\"1024\" height=\"444\" src=\"https:\/\/undetectable.ai/blog\/wp-content\/uploads\/2025\/06\/Advanced-AI-Humanizer-1024x444.jpg\" alt=\"Sk\u00e4rmdump av gr\u00e4nssnittet Undetectable AI som visar verktyget Advanced AI Humanizer i aktion\" class=\"wp-image-10609\" title=\"\" srcset=\"https:\/\/undetectable.ai/blog\/wp-content\/uploads\/2025\/06\/Advanced-AI-Humanizer-1024x444.jpg 1024w, https:\/\/undetectable.ai/blog\/wp-content\/uploads\/2025\/06\/Advanced-AI-Humanizer-300x130.jpg 300w, https:\/\/undetectable.ai/blog\/wp-content\/uploads\/2025\/06\/Advanced-AI-Humanizer-768x333.jpg 768w, https:\/\/undetectable.ai/blog\/wp-content\/uploads\/2025\/06\/Advanced-AI-Humanizer-1536x666.jpg 1536w, https:\/\/undetectable.ai/blog\/wp-content\/uploads\/2025\/06\/Advanced-AI-Humanizer-18x8.jpg 18w, https:\/\/undetectable.ai/blog\/wp-content\/uploads\/2025\/06\/Advanced-AI-Humanizer.jpg 1600w\" sizes=\"auto, (max-width: 1024px) 100vw, 1024px\" \/><\/figure><\/div>\n\n\n<blockquote class=\"wp-block-quote is-layout-flow wp-block-quote-is-layout-flow\">\n<p>N\u00e4r du har optimerat dina adjektiv f\u00f6r precision och variation kan du ta det ett steg l\u00e4ngre genom att k\u00f6ra ditt inneh\u00e5ll genom v\u00e5r <a href=\"https:\/\/undetectable.ai\/sv\/ai-humanizer\" target=\"_blank\" rel=\"noreferrer noopener\">F\u00f6rm\u00e4nskliga AI<\/a> verktyg. <\/p>\n\n\n\n<p>Det f\u00f6rb\u00e4ttrar meningsfl\u00f6det, eliminerar robotliknande formuleringar och ser till att det du skriver l\u00e5ter genuint m\u00e4nskligt - s\u00e4rskilt anv\u00e4ndbart om du har f\u00f6rlitat dig p\u00e5 AI f\u00f6r att skapa ditt f\u00f6rsta utkast. <\/p>\n\n\n\n<p>Med bara ett klick kan du omvandla AI-assisterat inneh\u00e5ll till ett naturligt, l\u00e4sarv\u00e4nligt spr\u00e5k som ger genklang.<\/p>\n<\/blockquote>\n\n\n\n<p>Du kan ocks\u00e5 utforska v\u00e5r AI Detector och Humanizer i widgeten nedan!<\/p>\n\n\n\n<div id=\"uai-widget\" data-affiliate-link=\"https:\/\/undetectable.ai\/?_by=hi4km\"><script>var js = document.createElement(\"script\");js.async = true;js.src = \"https:\/\/widget.undetectable.ai\/js\/widget-loader.js?t=\"+Date.now();document.getElementsByTagName(\"head\")[0].appendChild(js);<\/script><\/div>\n\n\n\n<h2 class=\"wp-block-heading\">Vanliga fr\u00e5gor om adjektiv<\/h2>\n\n\n<div id=\"rank-math-faq\" class=\"rank-math-block\">\n<div class=\"rank-math-list\">\n<div id=\"faq-question-1741357472352\" class=\"rank-math-list-item\">\n<h3 class=\"rank-math-question\">Vad \u00e4r skillnaden mellan ett adjektiv och ett adverb?<\/h3>\n<div class=\"rank-math-answer\">\n\n<p>Ett adjektiv beskriver ett substantiv och talar om f\u00f6r oss hur n\u00e5got \u00e4r. Ett adverb beskriver ett verb och f\u00f6rklarar hur n\u00e5got h\u00e4nder. <\/p>\n<p>Till exempel i \"Hon \u00e4r en snabb l\u00f6pare\" \u00e4r snabb ett adjektiv eftersom det beskriver l\u00f6pare (ett substantiv). Men i \"Hon springer fort\" \u00e4r fort ett adverb eftersom det beskriver springer (ett verb).\u00a0<\/p>\n\n<\/div>\n<\/div>\n<div id=\"faq-question-1741357475089\" class=\"rank-math-list-item\">\n<h3 class=\"rank-math-question\">Kan ett adjektiv vara mer \u00e4n ett ord?<\/h3>\n<div class=\"rank-math-answer\">\n\n<p>Ja, ett adjektiv kan best\u00e5 av mer \u00e4n ett ord. <\/p>\n<p><strong>Sammansatta adjektiv <\/strong>\u00e4r tv\u00e5 eller flera ord som f\u00f6renas av bindestreck, som \"h\u00f6ghastighetst\u00e5g\" eller \"v\u00e4lk\u00e4nd f\u00f6rfattare\". <strong>Frasformade adjektiv<\/strong> \u00e4r fasta fraser som fungerar som adjektiv, till exempel \"konfektionerade kl\u00e4der\" eller \"saklig ton\". <strong>Participfraser<\/strong> fungerar ocks\u00e5 som adjektiv. <\/p>\n<p>I \"Flickan i r\u00f6d kl\u00e4nning log\" beskrivs till exempel en flicka som b\u00e4r en r\u00f6d kl\u00e4nning.\u00a0<\/p>\n\n<\/div>\n<\/div>\n<div id=\"faq-question-1741357489712\" class=\"rank-math-list-item\">\n<h3 class=\"rank-math-question\">Hur identifierar du ett adjektiv i en mening?<\/h3>\n<div class=\"rank-math-answer\">\n\n<p>Leta efter ett substantiv och fr\u00e5ga: \"Hur \u00e4r det?\" Ord som beskriver egenskaper, storlek, f\u00e4rg eller karakt\u00e4rsdrag \u00e4r adjektiv. <\/p>\n<p>De st\u00e5r vanligtvis f\u00f6re ett substantiv (en vacker solnedg\u00e5ng) eller efter ett l\u00e4nkverb (solnedg\u00e5ngen \u00e4r vacker). N\u00e5gra knepiga fall \u00e4r ord som liknar adjektiv men fungerar annorlunda, som \"Hon springer fort\", d\u00e4r fort \u00e4r ett adverb, inte ett adjektiv. <\/p>\n<p><strong>Possessiva ord<\/strong> som min, din och deras, och siffror som tre \u00e4pplen fungerar ocks\u00e5 som adjektiv. <strong>Participles<\/strong> som en uttr\u00e5kad student eller rinnande vatten kommer fr\u00e5n verb men beskriver substantiv. Ett enkelt test: Om meningen f\u00f6rlorar sin beskrivning om ordet tas bort, \u00e4r det sannolikt ett adjektiv.\u00a0<\/p>\n\n<\/div>\n<\/div>\n<\/div>\n<\/div>\n\n\n<h2 class=\"wp-block-heading\">Slutsats<\/h2>\n\n\n\n<p>Under diskussionens g\u00e5ng har vi uppt\u00e4ckt hur viktiga dessa beskrivande ord \u00e4r f\u00f6r en effektiv kommunikation.&nbsp;<\/p>\n\n\n\n<p>Nu \u00e4r det din tur att oms\u00e4tta alla principer i praktiken.&nbsp;<\/p>\n\n\n\n<p>Utmana dig sj\u00e4lv att granska ett stycke av ditt skrivande idag med tanke p\u00e5 adjektivanv\u00e4ndning.&nbsp;<\/p>\n\n\n\n<p>Finns det generiska adjektiv som du kan ers\u00e4tta med mer specifika?&nbsp;<\/p>\n\n\n\n<p>Har du engagerat alla fem sinnena med din beskrivning?&nbsp;<\/p>\n\n\n\n<p>Skulle du kunna dra nytta av \"regeln om tre\" i dina adjektivlistor?<\/p>\n\n\n\n<p>Adjektiv g\u00f6r inte bara texten vackrare, utan bidrar ocks\u00e5 till grundl\u00e4ggande klarhet genom att de hj\u00e4lper lyssnaren att uppleva texten.&nbsp;<\/p>\n\n\n\n<p>Skillnaden mellan <em>\"Hon bor i ett hus\"<\/em> och<em> \"Hon bor i ett charmigt, solbelyst viktorianskt hus\"<\/em> handlar om den levande mentala bild som omedelbart dyker upp i l\u00e4sarens sinne.&nbsp;<\/p>\n<!--\nDebug List of Changed Links:\nBefore: https:\/\/undetectable.ai\/sentence-rewriter\nAfter: https:\/\/undetectable.ai\/sv\/sentence-rewriter\nBefore: https:\/\/undetectable.ai\/ai-chat\nAfter: https:\/\/undetectable.ai\/sv\/ai-chat\nBefore: https:\/\/undetectable.ai\/ai-chat\nAfter: https:\/\/undetectable.ai\/sv\/ai-chat\nBefore: https:\/\/undetectable.ai\/ai-chat\nAfter: https:\/\/undetectable.ai\/sv\/ai-chat\nBefore: https:\/\/undetectable.ai\/ask-ai\nAfter: https:\/\/undetectable.ai\/sv\/ask-ai\nBefore: https:\/\/undetectable.ai\/ai-chat\nAfter: https:\/\/undetectable.ai\/sv\/ai-chat\nBefore: https:\/\/undetectable.ai\/ask-ai\nAfter: https:\/\/undetectable.ai\/sv\/ask-ai\nBefore: https:\/\/undetectable.ai\/ai-humanizer\nAfter: https:\/\/undetectable.ai\/sv\/ai-humanizer\n-->","protected":false},"excerpt":{"rendered":"","protected":false},"author":15,"featured_media":22208,"comment_status":"closed","ping_status":"closed","sticky":false,"template":"","format":"standard","meta":{"_themeisle_gutenberg_block_has_review":false,"footnotes":""},"categories":[31],"tags":[],"class_list":["post-6573","post","type-post","status-publish","format-standard","has-post-thumbnail","hentry","category-helpful-ai-content-tips"],"_links":{"self":[{"href":"https:\/\/undetectable.ai/blog\/sv\/wp-json\/wp\/v2\/posts\/6573","targetHints":{"allow":["GET"]}}],"collection":[{"href":"https:\/\/undetectable.ai/blog\/sv\/wp-json\/wp\/v2\/posts"}],"about":[{"href":"https:\/\/undetectable.ai/blog\/sv\/wp-json\/wp\/v2\/types\/post"}],"author":[{"embeddable":true,"href":"https:\/\/undetectable.ai/blog\/sv\/wp-json\/wp\/v2\/users\/15"}],"replies":[{"embeddable":true,"href":"https:\/\/undetectable.ai/blog\/sv\/wp-json\/wp\/v2\/comments?post=6573"}],"version-history":[{"count":3,"href":"https:\/\/undetectable.ai/blog\/sv\/wp-json\/wp\/v2\/posts\/6573\/revisions"}],"predecessor-version":[{"id":19151,"href":"https:\/\/undetectable.ai/blog\/sv\/wp-json\/wp\/v2\/posts\/6573\/revisions\/19151"}],"wp:featuredmedia":[{"embeddable":true,"href":"https:\/\/undetectable.ai/blog\/sv\/wp-json\/wp\/v2\/media\/22208"}],"wp:attachment":[{"href":"https:\/\/undetectable.ai/blog\/sv\/wp-json\/wp\/v2\/media?parent=6573"}],"wp:term":[{"taxonomy":"category","embeddable":true,"href":"https:\/\/undetectable.ai/blog\/sv\/wp-json\/wp\/v2\/categories?post=6573"},{"taxonomy":"post_tag","embeddable":true,"href":"https:\/\/undetectable.ai/blog\/sv\/wp-json\/wp\/v2\/tags?post=6573"}],"curies":[{"name":"wp","href":"https:\/\/api.w.org\/{rel}","templated":true}]}}