{"id":7192,"date":"2025-03-25T15:56:00","date_gmt":"2025-03-25T15:56:00","guid":{"rendered":"https:\/\/undetectable.ai/blog\/?p=7192"},"modified":"2026-04-28T18:19:50","modified_gmt":"2026-04-28T18:19:50","slug":"hur-man-skriver-ett-minnestal","status":"publish","type":"post","link":"https:\/\/undetectable.ai/blog\/sv\/hur-man-skriver-ett-minnestal","title":{"rendered":"Hur man skriver ett minnestal: B\u00e4sta praxis och exempel p\u00e5 tal"},"content":{"rendered":"<p>Att skriva ett minnestal \u00e4r inte l\u00e4tt. <\/p>\n\n\n\n<p>Om du har blivit ombedd att h\u00e5lla ett minnestal h\u00e5ller du s\u00e4kert med om att det \u00e4r skr\u00e4mmande att samtidigt f\u00f6rs\u00f6ka s\u00f6rja och sammanfatta livet f\u00f6r n\u00e5gon du \u00e4lskat.&nbsp;<\/p>\n\n\n\n<p>Om det utf\u00f6rs p\u00e5 r\u00e4tt s\u00e4tt kan du hedra n\u00e5gon du \u00e4lskar och f\u00e5 andra att minnas dem. <\/p>\n\n\n\n<p>Men hur sammanfattar man en m\u00e4nniskas liv i minuter? <\/p>\n\n\n\n<p>Det b\u00e4sta \u00e4r att du inte beh\u00f6ver sammanfatta en persons liv, du beh\u00f6ver bara f\u00e5nga essensen av vem de var.&nbsp;&nbsp;&nbsp;<\/p>\n\n\n\n<h2 class=\"wp-block-heading\">Vad \u00e4r ett minnestal?<\/h2>\n\n\n\n<p><a href=\"https:\/\/www.gotquestions.org\/what-is-a-eulogy.html\" target=\"_blank\" rel=\"noreferrer noopener\">Eulogi<\/a> kommer fr\u00e5n det grekiska ordet \"eulogia\" som betyder \"gott tal\" eller \"ber\u00f6m\". <\/p>\n\n\n\n<p>Ett minnestal \u00e4r ett lovtal som h\u00e5lls vid en minnesstund.<\/p>\n\n\n\n<p>N\u00e4r du h\u00e5ller ett minnestal \u00e4r det ditt ansvar att betona den avlidnes livsv\u00e4rden f\u00f6r alla som deltar i minnesstunden. <\/p>\n\n\n\n<p>Genom ditt minnestal ger du andra s\u00f6rjande k\u00e4nslom\u00e4ssigt st\u00f6d.&nbsp;<\/p>\n\n\n\n<p>Visste du att ett minnestal kan vara formellt eller informellt? Och ibland beror valet av typ av minnestal p\u00e5 milj\u00f6n och din relation till den avlidne. <\/p>\n\n\n\n<p>S\u00e5 ett minnestal kan skrivas antingen k\u00e4nslom\u00e4ssigt med humoristiska avsnitt eller helt formellt professionellt.<\/p>\n\n\n\n<h3 class=\"wp-block-heading\">Syftet med ett minnestal vid en begravning eller minnesstund<\/h3>\n\n\n\n<p>S\u00e5 varf\u00f6r beh\u00f6ver man ett minnestal? Ett minnestal tj\u00e4nar m\u00e5nga viktiga syften, och de inkluderar:&nbsp;<\/p>\n\n\n\n<ul class=\"wp-block-list\">\n<li><strong>Att hedra de avlidna: <\/strong>Du kan uppskatta en annan persons v\u00e4rdefulla bidrag och prestationer genom en eulogi. Ett lovtal beh\u00f6ver inte ge en fullst\u00e4ndig livssammanfattning eftersom det bara kr\u00e4ver att man visar hur personen visade sig f\u00f6r andra.<\/li>\n\n\n\n<li><strong>Delar minnen: <\/strong>Du kan ber\u00e4tta historier om en person eller n\u00e5got minnesv\u00e4rt som de gjorde. Du kanske inte vet om det, men att dela ett minne kan ge tr\u00f6st eller hj\u00e4lpa n\u00e5gon annan att s\u00f6rja.&nbsp;<\/li>\n\n\n\n<li><strong>Vi firar deras liv: <\/strong>Genom ett lovtal hyllar vi de livsg\u00e4rningar som n\u00e5gon har \u00e5stadkommit ist\u00e4llet f\u00f6r att fokusera p\u00e5 deras bortg\u00e5ng. Ett minnestal g\u00f6r det m\u00f6jligt f\u00f6r m\u00e4nniskor att minnas den avlidnes anm\u00e4rkningsv\u00e4rda liv.&nbsp;&nbsp;<\/li>\n\n\n\n<li><strong>St\u00e4ngning:<\/strong> A eulogy creates a sense of closure&nbsp;for you and other mourners. While preparing a eulogy helps bring emotional closure, it\u2019s also worth considering practical arrangements like funeral insurance. Having <a href=\"https:\/\/www.seniors.com.au\/funeral-insurance\" data-type=\"link\" data-id=\"https:\/\/www.seniors.com.au\/funeral-insurance\" target=\"_blank\" rel=\"noopener\">begravningsf\u00f6rs\u00e4kring<\/a> kan underl\u00e4tta den ekonomiska b\u00f6rdan f\u00f6r n\u00e4ra och k\u00e4ra under en redan sv\u00e5r tid, s\u00e5 att de kan fokusera p\u00e5 att fira livet f\u00f6r den person som har g\u00e5tt bort.<\/li>\n<\/ul>\n\n\n\n<h3 class=\"wp-block-heading\">Hur ett minnestal skiljer sig fr\u00e5n en d\u00f6dsruna<\/h3>\n\n\n\n<p>Folk tror att d\u00f6dsannonser och minnestal \u00e4r samma sak. <\/p>\n\n\n\n<p>Detta beror p\u00e5 att de b\u00e5de respekterar och uppskattar avlidna personer. <\/p>\n\n\n\n<p>\u00c4ven om b\u00e5de d\u00f6dsannonser och eulogier har ett gemensamt syfte har de olika roller.<\/p>\n\n\n\n<p>H\u00e4r \u00e4r n\u00e5gra skillnader mellan <a href=\"https:\/\/www.funeralbasics.org\/difference-eulogy-and-obituary\/\" target=\"_blank\" rel=\"noreferrer noopener\">en d\u00f6dsruna och ett minnestal<\/a>:<\/p>\n\n\n\n<figure class=\"wp-block-table\"><table class=\"has-fixed-layout\"><tbody><tr><td><strong>Eulogi<\/strong><\/td><td><strong>D\u00f6dsannons&nbsp;<\/strong><\/td><\/tr><tr><td>Det \u00e4r ett personligt tal som h\u00e5lls vid en begravning&nbsp;<\/td><td>Det \u00e4r ett skriftligt meddelande som publiceras i en tidning eller p\u00e5 internet&nbsp;<\/td><\/tr><tr><td>Den fokuserar p\u00e5 de avlidnas ber\u00e4ttelser, egenskaper och minnen&nbsp;<\/td><td>Den inneh\u00e5ller biografisk information, d\u00f6dsdatum, familjeinformation och detaljer om begravningsarrangemang<\/td><\/tr><tr><td>Det har inte n\u00e5got standardformat<\/td><td>Den har ett standardformat<\/td><\/tr><tr><td>Det tar cirka 5 till 10 minuter att leverera&nbsp;<\/td><td>Det \u00e4r vanligtvis mellan 200-500 ord<\/td><\/tr><tr><td>Det levereras av n\u00e5gon som st\u00e5r den avlidne n\u00e4ra&nbsp;<\/td><td>Den skrivs av familjemedlemmar eller en begravningsentrepren\u00f6r<\/td><\/tr><tr><td>Det kostar inte pengar&nbsp;<\/td><td>Det kostar ibland pengar att publicera<\/td><\/tr><\/tbody><\/table><\/figure>\n\n\n\n<p>Sammanfattningsvis kan man allts\u00e5 s\u00e4ga att en d\u00f6dsannons tillk\u00e4nnager ett d\u00f6dsfall medan ett lovtal v\u00e4cker personens ande till liv genom personlig reflektion.<\/p>\n\n\n\n<h2 class=\"wp-block-heading\">Hur man skriver ett minnestal (steg-f\u00f6r-steg-guide)<\/h2>\n\n\n\n<p>Ja, det \u00e4r sv\u00e5rt att skriva ett minnestal. Och det \u00e4r okej att vara clueless om vad man ska skriva. Men vad du b\u00f6r veta \u00e4r att det inte \u00e4r om\u00f6jligt att skriva ett lovtal. <\/p>\n\n\n\n<p>H\u00e4r \u00e4r en steg-f\u00f6r-steg-guide till hur du kan skriva ett meningsfullt minnestal:&nbsp;<\/p>\n\n\n\n<h3 class=\"wp-block-heading\">Samla dina tankar&nbsp;<\/h3>\n\n\n\n<p>Det \u00e4r f\u00f6rst\u00e5eligt att du \u00e4r ledsen, men du m\u00e5ste \u00e4nd\u00e5 f\u00e5 jobbet gjort. S\u00e5 ta f\u00f6rst och fr\u00e4mst ett djupt andetag och samla tankarna. <\/p>\n\n\n\n<p>Du kan samla dina tankar om din n\u00e4rst\u00e5ende genom att g\u00f6ra f\u00f6ljande:&nbsp;<\/p>\n\n\n\n<ul class=\"wp-block-list\">\n<li>Titta p\u00e5 ett gammalt foto f\u00f6r att v\u00e4cka minnen&nbsp;<\/li>\n\n\n\n<li>Prata med familjemedlemmar eller v\u00e4nner&nbsp;<\/li>\n\n\n\n<li>F\u00f6rs\u00f6k att komma ih\u00e5g och skriv ner dina minnen<\/li>\n\n\n\n<li>Minns deras prestationer och goda egenskaper&nbsp;<\/li>\n\n\n\n<li>Kom ih\u00e5g viktiga milstolpar<\/li>\n<\/ul>\n\n\n\n<h3 class=\"wp-block-heading\">V\u00e4lj ett tema och en ton&nbsp;<\/h3>\n\n\n\n<p>Ist\u00e4llet f\u00f6r att f\u00f6rs\u00f6ka prata om allt, varf\u00f6r v\u00e4ljer du inte ett tema? Det tema ni v\u00e4ljer b\u00f6r vara n\u00e5got som f\u00e5ngar deras essens. <\/p>\n\n\n\n<p>Du kan v\u00e4lja att fokusera p\u00e5 f\u00f6ljande:&nbsp;<\/p>\n\n\n\n<ul class=\"wp-block-list\">\n<li>Deras v\u00e4nlighet och goda hj\u00e4rta<\/li>\n\n\n\n<li>Vilken roll de spelade i ditt liv&nbsp;<\/li>\n\n\n\n<li>Deras passion och intressen&nbsp;<\/li>\n\n\n\n<li>Hur de hj\u00e4lpte dig att \u00f6vervinna en utmaning<\/li>\n<\/ul>\n\n\n\n<p>Vilken ton vill du ocks\u00e5 att ditt tema ska ha? T\u00e4nk p\u00e5 vilka preferenser som den avlidne skulle v\u00e4lja f\u00f6r sin begravningsgudstj\u00e4nst. <\/p>\n\n\n\n<p>Enligt din \u00e5sikt, vill de att deras minnestal ska vara avslappnat, h\u00f6gtidligt eller en kombination av b\u00e5da?<\/p>\n\n\n\n<h3 class=\"wp-block-heading\">K\u00e4nn till strukturen f\u00f6r ett minnestal&nbsp;<\/h3>\n\n\n\n<p>Om du <a href=\"https:\/\/textbooks.whatcom.edu\/cmst220\/chapter\/eulogy\/\" target=\"_blank\" rel=\"noreferrer noopener\">f\u00f6rst\u00e5 strukturen i ett minnestal<\/a> s\u00e5 har du 50 procent av ditt arbete framf\u00f6r dig. <\/p>\n\n\n\n<p>Men om du inte g\u00f6r det kan du l\u00e4sa om vad som ing\u00e5r i en grundl\u00e4ggande struktur:&nbsp;<\/p>\n\n\n\n<ul class=\"wp-block-list\">\n<li><strong>Inledning: <\/strong>Inledningen av ditt minnestal b\u00f6r ange tonen. Det b\u00f6r vara en kort introduktion av dig sj\u00e4lv och din relation till den avlidne. Om du \u00e4r en n\u00e4ra familjemedlem kan du ocks\u00e5 tacka alla f\u00f6r att de har kommit.&nbsp;<\/li>\n\n\n\n<li><strong>\u00d6ppnar: <\/strong>Du kan inleda med en dikt, ett citat eller ett uttalande som de \u00e4lskade.&nbsp;<\/li>\n\n\n\n<li><strong>Mitten: <\/strong>T\u00e4nk p\u00e5 denna del som hj\u00e4rtat i minnestalet. Det \u00e4r h\u00e4r du delar med dig av viktiga h\u00e4ndelser i livet och personliga minnen. Du b\u00f6r ocks\u00e5 prata om deras karakt\u00e4r och arv h\u00e4r. Prata bara om hur du vill att de ska bli ih\u00e5gkomna.&nbsp;<\/li>\n\n\n\n<li><strong>Avslutar: <\/strong>H\u00e4r kan du ge tr\u00f6stande ord och uttrycka tacksamhet f\u00f6r st\u00f6det under denna sv\u00e5ra tid. Du kan avsluta med att ber\u00e4tta f\u00f6r alla vad du tror att den avlidne skulle vilja att de minns.&nbsp;<\/li>\n<\/ul>\n\n\n\n<h3 class=\"wp-block-heading\">Skriv och granska ditt f\u00f6rsta utkast<\/h3>\n\n\n\n<p>Du beh\u00f6ver inte oroa dig f\u00f6r perfektion. Anv\u00e4nd bara dina egna ord och var \u00e4kta. <\/p>\n\n\n\n<p>Skriv som om du hade ett samtal med en v\u00e4n.&nbsp;<\/p>\n\n\n\n<p>N\u00e4r du \u00e4r klar med ditt utkast g\u00f6r du f\u00f6ljande:&nbsp;<\/p>\n\n\n\n<ul class=\"wp-block-list\">\n<li>L\u00e4s det h\u00f6gt f\u00f6r att kontrollera fl\u00f6det<\/li>\n\n\n\n<li>Ta bort repetitiva meningar&nbsp;<\/li>\n\n\n\n<li>Se till att du har r\u00e4tt ton&nbsp;<\/li>\n\n\n\n<li>Kontrollera grammatik- och stavfel&nbsp;<\/li>\n<\/ul>\n\n\n\n<h3 class=\"wp-block-heading\">\u00d6va p\u00e5 din leverans&nbsp;<\/h3>\n\n\n\n<p>N\u00e4r du har skrivit ditt slutliga utkast b\u00f6r du l\u00e4sa det h\u00f6gt f\u00f6r att se till att du f\u00f6rmedlar r\u00e4tt budskap. Det hj\u00e4lper dig att h\u00e5lla tempot och att l\u00e5ta naturlig. <\/p>\n\n\n\n<p>S\u00e5 h\u00e4r kan du arbeta med leverans:&nbsp;<\/p>\n\n\n\n<ul class=\"wp-block-list\">\n<li>Ta tid p\u00e5 dig sj\u00e4lv&nbsp;<\/li>\n\n\n\n<li>Markera platser d\u00e4r du beh\u00f6ver ta en paus<\/li>\n\n\n\n<li>Identifiera k\u00e4nslom\u00e4ssiga avsnitt och f\u00f6rbered dig om du skulle gr\u00e5ta<\/li>\n\n\n\n<li>T\u00e4nk p\u00e5 att ha en reservperson som kan l\u00e4sa om du inte kan forts\u00e4tta<\/li>\n<\/ul>\n\n\n\n<p>Om du efter att ha f\u00f6ljt den h\u00e4r guiden fortfarande k\u00e4nner att du inte \u00e4r i tankesf\u00e4ren f\u00f6r att skriva ett minnestal \u00e4r det okej. <\/p>\n\n\n\n<p>Du kan lita p\u00e5 att v\u00e5r AI-chatt hj\u00e4lper dig. <a href=\"https:\/\/undetectable.ai\/sv\/ai-chat\" target=\"_blank\" rel=\"noreferrer noopener\">Ouppt\u00e4ckbar AI-chatt<\/a> kan hj\u00e4lpa dig att komma p\u00e5 ett minnestal som f\u00e5ngar essensen av din \u00e4lskade. <\/p>\n\n\n\n<p>Allt du beh\u00f6ver g\u00f6ra \u00e4r att ber\u00e4tta lite om den person du skriver om och sedan l\u00e5ta oss g\u00f6ra resten av jobbet.<\/p>\n\n\n\n<h2 class=\"wp-block-heading\">Exempel p\u00e5 mall f\u00f6r minnestal<\/h2>\n\n\n\n<p>Om du har sv\u00e5rt att komma ig\u00e5ng finns det n\u00e5gra enkla mallar som du kan f\u00f6lja:&nbsp;<\/p>\n\n\n\n<h3 class=\"wp-block-heading\">Hur man skriver ett minnestal f\u00f6r pappa&nbsp;<\/h3>\n\n\n\n<p>N\u00e4r du h\u00e5ller ett minnestal \u00f6ver din far uttrycker du tacksamhet f\u00f6r den man som gav ditt liv dess riktning. <\/p>\n\n\n\n<p>H\u00e4r \u00e4r en mall f\u00f6r dig:&nbsp;<\/p>\n\n\n\n<p><em>\"Det har varit en sv\u00e5r uppgift att med ord uttrycka den betydelse min far haft i mitt liv. Han spelade b\u00e5de rollen som min b\u00e4sta supporter och min n\u00e4rmaste v\u00e4n. Alla han tr\u00e4ffade drogs omedelbart till honom eftersom han hade en fantastisk f\u00f6rm\u00e5ga att lysa upp varje rum han kom in i. Han gjorde naturligtvis alla avslappnade i sin n\u00e4rvaro.&nbsp;&nbsp;<\/em><\/p>\n\n\n\n<p><em>Varje \u00f6gonblick var ett l\u00e4rorikt \u00f6gonblick med honom. Jag minns tydligt mitt misslyckade f\u00f6rsta f\u00f6rs\u00f6k att cykla utan v\u00e4gledning. Min far anv\u00e4nde det \u00f6gonblicket f\u00f6r att visa mig att det \u00e4r acceptabelt att be om hj\u00e4lp. Han sa ocks\u00e5 att det var okej att misslyckas och den l\u00e4rdomen kommer jag att b\u00e4ra med mig genom hela mitt vuxna liv.&nbsp;<\/em><\/p>\n\n\n\n<p><em>Jag kommer att sakna min pappa, men jag vet att han \u00e4r lycklig och g\u00f6r andra lyckliga var han \u00e4n \u00e4r. Tills vi m\u00f6ts igen pappa. Alltid och f\u00f6r evigt<\/em>\"<\/p>\n\n\n\n<p>Ditt minnestal beh\u00f6ver inte skildra din far som perfekt. S\u00e5 om du funderar p\u00e5 hur du ska skriva ett minnestal f\u00f6r en far, inkludera bara autentiska minnen. <\/p>\n\n\n\n<p>Att l\u00e4gga till hans egenheter och till och med hans brister kan skapa en mer \u00e4kta hyllning.<\/p>\n\n\n\n<h3 class=\"wp-block-heading\">Hur man skriver ett minnestal f\u00f6r en mor<\/h3>\n\n\n\n<p>Din mors minnestal b\u00f6r visa en balans mellan de roller hon spelade i din familj och vem hon var som m\u00e4nniska med sina dr\u00f6mmar och prestationer. <\/p>\n\n\n\n<p>H\u00e4r \u00e4r en f\u00f6r dig:<\/p>\n\n\n\n<p><em>\"Min mamma var en bra kvinna. Och idag skulle jag vilja dela med mig av den otroliga kvinna hon var och det arv hon l\u00e4mnade efter sig.&nbsp;<\/em><\/p>\n\n\n\n<p><em>Min mamma hade ett stort hj\u00e4rta och d\u00e4rf\u00f6r var jag tvungen att dela henne med andra m\u00e4nniskor. F\u00f6rst tyckte jag inte om det, men senare ins\u00e5g jag att hon var den typ av person som var en mamma f\u00f6r alla, \u00e4ven om hon inte hade f\u00f6tt dem. Hon visade k\u00e4rlek p\u00e5 otaliga s\u00e4tt.&nbsp;<\/em><\/p>\n\n\n\n<p><em>Min mamma var smart och hon inspirerade mig till att n\u00e5 den akademiska niv\u00e5 jag har idag. Hon inspirerade mig i ord och handling. Min mamma gav mig de b\u00e4sta kramarna och det kommer jag att sakna. \u00c4ven om jag hade en d\u00e5lig dag kunde jag lita p\u00e5 att jag skulle f\u00e5 komma tillbaka till hennes famn i slutet av dagen.&nbsp;<\/em><\/p>\n\n\n\n<p><em>Under sv\u00e5ra perioder sk\u00f6tte hon allt med elegans. Varje dag i sin sista stund b\u00f6rjade hon sin morgon med att s\u00e4tta p\u00e5 sig ett leende. Hon p\u00e5minde oss om att hon alltid skulle finnas vid v\u00e5r sida, oavsett vad som h\u00e4nde. Jag har k\u00e4nt henne vid min sida sedan hon gick bort. En kvinna som h\u00f6ll sitt ord \u00e4nda till slutet.&nbsp;<\/em><\/p>\n\n\n\n<p><em>Mamma, vi kommer alltid att b\u00e4ra din k\u00e4rlek med oss. Jag kommer att \u00e4lska dig f\u00f6r evigt. Vila med \u00e4nglarna\"<\/em><\/p>\n\n\n\n<h3 class=\"wp-block-heading\">Hur man skriver ett minnestal f\u00f6r en v\u00e4n<\/h3>\n\n\n\n<p>Ditt minnestal f\u00f6r en v\u00e4n b\u00f6r fokusera p\u00e5 det speciella band ni delade. Det h\u00e4r \u00e4r ocks\u00e5 din m\u00f6jlighet att l\u00e4gga till humor och l\u00e4tta upp st\u00e4mningen lite. <\/p>\n\n\n\n<p>H\u00e4r \u00e4r en mall f\u00f6r dig:&nbsp;<\/p>\n\n\n\n<p><em>\"Min v\u00e4n var den sortens v\u00e4n som de flesta m\u00e4nniskor beh\u00f6ver i sitt liv. St\u00e4ndigt st\u00f6djande, alltid k\u00e4rleksfull. Det \u00e4r s\u00e5 sv\u00e5rt att sammanfatta det band vi delade p\u00e5 10 minuter, men i st\u00e4llet ska jag ber\u00e4tta 10 saker som jag \u00e4lskade hos honom\/henne.&nbsp;<\/em><\/p>\n\n\n\n<ol class=\"wp-block-list\">\n<li><em>Han\/hon hade ett gott sinne f\u00f6r humor. \u00c4ven om det ibland var m\u00f6rkt, fanns humorn d\u00e4r.&nbsp;<\/em><\/li>\n\n\n\n<li><em>Han\/hon var \u00e4ventyrlig&nbsp;<\/em><\/li>\n\n\n\n<li><em>Han\/hon var en risktagare&nbsp;<\/em><\/li>\n\n\n\n<li><em>Han\/hon var en bra far\/mor&nbsp;<\/em><\/li>\n\n\n\n<li><em>Han\/hon var en god lyssnare<\/em><\/li>\n\n\n\n<li><em>Han\/hon gav de b\u00e4sta r\u00e5den&nbsp;<\/em><\/li>\n\n\n\n<li><em>Han\/hon v\u00e4rdesatte v\u00e4nskap&nbsp;<\/em><\/li>\n\n\n\n<li><em>Han\/hon var smart&nbsp;<\/em><\/li>\n\n\n\n<li><em>Han\/hon hanterade konflikter med v\u00e4rdighet&nbsp;<\/em><\/li>\n\n\n\n<li><em>Han\/hon var min b\u00e4sta v\u00e4n&nbsp;<\/em><\/li>\n<\/ol>\n\n\n\n<p><em>Ansiktena i det h\u00e4r rummet vittnar om hur m\u00e5nga liv han\/hon ber\u00f6rde. \u00c4ven om jag kommer att sakna v\u00e5ra gemensamma stunder, \u00e4r jag tacksam f\u00f6r att jag fick uppleva dig. Farv\u00e4l, min k\u00e4re v\u00e4n.\"&nbsp;<\/em><\/p>\n\n\n\n<h3 class=\"wp-block-heading\">Hur man skriver ett minnestal f\u00f6r ett syskon<\/h3>\n\n\n\n<p>S\u00e5 h\u00e4r skriver du ett minnestal \u00f6ver ett syskon:&nbsp;<\/p>\n\n\n\n<p><em>Att v\u00e4xa upp med min syster var ett \u00e4ventyr. Hon var v\u00e5ghalsig och modig. Vi hamnade ofta i trubbel eftersom hon hade en vass mun och inte var r\u00e4dd f\u00f6r n\u00e5gon. \u00c4ven om hon var \u00e4ldre \u00e4n jag byggde v\u00e5r relation p\u00e5 en grundl\u00e4ggande respekt.&nbsp;<\/em><\/p>\n\n\n\n<p><em>Min syster var beg\u00e5vad, hon kunde sjunga och det var irriterande f\u00f6r det mesta eftersom hon aldrig slutade f\u00f6rs\u00f6ka sjunga ner huset. Men jag kommer att sakna henne n\u00e4r hon sjunger i badrummet varje morgon.&nbsp;<\/em><\/p>\n\n\n\n<p><em>V\u00e5ra gr\u00e4l var korta eftersom min syster inte visste hur man hyste agg. Hon var v\u00e4ldigt frisinnad. Ett drag jag har tagit med mig fr\u00e5n henne.&nbsp;<\/em><\/p>\n\n\n\n<p><em>Jag kommer alltid att b\u00e4ra en bit av henne med mig. Jag finner tr\u00f6st i att veta att hon inte l\u00e4ngre har ont. Adj\u00f6, min v\u00e4n och syster. Det kommer alltid att vara du och jag mot v\u00e4rlden.\"&nbsp;<\/em><\/p>\n\n\n\n<p>Om du fortfarande \u00e4r os\u00e4ker p\u00e5 vad du ska skriva, anv\u00e4nd bara v\u00e5r <a href=\"https:\/\/undetectable.ai\/sv\/ai-chat\" target=\"_blank\" rel=\"noreferrer noopener\">AI-chatt<\/a>. H\u00e4r \u00e4r ett exempel p\u00e5 ett minnestal som genererats av en odetekterbar AI-chatt:<\/p>\n\n\n\n<figure class=\"wp-block-image size-full\"><img loading=\"lazy\" decoding=\"async\" width=\"986\" height=\"648\" src=\"https:\/\/undetectable.ai/blog\/wp-content\/uploads\/2025\/03\/AI-Chat-Generated.jpg\" alt=\"\" class=\"wp-image-7202\" title=\"\" srcset=\"https:\/\/undetectable.ai/blog\/wp-content\/uploads\/2025\/03\/AI-Chat-Generated.jpg 986w, https:\/\/undetectable.ai/blog\/wp-content\/uploads\/2025\/03\/AI-Chat-Generated-300x197.jpg 300w, https:\/\/undetectable.ai/blog\/wp-content\/uploads\/2025\/03\/AI-Chat-Generated-768x505.jpg 768w, https:\/\/undetectable.ai/blog\/wp-content\/uploads\/2025\/03\/AI-Chat-Generated-18x12.jpg 18w\" sizes=\"auto, (max-width: 986px) 100vw, 986px\" \/><\/figure>\n\n\n\n<p>F\u00f6r att s\u00e4kerst\u00e4lla att ditt tal l\u00e5ter naturligt och innerligt kan du anv\u00e4nda v\u00e5r <a href=\"https:\/\/undetectable.ai\/sv\/\" target=\"_blank\" data-type=\"link\" data-id=\"https:\/\/undetectable.ai\/sv\/detector-humanizer\" rel=\"noreferrer noopener\">AI-detektor<\/a> och Humanizer i widgeten nedan!<\/p>\n\n\n\n<div id=\"uai-widget\" data-affiliate-link=\"https:\/\/undetectable.ai\/?_by=hi4km\"><script>var js = document.createElement(\"script\");js.async = true;js.src = \"https:\/\/widget.undetectable.ai\/js\/widget-loader.js?t=\"+Date.now();document.getElementsByTagName(\"head\")[0].appendChild(js);<\/script><\/div>\n\n\n\n<h2 class=\"wp-block-heading\">Vad du b\u00f6r undvika n\u00e4r du skriver ett minnestal<\/h2>\n\n\n\n<p>\u00c4ven om det inte finns n\u00e5gra strikta regler f\u00f6r hur ett minnestal ska skrivas finns det n\u00e5gra saker du b\u00f6r undvika:<\/p>\n\n\n\n<ul class=\"wp-block-list\">\n<li>Fokusera inte p\u00e5 hur de dog snarare \u00e4n hur de levde&nbsp;<\/li>\n\n\n\n<li>F\u00e5 det inte att handla om dig sj\u00e4lv&nbsp;<\/li>\n\n\n\n<li>Ta inte med historier som skadar deras image&nbsp;<\/li>\n\n\n\n<li>Undvik att n\u00e4mna ol\u00f6sta konflikter.&nbsp;<\/li>\n\n\n\n<li>G\u00f6r den inte f\u00f6r l\u00e5ng<\/li>\n\n\n\n<li>Undvik respektl\u00f6sa sk\u00e4mt<\/li>\n<\/ul>\n\n\n\n<h2 class=\"wp-block-heading\">Vanliga fr\u00e5gor om att skriva ett minnestal<\/h2>\n\n\n<div id=\"rank-math-faq\" class=\"rank-math-block\">\n<div class=\"rank-math-list\">\n<div id=\"faq-question-1742918398353\" class=\"rank-math-list-item\">\n<h3 class=\"rank-math-question\">Hur l\u00e5ngt ska ett minnestal vara?<\/h3>\n<div class=\"rank-math-answer\">\n\n<p>Den b\u00f6r inneh\u00e5lla personliga ber\u00e4ttelser, er relation, deras egenskaper, prestationer och hur de p\u00e5verkat andra m\u00e4nniskor.<\/p>\n\n<\/div>\n<\/div>\n<div id=\"faq-question-1742918421742\" class=\"rank-math-list-item\">\n<h3 class=\"rank-math-question\">Kan ett minnestal vara roligt?<\/h3>\n<div class=\"rank-math-answer\">\n\n<p>Ja, det kan det, s\u00e4rskilt om de hade ett gott sinne f\u00f6r humor. Men du m\u00e5ste se till att sk\u00e4mten \u00e4r l\u00e4mpliga och respektfulla.<\/p>\n\n<\/div>\n<\/div>\n<div id=\"faq-question-1742918444766\" class=\"rank-math-list-item\">\n<h3 class=\"rank-math-question\">Vad h\u00e4nder om jag blir k\u00e4nslom\u00e4ssig n\u00e4r jag h\u00e5ller minnestalet?<\/h3>\n<div class=\"rank-math-answer\">\n\n<p>Det \u00e4r helt normalt. Ta bara en paus, ta ett djupt andetag eller be n\u00e5gon annan att ta \u00f6ver efter dig.<\/p>\n\n<\/div>\n<\/div>\n<\/div>\n<\/div>\n\n\n<h2 class=\"wp-block-heading\">Sista tipsen f\u00f6r att skriva och framf\u00f6ra ett vackert minnestal<\/h2>\n\n\n\n<p>H\u00e4r \u00e4r n\u00e5gra anv\u00e4ndbara tips:&nbsp;<\/p>\n\n\n\n<ul class=\"wp-block-list\">\n<li>Tala l\u00e5ngsamt&nbsp;<\/li>\n\n\n\n<li>Ta med en n\u00e4sduk<\/li>\n\n\n\n<li>H\u00e5lla \u00f6gonkontakt med publiken&nbsp;<\/li>\n\n\n\n<li>\u00d6va i f\u00f6rv\u00e4g&nbsp;<\/li>\n\n\n\n<li>Var autentisk&nbsp;<\/li>\n\n\n\n<li>\u00d6verv\u00e4g att ta med tryckta kopior att dela ut till andra&nbsp;<\/li>\n<\/ul>\n\n\n\n<h2 class=\"wp-block-heading\">Slutsats<\/h2>\n\n\n\n<p>Genom att h\u00e5lla ett minnestal har du gett en v\u00e4rdefull hyllning b\u00e5de till den bortg\u00e5ngne och till de m\u00e4nniskor som deltog i minnesstunden. <\/p>\n\n\n\n<p>Det beh\u00f6ver inte vara perfekt, men l\u00e5t det vara autentiskt och festligt. Om du beh\u00f6ver hj\u00e4lp, anv\u00e4nd bara v\u00e5r <a href=\"https:\/\/undetectable.ai\/sv\/ai-chat\" target=\"_blank\" rel=\"noreferrer noopener\">AI-chatt<\/a>.<\/p>\n\n\n\n<p>Vi kan hj\u00e4lpa dig att skapa ett minnestal baserat p\u00e5 det du delar med dig av om den avlidne.&nbsp;<\/p>\n<!--\nDebug List of Changed Links:\nBefore: https:\/\/undetectable.ai\/ai-chat\nAfter: https:\/\/undetectable.ai\/sv\/ai-chat\nBefore: https:\/\/undetectable.ai\/ai-chat\nAfter: https:\/\/undetectable.ai\/sv\/ai-chat\nBefore: https:\/\/undetectable.ai\/\nAfter: https:\/\/undetectable.ai\/sv\/\nBefore: https:\/\/undetectable.ai\/ai-chat\nAfter: https:\/\/undetectable.ai\/sv\/ai-chat\n-->","protected":false},"excerpt":{"rendered":"","protected":false},"author":15,"featured_media":7201,"comment_status":"closed","ping_status":"closed","sticky":false,"template":"","format":"standard","meta":{"_themeisle_gutenberg_block_has_review":false,"footnotes":""},"categories":[31],"tags":[],"class_list":["post-7192","post","type-post","status-publish","format-standard","has-post-thumbnail","hentry","category-helpful-ai-content-tips"],"_links":{"self":[{"href":"https:\/\/undetectable.ai/blog\/sv\/wp-json\/wp\/v2\/posts\/7192","targetHints":{"allow":["GET"]}}],"collection":[{"href":"https:\/\/undetectable.ai/blog\/sv\/wp-json\/wp\/v2\/posts"}],"about":[{"href":"https:\/\/undetectable.ai/blog\/sv\/wp-json\/wp\/v2\/types\/post"}],"author":[{"embeddable":true,"href":"https:\/\/undetectable.ai/blog\/sv\/wp-json\/wp\/v2\/users\/15"}],"replies":[{"embeddable":true,"href":"https:\/\/undetectable.ai/blog\/sv\/wp-json\/wp\/v2\/comments?post=7192"}],"version-history":[{"count":12,"href":"https:\/\/undetectable.ai/blog\/sv\/wp-json\/wp\/v2\/posts\/7192\/revisions"}],"predecessor-version":[{"id":23038,"href":"https:\/\/undetectable.ai/blog\/sv\/wp-json\/wp\/v2\/posts\/7192\/revisions\/23038"}],"wp:featuredmedia":[{"embeddable":true,"href":"https:\/\/undetectable.ai/blog\/sv\/wp-json\/wp\/v2\/media\/7201"}],"wp:attachment":[{"href":"https:\/\/undetectable.ai/blog\/sv\/wp-json\/wp\/v2\/media?parent=7192"}],"wp:term":[{"taxonomy":"category","embeddable":true,"href":"https:\/\/undetectable.ai/blog\/sv\/wp-json\/wp\/v2\/categories?post=7192"},{"taxonomy":"post_tag","embeddable":true,"href":"https:\/\/undetectable.ai/blog\/sv\/wp-json\/wp\/v2\/tags?post=7192"}],"curies":[{"name":"wp","href":"https:\/\/api.w.org\/{rel}","templated":true}]}}