{"id":11113,"date":"2025-06-29T13:06:41","date_gmt":"2025-06-29T13:06:41","guid":{"rendered":"https:\/\/undetectable.ai/blog\/?p=11113"},"modified":"2026-04-10T18:28:52","modified_gmt":"2026-04-10T18:28:52","slug":"makale-basliklarini-italik-mi-yaziyorsunuz","status":"publish","type":"post","link":"https:\/\/undetectable.ai/blog\/tr\/makale-basliklarini-italik-mi-yaziyorsunuz","title":{"rendered":"Makale Ba\u015fl\u0131klar\u0131n\u0131 \u0130talik mi Yap\u0131yorsunuz? Do\u011fru Format\u0131 Bilin"},"content":{"rendered":"<p>Muhtemelen buradas\u0131n\u0131z \u00e7\u00fcnk\u00fc bir makaleden ya da belki bir sunum slayt\u0131ndan bahsetmek \u00fczereyken o bi\u00e7imlendirme sorusu akl\u0131n\u0131za geldi: makale ba\u015fl\u0131klar\u0131n\u0131 italik mi yazars\u0131n\u0131z yoksa yazmaz m\u0131s\u0131n\u0131z?&nbsp;<\/p>\n\n\n\n<p>Ve tabii ki, ne kadar \u00e7ok ararsan\u0131z, o kadar \u00e7ok cevap bulursunuz, baz\u0131lar\u0131 evet, baz\u0131lar\u0131 hay\u0131r der ve di\u011ferleri sadece \u00f6\u011frenmek i\u00e7in bir stil k\u0131lavuzu sat\u0131n alman\u0131z\u0131 ister.&nbsp;<\/p>\n\n\n\n<p>Bu nedenle bu k\u0131lavuzu, sizi akademik jargona bo\u011fmadan, farkl\u0131 yaz\u0131 stillerinde makale ba\u015fl\u0131klar\u0131n\u0131 tam olarak nas\u0131l bi\u00e7imlendirece\u011finiz konusunda size yol g\u00f6stermek i\u00e7in yazd\u0131m.<\/p>\n\n\n\n<p>Hadi ba\u015flayal\u0131m.<\/p>\n\n\n\n<hr class=\"wp-block-separator has-alpha-channel-opacity\"\/>\n\n\n\n<p class=\"has-text-align-center\"><strong>\u00d6nemli \u00c7\u0131kar\u0131mlar<\/strong><\/p>\n\n\n\n<ul class=\"wp-block-list\">\n<li>\u00d6zel bir kurala uymad\u0131\u011f\u0131n\u0131z s\u00fcrece, makale ba\u015fl\u0131klar\u0131 genellikle italik de\u011fil t\u0131rnak i\u015fareti i\u00e7inde yaz\u0131l\u0131r.<\/li>\n<\/ul>\n\n\n\n<p><\/p>\n\n\n\n<ul class=\"wp-block-list\">\n<li>APA, MLA ve Chicago stillerinin hepsi makale ba\u015fl\u0131klar\u0131n\u0131 farkl\u0131 bi\u00e7imlendirir, bu nedenle hangisini kulland\u0131\u011f\u0131n\u0131z\u0131 her zaman kontrol edin.<\/li>\n<\/ul>\n\n\n\n<p><\/p>\n\n\n\n<ul class=\"wp-block-list\">\n<li>\u0130talik yaz\u0131lar dergiler, kitaplar ve gazeteler gibi daha b\u00fcy\u00fck eserler i\u00e7in ayr\u0131lm\u0131\u015ft\u0131r, i\u00e7lerindeki makaleler i\u00e7in de\u011fil.<\/li>\n<\/ul>\n\n\n\n<p><\/p>\n\n\n\n<ul class=\"wp-block-list\">\n<li>BBC News gibi yaln\u0131zca \u00e7evrimi\u00e7i platformlar al\u0131\u015f\u0131lm\u0131\u015f kural\u0131 tersine \u00e7evirir. APA, site ad\u0131 yerine makale ba\u015fl\u0131\u011f\u0131n\u0131 italik yazmaktad\u0131r.<\/li>\n<\/ul>\n\n\n\n<p><\/p>\n\n\n\n<hr class=\"wp-block-separator has-alpha-channel-opacity\"\/>\n\n\n\n<h2 class=\"wp-block-heading\">Genel Kural: T\u0131rnak \u0130\u015fareti Kullan\u0131n, \u0130talik De\u011fil<\/h2>\n\n\n\n<p>If you&#8217;re writing something and need to cite an article title, the standard approach is to use double quotation marks around the title.\u00a0<\/p>\n\n\n\n<p>Bu, pek \u00e7ok yaz\u0131 stilinde kullan\u0131lan bir y\u00f6ntemdir.&nbsp;<\/p>\n\n\n\n<p>Hatta baz\u0131 stil k\u0131lavuzlar\u0131, t\u0131rnak i\u015faretleri olmadan normal yaz\u0131 tipi kullanman\u0131n iyi oldu\u011funu s\u00f6yl\u00fcyor.<\/p>\n\n\n\n<p>\u015eimdi, \"Bekle, bir yerlerde italik kullan\u0131ld\u0131\u011f\u0131n\u0131 g\u00f6rm\u00fc\u015ft\u00fcm\" demeden \u00f6nce, haks\u0131z de\u011filsiniz.&nbsp;<\/p>\n\n\n\n<p>\u0130\u015fin ilgin\u00e7 yan\u0131, bi\u00e7imlendirme kurallar\u0131n\u0131n kulland\u0131\u011f\u0131n\u0131z stil k\u0131lavuzuna ba\u011fl\u0131 olarak de\u011fi\u015fmesidir. <\/p>\n\n\n\n<p>Ve farkl\u0131 alanlar (akademi, gazetecilik, g\u00fcndelik blog yazarl\u0131\u011f\u0131, her neyse) <a href=\"https:\/\/undetectable.ai\/blog\/how-to-cite-a-website\/\" target=\"_blank\" rel=\"noreferrer noopener\">genellikle farkl\u0131 stil k\u0131lavuzlar\u0131n\u0131 takip eder. APA, MLA, Chicago, AP,<\/a> vb. hepsinin kendi kurallar\u0131 vard\u0131r.&nbsp;<\/p>\n\n\n\n<p>Dolay\u0131s\u0131yla, bir ba\u011flamda do\u011fru oldu\u011funu d\u00fc\u015f\u00fcnd\u00fc\u011f\u00fcn\u00fcz \u015fey, ba\u015fka bir ba\u011flamda tamamen yanl\u0131\u015f olabilir.<\/p>\n\n\n\n<p>Her neyse, g\u00f6z\u00fcn\u00fcz\u00fc her k\u0131rp\u0131\u015f\u0131n\u0131zda kurallar\u0131n de\u011fi\u015fti\u011fini hissediyorsan\u0131z, size iyi haberlerimiz var.&nbsp;<\/p>\n\n\n\n<p>T\u00fcm bunlar\u0131 ezberlemek zorunda de\u011filsiniz. Sadece Alg\u0131lanamayan Yapay Zeka'y\u0131 kullanabilirsin. <a href=\"https:\/\/undetectable.ai\/ask-ai\" target=\"_blank\" rel=\"noreferrer noopener\">Yapay Zekaya Sor<\/a> \u00d6zel durumunuz i\u00e7in hangi bi\u00e7imlendirme kurallar\u0131n\u0131n ge\u00e7erli oldu\u011funu an\u0131nda kontrol etmek i\u00e7in.<\/p>\n\n\n\n<h2 class=\"wp-block-heading\">Ba\u015fl\u0131klar\u0131 Ne Zaman \u0130talik Yapmal\u0131 (ve Ne Zaman Yapmamal\u0131)<\/h2>\n\n\n<div class=\"wp-block-image\">\n<figure class=\"aligncenter size-large\"><img loading=\"lazy\" decoding=\"async\" width=\"1024\" height=\"683\" src=\"https:\/\/undetectable.ai/blog\/wp-content\/uploads\/2025\/06\/italicize-article-001-1024x683.jpg\" alt=\"\u00dcstten g\u00f6r\u00fcn\u00fcml\u00fc a\u015fk mektuplar\u0131 aranjman\u0131\" class=\"wp-image-11124\" title=\"\" srcset=\"https:\/\/undetectable.ai/blog\/wp-content\/uploads\/2025\/06\/italicize-article-001-1024x683.jpg 1024w, https:\/\/undetectable.ai/blog\/wp-content\/uploads\/2025\/06\/italicize-article-001-300x200.jpg 300w, https:\/\/undetectable.ai/blog\/wp-content\/uploads\/2025\/06\/italicize-article-001-768x512.jpg 768w, https:\/\/undetectable.ai/blog\/wp-content\/uploads\/2025\/06\/italicize-article-001-18x12.jpg 18w, https:\/\/undetectable.ai/blog\/wp-content\/uploads\/2025\/06\/italicize-article-001.jpg 1200w\" sizes=\"auto, (max-width: 1024px) 100vw, 1024px\" \/><\/figure><\/div>\n\n\n<p>Pekala, makale ba\u015fl\u0131klar\u0131n\u0131 italik yapmaman\u0131z gerekti\u011fini a\u00e7\u0131k\u00e7a belirtti\u011fimize g\u00f6re, \u015fimdi italik yapman\u0131n ger\u00e7ekten do\u011fru oldu\u011fu zamanlardan bahsedelim.<\/p>\n\n\n\n<p>Makalenin ait oldu\u011fu dergi, gazete gibi daha b\u00fcy\u00fck bir kayna\u011f\u0131n ad\u0131n\u0131 veriyorsan\u0131z, genellikle bunu italik yazars\u0131n\u0131z.<\/p>\n\n\n\n<p>Yani, \"\u00d6\u011frenciler Yazmaktan Neden Nefret Eder?\" gibi bir \u015fey yazars\u0131n\u0131z. <em>The Atlantic<\/em>.&nbsp;<\/p>\n\n\n\n<p>\u00d6r\u00fcnt\u00fcy\u00fc g\u00f6r\u00fcyor musunuz? T\u0131rnak i\u00e7inde makale ba\u015fl\u0131\u011f\u0131. Yay\u0131n ba\u015fl\u0131\u011f\u0131 italik. Tam tersi de\u011fil.<\/p>\n\n\n\n<p>\u00d6rne\u011fin kitaplar\u0131 ele alal\u0131m. E\u011fer bir kitap ba\u015fl\u0131\u011f\u0131ndan bahsediyorsan\u0131z, italik yazars\u0131n\u0131z. Ancak o kitap i\u00e7indeki bir b\u00f6l\u00fcmden bahsediyorsan\u0131z t\u0131rnak i\u015fareti kullan\u0131rs\u0131n\u0131z. Ayn\u0131 \u015fey filmler ve \u015fark\u0131lar i\u00e7in de ge\u00e7erlidir.&nbsp;<\/p>\n\n\n\n<p>Bu <em>Baba<\/em> italik olur. \"Speak Softly, Love\" (The Godfather'daki \u015fark\u0131) t\u0131rnak i\u015fareti al\u0131r.<\/p>\n\n\n\n<p>Konuyla ilgili bir \u00f6rnek verelim. E\u011fer bir gazeteden belirli bir makaleye at\u0131fta bulunuyorsan\u0131z <em>The New York Times<\/em>makale ba\u015fl\u0131\u011f\u0131n\u0131 t\u0131rnak i\u00e7ine al\u0131rs\u0131n\u0131z. Evet: \"<a href=\"https:\/\/www.nytimes.com\/2018\/01\/10\/learning\/can-you-spot-a-liar.html\" target=\"_blank\" rel=\"noreferrer noopener\">Bir Yalanc\u0131y\u0131 Fark Edebilir misiniz<\/a>\" dergisinde yay\u0131nland\u0131 <em>The New York Times<\/em>.&nbsp;<\/p>\n\n\n\n<p>Bu y\u00fczden bir dahaki sefere makale ba\u015fl\u0131klar\u0131n\u0131 italik mi yoksa al\u0131nt\u0131 m\u0131 yapaca\u011f\u0131n\u0131z\u0131 merak ediyorsunuz? <\/p>\n\n\n\n<p>Unutmay\u0131n, i\u015fin tamam\u0131na m\u0131 yoksa bir par\u00e7as\u0131na m\u0131 isim verdi\u011finize ba\u011fl\u0131.<\/p>\n\n\n<div class=\"wp-block-image\">\n<figure class=\"aligncenter size-large\"><img loading=\"lazy\" decoding=\"async\" width=\"1024\" height=\"683\" src=\"https:\/\/undetectable.ai/blog\/wp-content\/uploads\/2025\/06\/italicize-article-003-1-1024x683.jpg\" alt=\"\" class=\"wp-image-11127\" title=\"\" srcset=\"https:\/\/undetectable.ai/blog\/wp-content\/uploads\/2025\/06\/italicize-article-003-1-1024x683.jpg 1024w, https:\/\/undetectable.ai/blog\/wp-content\/uploads\/2025\/06\/italicize-article-003-1-300x200.jpg 300w, https:\/\/undetectable.ai/blog\/wp-content\/uploads\/2025\/06\/italicize-article-003-1-768x512.jpg 768w, https:\/\/undetectable.ai/blog\/wp-content\/uploads\/2025\/06\/italicize-article-003-1-18x12.jpg 18w, https:\/\/undetectable.ai/blog\/wp-content\/uploads\/2025\/06\/italicize-article-003-1.jpg 1536w\" sizes=\"auto, (max-width: 1024px) 100vw, 1024px\" \/><\/figure><\/div>\n\n\n<h2 class=\"wp-block-heading\">APA Stili: Makale Ba\u015fl\u0131klar\u0131 Nas\u0131l Bi\u00e7imlendirilir?<\/h2>\n\n\n\n<p>APA'da makale ba\u015fl\u0131klar\u0131 italik mi yaz\u0131l\u0131r? APA stilinde makale ba\u015fl\u0131klar\u0131 italik yaz\u0131lmaz.&nbsp;<\/p>\n\n\n\n<p>Bunun nedeni, ister dergilerden isterse gazetelerden gelsin, makale ba\u015fl\u0131klar\u0131n\u0131n daha b\u00fcy\u00fck, ba\u011f\u0131ms\u0131z bir yay\u0131n\u0131n par\u00e7as\u0131 olarak kabul edilmesidir.&nbsp;<\/p>\n\n\n\n<p>APA bunlar\u0131 italik veya t\u0131rnak i\u015fareti olmadan d\u00fcz yaz\u0131 tipinde tutar.<\/p>\n\n\n\n<p>Bu arada, derginin veya yay\u0131n\u0131n ad\u0131 italik olarak yaz\u0131lm\u0131\u015ft\u0131r, \u00e7\u00fcnk\u00fc bu ba\u011f\u0131ms\u0131z bir \u00e7al\u0131\u015fmad\u0131r.<\/p>\n\n\n\n<p>\u0130\u015fte bunun ger\u00e7ekte nas\u0131l g\u00f6r\u00fcnd\u00fc\u011f\u00fc:<\/p>\n\n\n\n<h3 class=\"wp-block-heading\">APA 7 Referans Giri\u015fi \u00d6rne\u011fi<\/h3>\n\n\n\n<ul class=\"wp-block-list\">\n<li>Paul, Miranda (2023). BIR PLASTIK PO\u015eETTEN 1.100 A\u011eACA. <em>RSA Dergisi<\/em>, 169(3), 36-39. <a href=\"https:\/\/www.jstor.org\/stable\/48743450\" target=\"_blank\" rel=\"noreferrer noopener\">https:\/\/www.jstor.org\/stable\/48743450<\/a>&nbsp;<\/li>\n<\/ul>\n\n\n\n<p>Yani, bu durumda:<\/p>\n\n\n\n<ul class=\"wp-block-list\">\n<li>Makale ba\u015fl\u0131\u011f\u0131 \u2192 B\u0130R PLAST\u0130K TORBADAN 1.100 A\u011eACA \u2192 Normal yaz\u0131 tipi<\/li>\n\n\n\n<li>Dergi ba\u015fl\u0131\u011f\u0131 \u2192 <em>RSA Dergisi <\/em>\u2192 \u0130talik<\/li>\n<\/ul>\n\n\n\n<p>APA stilinde italik yaz\u0131lmayan di\u011fer \u00e7al\u0131\u015fma \u00f6rnekleri \u015funlard\u0131r:<\/p>\n\n\n\n<ul class=\"wp-block-list\">\n<li>Dergi makaleleri<\/li>\n\n\n\n<li>Dergi makaleleri<\/li>\n\n\n\n<li>Gazete makaleleri<\/li>\n<\/ul>\n\n\n\n<p>Bununla birlikte, noktalama i\u015faretleri, b\u00fcy\u00fck harf kullan\u0131m\u0131, italik yaz\u0131lar ve d\u00fczg\u00fcn s\u0131ralama gibi her k\u00fc\u00e7\u00fck bi\u00e7imlendirme ayr\u0131nt\u0131s\u0131n\u0131 do\u011fru yapmak tam bir g\u00f6reve d\u00f6n\u00fc\u015febilir.&nbsp;<\/p>\n\n\n<div class=\"wp-block-image\">\n<figure class=\"aligncenter size-large\"><img loading=\"lazy\" decoding=\"async\" width=\"1024\" height=\"520\" src=\"https:\/\/undetectable.ai/blog\/wp-content\/uploads\/2025\/02\/Undetectable-AIs-essay-writer-can-assist-you-in-completing-all-your-writing-tasks-1024x520.png\" alt=\"Undetectable AI&#039;n\u0131n makale yazar\u0131 t\u00fcm yazma g\u00f6revlerinizi tamamlaman\u0131za yard\u0131mc\u0131 olabilir\" class=\"wp-image-6154\" title=\"\" srcset=\"https:\/\/undetectable.ai/blog\/wp-content\/uploads\/2025\/02\/Undetectable-AIs-essay-writer-can-assist-you-in-completing-all-your-writing-tasks-1024x520.png 1024w, https:\/\/undetectable.ai/blog\/wp-content\/uploads\/2025\/02\/Undetectable-AIs-essay-writer-can-assist-you-in-completing-all-your-writing-tasks-300x152.png 300w, https:\/\/undetectable.ai/blog\/wp-content\/uploads\/2025\/02\/Undetectable-AIs-essay-writer-can-assist-you-in-completing-all-your-writing-tasks-768x390.png 768w, https:\/\/undetectable.ai/blog\/wp-content\/uploads\/2025\/02\/Undetectable-AIs-essay-writer-can-assist-you-in-completing-all-your-writing-tasks-18x9.png 18w, https:\/\/undetectable.ai/blog\/wp-content\/uploads\/2025\/02\/Undetectable-AIs-essay-writer-can-assist-you-in-completing-all-your-writing-tasks.png 1044w\" sizes=\"auto, (max-width: 1024px) 100vw, 1024px\" \/><\/figure><\/div>\n\n\n<p>\u0130\u015fte buras\u0131 <a href=\"https:\/\/undetectable.ai\/ai-essay-writer\" target=\"_blank\" rel=\"noreferrer noopener\">Yapay Zeka Deneme Yazar\u0131<\/a> Alg\u0131lanamayan Yapay Zeka sizi sarmaldan kurtarabilir.<\/p>\n\n\n\n<p>Sadece kayna\u011f\u0131n\u0131z\u0131 girin ve APA k\u0131lavuzundaki her kural\u0131 \u00e7apraz kontrol etmenize gerek kalmadan makale al\u0131nt\u0131lar\u0131n\u0131 akademik bir paragraf i\u00e7inde m\u00fckemmel bir \u015fekilde bi\u00e7imlendirin.&nbsp;<\/p>\n\n\n\n<h2 class=\"wp-block-heading\">MLA Stili: Makale Ba\u015fl\u0131klar\u0131 Nas\u0131l Ele Al\u0131n\u0131r?<\/h2>\n\n\n\n<p>\u015eimdi, e\u011fer buraya \"MLA'da makale ba\u015fl\u0131klar\u0131 italik mi yaz\u0131l\u0131r?\" sorusuyla geldiyseniz. Bunun cevab\u0131 da kesin bir hay\u0131rd\u0131r.&nbsp;<\/p>\n\n\n\n<p>MLA stilinde, makale ba\u015fl\u0131klar\u0131 her zaman \u00e7ift t\u0131rnak i\u00e7inde yer al\u0131r, italik yaz\u0131lmaz.&nbsp;<\/p>\n\n\n\n<p>Bu, sizin i\u00e7in de ge\u00e7erlidir. <a href=\"https:\/\/undetectable.ai\/blog\/how-to-cite-a-website\/\" target=\"_blank\" rel=\"noreferrer noopener\">bir web sitesindeki bir makaleye referans verme<\/a>Bir dergi, gazete ya da herhangi bir yay\u0131n.<\/p>\n\n\n\n<p>MLA'n\u0131n italik harfleri kulland\u0131\u011f\u0131 yer, kab\u0131n ba\u015fl\u0131\u011f\u0131, yani makalenin yer ald\u0131\u011f\u0131 yay\u0131n i\u00e7indir.&nbsp;<\/p>\n\n\n\n<p>Bu yap\u0131, metin i\u00e7i al\u0131nt\u0131lar\u0131 veya at\u0131fta bulunulan eserler listesini bi\u00e7imlendirirken de tutarl\u0131d\u0131r.<\/p>\n\n\n\n<h3 class=\"wp-block-heading\">MLA 9 Referans \u00d6rne\u011fi<\/h3>\n\n\n\n<p>Bir Dergi Makalesi i\u00e7in MLA 9 Referans \u00d6rne\u011fi:<\/p>\n\n\n\n<ul class=\"wp-block-list\">\n<li>Parker, James. \"Amerikal\u0131lar Neden Uyuyam\u0131yor?\" <em>The Atlantic<\/em>30 Haziran 2025, <a href=\"https:\/\/www.theatlantic.com\/magazine\/archive\/2025\/08\/insomnia-health-cognitive-behavioral-therapy\/683257\/\" target=\"_blank\" rel=\"noreferrer noopener\">https:\/\/www.theatlantic.com\/magazine\/archive\/2025\/08\/insomnia-health-cognitive-behavioral-therapy\/683257\/<\/a>.&nbsp;<\/li>\n<\/ul>\n\n\n\n<p>Bu al\u0131nt\u0131da:<\/p>\n\n\n\n<ul class=\"wp-block-list\">\n<li>Makale ba\u015fl\u0131\u011f\u0131 \u2192 \"Amerikal\u0131lar Neden Uyuyam\u0131yor?\" \u2192 T\u0131rnak i\u015faretleri, normal yaz\u0131 tipi<\/li>\n\n\n\n<li>Dergi ba\u015fl\u0131\u011f\u0131 \u2192 <em>The Atlantic<\/em> \u2192 \u0130talik<\/li>\n<\/ul>\n\n\n\n<p>Bu kural genel olarak ge\u00e7erlidir. MLA stili, daha b\u00fcy\u00fck bir \u00e7al\u0131\u015fman\u0131n par\u00e7as\u0131 olan t\u00fcm ba\u015fl\u0131klar\u0131 ayn\u0131 \u015fekilde ele al\u0131r. Yani, dergi makalelerine ek olarak, bu \u015funlar\u0131 i\u00e7erir:<\/p>\n\n\n\n<ul class=\"wp-block-list\">\n<li>Dergi makaleleri<\/li>\n\n\n\n<li>Gazete makaleleri<\/li>\n\n\n\n<li>Web sayfalar\u0131 ve \u00e7evrimi\u00e7i makaleler<\/li>\n<\/ul>\n\n\n\n<p>MLA'da tutarl\u0131 bir kural, at\u0131fta bulunulan eserler listenizde kullan\u0131lan bi\u00e7imlendirmenin metninizin g\u00f6vdesinde kulland\u0131\u011f\u0131n\u0131z bi\u00e7imlendirmeyle ayn\u0131 olmas\u0131d\u0131r. <\/p>\n\n\n\n<p>Dolay\u0131s\u0131yla, bir paragrafta bir makaleye geli\u015fig\u00fczel at\u0131fta bulunuldu\u011funda bile, ba\u015fl\u0131k yine de t\u0131rnak i\u015fareti i\u00e7inde yer al\u0131r.<\/p>\n\n\n\n<h2 class=\"wp-block-heading\">Chicago Stili: Kaynak\u00e7a ve Notlarda Makale Ba\u015fl\u0131klar\u0131<\/h2>\n\n\n\n<p>Chicago stilinde makale ba\u015fl\u0131klar\u0131 da italik de\u011fildir.&nbsp;<\/p>\n\n\n\n<p>Yay\u0131n\u0131n ad\u0131 italik yaz\u0131l\u0131rken t\u0131rnak i\u015fareti i\u00e7ine al\u0131n\u0131rlar.<\/p>\n\n\n\n<p>Chicago stilini di\u011ferlerinden ay\u0131ran \u015fey, notalar ve <a href=\"https:\/\/undetectable.ai\/blog\/how-to-write-a-bibliography\/\" target=\"_blank\" rel=\"noreferrer noopener\">kaynak\u00e7a giri\u015fleri<\/a>\u00f6zellikle akademik yaz\u0131lar i\u00e7in. Her iki durumda da tipik bir gazete makalesi \u015fu \u015fekilde bi\u00e7imlendirilir:<\/p>\n\n\n\n<p>Not:<\/p>\n\n\n\n<ul class=\"wp-block-list\">\n<li>Ralph Blumenthal, \"Hem Tarihi Hem de Anlam\u0131 Olan Pirin\u00e7 Bir Bilezik,\" <em>The New York Times<\/em>, 3 Haziran 2022, <a href=\"https:\/\/www.nytimes.com\/2025\/05\/10\/insider\/a-brass-bracelet-with-both-history-and-meaning.html\" target=\"_blank\" rel=\"noreferrer noopener\">https:\/\/www.nytimes.com\/2025\/05\/10\/insider\/a-brass-bracelet-with-both-history-and-meaning.html<\/a>.&nbsp;<\/li>\n<\/ul>\n\n\n\n<p>Bibliyografya:<\/p>\n\n\n\n<ul class=\"wp-block-list\">\n<li>Blumenthal, Ralph. \"Hem Tarihi Hem de Anlam\u0131 Olan Pirin\u00e7 Bir Bilezik.\" <em>The New York Times<\/em>, 3 Haziran 2022. <a href=\"https:\/\/www.nytimes.com\/2025\/05\/10\/insider\/a-brass-bracelet-with-both-history-and-meaning.html\" target=\"_blank\" rel=\"noreferrer noopener\">https:\/\/www.nytimes.com\/2025\/05\/10\/insider\/a-brass-bracelet-with-both-history-and-meaning.html<\/a>.&nbsp;<\/li>\n<\/ul>\n\n\n\n<p>T\u0131pk\u0131 eskisi gibi:<\/p>\n\n\n\n<ul class=\"wp-block-list\">\n<li>Makale ba\u015fl\u0131\u011f\u0131 \u2192 \"Hem Tarihi Hem de Anlam\u0131 Olan Pirin\u00e7 Bilezik\" \u2192 T\u0131rnak i\u015faretleri, normal yaz\u0131 tipi<\/li>\n\n\n\n<li>Gazete ba\u015fl\u0131\u011f\u0131 \u2192 <em>The New York Times<\/em> \u2192 \u0130talik<\/li>\n<\/ul>\n\n\n\n<p>Bu bi\u00e7imlendirme mant\u0131\u011f\u0131 a\u015fa\u011f\u0131dakiler i\u00e7in tutarl\u0131 kal\u0131r:<\/p>\n\n\n\n<ul class=\"wp-block-list\">\n<li>Dergi makaleleri<\/li>\n\n\n\n<li>Dergi makaleleri<\/li>\n\n\n\n<li>Gazete makaleleri<\/li>\n<\/ul>\n\n\n\n<p>\u00d6zellikle yeni web i\u00e7eri\u011fi t\u00fcrleri veya \u00e7oklu konteyner kaynaklar\u0131 s\u00f6z konusu oldu\u011funda, belirli bir kayna\u011f\u0131n nas\u0131l al\u0131nt\u0131lanmas\u0131 gerekti\u011fi konusunda teredd\u00fct ya\u015f\u0131yorsan\u0131z, <a href=\"https:\/\/undetectable.ai\/ask-ai\" target=\"_blank\" rel=\"noreferrer noopener\">Yapay Zekaya Sor<\/a> Alg\u0131lanamayan Yapay Zeka i\u015fleri basitle\u015ftirmeye yard\u0131mc\u0131 olabilir.&nbsp;<\/p>\n\n\n\n<p>Sadece bi\u00e7imlendirme sorunuzu sorun (sade bir dille) ve size do\u011fru bir cevap verecektir.<\/p>\n\n\n\n<h2 class=\"wp-block-heading\">\u0130stisnalar ve U\u00e7 Durumlar<\/h2>\n\n\n\n<p>Bu noktaya kadar, \u00e7o\u011funlukla geleneksel kaynaklardan, dergilerden ve bas\u0131l\u0131 e\u015fde\u011ferleri olan gazetelerden geldiklerinde makale ba\u015fl\u0131klar\u0131n\u0131n nas\u0131l ele al\u0131nd\u0131\u011f\u0131na bakt\u0131k.&nbsp;<\/p>\n\n\n\n<p>Ama art\u0131k her \u015fey bas\u0131l\u0131 olarak kalm\u0131yor, de\u011fil mi?&nbsp;<\/p>\n\n\n\n<p>Peki, tamamen dijital platformlardan gelen i\u00e7erikle u\u011fra\u015f\u0131rken veya <a href=\"https:\/\/undetectable.ai\/blog\/how-to-cite-chatgpt\/\" target=\"_blank\" rel=\"noreferrer noopener\">ChatGPT gibi LLM'lerden<\/a>?<\/p>\n\n\n\n<p>\u00d6zellikle APA stilinde, BBC News veya Reuters gibi yaln\u0131zca \u00e7evrimi\u00e7i haber sitelerinde dikkate de\u011fer bir istisna s\u00f6z konusudur.&nbsp;<\/p>\n\n\n\n<p>Bu platformlar\u0131n bas\u0131l\u0131 versiyonu olmad\u0131\u011f\u0131 i\u00e7in standart bi\u00e7imlendirme tersine d\u00f6n\u00fcyor.&nbsp;<\/p>\n\n\n\n<p>APA asl\u0131nda sitenin ad\u0131n\u0131 italik yazmak yerine makalenin ba\u015fl\u0131\u011f\u0131n\u0131 italik yazmay\u0131 \u00f6nermektedir. Site ad\u0131 d\u00fcz yaz\u0131 tipinde kal\u0131r.<\/p>\n\n\n\n<p>\u0130\u015fte APA 7'nin sadece \u00e7evrimi\u00e7i bir haber makalesi \u00f6rne\u011fi:<\/p>\n\n\n\n<ul class=\"wp-block-list\">\n<li>Rowlatt, J. (2020, Ekim 19). <em>Van Gogh'un Ay\u00e7i\u00e7eklerinin \u015fifreli sembolizmi - ve ger\u00e7ekte ne anlama geldikleri.<\/em> BBC Haberleri. <a href=\"https:\/\/www.bbc.com\/culture\/article\/20250625-the-real-meaning-of-van-goghs-sunflowers\" target=\"_blank\" rel=\"noreferrer noopener\">https:\/\/www.bbc.com\/culture\/article\/20250625-the-real-meaning-of-van-goghs-sunflowers<\/a>&nbsp;<\/li>\n<\/ul>\n\n\n\n<p>A\u00e7\u0131kl\u0131\u011fa kavu\u015fturmak i\u00e7in:<\/p>\n\n\n\n<ul class=\"wp-block-list\">\n<li>Makale ba\u015fl\u0131\u011f\u0131 \u2192 \u0130talik<\/li>\n\n\n\n<li>Site ad\u0131 (BBC News) \u2192 Normal yaz\u0131 tipi<\/li>\n<\/ul>\n\n\n\n<p>A\u015fa\u011f\u0131da bulunan Yapay Zeka Dedekt\u00f6r\u00fcm\u00fcz\u00fc ve \u0130nsanc\u0131lla\u015ft\u0131r\u0131c\u0131m\u0131z\u0131 kullanan binlerce profesyonele kat\u0131l\u0131n.<\/p>\n\n\n\n<div id=\"uai-widget\" data-affiliate-link=\"https:\/\/undetectable.ai\/?_by=hi4km\"><script>var js = document.createElement(\"script\");js.async = true;js.src = \"https:\/\/widget.undetectable.ai\/js\/widget-loader.js?t=\"+Date.now();document.getElementsByTagName(\"head\")[0].appendChild(js);<\/script><\/div>\n\n\n\n<h2 class=\"wp-block-heading\">Makale Ba\u015fl\u0131klar\u0131n\u0131 Bi\u00e7imlendirme Hakk\u0131nda SSS<\/h2>\n\n\n<div id=\"rank-math-faq\" class=\"rank-math-block\">\n<div class=\"rank-math-list\">\n<div id=\"faq-question-1751980195004\" class=\"rank-math-list-item\">\n<h3 class=\"rank-math-question\">PowerPoint sunumlar\u0131nda makale ba\u015fl\u0131klar\u0131n\u0131 italik mi yazmal\u0131y\u0131m?<\/h3>\n<div class=\"rank-math-answer\">\n\n<p>Hay\u0131r, PowerPoint sunumlar\u0131nda makale ba\u015fl\u0131klar\u0131 genellikle italik yaz\u0131lmaz. <\/p>\n<p>\u00c7o\u011fu formatta t\u0131rnak i\u015fareti veya d\u00fcz metin kullan\u0131l\u0131r. \u0130talikler genellikle kitap veya dergi gibi daha b\u00fcy\u00fck eserlerin adlar\u0131 i\u00e7in ayr\u0131lm\u0131\u015ft\u0131r.<\/p>\n\n<\/div>\n<\/div>\n<div id=\"faq-question-1751980210440\" class=\"rank-math-list-item\">\n<h3 class=\"rank-math-question\">Peki ya blog yaz\u0131lar\u0131 veya \u00e7evrimi\u00e7i haberler?<\/h3>\n<div class=\"rank-math-answer\">\n\n<p>Hay\u0131r, blog yaz\u0131s\u0131 ba\u015fl\u0131klar\u0131n\u0131 italik yapmazs\u0131n\u0131z. Bunlar dergi makaleleri gibi ele al\u0131n\u0131r ve genellikle t\u0131rnak i\u015fareti i\u00e7inde veya d\u00fcz metin olarak g\u00f6r\u00fcn\u00fcr. <\/p>\n<p>Ancak, \u00e7evrimi\u00e7i haber siteleri veya dergiler gibi s\u00fcreli yay\u0131nlar\u0131n adlar\u0131 italik olarak yaz\u0131lm\u0131\u015ft\u0131r.<\/p>\n\n<\/div>\n<\/div>\n<div id=\"faq-question-1751980263405\" class=\"rank-math-list-item\">\n<h3 class=\"rank-math-question\">APA veya MLA'da makale ba\u015fl\u0131klar\u0131 b\u00fcy\u00fck harfle mi yaz\u0131l\u0131r?<\/h3>\n<div class=\"rank-math-answer\">\n\n<p><a href=\"https:\/\/undetectable.ai\/blog\/apa-format\/\" target=\"_blank\" rel=\"noreferrer noopener\">APA stilinde<\/a>'de makale ba\u015fl\u0131klar\u0131nda c\u00fcmle b\u00fcy\u00fck\/k\u00fc\u00e7\u00fck harf kullan\u0131l\u0131r ve sadece ilk kelime ve \u00f6zel isimler b\u00fcy\u00fck harfle yaz\u0131l\u0131r. MLA'da, makale ba\u015fl\u0131klar\u0131 ba\u015fl\u0131k harfini takip eder, yani t\u00fcm \u00f6nemli kelimeler b\u00fcy\u00fck harfle yaz\u0131l\u0131r.<\/p>\n\n<\/div>\n<\/div>\n<div id=\"faq-question-1751980277698\" class=\"rank-math-list-item\">\n<h3 class=\"rank-math-question\">K\u00f6pr\u00fcler i\u00e7in farkl\u0131 bi\u00e7imlendirme yapmal\u0131 m\u0131y\u0131m?<\/h3>\n<div class=\"rank-math-answer\">\n\n<p>Evet, bi\u00e7imlendirme makalenin nerede yay\u0131nland\u0131\u011f\u0131na ba\u011fl\u0131d\u0131r. Bas\u0131l\u0131 kaynaklar\u0131n \u00e7evrimi\u00e7i versiyonlar\u0131ndaki makaleler, t\u0131pk\u0131 bas\u0131l\u0131 kaynaklardaki gibi, ancak bir URL eklenerek al\u0131nt\u0131lan\u0131r. <\/p>\n<p>Blog g\u00f6nderileri i\u00e7in yay\u0131n ad\u0131 yerine blog ad\u0131n\u0131 kullan\u0131n.<\/p>\n<p>Bir dergiden \u00e7evrimi\u00e7i bir makalenin APA \u00f6rne\u011fi:<\/p>\n<p>Greenhouse, S. (2020, 30 Temmuz). Ba\u015fka Bir Ye\u015fil Devrime \u0130htiyac\u0131m\u0131z Var m\u0131? <em>The New Yorker.<\/em> <a href=\"https:\/\/www.newyorker.com\/magazine\/2025\/06\/30\/do-we-need-another-green-revolution\" target=\"_blank\" rel=\"noreferrer noopener\">https:\/\/www.newyorker.com\/magazine\/2025\/06\/30\/do-we-need-another-green-revolution<\/a>\u00a0<\/p>\n<p>APA blog yaz\u0131s\u0131 \u00f6rne\u011fi:<\/p>\n<p>Lee, C. (2020, \u015eubat 19). <em>\u0130\u015f Piyasas\u0131 \u015eu Anda Nas\u0131l? (2025 G\u00fcncellemesi).<\/em> Alg\u0131lanamayan Yapay Zeka blogu. <a href=\"https:\/\/undetectable.ai\/blog\/how-is-the-job-market-right-now\/\" target=\"_blank\" rel=\"noreferrer noopener\">https:\/\/undetectable.ai\/blog\/how-is-the-job-market-right-now\/<\/a>\u00a0<\/p>\n\n<\/div>\n<\/div>\n<\/div>\n<\/div>\n\n\n<h2 class=\"wp-block-heading\">Toparl\u0131yoruz<\/h2>\n\n\n\n<p>Peki, makale ba\u015fl\u0131klar\u0131n\u0131 italik mi yaz\u0131yorsunuz? Art\u0131k bunu ne zaman yapaca\u011f\u0131n\u0131z\u0131 ve ne zaman yapmayaca\u011f\u0131n\u0131z\u0131 biliyorsunuz.&nbsp;<\/p>\n\n\n\n<p>\u00c7o\u011fu ana stilde, makale ba\u015fl\u0131klar\u0131 italik de\u011fildir, ancak bunlar\u0131 nas\u0131l sunaca\u011f\u0131n\u0131z yine de ba\u011flama, platforma ve bi\u00e7imlendirme k\u0131lavuzuna g\u00f6re de\u011fi\u015fir.&nbsp;<\/p>\n\n\n\n<p>Ama \u015f\u00f6yle bir \u015fey var: t\u00fcm bu bi\u00e7imlendirme kurallar\u0131n\u0131 akl\u0131n\u0131zda tutmak kolay de\u011fil.&nbsp;<\/p>\n\n\n\n<p>Tespit Edilemeyen Yapay Zeka burada devreye giriyor.&nbsp;<\/p>\n\n\n\n<ul class=\"wp-block-list\">\n<li>Paragraflar\u0131n\u0131zdaki makale ba\u015fl\u0131klar\u0131n\u0131 d\u00fczg\u00fcn bir \u015fekilde bi\u00e7imlendirmek i\u00e7in AI Essay Writer'\u0131m\u0131z\u0131 kullan\u0131n.&nbsp;<\/li>\n\n\n\n<li>An\u0131nda ve do\u011fru yan\u0131tlar i\u00e7in Yapay Zekaya Sor arac\u0131m\u0131zdan bi\u00e7imlendirme ile ilgili sorular sorun.<\/li>\n\n\n\n<li>Tonunuza daha iyi uymas\u0131 i\u00e7in bir \u015feyi yeniden yazman\u0131z m\u0131 gerekiyor? AI Paraphraser sizi koruyor.&nbsp;<\/li>\n\n\n\n<li>\u00c7al\u0131\u015fman\u0131z\u0131n do\u011fal ve dengeli hissettirmesini istiyorsan\u0131z, AI Humanizer bu tonu robotik g\u00f6r\u00fcnmeden \u015fekillendirmenize yard\u0131mc\u0131 olabilir.<\/li>\n<\/ul>\n\n\n\n<p>K\u0131sacas\u0131, yazma hedefiniz stil uyumu, netlik veya ak\u0131\u015f ne olursa olsun, Detectable AI hedefi tutturman\u0131za yard\u0131mc\u0131 olabilir.<\/p>\n\n\n\n<p><a href=\"https:\/\/undetectable.ai\/\" target=\"_blank\" rel=\"noreferrer noopener\">Sadece kaydolun ve ba\u015flay\u0131n.<\/a><\/p>","protected":false},"excerpt":{"rendered":"","protected":false},"author":15,"featured_media":11122,"comment_status":"closed","ping_status":"closed","sticky":false,"template":"","format":"standard","meta":{"_themeisle_gutenberg_block_has_review":false,"footnotes":""},"categories":[31],"tags":[],"class_list":["post-11113","post","type-post","status-publish","format-standard","has-post-thumbnail","hentry","category-helpful-ai-content-tips"],"_links":{"self":[{"href":"https:\/\/undetectable.ai/blog\/tr\/wp-json\/wp\/v2\/posts\/11113","targetHints":{"allow":["GET"]}}],"collection":[{"href":"https:\/\/undetectable.ai/blog\/tr\/wp-json\/wp\/v2\/posts"}],"about":[{"href":"https:\/\/undetectable.ai/blog\/tr\/wp-json\/wp\/v2\/types\/post"}],"author":[{"embeddable":true,"href":"https:\/\/undetectable.ai/blog\/tr\/wp-json\/wp\/v2\/users\/15"}],"replies":[{"embeddable":true,"href":"https:\/\/undetectable.ai/blog\/tr\/wp-json\/wp\/v2\/comments?post=11113"}],"version-history":[{"count":7,"href":"https:\/\/undetectable.ai/blog\/tr\/wp-json\/wp\/v2\/posts\/11113\/revisions"}],"predecessor-version":[{"id":22230,"href":"https:\/\/undetectable.ai/blog\/tr\/wp-json\/wp\/v2\/posts\/11113\/revisions\/22230"}],"wp:featuredmedia":[{"embeddable":true,"href":"https:\/\/undetectable.ai/blog\/tr\/wp-json\/wp\/v2\/media\/11122"}],"wp:attachment":[{"href":"https:\/\/undetectable.ai/blog\/tr\/wp-json\/wp\/v2\/media?parent=11113"}],"wp:term":[{"taxonomy":"category","embeddable":true,"href":"https:\/\/undetectable.ai/blog\/tr\/wp-json\/wp\/v2\/categories?post=11113"},{"taxonomy":"post_tag","embeddable":true,"href":"https:\/\/undetectable.ai/blog\/tr\/wp-json\/wp\/v2\/tags?post=11113"}],"curies":[{"name":"wp","href":"https:\/\/api.w.org\/{rel}","templated":true}]}}