{"id":11614,"date":"2025-07-07T21:24:22","date_gmt":"2025-07-07T21:24:22","guid":{"rendered":"https:\/\/undetectable.ai/blog\/?p=11614"},"modified":"2025-08-10T17:39:38","modified_gmt":"2025-08-10T17:39:38","slug":"goreli-zarf","status":"publish","type":"post","link":"https:\/\/undetectable.ai/blog\/tr\/goreli-zarf\/","title":{"rendered":"Ba\u011f\u0131l Zarf Nedir? Anlam\u0131 ve \u00d6rnekleri"},"content":{"rendered":"<p>Ne zaman, nerede ve neden. \u0130ngilizce kelime da\u011farc\u0131\u011f\u0131ndaki \u00fc\u00e7 basit ama \u00f6nemli kelime. <\/p>\n\n\n\n<p>Bu kelimeler belirli bir zaman\u0131, yeri veya nedeni belirtir ve ba\u011flam\u0131 daha canl\u0131 hale getirir.<\/p>\n\n\n\n<p>Daha da \u00f6nemlisi, fikirlerinizi sorunsuz bir \u015fekilde birbirine ba\u011flarlar. <\/p>\n\n\n\n<p>C\u00fcmle diki\u015fi yok, garip ifadeler yok, sadece temiz hikaye anlat\u0131m\u0131. Man\u015fetlerde, romanlarda ve hatta memlerde fazla mesai yapt\u0131klar\u0131n\u0131 g\u00f6rm\u00fc\u015fs\u00fcn\u00fczd\u00fcr.<\/p>\n\n\n\n<p>O yaz her \u015fey de\u011fi\u015fti.<\/p>\n\n\n\n<p>Tan\u0131\u015ft\u0131\u011f\u0131m\u0131z kafe art\u0131k yok.<\/p>\n\n\n\n<p>Kimse neden ortadan kayboldu\u011funu bilmiyordu.<\/p>\n\n\n\n<p>E\u011fer \u0130ngiliz dilinin Oscar'lar\u0131 olsayd\u0131, bu \u00fc\u00e7\u00fc muhtemelen \u00f6d\u00fclleri toplard\u0131. <\/p>\n\n\n\n<p>\u00c7\u00fcnk\u00fc onlar sadece d\u00fc\u015f\u00fcncelerinizi birbirine ba\u011flamakla kalmaz, asl\u0131nda her \u015feyi daha anla\u015f\u0131l\u0131r hale getirmek i\u00e7in onlar\u0131 destekler.<\/p>\n\n\n\n<p>Art\u0131k ne i\u015fe yarad\u0131klar\u0131n\u0131 bildi\u011finize g\u00f6re, onlar\u0131 bir profesyonel gibi nas\u0131l kullanaca\u011f\u0131n\u0131za bakal\u0131m.<\/p>\n\n\n\n<hr class=\"wp-block-separator has-alpha-channel-opacity\"\/>\n\n\n\n<p class=\"has-text-align-center\"><strong>\u00d6nemli \u00c7\u0131kar\u0131mlar<\/strong><\/p>\n\n\n\n<ul class=\"wp-block-list\">\n<li>\u0130lgi zarflar\u0131 (\"when,\" \"where,\" ve \"why\") zaman, yer veya sebep a\u00e7\u0131klayan s\u0131fat c\u00fcmleciklerini tan\u0131t\u0131r.<\/li>\n<\/ul>\n\n\n\n<p><\/p>\n\n\n\n<ul class=\"wp-block-list\">\n<li>\u0130nsanlara veya nesnelere at\u0131fta bulunan ilgi zamirlerinden farkl\u0131 olarak isimleri de\u011fi\u015ftirirler.<\/li>\n<\/ul>\n\n\n\n<p><\/p>\n\n\n\n<ul class=\"wp-block-list\">\n<li>Bunlar\u0131 kullanmak, tekrarlama veya garip ifadeler olmadan daha d\u00fczg\u00fcn, daha ba\u011flant\u0131l\u0131 c\u00fcmleler olu\u015fturur.<\/li>\n<\/ul>\n\n\n\n<p><\/p>\n\n\n\n<ul class=\"wp-block-list\">\n<li>Bunlar\u0131, t\u00fcmcelerin tamam\u0131n\u0131 de\u011fi\u015ftiren yan ba\u011fla\u00e7larla kar\u0131\u015ft\u0131rmamaya dikkat edin.<\/li>\n<\/ul>\n\n\n\n<p><\/p>\n\n\n\n<ul class=\"wp-block-list\">\n<li>A\u00e7\u0131kl\u0131k \u00f6nemlidir: \u0130lgi zarf\u0131 kendisinden hemen \u00f6nceki isimle a\u00e7\u0131k\u00e7a ili\u015fkili olmal\u0131d\u0131r.<\/li>\n<\/ul>\n\n\n\n<p><\/p>\n\n\n\n<hr class=\"wp-block-separator has-alpha-channel-opacity\"\/>\n\n\n\n<h2 class=\"wp-block-heading\">G\u00f6reli Zarf Nedir?<\/h2>\n\n\n\n<p>\u0130lgi zarf\u0131 dilbilgisel bir e\u015fle\u015ftiricidir. Bir \u015feyin ne zaman, nerede veya neden oldu\u011funu a\u00e7\u0131klayan bir s\u0131fat c\u00fcmleci\u011fi getirerek c\u00fcmlenin iki b\u00f6l\u00fcm\u00fcn\u00fc birbirine ba\u011flar. <\/p>\n\n\n\n<p>Bunu, bir partide sizi biriyle tan\u0131\u015ft\u0131r\u0131rken \"Bu Sarah, \u015fu me\u015fhur karaoke olay\u0131n\u0131n ya\u015fand\u0131\u011f\u0131 evde ya\u015fayan ki\u015fi\" diyen arkada\u015f\u0131n\u0131z gibi d\u00fc\u015f\u00fcn\u00fcn.<\/p>\n\n\n\n<p>\u0130lgi zarf\u0131 seninle k\u00f6pr\u00fc kurar <a href=\"https:\/\/doodlelearning.com\/english\/subjects\/grammar\/main-clause\" target=\"_blank\" rel=\"noreferrer noopener\">ana c\u00fcmle<\/a> ve payla\u015fmak istedi\u011finiz ek bilgileri girin. <\/p>\n\n\n\n<p>\u0130ki ayr\u0131 c\u00fcmle yazmak yerine, bunlar\u0131 daha zarif ve ba\u011flant\u0131l\u0131 bir \u015fekilde bir araya getirebilirsiniz.<\/p>\n\n\n\n<h3 class=\"wp-block-heading\"><strong>S\u0131fat (\u0130lgi) C\u00fcmlelerini Nas\u0131l Kurarlar?<\/strong><\/h3>\n\n\n\n<p>G\u00f6reli zarflar tan\u0131t\u0131r <a href=\"https:\/\/undetectable.ai\/blog\/adjectives\/\" target=\"_blank\" rel=\"noreferrer noopener\">s\u0131fat<\/a> Ana c\u00fcmlenizdeki isimleri de\u011fi\u015ftiren t\u00fcmceler. <\/p>\n\n\n\n<p>Bu t\u00fcmceler, dilbilgisi a\u00e7\u0131s\u0131ndan bir felaket yaratmadan gerekli ba\u011flam\u0131 ekler. <\/p>\n\n\n\n<p>Mesele \u015fu: getirdikleri madde sadece e\u011flence olsun diye ortaya at\u0131lm\u0131\u015f rastgele bir bilgi de\u011fil. <\/p>\n\n\n\n<p>\u00d6zellikle ilgi zarf\u0131ndan hemen \u00f6nce gelen ismi tan\u0131mlar.<\/p>\n\n\n\n<p>\u00d6rne\u011fin, \"I remember the day when we first met\" c\u00fcmlesinde \"when\" s\u00f6zc\u00fc\u011f\u00fc \"o g\u00fcn\u00fc\" tan\u0131mlayan bir c\u00fcmleyi ba\u015flatmak i\u00e7in kullan\u0131l\u0131r. \"When we first met\" c\u00fcmlesi o g\u00fcn hakk\u0131nda belirli bir \u015fey s\u00f6yler. <\/p>\n\n\n\n<p>\u0130lgi zarf\u0131 olmadan, \"O g\u00fcn\u00fc hat\u0131rl\u0131yorum. \u0130lk kez o g\u00fcn tan\u0131\u015fm\u0131\u015ft\u0131k\" gibi kimsenin okumak istemeyece\u011fi c\u00fcmleler kurars\u0131n\u0131z.<\/p>\n\n\n\n<p>G\u00f6reli zarflar\u0131n g\u00fczelli\u011fi \u015fudur <a href=\"https:\/\/undetectable.ai\/blog\/how-to-write-better\/\" target=\"_blank\" rel=\"noreferrer noopener\">daha iyi yazman\u0131za yard\u0131mc\u0131 olur<\/a> kesintisiz ba\u011flant\u0131lar olu\u015fturarak. <\/p>\n\n\n\n<p>Okuyucunuzun fikirlerinizin birbiriyle nas\u0131l ili\u015fkili oldu\u011funu anlamak i\u00e7in fazla mesai yapmas\u0131na gerek yoktur. \u0130lgi zarf\u0131 bu a\u011f\u0131r i\u015fi sizin i\u00e7in yapar.<\/p>\n\n\n\n<h3 class=\"wp-block-heading\"><strong>\u0130lgi Zarflar\u0131 ve Zamirler Aras\u0131ndaki Fark<\/strong><\/h3>\n\n\n\n<p>\u0130\u015fte burada i\u015fler ilgin\u00e7le\u015fiyor. \u0130lgi zarflar\u0131 ve ilgi zamirleri birbirine benzeyen ama tamamen farkl\u0131 ki\u015filiklere sahip kuzenler gibidir. <\/p>\n\n\n\n<p>\u0130lgi zamirleri (who, whom, whose, which, that) ki\u015filere veya nesnelere at\u0131fta bulunur. \u0130lgi zarflar\u0131 durumlara at\u0131fta bulunur.<\/p>\n\n\n\n<p>\u0130lgi zamirleri genellikle \u00f6nc\u00fclleriyle de\u011fi\u015ftirilebilir. <\/p>\n\n\n\n<p>\u00d6rne\u011fin, \"D\u00fcn arayan kad\u0131n\" ifadesini yeniden d\u00fczenlerseniz \"D\u00fcn arayan kad\u0131n\" haline gelebilir. Ancak g\u00f6receli zarflar ayn\u0131 numaray\u0131 yapamaz. <\/p>\n\n\n\n<p>Anlam\u0131n\u0131 tamamen kaybetmeden \"her \u015feyin de\u011fi\u015fti\u011fi zaman\" ifadesinden \"ne zaman\" kelimesini \u00e7\u0131karamazs\u0131n\u0131z.<\/p>\n\n\n\n<p>Bir di\u011fer \u00f6nemli fark ise, ilgi zamirleri genellikle t\u00fcmcelerinin \u00f6znesi veya nesnesi olarak g\u00f6rev yaparken, ilgi zarflar\u0131n\u0131n zarf olarak i\u015flev g\u00f6rmesidir. <\/p>\n\n\n\n<p>Eklendikleri c\u00fcmle i\u00e7indeki fiilleri, s\u0131fatlar\u0131 veya di\u011fer zarflar\u0131 de\u011fi\u015ftirirler.<\/p>\n\n\n<div class=\"wp-block-image\">\n<figure class=\"aligncenter size-full\"><img loading=\"lazy\" decoding=\"async\" width=\"869\" height=\"459\" src=\"https:\/\/undetectable.ai/blog\/wp-content\/uploads\/2025\/03\/ask-ai.jpg\" alt=\"Alg\u0131lanamayan YZ&#039;ler YZ&#039;ye Soruyor\" class=\"wp-image-6716\" title=\"\" srcset=\"https:\/\/undetectable.ai/blog\/wp-content\/uploads\/2025\/03\/ask-ai.jpg 869w, https:\/\/undetectable.ai/blog\/wp-content\/uploads\/2025\/03\/ask-ai-300x158.jpg 300w, https:\/\/undetectable.ai/blog\/wp-content\/uploads\/2025\/03\/ask-ai-768x406.jpg 768w, https:\/\/undetectable.ai/blog\/wp-content\/uploads\/2025\/03\/ask-ai-18x10.jpg 18w\" sizes=\"auto, (max-width: 869px) 100vw, 869px\" \/><\/figure><\/div>\n\n\n<p>Kendi yaz\u0131lar\u0131n\u0131zda bunlar\u0131 birbirinden ay\u0131rmakta zorlan\u0131yorsan\u0131z, Undetectable AI'\u0131n <a href=\"https:\/\/undetectable.ai\/ask-ai\" target=\"_blank\" rel=\"noreferrer noopener\">Yapay Zekaya Sor<\/a> ba\u011flam i\u00e7inde ilgi zarflar\u0131 ve ilgi zamirleri aras\u0131nda ayr\u0131m yapman\u0131za yard\u0131mc\u0131 olabilir. <\/p>\n\n\n\n<p>Kafan\u0131z\u0131n kar\u0131\u015f\u0131kl\u0131\u011f\u0131n\u0131 yarg\u0131lamayan, dilbilgisi konusunda bilgili bir arkada\u015fa sahip olmak gibi.<\/p>\n\n\n\n<h2 class=\"wp-block-heading\">\u00dc\u00e7 Ana \u0130lgi Zarf\u0131<\/h2>\n\n\n\n<p>G\u00f6receli zarflar\u0131n kutsal \u00fc\u00e7l\u00fcs\u00fcn\u00fc inceleyelim. <\/p>\n\n\n\n<p>Bu \u00fc\u00e7 s\u00f6zc\u00fck, g\u00f6receli zarf d\u00fcnyas\u0131nda i\u015fin \u00e7o\u011funu yapar.<\/p>\n\n\n\n<h3 class=\"wp-block-heading\"><strong>Ne zaman - Zaman\u0131 ifade eder<\/strong><\/h3>\n\n\n\n<p>\"When\", zamanla ilgili her \u015fey i\u00e7in ba\u015fvuraca\u011f\u0131n\u0131z g\u00f6receli zarft\u0131r. Anlar\u0131, d\u00f6nemleri veya durumlar\u0131 tan\u0131mlayan t\u00fcmceleri tan\u0131t\u0131r. <\/p>\n\n\n\n<p>\"Kaykay yapmay\u0131 \u00f6\u011frendi\u011fim yaz\" veya \"her \u015feyin t\u0131kland\u0131\u011f\u0131 an \"\u0131 d\u00fc\u015f\u00fcn\u00fcn.<\/p>\n\n\n\n<p>\"When\" kelimesinin zor yan\u0131, bazen belirli ba\u011flamlarda \"that\" ile de\u011fi\u015ftirilebilir gibi gelmesidir. Ama aradaki fark \u015fu: \"when\" \u00f6zellikle \u015fu durumu vurgular <a href=\"https:\/\/academiascience.com\/index.php\/repo\/article\/download\/443\/443\/877\" target=\"_blank\" rel=\"noreferrer noopener\">zamansal y\u00f6n<\/a>. <\/p>\n\n\n\n<p>\"Ta\u015f\u0131nd\u0131\u011f\u0131m\u0131z g\u00fcn\", \"ta\u015f\u0131nd\u0131\u011f\u0131m\u0131z g\u00fcn \"e k\u0131yasla zamanlamaya daha fazla odaklan\u0131yor.<\/p>\n\n\n\n<p>\"When\" kelimesinin g\u00fcn, y\u0131l, an, zaman, d\u00f6nem, \u00e7a\u011f veya mevsim gibi zamanla ilgili isimlerle birlikte kullan\u0131ld\u0131\u011f\u0131n\u0131 s\u0131kl\u0131kla g\u00f6r\u00fcrs\u00fcn\u00fcz. <\/p>\n\n\n\n<p>Zaman referans\u0131 ile o d\u00f6nemde ger\u00e7ekte ya\u015fananlar aras\u0131nda do\u011fal bir k\u00f6pr\u00fc olu\u015fturur.<\/p>\n\n\n\n<h3 class=\"wp-block-heading\"><strong>Nerede - Yeri ifade eder<\/strong><\/h3>\n\n\n\n<p>\"Where\" t\u00fcm konum tabanl\u0131 ihtiya\u00e7lar\u0131n\u0131z\u0131 kar\u015f\u0131lar. Yerleri, konumlar\u0131 veya pozisyonlar\u0131 tan\u0131mlayan t\u00fcmceler sunar. <\/p>\n\n\n\n<p>\"\u0130lk roman\u0131m\u0131 yazd\u0131\u011f\u0131m kahve d\u00fckkan\u0131\" veya \"her zaman bulu\u015ftu\u011fumuz k\u00f6\u015fe\" klasik \u00f6rneklerdir.<\/p>\n\n\n\n<p>\"Nerede\" kelimesini \u00f6zellikle kullan\u0131\u015fl\u0131 k\u0131lan \u015fey, canl\u0131 zihinsel imgeler yaratma yetene\u011fidir. \"Parka gittim\" demek yerine. <\/p>\n\n\n\n<p>Parkta muhte\u015fem kiraz \u00e7i\u00e7ekleri vard\u0131\" diyece\u011finize, \"Kiraz \u00e7i\u00e7eklerinin kesinlikle muhte\u015fem oldu\u011fu parka gittim\" diyebilirsiniz. Ayn\u0131 bilgi, daha iyi ak\u0131\u015f.<\/p>\n\n\n\n<p>\"Where\" ev, \u015fehir, sokak, \u00fclke, oda, bina veya akl\u0131n\u0131za gelebilecek herhangi bir yer gibi yerle ilgili isimlerle \u00e7al\u0131\u015f\u0131r. <\/p>\n\n\n\n<p>Betimleyici yaz\u0131larda \u00f6zellikle g\u00fc\u00e7l\u00fcd\u00fcr \u00e7\u00fcnk\u00fc okuyucular\u0131n anlat\u0131 ak\u0131\u015f\u0131n\u0131 bozmadan ortamlar\u0131 g\u00f6rselle\u015ftirmelerine yard\u0131mc\u0131 olur.<\/p>\n\n\n\n<h3 class=\"wp-block-heading\"><strong>Neden - Nedeni ifade eder<\/strong><\/h3>\n\n\n\n<p>\"Why\" g\u00f6receli zarf ailesinin filozofudur. Sebepleri, nedenleri veya motivasyonlar\u0131 a\u00e7\u0131klayan c\u00fcmleleri tan\u0131t\u0131r. <\/p>\n\n\n\n<p>\"Yazmaya ba\u015flamam\u0131n nedeni\" ya da \"k\u00f6pekleri sevmeyen insanlara bu y\u00fczden g\u00fcvenmiyorum\" c\u00fcmleleri \"neden\" sorusunun eylemdeki kar\u015f\u0131l\u0131\u011f\u0131n\u0131 g\u00f6stermektedir.<\/p>\n\n\n\n<p>\u0130lgin\u00e7 bir \u015fekilde, \"neden\" genellikle daha g\u00fcndelik, konu\u015fma ama\u00e7l\u0131 yaz\u0131larda kullan\u0131l\u0131r. Daha resmi olan \"for which\" veya \"because of which \"ten biraz daha farkl\u0131 bir havas\u0131 vard\u0131r. <\/p>\n\n\n\n<p><a href=\"https:\/\/twominenglish.com\/is-it-correct-to-say-the-reason-why\/\" target=\"_blank\" rel=\"noreferrer noopener\">\"Neden\" yap\u0131lar\u0131<\/a> Baz\u0131 dilbilgisi uzmanlar\u0131 \"neden\" kelimesi olmadan da \"sebep\" kelimesinin kullan\u0131labilece\u011fini iddia etse de, modern yaz\u0131n\u0131n her yerinde bu kelime kullan\u0131lmaktad\u0131r.<\/p>\n\n\n\n<p>Mesele \u015fu ki, \"neden\" sorusu yaz\u0131n\u0131z\u0131n kula\u011fa daha do\u011fal ve konu\u015fmaya dayal\u0131 gelmesini sa\u011flar. <\/p>\n\n\n\n<p>\u0130nsan gibi konu\u015fmak ile yasal bir belge gibi konu\u015fmak aras\u0131ndaki fark budur.<\/p>\n\n\n\n<h2 class=\"wp-block-heading\">\u0130lgi Zarflar\u0131 C\u00fcmlede Nas\u0131l Kullan\u0131l\u0131r?<\/h2>\n\n\n\n<p>\u0130lgi zarflar\u0131n\u0131 etkili bir \u015fekilde kullanmak, fikirler aras\u0131nda p\u00fcr\u00fczs\u00fcz ba\u011flant\u0131lar olu\u015fturmakla ilgilidir. <\/p>\n\n\n\n<p>\u00d6nemli olan, ilgi zarf\u0131n\u0131z\u0131n do\u011fru isme at\u0131fta bulundu\u011fundan ve getirdi\u011fi c\u00fcmlenin mant\u0131kl\u0131 oldu\u011fundan emin olmakt\u0131r.<\/p>\n\n\n\n<p>De\u011fi\u015ftirmek istedi\u011finiz ismi belirleyerek ba\u015flay\u0131n. Sonra kendinize bu isimle ilgili bir \u015feyin ne zaman, nerede veya neden oldu\u011funu anlat\u0131p anlatmad\u0131\u011f\u0131n\u0131z\u0131 sorun. <\/p>\n\n\n\n<p>E\u011fer \u00f6yleyse, g\u00f6receli bir zarf i\u00e7in m\u00fckemmel bir kurulumunuz var demektir.<\/p>\n\n\n\n<p>\u0130nsanlar\u0131n yapt\u0131\u011f\u0131 en yayg\u0131n hata, belirsiz \u00f6nc\u00fcller yaratmakt\u0131r. <\/p>\n\n\n\n<p>\u0130lgi zarf\u0131n\u0131z, kendisinden hemen \u00f6nce gelen isme a\u00e7\u0131k\u00e7a at\u0131fta bulunmal\u0131d\u0131r. <\/p>\n\n\n\n<p>\"Ac\u0131kt\u0131\u011f\u0131mda \u015fu restorana gittim\" i\u015fe yaram\u0131yor \u00e7\u00fcnk\u00fc \"where\" bir yere at\u0131fta bulunmaya \u00e7al\u0131\u015f\u0131yor, ancak \"when\" her \u015feyi kar\u0131\u015ft\u0131ran bir zaman unsuru ekliyor.<\/p>\n\n\n\n<p>Bir ba\u015fka profesyonel ipucu da noktalama i\u015faretlerine dikkat etmektir. \u0130lgili c\u00fcmlenizdeki bilgi c\u00fcmlenin anla\u015f\u0131lmas\u0131 i\u00e7in gerekliyse virg\u00fcl kullanmay\u0131n. <\/p>\n\n\n\n<p>\"B\u00fcy\u00fcd\u00fc\u011f\u00fcm yer\" virg\u00fcl gerektirmez \u00e7\u00fcnk\u00fc \"b\u00fcy\u00fcd\u00fc\u011f\u00fcm yer\" \u00e7ok \u00f6nemli bir bilgidir.\u00a0<\/p>\n\n\n\n<p>Ancak \"Araba kullanmay\u0131 \u00f6\u011frendi\u011fim memleketimin yollar\u0131 berbatt\u0131r\" c\u00fcmlesinde virg\u00fcl kullan\u0131l\u0131r \u00e7\u00fcnk\u00fc ilgili c\u00fcmle fazladan, gerekli olmayan bilgi ekler.<\/p>\n\n\n<div class=\"wp-block-image\">\n<figure class=\"aligncenter size-large\"><img loading=\"lazy\" decoding=\"async\" width=\"1024\" height=\"341\" src=\"https:\/\/undetectable.ai/blog\/wp-content\/uploads\/2025\/07\/Free-grammar-checker-001-1024x341.png\" alt=\"\" class=\"wp-image-11486\" title=\"\" srcset=\"https:\/\/undetectable.ai/blog\/wp-content\/uploads\/2025\/07\/Free-grammar-checker-001-1024x341.png 1024w, https:\/\/undetectable.ai/blog\/wp-content\/uploads\/2025\/07\/Free-grammar-checker-001-300x100.png 300w, https:\/\/undetectable.ai/blog\/wp-content\/uploads\/2025\/07\/Free-grammar-checker-001-768x256.png 768w, https:\/\/undetectable.ai/blog\/wp-content\/uploads\/2025\/07\/Free-grammar-checker-001-18x6.png 18w, https:\/\/undetectable.ai/blog\/wp-content\/uploads\/2025\/07\/Free-grammar-checker-001.png 1305w\" sizes=\"auto, (max-width: 1024px) 100vw, 1024px\" \/><\/figure><\/div>\n\n\n<p>Yanl\u0131\u015f yerle\u015ftirilmi\u015f g\u00f6receli zarflar veya c\u00fcmle hatalar\u0131 konusunda endi\u015feleriniz varsa, Undetectable AI's <a href=\"https:\/\/undetectable.ai\/grammar-checker\" target=\"_blank\" rel=\"noreferrer noopener\">AI Dilbilgisi Denetleyicisi<\/a> okuyucular\u0131n\u0131za \u00e7elme takmadan \u00f6nce bu sorunlar\u0131 yakalayabilir. <\/p>\n\n\n\n<p>C\u00fcmle yap\u0131n\u0131z i\u00e7in bir g\u00fcvenlik a\u011f\u0131na sahip olmak gibi.<\/p>\n\n\n\n<h2 class=\"wp-block-heading\">Ba\u011f\u0131l Zarf vs Ba\u011fla\u00e7<\/h2>\n\n\n<div class=\"wp-block-image\">\n<figure class=\"aligncenter size-large\"><img loading=\"lazy\" decoding=\"async\" width=\"1024\" height=\"683\" src=\"https:\/\/undetectable.ai/blog\/wp-content\/uploads\/2025\/07\/relative-pronoun-002-1024x683.jpg\" alt=\"\" class=\"wp-image-11620\" title=\"\" srcset=\"https:\/\/undetectable.ai/blog\/wp-content\/uploads\/2025\/07\/relative-pronoun-002-1024x683.jpg 1024w, https:\/\/undetectable.ai/blog\/wp-content\/uploads\/2025\/07\/relative-pronoun-002-300x200.jpg 300w, https:\/\/undetectable.ai/blog\/wp-content\/uploads\/2025\/07\/relative-pronoun-002-768x512.jpg 768w, https:\/\/undetectable.ai/blog\/wp-content\/uploads\/2025\/07\/relative-pronoun-002-18x12.jpg 18w, https:\/\/undetectable.ai/blog\/wp-content\/uploads\/2025\/07\/relative-pronoun-002.jpg 1200w\" sizes=\"auto, (max-width: 1024px) 100vw, 1024px\" \/><\/figure><\/div>\n\n\n<p>Burada i\u015fler biraz teknik bir hal al\u0131yor, ancak bizimle kal\u0131n. <\/p>\n\n\n\n<p>\u0130lgi zarflar\u0131 ve ba\u011fla\u00e7lar aras\u0131ndaki kar\u0131\u015f\u0131kl\u0131k pek \u00e7ok yazar\u0131 yan\u0131ltmaktad\u0131r.<\/p>\n\n\n\n<h3 class=\"wp-block-heading\"><strong>\u0130\u015flev Benzerlikleri<\/strong><\/h3>\n\n\n\n<p>\u0130\u00e7inde <a href=\"https:\/\/undetectable.ai\/blog\/grammar-rules\/\" target=\"_blank\" rel=\"noreferrer noopener\">\u0130ngilizce dilbilgisi kurallar\u0131<\/a>ba\u011f\u0131l zarflar ve ikincil ba\u011fla\u00e7lar t\u00fcmceleri birbirine ba\u011flar ve fikirler aras\u0131nda ili\u015fki kurar. <\/p>\n\n\n\n<p>Her ikisi de tam c\u00fcmle olarak tek ba\u015f\u0131na duramayan ba\u011f\u0131ml\u0131 c\u00fcmleleri tan\u0131t\u0131r ve her ikisi de daha karma\u015f\u0131k, sofistike c\u00fcmle yap\u0131lar\u0131 olu\u015fturman\u0131za yard\u0131mc\u0131 olur.<\/p>\n\n\n\n<p>Kelimelerin kendileri bile ayn\u0131 olabilir. <\/p>\n\n\n\n<p>\"When\", \"where\" ve \"why\" nas\u0131l kullan\u0131ld\u0131klar\u0131na ba\u011fl\u0131 olarak ya g\u00f6receli zarflar ya da ba\u011fla\u00e7lar olarak i\u015flev g\u00f6rebilirler. Her \u015fey ba\u011flamla ve c\u00fcmlede ger\u00e7ekte ne yapt\u0131klar\u0131yla ilgilidir.<\/p>\n\n\n\n<h3 class=\"wp-block-heading\"><strong>Yap\u0131 ve Kullan\u0131mdaki Temel Farkl\u0131l\u0131klar<\/strong><\/h3>\n\n\n\n<p>Aradaki en b\u00fcy\u00fck fark, g\u00f6receli zarflar\u0131n \u00f6zellikle isimleri de\u011fi\u015ftiren s\u0131fat t\u00fcmcelerini tan\u0131tmas\u0131d\u0131r. <\/p>\n\n\n\n<p>Yan ba\u011fla\u00e7lar, fiilleri, s\u0131fatlar\u0131 veya t\u00fcm t\u00fcmceleri de\u011fi\u015ftiren zarf t\u00fcmcelerini tan\u0131t\u0131r.<\/p>\n\n\n\n<p>\u0130lgi zarf\u0131 belirli bir isimle do\u011frudan bir ili\u015fki kurar. \"The house where I grew up\" c\u00fcmlesinde \"where\" do\u011frudan \"house\" kelimesini de\u011fi\u015ftirir. <\/p>\n\n\n\n<p>Ancak bir yan ba\u011fla\u00e7 daha geni\u015f bir ili\u015fki yarat\u0131r. \"Memleketimi ziyaret etti\u011fimde nostaljik hissediyorum\" c\u00fcmlesinde \"when\" nostaljik hissetme eyleminin tamam\u0131n\u0131 de\u011fi\u015ftiren bir t\u00fcmceyi tan\u0131t\u0131r.<\/p>\n\n\n\n<h3 class=\"wp-block-heading\"><strong>Farkl\u0131l\u0131\u011f\u0131 G\u00f6steren \u00d6rnekler<\/strong><\/h3>\n\n\n\n<p>Bunu netle\u015ftirmek i\u00e7in baz\u0131 \u00f6rneklere bakal\u0131m:<\/p>\n\n\n\n<ul class=\"wp-block-list\">\n<li><strong>G\u00f6reli zarf<\/strong>: \"Her \u015feyin de\u011fi\u015fti\u011fi an\u0131 hat\u0131rl\u0131yorum.\" Burada \"when\" s\u00f6zc\u00fc\u011f\u00fc \"o an\u0131\" tan\u0131mlayan bir c\u00fcmleye giri\u015f yapmaktad\u0131r.<\/li>\n\n\n\n<li><strong>Alt ba\u011fla\u00e7<\/strong>: \"Her \u015fey de\u011fi\u015fti\u011finde, haz\u0131rl\u0131kl\u0131 de\u011fildim.\" Burada \"when\" ana c\u00fcmlenin zamanlamas\u0131n\u0131 belirleyen bir c\u00fcmlecik olu\u015fturmaktad\u0131r.<\/li>\n<\/ul>\n\n\n\n<p>Fark\u0131 g\u00f6r\u00fcyor musunuz?<\/p>\n\n\n\n<p>\u0130lgi zarf\u0131 belirli bir isme ba\u011fl\u0131yken, ikincil ba\u011fla\u00e7 t\u00fcmceler aras\u0131nda daha geni\u015f bir ili\u015fki kurar.<\/p>\n\n\n\n<h2 class=\"wp-block-heading\">S\u0131k Yap\u0131lan Hatalar ve Bunlardan Nas\u0131l Ka\u00e7\u0131n\u0131laca\u011f\u0131<\/h2>\n\n\n\n<p>Dilbilgisi \u00f6\u011fretmenlerini a\u011flatan ve okuyucular\u0131n kafas\u0131n\u0131 kar\u0131\u015ft\u0131ran hatalardan bahsedelim. <\/p>\n\n\n\n<p>En b\u00fcy\u00fck sorunlardan biri, uygun bir \u00f6nc\u00fcl olmadan ilgi zarflar\u0131n\u0131 kullanmakt\u0131r.<\/p>\n\n\n\n<p>\"S\u00fcte ihtiyac\u0131m oldu\u011funda markete gittim\" kula\u011fa ho\u015f gelse de teknik olarak yanl\u0131\u015ft\u0131r.&nbsp;<\/p>\n\n\n\n<p>\"Store\" bir zaman de\u011fildir, bu nedenle \"when\" uygun bir \u00f6nc\u00fcle sahip de\u011fildir. C\u00fcmlede \"when\" ba\u011f\u0131l zarf de\u011fildir \u00e7\u00fcnk\u00fc bir ismi de\u011fi\u015ftirmez. \u0130ki c\u00fcmleyi birbirine ba\u011flayan bir yan ba\u011fla\u00e7t\u0131r.<\/p>\n\n\n\n<p>Bir di\u011fer yayg\u0131n hata da g\u00fcndelik konu\u015fmada \"nerede\" ve \"ne zaman\" kelimelerini kar\u0131\u015ft\u0131rmakt\u0131r.&nbsp;<\/p>\n\n\n\n<p>\"\u0130\u015flerin daha basit oldu\u011fu g\u00fcnlerde\" ifadesi \"i\u015flerin daha basit oldu\u011fu g\u00fcnlerde\" \u015feklinde olmal\u0131d\u0131r \u00e7\u00fcnk\u00fc \"g\u00fcn\" yer de\u011fil zaman ifade eder.<\/p>\n\n\n\n<p>\"Neden\" konusunda da kafa kar\u0131\u015f\u0131kl\u0131\u011f\u0131 var. <a href=\"https:\/\/forum.wordreference.com\/threads\/the-reason-that-vs-why-is-because.2012926\/\" target=\"_blank\" rel=\"noreferrer noopener\">\u0130nsanlar genellikle \u015f\u00f6yle yazar<\/a> \"nedeni \u00e7\u00fcnk\u00fc,\" ki bu gereksizdir. Birini se\u00e7in: \"nedenidir\" ya da \"nedenidir\" ama ikisini birden de\u011fil.<\/p>\n\n\n\n<p>Ama\u00e7 her yerde g\u00f6receli zarflar kullanmak de\u011fildir.&nbsp;<\/p>\n\n\n<div class=\"wp-block-image\">\n<figure class=\"aligncenter size-large\"><img decoding=\"async\" src=\"https:\/\/undetectable.ai/blog\/wp-content\/uploads\/2025\/06\/Detector-and-Humanizer-1024x389.jpg\" alt=\"Undetectable AI&#039;n\u0131n Geli\u015fmi\u015f Yapay Zeka Dedekt\u00f6r\u00fc ve Humanizer ara\u00e7lar\u0131 aray\u00fcz\u00fcn\u00fc g\u00f6steren ekran g\u00f6r\u00fcnt\u00fcs\u00fc\" class=\"wp-image-10230\" title=\"\"><\/figure><\/div>\n\n\n<p>Do\u011fal ba\u011flant\u0131lar olu\u015fturmak ve anlam\u0131n\u0131z\u0131 g\u00fc\u00e7lendirmek i\u00e7in bunlar\u0131 stratejik olarak kullanmakt\u0131r. <\/p>\n\n\n\n<p>Tespit Edilemeyen Yapay Zeka <a href=\"https:\/\/undetectable.ai\/ai-humanizer\" target=\"_blank\" rel=\"noreferrer noopener\">Yapay Zeka \u0130nsanc\u0131lla\u015ft\u0131r\u0131c\u0131<\/a> ge\u00e7i\u015fleri yumu\u015fatmaya ve g\u00f6receli t\u00fcmceler etraf\u0131nda do\u011fal bir ifade sa\u011flamaya yard\u0131mc\u0131 olarak yaz\u0131n\u0131z\u0131n daha konu\u015fkan ve daha az robotik g\u00f6r\u00fcnmesini sa\u011flayabilir.<\/p>\n\n\n\n<p>Ke\u015ffetmeye ba\u015flay\u0131n - Yapay Zeka Dedekt\u00f6r\u00fcm\u00fcz ve \u0130nsanc\u0131lla\u015ft\u0131r\u0131c\u0131m\u0131z a\u015fa\u011f\u0131daki widget'ta sizi bekliyor!<\/p>\n\n\n\n<div id=\"uai-widget\" data-affiliate-link=\"https:\/\/undetectable.ai\/?_by=hi4km\"><script>var js = document.createElement(\"script\");js.async = true;js.src = \"https:\/\/widget.undetectable.ai\/js\/widget-loader.js?t=\"+Date.now();document.getElementsByTagName(\"head\")[0].appendChild(js);<\/script><\/div>\n\n\n\n<h2 class=\"wp-block-heading\">Nerede, Ne Zaman, Neden... ve \u015eimdi Ne Olacak?<\/h2>\n\n\n\n<p>G\u00f6reli zarflar kural de\u011fil ara\u00e7t\u0131r. <\/p>\n\n\n\n<p>Daha net, daha ba\u011flant\u0131l\u0131 yaz\u0131lar olu\u015fturman\u0131za yard\u0131mc\u0131 olmak i\u00e7in oradalar. Bunlarda ustala\u015ft\u0131\u011f\u0131n\u0131zda c\u00fcmlelerinizin daha do\u011fal akt\u0131\u011f\u0131n\u0131 fark edeceksiniz. Okuyucular\u0131n\u0131z da i\u015flerini kolayla\u015ft\u0131rd\u0131\u011f\u0131n\u0131z i\u00e7in size te\u015fekk\u00fcr edeceklerdir.<\/p>\n\n\n\n<p>En iyi yazarlar g\u00f6receli zarflar\u0131 i\u00e7g\u00fcd\u00fcsel olarak kullan\u0131r. Ne zaman \"when\", nereye \"where\" ve neden \"why\" kullanacaklar\u0131n\u0131 bilirler. <\/p>\n\n\n\n<p>Ancak bu seviyeye ula\u015fmak i\u00e7in pratik yapmak ve bu k\u00fc\u00e7\u00fck kelimelerin c\u00fcmlelerde nas\u0131l i\u015flev g\u00f6rd\u00fc\u011f\u00fcne dikkat etmek gerekir.<\/p>\n\n\n\n<p>Hayran oldu\u011funuz yaz\u0131lardaki g\u00f6receli zarflara dikkat etmeye ba\u015flay\u0131n. Nas\u0131l ba\u011flant\u0131 kurduklar\u0131na ve potansiyel olarak garip ge\u00e7i\u015fleri nas\u0131l yumu\u015fatt\u0131klar\u0131na dikkat edin. <\/p>\n\n\n\n<p>Daha sonra bunlar\u0131 \u00e7al\u0131\u015fmalar\u0131n\u0131zda kullanarak pratik yap\u0131n.<\/p>\n\n\n\n<p>Dilbilgisi, kurallar\u0131n iyili\u011fi i\u00e7in kurallara uymak de\u011fildir. \u0130leti\u015fimle ilgilidir. <\/p>\n\n\n\n<p>G\u00f6reli zarflar, fikirleriniz aras\u0131nda net ve mant\u0131kl\u0131 ba\u011flant\u0131lar olu\u015fturarak daha etkili ileti\u015fim kurman\u0131za yard\u0131mc\u0131 olur. Belirsiz ve kafa kar\u0131\u015ft\u0131r\u0131c\u0131 yaz\u0131larla dolu bir d\u00fcnyada bu, geli\u015ftirmeye de\u011fer bir s\u00fcper g\u00fc\u00e7t\u00fcr.<\/p>\n\n\n\n<p>C\u00fcmlelerinizin daha insani, do\u011fal ve dilbilgisine uygun olmas\u0131 i\u00e7in yard\u0131m ister misiniz? <\/p>\n\n\n\n<p>Deneyin <a href=\"https:\/\/undetectable.ai\/\" target=\"_blank\" rel=\"noreferrer noopener\">Tespit Edilemeyen Yapay Zeka<\/a> Dilbilgisi Denetleyicisi ve AI Humanizer, garip ifadeleri yumu\u015fatmak ve yaz\u0131n\u0131z\u0131n ba\u011flant\u0131 kurmas\u0131na yard\u0131mc\u0131 olmak i\u00e7in olu\u015fturulmu\u015ftur.<\/p>","protected":false},"excerpt":{"rendered":"","protected":false},"author":15,"featured_media":11619,"comment_status":"closed","ping_status":"closed","sticky":false,"template":"","format":"standard","meta":{"_themeisle_gutenberg_block_has_review":false,"footnotes":""},"categories":[31],"tags":[],"class_list":["post-11614","post","type-post","status-publish","format-standard","has-post-thumbnail","hentry","category-helpful-ai-content-tips"],"_links":{"self":[{"href":"https:\/\/undetectable.ai/blog\/tr\/wp-json\/wp\/v2\/posts\/11614","targetHints":{"allow":["GET"]}}],"collection":[{"href":"https:\/\/undetectable.ai/blog\/tr\/wp-json\/wp\/v2\/posts"}],"about":[{"href":"https:\/\/undetectable.ai/blog\/tr\/wp-json\/wp\/v2\/types\/post"}],"author":[{"embeddable":true,"href":"https:\/\/undetectable.ai/blog\/tr\/wp-json\/wp\/v2\/users\/15"}],"replies":[{"embeddable":true,"href":"https:\/\/undetectable.ai/blog\/tr\/wp-json\/wp\/v2\/comments?post=11614"}],"version-history":[{"count":4,"href":"https:\/\/undetectable.ai/blog\/tr\/wp-json\/wp\/v2\/posts\/11614\/revisions"}],"predecessor-version":[{"id":11622,"href":"https:\/\/undetectable.ai/blog\/tr\/wp-json\/wp\/v2\/posts\/11614\/revisions\/11622"}],"wp:featuredmedia":[{"embeddable":true,"href":"https:\/\/undetectable.ai/blog\/tr\/wp-json\/wp\/v2\/media\/11619"}],"wp:attachment":[{"href":"https:\/\/undetectable.ai/blog\/tr\/wp-json\/wp\/v2\/media?parent=11614"}],"wp:term":[{"taxonomy":"category","embeddable":true,"href":"https:\/\/undetectable.ai/blog\/tr\/wp-json\/wp\/v2\/categories?post=11614"},{"taxonomy":"post_tag","embeddable":true,"href":"https:\/\/undetectable.ai/blog\/tr\/wp-json\/wp\/v2\/tags?post=11614"}],"curies":[{"name":"wp","href":"https:\/\/api.w.org\/{rel}","templated":true}]}}