{"id":11761,"date":"2025-07-11T13:53:21","date_gmt":"2025-07-11T13:53:21","guid":{"rendered":"https:\/\/undetectable.ai/blog\/?p=11761"},"modified":"2025-10-28T17:47:21","modified_gmt":"2025-10-28T17:47:21","slug":"konjonkturel-zarf","status":"publish","type":"post","link":"https:\/\/undetectable.ai/blog\/tr\/konjonkturel-zarf","title":{"rendered":"A\u00e7\u0131k \u00d6rneklerle A\u00e7\u0131klanan Ba\u011fla\u00e7 Zarflar\u0131"},"content":{"rendered":"<p>Ba\u011fla\u00e7l\u0131 zarf nedir? Yaz\u0131n\u0131z\u0131 daha iyi hale getirmenize nas\u0131l yard\u0131mc\u0131 olabilir? <\/p>\n\n\n\n<p>Hi\u00e7bir yere gitmeyin; bu makale size ba\u011fla\u00e7 zarflar\u0131n\u0131 nas\u0131l do\u011fru bir \u015fekilde uygulayabilece\u011finizi \u00f6\u011fretecek. <\/p>\n\n\n\n<p>Yaz\u0131n\u0131za ak\u0131\u015f kazand\u0131ran ve onu daha anla\u015f\u0131l\u0131r ve profesyonel hale getiren en temel konu\u015fma \u015fekillerinden biridir.&nbsp;<\/p>\n\n\n\n<hr class=\"wp-block-separator has-alpha-channel-opacity\"\/>\n\n\n\n<p class=\"has-text-align-center\"><strong>\u00d6nemli \u00c7\u0131kar\u0131mlar<\/strong><\/p>\n\n\n\n<ul class=\"wp-block-list\">\n<li>Ba\u011fla\u00e7 zarflar\u0131 iki ayr\u0131 c\u00fcmleyi veya t\u00fcmceyi birle\u015ftirir.<\/li>\n<\/ul>\n\n\n\n<p><\/p>\n\n\n\n<ul class=\"wp-block-list\">\n<li>Z\u0131tl\u0131k, neden-sonu\u00e7 ya da zaman gibi ili\u015fkileri temsil ederler.<\/li>\n<\/ul>\n\n\n\n<p><\/p>\n\n\n\n<ul class=\"wp-block-list\">\n<li>Noktal\u0131 virg\u00fcl veya virg\u00fcl gibi uygun noktalama i\u015faretleriyle birlikte yerle\u015ftirilmelidirler.&nbsp;<\/li>\n<\/ul>\n\n\n\n<p><\/p>\n\n\n\n<ul class=\"wp-block-list\">\n<li>Ba\u011fla\u00e7 zarflar\u0131 bir c\u00fcmlenin ba\u015f\u0131na, ortas\u0131na veya sonuna yerle\u015ftirilebilir.&nbsp;<\/li>\n<\/ul>\n\n\n\n<p><\/p>\n\n\n\n<ul class=\"wp-block-list\">\n<li>Yaz\u0131n\u0131z\u0131n kolayca akmas\u0131na ve anla\u015f\u0131lmas\u0131na yard\u0131mc\u0131 olurlar.<\/li>\n<\/ul>\n\n\n\n<p><\/p>\n\n\n\n<hr class=\"wp-block-separator has-alpha-channel-opacity\"\/>\n\n\n\n<h2 class=\"wp-block-heading\">Konjonkt\u00fcrel Zarf Nedir?&nbsp;<\/h2>\n\n\n\n<p>Bir ba\u011fla\u00e7 zarf\u0131, iki ba\u011f\u0131ms\u0131z c\u00fcmleyi birle\u015ftiren ve ayn\u0131 zamanda iki c\u00fcmle aras\u0131ndaki ili\u015fkiyi g\u00f6steren bir terim veya kelime \u00f6be\u011fidir. <\/p>\n\n\n\n<p>\u00d6rne\u011fin, \u015f\u00f6yle diyebilirsiniz&nbsp;<\/p>\n\n\n\n<ul class=\"wp-block-list\">\n<li>Y\u00fcr\u00fcy\u00fc\u015fe \u00e7\u0131kmaya karar verdi; ancak ya\u011fmur ya\u011fmaya ba\u015flad\u0131.<\/li>\n\n\n\n<li>Saat 13.00'e kadar devam etmemi istedi; bu arada saat 15.00'te geldi.&nbsp;<\/li>\n<\/ul>\n\n\n\n<h3 class=\"wp-block-heading\">Koordinasyon Ba\u011fla\u00e7lar\u0131ndan Farklar\u0131&nbsp;<\/h3>\n\n\n\n<p>Ba\u011fla\u00e7 zarflar\u0131 genellikle \"and\" veya \"but\" gibi koordine edici ba\u011fla\u00e7larla kar\u015f\u0131la\u015ft\u0131r\u0131l\u0131r. Ayn\u0131 de\u011fildirler, ancak ili\u015fkilidirler. <\/p>\n\n\n\n<p>Koordinasyon ba\u011fla\u00e7lar\u0131 iki ba\u011f\u0131ms\u0131z c\u00fcmleyi birle\u015ftirmek ve her ikisine de e\u015fit vurgu yapmak i\u00e7in kullan\u0131labilir. \u015eu \u015fekilde ifade edilebilir:<\/p>\n\n\n\n<ul class=\"wp-block-list\">\n<li>Peter tek ba\u015f\u0131na fl\u00fct \u00e7al\u0131\u015f\u0131yordu ve \u015fimdi piyano \u00e7almay\u0131 \u00f6\u011freniyor.<\/li>\n\n\n\n<li>Yorgundum ama g\u00f6revlerimi tamamlad\u0131m.&nbsp;<\/li>\n<\/ul>\n\n\n\n<p>Alternatif olarak, ba\u011fla\u00e7 zarflar\u0131 iki ba\u011f\u0131ms\u0131z c\u00fcmleyi birbirine ba\u011flar ve aralar\u0131ndaki ili\u015fkiyi belirtir. <\/p>\n\n\n\n<p>\u0130ki ayr\u0131 c\u00fcmle aras\u0131ndaki ili\u015fkiyi a\u015fa\u011f\u0131daki gibi ifadeler kullanarak da g\u00f6sterebilirsiniz&nbsp;<\/p>\n\n\n\n<ul class=\"wp-block-list\">\n<li>Claudia her sabah ko\u015fmay\u0131 seviyor; ancak ayn\u0131 rotay\u0131 asla iki kez kullanm\u0131yor.<\/li>\n\n\n\n<li>Yorgundum; yine de g\u00f6revlerimi tamamlad\u0131m.<\/li>\n<\/ul>\n\n\n\n<p>Bu \u00f6rnekte, iki c\u00fcmle aras\u0131ndaki \"however\" ba\u011flant\u0131s\u0131 Claudia'n\u0131n sabah ko\u015fusunu nas\u0131l ger\u00e7ekle\u015ftirdi\u011fini de g\u00f6stermektedir. <\/p>\n\n\n\n<p>Koordinasyon ba\u011fla\u00e7lar\u0131 kullan\u0131l\u0131rken noktalama stilleri de\u011fi\u015fiklik g\u00f6sterir. Ba\u011fla\u00e7 zarf\u0131, iki c\u00fcmleyi birbirine ba\u011flamak i\u00e7in noktal\u0131 virg\u00fclden sonra ve virg\u00fclden \u00f6nce gelir.&nbsp;&nbsp;<\/p>\n\n\n\n<h2 class=\"wp-block-heading\">Yayg\u0131n Konjonkt\u00fcrel Zarflar\u0131n Listesi&nbsp;<\/h2>\n\n\n<div class=\"wp-block-image\">\n<figure class=\"aligncenter size-large\"><img loading=\"lazy\" decoding=\"async\" width=\"1024\" height=\"683\" src=\"https:\/\/undetectable.ai/blog\/wp-content\/uploads\/2025\/07\/conjunctive-adverb-003-1024x683.jpg\" alt=\"Korkuluklar\u0131n yan\u0131nda kitap okuyan gen\u00e7 arkada\u015flar\" class=\"wp-image-11777\" title=\"\" srcset=\"https:\/\/undetectable.ai/blog\/wp-content\/uploads\/2025\/07\/conjunctive-adverb-003-1024x683.jpg 1024w, https:\/\/undetectable.ai/blog\/wp-content\/uploads\/2025\/07\/conjunctive-adverb-003-300x200.jpg 300w, https:\/\/undetectable.ai/blog\/wp-content\/uploads\/2025\/07\/conjunctive-adverb-003-768x512.jpg 768w, https:\/\/undetectable.ai/blog\/wp-content\/uploads\/2025\/07\/conjunctive-adverb-003-18x12.jpg 18w, https:\/\/undetectable.ai/blog\/wp-content\/uploads\/2025\/07\/conjunctive-adverb-003.jpg 1200w\" sizes=\"auto, (max-width: 1024px) 100vw, 1024px\" \/><\/figure><\/div>\n\n\n<p>A\u015fa\u011f\u0131da yayg\u0131n olarak kullan\u0131lan ba\u011fla\u00e7 zarflar\u0131n bir listesi bulunmaktad\u0131r. Hadi ba\u015flayal\u0131m.<\/p>\n\n\n\n<h3 class=\"wp-block-heading\">\u0130lave<\/h3>\n\n\n\n<p>\"Dahas\u0131\" veya \"ayr\u0131ca\" gibi kelimeler, ilave bilgi eklemeye veya ba\u015flang\u0131\u00e7taki fikri geni\u015fletmeye yard\u0131mc\u0131 olmak i\u00e7in kullan\u0131labilir. <\/p>\n\n\n\n<p>Bu ba\u011fla\u00e7l\u0131 zarflar, durumunuzu anlatmaya \u00e7al\u0131\u015f\u0131rken veya bir nesnenin avantajlar\u0131n\u0131 s\u0131ralarken kullan\u0131\u015fl\u0131d\u0131r<\/p>\n\n\n\n<p>Ayr\u0131ca kullan\u0131m\u0131, daha \u00f6nce verilen ifadeyi do\u011frulayan noktaya daha fazla vurgu yapar. <\/p>\n\n\n\n<p>\"Ayr\u0131ca,\" zaten \u00f6nerilen fikre ek bilgi sa\u011flamaya yarar. \"Ayr\u0131ca\" ifadesi ise c\u00fcmleye ba\u015fka bir noktan\u0131n eklenmesine yard\u0131mc\u0131 olmas\u0131 bak\u0131m\u0131ndan biraz farkl\u0131l\u0131k g\u00f6sterir.&nbsp;<\/p>\n\n\n\n<p><strong>\u00d6rne\u011fin:<\/strong><\/p>\n\n\n\n<ul class=\"wp-block-list\">\n<li>O harika bir \u00f6\u011frenci; <strong>ayr\u0131ca<\/strong>Yerel k\u00fct\u00fcphanede g\u00f6n\u00fcll\u00fc olarak \u00e7al\u0131\u015f\u0131yor.&nbsp;<\/li>\n\n\n\n<li>Ucuz bir restoran; <strong>ek olarak<\/strong>hizmet harika.<\/li>\n\n\n\n<li>Yeni politika para tasarrufu sa\u011flayacakt\u0131r; <strong>dahas\u0131<\/strong>b\u00fcy\u00fcmeyi art\u0131racakt\u0131r.&nbsp;<\/li>\n<\/ul>\n\n\n\n<h3 class=\"wp-block-heading\">Kontrast&nbsp;<\/h3>\n\n\n\n<p>Konjonkt\u00fcrel zarflar, ilk s\u00f6ylenenden farkl\u0131 veya kar\u015f\u0131t bir fikri g\u00f6steren bir z\u0131tl\u0131k olarak kullan\u0131labilir. <\/p>\n\n\n\n<p>\u00d6rnekler aras\u0131nda \"However\", \"Nevertheless\" ve \"On the Other Hand\" yer al\u0131r. Bahsedilenden farkl\u0131 bir kavram\u0131 g\u00f6stermeye yard\u0131mc\u0131 olurlar.&nbsp;<\/p>\n\n\n\n<p>Ancak, c\u00fcmlelerinizi kurma \u015feklinize g\u00f6re farkl\u0131 sonu\u00e7lara yol a\u00e7abilirler.&nbsp;<\/p>\n\n\n\n<p>\"However\" genellikle beklenmedik bir geli\u015fme oldu\u011funu g\u00f6sterir. Ancak \"Yine de\" genellikle \u00f6znenin bir h\u0131\u00e7k\u0131r\u0131k kar\u015f\u0131s\u0131nda bile pes etmedi\u011fini belirtmek i\u00e7in kullan\u0131l\u0131r.<\/p>\n\n\n\n<p>\"\u00d6te yandan\" ifadesini kullanarak alternatif bir bak\u0131\u015f a\u00e7\u0131s\u0131 veya kar\u015f\u0131 arg\u00fcman sunabilirsiniz.&nbsp;&nbsp;<\/p>\n\n\n\n<p><strong>\u00d6rnekler: <\/strong>&nbsp;<\/p>\n\n\n\n<ul class=\"wp-block-list\">\n<li>G\u00fcn g\u00fcne\u015fliydi; <strong>ancak<\/strong>B\u00fct\u00fcn ak\u015fam ya\u011fmur ya\u011fd\u0131.<\/li>\n\n\n\n<li>Futbol ma\u00e7\u0131 s\u0131ras\u0131nda ya\u011fmur ya\u011fd\u0131; <strong>Yine de<\/strong>oyuncular ma\u00e7\u0131 bitirdi.<\/li>\n\n\n\n<li>\u015eehir hayat\u0131 \u00e7ok e\u011flenceli; <strong>di\u011fer yandan<\/strong>\u00e7ok g\u00fcr\u00fclt\u00fcl\u00fc olabilir.<\/li>\n<\/ul>\n\n\n\n<p>Yukar\u0131dakiler, bir arg\u00fcman\u0131n iki taraf\u0131 aras\u0131ndaki z\u0131tl\u0131k veya dengede konjonkt\u00fcrel zarf\u0131n ne oldu\u011funu g\u00f6steren en iyi \u00f6rneklerdir.<\/p>\n\n\n\n<h3 class=\"wp-block-heading\">Neden ve Sonu\u00e7<\/h3>\n\n\n\n<p>Ba\u011fla\u00e7l\u0131 zarflara verilebilecek di\u011fer \u00f6rnekler \u015funlard\u0131r: Therefore, Thus, Consequently. <\/p>\n\n\n\n<p>Bunlar\u0131 bir eylem veya durumu bir sonu\u00e7 veya neticeyle ili\u015fkilendirmek i\u00e7in kullanabilirsiniz. 'Therefore' bir sonraki ad\u0131m\u0131n mant\u0131ksal bir sonu\u00e7 oldu\u011funu g\u00f6sterir. <\/p>\n\n\n\n<p>\"Thus\" ise \"therefore \"ya benzer, ancak daha \u00e7ok resmi veya akademik yay\u0131nlarda kullan\u0131l\u0131r. \"Consequently\" bir \u015feyin do\u011frudan sonu\u00e7 olarak meydana geldi\u011finin alt\u0131n\u0131 \u00e7izer.<\/p>\n\n\n\n<p><strong>\u00d6rnekler:&nbsp;<\/strong><\/p>\n\n\n\n<ul class=\"wp-block-list\">\n<li>Yemekler yand\u0131; <strong>bu nedenle<\/strong>a\u00e7l\u0131ktan \u00f6l\u00fcrd\u00fck.<\/li>\n\n\n\n<li>Trafik \u00e7ok yo\u011fundu; <strong>B\u00f6ylece<\/strong>i\u015f\u00e7iler toplant\u0131ya ge\u00e7 kald\u0131.<\/li>\n\n\n\n<li>Hi\u00e7 haz\u0131rlanmad\u0131; <strong>Sonu\u00e7 olarak<\/strong>s\u0131navda ba\u015far\u0131s\u0131z oldu.<\/li>\n<\/ul>\n\n\n\n<p>Genel olarak, bunlar neden-sonu\u00e7 ifadelerinizi netle\u015ftirir ve profesyonel g\u00f6r\u00fcnmelerini sa\u011flar.<\/p>\n\n\n\n<h3 class=\"wp-block-heading\">S\u0131ra ve Zaman<\/h3>\n\n\n\n<p>Ba\u011fla\u00e7 zarflar\u0131n\u0131 c\u00fcmle i\u00e7inde kullanman\u0131n bir ba\u015fka yolu da s\u0131ra ve zaman\u0131 a\u00e7\u0131klamakt\u0131r. <\/p>\n\n\n\n<p>\"Then\", \"Meanwhile\" ve \"Next\", olaylar\u0131n ne zaman s\u0131rayla ger\u00e7ekle\u015fti\u011fini veya ayn\u0131 anda neler oldu\u011funu g\u00f6steren zarflard\u0131r. <\/p>\n\n\n\n<p>\"Then\" kulland\u0131\u011f\u0131n\u0131zda, bir s\u0131ralamada bir sonraki ad\u0131mda ne olaca\u011f\u0131n\u0131 g\u00f6sterir. \"Meanwhile\" kullan\u0131yorsan\u0131z, birden fazla olay\u0131n ayn\u0131 anda ger\u00e7ekle\u015fti\u011fini g\u00f6stermek istersiniz.&nbsp;<\/p>\n\n\n\n<p><strong>\u00d6rnekler:<\/strong><\/p>\n\n\n\n<ul class=\"wp-block-list\">\n<li>Okul \u00f6devini bitirdi, <strong>sonra<\/strong> miksere gitti.<\/li>\n\n\n\n<li>Rostoyu Sarah pi\u015firdi; <strong>Bu arada<\/strong>Mark masay\u0131 haz\u0131rlad\u0131.<\/li>\n<\/ul>\n\n\n\n<p>Bu zarflar talimatlarda, k\u0131lavuz notlar\u0131nda veya a\u00e7\u0131klay\u0131c\u0131 yaz\u0131larda ad\u0131mlar\u0131 s\u0131rayla a\u00e7\u0131klamak i\u00e7in kullan\u0131labilir.&nbsp;<\/p>\n\n\n\n<p>Diyelim ki hala ba\u011fla\u00e7l\u0131 zarflar\u0131 nas\u0131l ay\u0131rt edece\u011finizi \u00f6\u011frenmekle ilgileniyorsunuz ve although'un ba\u011fla\u00e7l\u0131 bir zarf olup olmad\u0131\u011f\u0131n\u0131 merak ediyorsunuz. <\/p>\n\n\n\n<p>Tespit Edilemeyeni Kullan\u0131n <a href=\"https:\/\/undetectable.ai\/ask-ai\" target=\"_blank\" rel=\"noreferrer noopener\">Yapay Zekaya Sor<\/a> Ba\u011fla\u00e7l\u0131 zarflar\u0131 ve bir c\u00fcmlenin amac\u0131na hangi kelimelerin uyaca\u011f\u0131n\u0131 netle\u015ftirmek ve ay\u0131rt etmek.&nbsp;<\/p>\n\n\n<div class=\"wp-block-image\">\n<figure class=\"aligncenter size-large\"><img loading=\"lazy\" decoding=\"async\" width=\"1024\" height=\"297\" src=\"https:\/\/undetectable.ai/blog\/wp-content\/uploads\/2025\/04\/Ask-AI-1024x297.jpg\" alt=\"Undetectable AI&#039;\u0131n &#039;Ask AI&#039; \u00f6zelli\u011finin ekran g\u00f6r\u00fcnt\u00fcs\u00fc, kullan\u0131c\u0131 sorular\u0131n\u0131 yan\u0131tlamak ve i\u00e7erik olu\u015fturmak i\u00e7in yapay zeka destekli bir ara\u00e7 sergiliyor\" class=\"wp-image-8150\" title=\"\" srcset=\"https:\/\/undetectable.ai/blog\/wp-content\/uploads\/2025\/04\/Ask-AI-1024x297.jpg 1024w, https:\/\/undetectable.ai/blog\/wp-content\/uploads\/2025\/04\/Ask-AI-300x87.jpg 300w, https:\/\/undetectable.ai/blog\/wp-content\/uploads\/2025\/04\/Ask-AI-768x223.jpg 768w, https:\/\/undetectable.ai/blog\/wp-content\/uploads\/2025\/04\/Ask-AI-1536x445.jpg 1536w, https:\/\/undetectable.ai/blog\/wp-content\/uploads\/2025\/04\/Ask-AI-18x5.jpg 18w, https:\/\/undetectable.ai/blog\/wp-content\/uploads\/2025\/04\/Ask-AI.jpg 1600w\" sizes=\"auto, (max-width: 1024px) 100vw, 1024px\" \/><\/figure><\/div>\n\n\n<h2 class=\"wp-block-heading\">Ba\u011fla\u00e7 Zarflar\u0131 Nas\u0131l Do\u011fru Kullan\u0131l\u0131r?&nbsp;<\/h2>\n\n\n\n<p>Ba\u011fla\u00e7l\u0131 zarflarla ba\u015fa \u00e7\u0131kmak i\u00e7in, kelimenin c\u00fcmle i\u00e7indeki yerle\u015fimine ve <a href=\"https:\/\/undetectable.ai\/blog\/what-is-a-verb\/\" target=\"_blank\" rel=\"noreferrer noopener\">zarf noktalama i\u015faretleri<\/a>. <\/p>\n\n\n\n<p>A\u015fa\u011f\u0131da yerle\u015ftirme ve noktalama kurallar\u0131na \u00f6rnekler verilmi\u015ftir.&nbsp;&nbsp;<\/p>\n\n\n\n<h3 class=\"wp-block-heading\">C\u00fcmle \u0130\u00e7inde Yerle\u015ftirme&nbsp;<\/h3>\n\n\n\n<p>Ba\u011fla\u00e7l\u0131 zarflar\u0131 c\u00fcmlenin ba\u015f\u0131na ya da c\u00fcmlenin veya t\u00fcmcenin ortas\u0131na yerle\u015ftirebilirsiniz. <\/p>\n\n\n\n<p>Karar, hangi kavram\u0131 vurgulamak istedi\u011finize veya d\u00fc\u015f\u00fcncelerinizi nas\u0131l ak\u0131tmak istedi\u011finize ba\u011fl\u0131d\u0131r. <\/p>\n\n\n\n<p>En yayg\u0131n yerle\u015ftirme c\u00fcmlenin ortas\u0131 veya ba\u015flang\u0131c\u0131d\u0131r.&nbsp;&nbsp;<\/p>\n\n\n\n<p>Dikkat edilmesi gereken bir di\u011fer husus ise her zaman nas\u0131l <a href=\"https:\/\/undetectable.ai\/human-auto-typer-for-docs\" target=\"_blank\" rel=\"noreferrer noopener\">noktalama i\u015faretlerini e\u015fle\u015ftirin<\/a> ba\u011fla\u00e7 zarf\u0131n\u0131n yerle\u015ftirilmesine ba\u011fl\u0131d\u0131r. <\/p>\n\n\n\n<p>Bu basit\u00e7e, virg\u00fcl\u00fcn bir c\u00fcmlenin ba\u015f\u0131nda veya noktal\u0131 virg\u00fclden sonra kullan\u0131lmas\u0131 anlam\u0131na gelir. Ayr\u0131ca, c\u00fcmleyi kesintiye u\u011frat\u0131yorsa virg\u00fcl koyabilirsiniz.&nbsp;<\/p>\n\n\n\n<ul class=\"wp-block-list\">\n<li>Tak\u0131m yorgundu; <strong>ancak<\/strong>\u00c7al\u0131\u015fmaya devam ettiler.<\/li>\n<\/ul>\n\n\n\n<h3 class=\"wp-block-heading\">Noktalama Kurallar\u0131 (Virg\u00fcl m\u00fc Noktal\u0131 Virg\u00fcl m\u00fc?)<\/h3>\n\n\n\n<p>\u00c7o\u011fu insan ba\u011fla\u00e7l\u0131 zarflar\u0131 c\u00fcmle i\u00e7ine yerle\u015ftirirken virg\u00fcl ve noktal\u0131 virg\u00fcl\u00fcn ne zaman do\u011fru kullan\u0131laca\u011f\u0131n\u0131 merak eder. <\/p>\n\n\n\n<p>As\u0131l soru, ayr\u0131 c\u00fcmleleri mi birle\u015ftirdi\u011finiz yoksa c\u00fcmle i\u00e7inde mi de\u011fi\u015fiklik yapt\u0131\u011f\u0131n\u0131zd\u0131r. <\/p>\n\n\n\n<p>\u00dc\u00e7 format a\u015fa\u011f\u0131daki gibidir:&nbsp;<\/p>\n\n\n\n<ol class=\"wp-block-list\">\n<li><strong>Ba\u011fla\u00e7 Fiil ile C\u00fcmle Kesme:<\/strong> Bu t\u00fcr bir stilde, bir <a href=\"https:\/\/writing.wisc.edu\/handbook\/conjadv\/\" target=\"_blank\" rel=\"noreferrer noopener\">virg\u00fcl gereklidir<\/a> c\u00fcmlenin orta k\u0131sm\u0131nda geldi\u011finde ba\u011fla\u00e7 zarf\u0131n\u0131 \u00e7evrelemek i\u00e7in. Bunu \u015fu \u015fekilde yap\u0131land\u0131rabilirsiniz<\/li>\n<\/ol>\n\n\n\n<ul class=\"wp-block-list\">\n<li>Hay\u0131r, ama daha fazla zamana ihtiyac\u0131 var, olacak.<\/li>\n<\/ul>\n\n\n\n<ol start=\"2\" class=\"wp-block-list\">\n<li><strong>Ba\u011f\u0131ms\u0131z c\u00fcmle + Konjonkt\u00fcrel Zarf + Ba\u011f\u0131ms\u0131z c\u00fcmle: <\/strong>Bu stili kullan\u0131yorsan\u0131z, ba\u011fla\u00e7 zarf\u0131ndan \u00f6nce noktal\u0131 virg\u00fcl ve sonra virg\u00fcl koyun.<\/li>\n<\/ol>\n\n\n\n<ul class=\"wp-block-list\">\n<li>Ya\u011fmur \u00e7ok \u015fiddetli ya\u011f\u0131yordu; <strong>ancak<\/strong>oyuncular ma\u00e7a konsantre olmaya devam etti.<\/li>\n<\/ul>\n\n\n\n<ol start=\"3\" class=\"wp-block-list\">\n<li><strong>E\u015fg\u00fcd\u00fcm Ba\u011flac\u0131 + Ba\u011fla\u00e7 Zarf\u0131: <\/strong>Bazen, ba\u011fla\u00e7 zarf\u0131ndan \u00f6nce 'and', 'so' veya 'but' gibi bir koordinasyon ba\u011flac\u0131 i\u00e7eren bir c\u00fcmle yazabilirsiniz. \u00d6rne\u011fin<\/li>\n<\/ol>\n\n\n\n<ul class=\"wp-block-list\">\n<li>Ge\u00e7 kalm\u0131\u015ft\u0131;<strong> bu nedenle<\/strong>Kendi ba\u015f\u0131na gitmek zorunda kald\u0131.&nbsp;<\/li>\n<\/ul>\n\n\n\n<h3 class=\"wp-block-heading\">Ba\u011f\u0131ms\u0131z C\u00fcmleleri Birle\u015ftirme&nbsp;<\/h3>\n\n\n\n<p>\u0130ki ba\u011f\u0131ms\u0131z c\u00fcmleyi birbirine ba\u011flamak, ba\u011fla\u00e7 zarflar\u0131n\u0131n ana kullan\u0131m alanlar\u0131ndan biridir. <\/p>\n\n\n\n<p>Bu \u015fu konularda yard\u0131mc\u0131 olur <a href=\"https:\/\/undetectable.ai\/blog\/change-ai-writing-to-human\/\" target=\"_blank\" rel=\"noreferrer noopener\">ifade edici \u00e7a\u011fr\u0131\u015f\u0131mlar\u0131n g\u00f6sterilmesi<\/a> fikirlerin anlam ve \u00e7a\u011fr\u0131\u015f\u0131mlar\u0131nda. \"Bu arada\" ve \"S\u0131radaki\" gibi kelimeler s\u0131ra ve zaman\u0131 tasvir etmek i\u00e7in kullan\u0131l\u0131r. <\/p>\n\n\n\n<p>Alternatif olarak, \"Sonu\u00e7 olarak\", \"Bu nedenle\" gibi ba\u011fla\u00e7l\u0131 zarflar neden ve sonucu tasvir etmeye yard\u0131mc\u0131 olur.&nbsp;<\/p>\n\n\n\n<ul class=\"wp-block-list\">\n<li>Bana yalan s\u00f6yledi; <strong>Bu arada,<\/strong> Ba\u015f\u0131ndan beri biliyordum.<\/li>\n\n\n\n<li>Anla\u015fmaya ba\u015flad\u0131m, <strong>Sonraki,<\/strong> planla ilerledik<\/li>\n<\/ul>\n\n\n\n<p>Ba\u011fla\u00e7l\u0131 zarf\u0131n\u0131z\u0131n noktalamas\u0131n\u0131 nereye koyaca\u011f\u0131n\u0131z konusunda hala sorun ya\u015f\u0131yorsan\u0131z, c\u00fcmleyi kopyalay\u0131p Undetectable AI'ya yap\u0131\u015ft\u0131rabilirsiniz <a href=\"https:\/\/undetectable.ai\/grammar-checker\" target=\"_blank\" rel=\"noreferrer noopener\">Dilbilgisi Denetleyicisi<\/a> Onlar\u0131 nereye yanl\u0131\u015f yerle\u015ftirdi\u011finizi g\u00f6rmek i\u00e7in.&nbsp;<\/p>\n\n\n<div class=\"wp-block-image\">\n<figure class=\"aligncenter size-large\"><img loading=\"lazy\" decoding=\"async\" width=\"1024\" height=\"432\" src=\"https:\/\/undetectable.ai/blog\/wp-content\/uploads\/2025\/07\/Free-Grammar-checker-1024x432.jpg\" alt=\"\" class=\"wp-image-11753\" title=\"\" srcset=\"https:\/\/undetectable.ai/blog\/wp-content\/uploads\/2025\/07\/Free-Grammar-checker-1024x432.jpg 1024w, https:\/\/undetectable.ai/blog\/wp-content\/uploads\/2025\/07\/Free-Grammar-checker-300x127.jpg 300w, https:\/\/undetectable.ai/blog\/wp-content\/uploads\/2025\/07\/Free-Grammar-checker-768x324.jpg 768w, https:\/\/undetectable.ai/blog\/wp-content\/uploads\/2025\/07\/Free-Grammar-checker-18x8.jpg 18w, https:\/\/undetectable.ai/blog\/wp-content\/uploads\/2025\/07\/Free-Grammar-checker.jpg 1133w\" sizes=\"auto, (max-width: 1024px) 100vw, 1024px\" \/><\/figure><\/div>\n\n\n<h2 class=\"wp-block-heading\">Ba\u011fla\u00e7 Zarflar ve Di\u011fer Ba\u011flay\u0131c\u0131lar&nbsp;<\/h2>\n\n\n\n<p>Konjonkt\u00fcrel zarflar, koordine edici ve hatta ikincil ba\u011fla\u00e7lar gibi di\u011fer ba\u011flay\u0131c\u0131larla kolayca kar\u0131\u015ft\u0131r\u0131labilir. <\/p>\n\n\n\n<p>Bununla birlikte, cihazlar\u0131n her biri belirgin farkl\u0131l\u0131klara sahiptir.&nbsp;<\/p>\n\n\n\n<ol class=\"wp-block-list\">\n<li><strong>Koordinasyon Ba\u011fla\u00e7lar\u0131:<\/strong> Bunlar iki kavram\u0131 birbirine ba\u011flamak i\u00e7in kullan\u0131l\u0131r ve \u00f6zel noktalama i\u015faretleri kullan\u0131lmadan her iki kavrama da e\u015fit vurgu yap\u0131l\u0131r.&nbsp;<\/li>\n<\/ol>\n\n\n\n<ul class=\"wp-block-list\">\n<li>Dinlenmek istedi ama okumaya devam etti.<\/li>\n<\/ul>\n\n\n\n<p>Yukar\u0131daki \"ama\" ifadesi birinci ve ikinci c\u00fcmleye \u00f6nem kazand\u0131rmaktad\u0131r. <\/p>\n\n\n\n<p>Koordinasyon ba\u011fla\u00e7lar\u0131n\u0131n di\u011fer bi\u00e7imleri \u015funlard\u0131r: and, or, so.&nbsp;<\/p>\n\n\n\n<ol start=\"2\" class=\"wp-block-list\">\n<li><strong>Alt Ba\u011fla\u00e7lar: <\/strong>Genellikle konjonkt\u00fcrel zarflarla ili\u015fkili bir ba\u015fka ba\u011flay\u0131c\u0131d\u0131r. Bu ba\u011flay\u0131c\u0131, ana noktay\u0131 bir \u00f6ncekine dayanan ba\u015fka bir fikirle ili\u015fkilendirir. \u00d6rnekler \u015funlar\u0131 i\u00e7erir: because, although ve while.<\/li>\n<\/ol>\n\n\n\n<ul class=\"wp-block-list\">\n<li>Yorgun olmas\u0131na ra\u011fmen ko\u015fmaya devam etti.<\/li>\n<\/ul>\n\n\n\n<h3 class=\"wp-block-heading\">C\u00fcmle Yap\u0131s\u0131 Kar\u015f\u0131la\u015ft\u0131rmalar\u0131<\/h3>\n\n\n\n<p>Noktalama i\u015faretlerindeki farkl\u0131l\u0131\u011fa ve a\u015fa\u011f\u0131da verilen t\u00fcm c\u00fcmlelerde ba\u011fla\u00e7 zarf\u0131 kullan\u0131ld\u0131\u011f\u0131nda olu\u015fan biraz farkl\u0131 resmiyet tonuna bak\u0131n.&nbsp;<\/p>\n\n\n\n<figure class=\"wp-block-table\"><table class=\"has-fixed-layout\"><tbody><tr><td class=\"has-text-align-center\" data-align=\"center\"><strong>Konekt\u00f6r<\/strong><\/td><td class=\"has-text-align-center\" data-align=\"center\"><strong>\u00d6rnek<\/strong><\/td><\/tr><tr><td class=\"has-text-align-center\" data-align=\"center\">Koordinasyon birle\u015fimi<\/td><td class=\"has-text-align-center\" data-align=\"center\">Anahtarlar\u0131n\u0131 kaybetmi\u015f, o y\u00fczden eve gitmi\u015f.<\/td><\/tr><tr><td class=\"has-text-align-center\" data-align=\"center\">Alt ba\u011fla\u00e7<\/td><td class=\"has-text-align-center\" data-align=\"center\">Anahtarlar\u0131n\u0131 kaybetti\u011fi i\u00e7in eve gitti.<\/td><\/tr><tr><td class=\"has-text-align-center\" data-align=\"center\">Konjonkt\u00fcrel zarf<\/td><td class=\"has-text-align-center\" data-align=\"center\">Anahtarlar\u0131n\u0131 kaybetmi\u015f; bu nedenle eve geri d\u00f6nm\u00fc\u015f.<\/td><\/tr><\/tbody><\/table><\/figure>\n\n\n\n<h2 class=\"wp-block-heading\">Eylem Halindeki Ba\u011fla\u00e7 Zarflar\u0131na \u00d6rnekler&nbsp;<\/h2>\n\n\n\n<p>Hala konjonkt\u00fcrel zarf\u0131n ne oldu\u011funu mu soruyorsunuz? \u0130\u015fte be\u015f tane <a href=\"https:\/\/loveenglish.org\/conjunctive-adverbs-2\/\" target=\"_blank\" rel=\"noreferrer noopener\">ek \u00f6rnekler<\/a> onlar\u0131 basit c\u00fcmlelerle g\u00f6rselle\u015ftirmenizi sa\u011flayabilir:&nbsp;<\/p>\n\n\n\n<ul class=\"wp-block-list\">\n<li>\"\u00c7ok fazla ya\u011fmur vard\u0131; <strong>ancak<\/strong>..gitmeye karar verdiler.\"  \u0130ki c\u00fcmle aras\u0131nda bir z\u0131tl\u0131k var.<\/li>\n\n\n\n<li>\"Ders \u00e7al\u0131\u015fmad\u0131; <strong>Sonu\u00e7 olarak<\/strong>s\u0131nav\u0131 ge\u00e7emedi.\" Bu \u00f6rnek, bir ba\u011fla\u00e7 zarf\u0131n\u0131n neden ve sonucu a\u00e7\u0131klamak i\u00e7in nas\u0131l kullan\u0131labilece\u011fini g\u00f6stermektedir.<\/li>\n\n\n\n<li>\"Para biriktirmek istiyorum; <strong>bu nedenle<\/strong>evde yemek yapaca\u011f\u0131m.\" Konjonktif zarf, ilk c\u00fcmledeki ana fikri ve sonraki c\u00fcmledeki sonucu belirtir.<\/li>\n\n\n\n<li>\u00c7antalar\u0131n\u0131 toplad\u0131; <strong>sonra<\/strong>bir taksi \u00e7a\u011f\u0131rd\u0131. Bu \u00f6rnek, bir noktan\u0131n di\u011ferine nas\u0131l ge\u00e7ti\u011fini g\u00f6rmenizi sa\u011flar.&nbsp;<\/li>\n\n\n\n<li>G\u00f6steri iptal edildi; <strong>Yine de<\/strong>taraftarlar tezah\u00fcrat yapmak i\u00e7in kald\u0131. Bir ba\u015fka z\u0131tl\u0131k ba\u011fla\u00e7l\u0131 zarf \u00f6rne\u011fi.&nbsp;<\/li>\n<\/ul>\n\n\n\n<p>Bunlar\u0131n hepsi, aralar\u0131nda bir ba\u011fla\u00e7 zarf\u0131 ve uygun noktalama i\u015faretleri bulunan iki tam fikir i\u00e7eren c\u00fcmlelerden sonra gelir.<\/p>\n\n\n\n<h2 class=\"wp-block-heading\">S\u0131k Yap\u0131lan Hatalar ve Bunlar\u0131n Nas\u0131l D\u00fczeltilece\u011fi&nbsp;<\/h2>\n\n\n\n<p>\u0130\u015fte insanlar\u0131n ba\u011fla\u00e7l\u0131 zarflarla yapt\u0131\u011f\u0131 baz\u0131 hatalar ve bunlar\u0131 nas\u0131l d\u00fczeltece\u011finizi de \u00f6\u011freneceksiniz:<\/p>\n\n\n\n<ol class=\"wp-block-list\">\n<li>Sadece virg\u00fcl kullanmak. Do\u011fru formatta hem noktal\u0131 virg\u00fcl hem de virg\u00fcl kullan\u0131l\u0131r<\/li>\n<\/ol>\n\n\n\n<ul class=\"wp-block-list\">\n<li><strong>Yanl\u0131\u015f:<\/strong> Ac\u0131km\u0131\u015ft\u0131m, <strong>bu nedenle<\/strong> Ben yedim.<\/li>\n\n\n\n<li><strong>Do\u011fru:<\/strong> Ac\u0131km\u0131\u015ft\u0131m.<strong>Bu nedenle,<\/strong> Ben yedim.&nbsp;<\/li>\n<\/ul>\n\n\n\n<ol start=\"2\" class=\"wp-block-list\">\n<li>Zarf\u0131n ard\u0131ndan gelen virg\u00fcl\u00fcn atlanmas\u0131<\/li>\n<\/ol>\n\n\n\n<ul class=\"wp-block-list\">\n<li><strong>Yanl\u0131\u015f:<\/strong> Ac\u0131km\u0131\u015ft\u0131m.<strong>ancak<\/strong> Bekledim.<\/li>\n\n\n\n<li><strong>Do\u011fru:<\/strong> Ac\u0131km\u0131\u015ft\u0131m.<strong>Ancak,<\/strong> Bekledim.<\/li>\n<\/ul>\n\n\n\n<ol start=\"3\" class=\"wp-block-list\">\n<li>Anlam i\u00e7in yanl\u0131\u015f zarf kullanmak. Genellikle daha fazla bilgi vermek i\u00e7in kullan\u0131l\u0131r, ancak neden ve sonu\u00e7 a\u00e7\u0131klan\u0131rken ge\u00e7erli de\u011fildir.<\/li>\n<\/ol>\n\n\n\n<ul class=\"wp-block-list\">\n<li><strong>Yanl\u0131\u015f:<\/strong> Ge\u00e7 olmu\u015ftu; <strong>Dahas\u0131,<\/strong> eve gittik.<\/li>\n\n\n\n<li><strong>Do\u011fru:<\/strong> Ge\u00e7 olmu\u015ftu; <strong>bu nedenle<\/strong>Eve gittik.<\/li>\n<\/ul>\n\n\n\n<p>Ba\u011fla\u00e7sal zarf\u0131n ne oldu\u011funu \u00e7apraz kontrol etmek \u00f6nemlidir? <\/p>\n\n\n\n<p>Her bir c\u00fcmlenin ba\u011f\u0131ms\u0131z bir c\u00fcmle oldu\u011fundan ve kendi ba\u015f\u0131na ayakta durabildi\u011finden emin olun. Noktal\u0131 virg\u00fcl, nokta veya virg\u00fcl kulland\u0131\u011f\u0131n\u0131z noktaya da dikkat etmelisiniz.<\/p>\n\n\n\n<p>Noktalama i\u015faretleri ve c\u00fcmle yap\u0131s\u0131 konusunda uzmanla\u015fmaya \u00e7al\u0131\u015f\u0131yorsan\u0131z, <strong>Tespit Edilemeyen Yapay Zekalar\u0131m\u0131z <a href=\"https:\/\/undetectable.ai\/human-auto-typer-for-docs\" data-type=\"link\" data-id=\"https:\/\/undetectable.ai\/human-auto-typer-for-docs\" target=\"_blank\" rel=\"noreferrer noopener\">\u0130nsan Otomatik Yaz\u0131c\u0131s\u0131<\/a><\/strong> s\u00fcreci \u00e7ok daha kolay hale getirebilir.<\/p>\n\n\n<div class=\"wp-block-image\">\n<figure class=\"aligncenter size-large\"><img loading=\"lazy\" decoding=\"async\" width=\"1024\" height=\"385\" src=\"https:\/\/undetectable.ai/blog\/wp-content\/uploads\/2025\/09\/Undetectable-AI-Human-Auto-Typer-1024x385.jpg\" alt=\"Google Docs&#039;ta kullan\u0131lan alg\u0131lanamayan AI \u0130nsan Otomatik Yazma arac\u0131.\" class=\"wp-image-14596\" title=\"\" srcset=\"https:\/\/undetectable.ai/blog\/wp-content\/uploads\/2025\/09\/Undetectable-AI-Human-Auto-Typer-1024x385.jpg 1024w, https:\/\/undetectable.ai/blog\/wp-content\/uploads\/2025\/09\/Undetectable-AI-Human-Auto-Typer-300x113.jpg 300w, https:\/\/undetectable.ai/blog\/wp-content\/uploads\/2025\/09\/Undetectable-AI-Human-Auto-Typer-768x289.jpg 768w, https:\/\/undetectable.ai/blog\/wp-content\/uploads\/2025\/09\/Undetectable-AI-Human-Auto-Typer-18x7.jpg 18w, https:\/\/undetectable.ai/blog\/wp-content\/uploads\/2025\/09\/Undetectable-AI-Human-Auto-Typer.jpg 1371w\" sizes=\"auto, (max-width: 1024px) 100vw, 1024px\" \/><\/figure><\/div>\n\n\n<p>Metninizi ger\u00e7ek zamanl\u0131 olarak do\u011fal bir \u015fekilde yazarak c\u00fcmlelerinizin nas\u0131l akt\u0131\u011f\u0131n\u0131 ve noktalama i\u015faretlerinizin nereye gelmesi gerekti\u011fini g\u00f6rmenize yard\u0131mc\u0131 olur.<\/p>\n\n\n\n<p>\u00d6rnekleri kopyalay\u0131p yap\u0131\u015ft\u0131rmak veya manuel olarak sat\u0131r sat\u0131r yazmak yerine, Human Auto Typer sizin i\u00e7in insan yaz\u0131s\u0131n\u0131n ritmini yeniden yarat\u0131r.<\/p>\n\n\n\n<p>\u00d6zellikle ba\u011fla\u00e7l\u0131 zarflar gibi c\u00fcmle kal\u0131plar\u0131n\u0131 uygulamak ve bi\u00e7imlendirme veya alg\u0131lama sorunlar\u0131ndan ka\u00e7\u0131n\u0131rken yaz\u0131n\u0131z\u0131 \u00f6zg\u00fcn tutmak i\u00e7in kullan\u0131\u015fl\u0131d\u0131r.<\/p>\n\n\n\n<p>Yapay zeka kal\u0131plar\u0131n\u0131 tespit edin ve yaz\u0131lar\u0131n\u0131z\u0131 saniyeler i\u00e7inde insanc\u0131lla\u015ft\u0131r\u0131n; a\u015fa\u011f\u0131daki widget'\u0131 kullan\u0131n.<\/p>\n\n\n\n<div id=\"uai-widget\" data-affiliate-link=\"https:\/\/undetectable.ai\/?_by=hi4km\"><script>var js = document.createElement(\"script\");js.async = true;js.src = \"https:\/\/widget.undetectable.ai\/js\/widget-loader.js?t=\"+Date.now();document.getElementsByTagName(\"head\")[0].appendChild(js);<\/script><\/div>\n\n\n\n<h2 class=\"wp-block-heading\">Ba\u011fla\u00e7 Zarflar Hakk\u0131nda SSS<\/h2>\n\n\n<div id=\"rank-math-faq\" class=\"rank-math-block\">\n<div class=\"rank-math-list\">\n<div id=\"faq-question-1753451824623\" class=\"rank-math-list-item\">\n<h3 class=\"rank-math-question\">Bir C\u00fcmleye Ba\u011fla\u00e7 Zarf\u0131yla Ba\u015flayabilir misiniz?<\/h3>\n<div class=\"rank-math-answer\">\n\n<p>Evet, bir c\u00fcmleye ba\u011fla\u00e7l\u0131 zarf ile ba\u015flayabilirsiniz. Yeni bir c\u00fcmleyi bir \u00f6ncekine ba\u011flamak veya iki farkl\u0131 fikri birbirine ba\u011flamak i\u00e7in iyi bir yoldur.<\/p>\n\n<\/div>\n<\/div>\n<div id=\"faq-question-1753451838764\" class=\"rank-math-list-item\">\n<h3 class=\"rank-math-question\">Her Zaman Birden \u00d6nce Noktal\u0131 Virg\u00fcl Kullanmal\u0131 m\u0131s\u0131n\u0131z?<\/h3>\n<div class=\"rank-math-answer\">\n\n<p>Hay\u0131r, iki ba\u011f\u0131ms\u0131z c\u00fcmleyi birle\u015ftirdi\u011finiz yere noktal\u0131 virg\u00fcl ekleyin. Bu, her ikisinin de ba\u011f\u0131ms\u0131z fikirler oldu\u011funu, ancak ba\u011flanabileceklerini g\u00f6stermenin bir yoludur. Ba\u011fla\u00e7 zarf\u0131, aralar\u0131ndaki ili\u015fkinin t\u00fcr\u00fcn\u00fc netle\u015ftirmeye yard\u0131mc\u0131 olur.\u00a0<\/p>\n\n<\/div>\n<\/div>\n<div id=\"faq-question-1753451850141\" class=\"rank-math-list-item\">\n<h3 class=\"rank-math-question\">Ba\u011fla\u00e7 Zarflar\u0131 \u0130ste\u011fe Ba\u011fl\u0131 m\u0131d\u0131r?<\/h3>\n<div class=\"rank-math-answer\">\n\n<p>Kesinlikle. Yaz\u0131n\u0131z\u0131 daha net ve daha profesyonel hale getirmek i\u00e7in yaz\u0131lar\u0131n\u0131zda ba\u011fla\u00e7l\u0131 zarflar\u0131 ne zaman kullanaca\u011f\u0131n\u0131za karar verebilirsiniz.\u00a0<\/p>\n\n<\/div>\n<\/div>\n<div id=\"faq-question-1753451857806\" class=\"rank-math-list-item\">\n<h3 class=\"rank-math-question\">\u00d6zne-Y\u00fcklem Anla\u015fmas\u0131n\u0131 Etkiliyorlar m\u0131?<\/h3>\n<div class=\"rank-math-answer\">\n\n<p>Hay\u0131r, ba\u011fla\u00e7 zarflar dilbilginizi etkilemez. Sadece bir ba\u011f\u0131ms\u0131z c\u00fcmlenin ba\u015fka bir ba\u011f\u0131ms\u0131z fikirle nas\u0131l ili\u015fkilendirilebilece\u011fini g\u00f6sterirler.<\/p>\n\n<\/div>\n<\/div>\n<\/div>\n<\/div>\n\n\n<h2 class=\"wp-block-heading\">Son D\u00fc\u015f\u00fcnceler&nbsp;<\/h2>\n\n\n\n<p>\"Ba\u011fla\u00e7 zarf\u0131 nedir?\" sorusunu anlamak, yaz\u0131lar\u0131n\u0131z\u0131 geli\u015ftirmenin basit ama g\u00fc\u00e7l\u00fc bir yoludur. <\/p>\n\n\n\n<p>Ana hatlar\u0131yla belirttik <a href=\"https:\/\/undetectable.ai\/blog\/ai-help-with-writing\/\" target=\"_blank\" rel=\"noreferrer noopener\">basit kurallar<\/a> Yaz\u0131n\u0131z\u0131n daha net, yap\u0131land\u0131r\u0131lm\u0131\u015f ve profesyonel olmas\u0131na yard\u0131mc\u0131 olmak i\u00e7in.&nbsp;<\/p>\n\n\n\n<p>Ba\u011fla\u00e7l\u0131 zarflar\u0131 kullan\u0131rken, uygun noktalama i\u015faretlerini kullanmak ve zarf\u0131 kulland\u0131ktan sonra virg\u00fclleri uygun \u015fekilde yerle\u015ftirmek en \u00f6nemli noktad\u0131r. <\/p>\n\n\n\n<p>Daha fazla netlik i\u00e7in zarf\u0131n\u0131z\u0131n c\u00fcmle yap\u0131s\u0131na uygun oldu\u011fundan da emin olmal\u0131s\u0131n\u0131z. <\/p>\n\n\n\n<p>Yaz\u0131n\u0131z\u0131 kolayca de\u011ferlendirmek i\u00e7in Undetectable AI Grammar Checker'\u0131 ve hatalar\u0131 yakalamak i\u00e7in Ask AI arac\u0131n\u0131 kullanman\u0131z\u0131 \u00f6neririz.&nbsp;<\/p>\n\n\n\n<p>Yaz\u0131n\u0131z\u0131 daha keskin hale getirin-deneyin <a href=\"https:\/\/undetectable.ai\/\" target=\"_blank\" data-type=\"link\" data-id=\"https:\/\/undetectable.ai\/\" rel=\"noreferrer noopener\">Tespit Edilemeyen Yapay Zeka<\/a> Bug\u00fcn.<\/p>","protected":false},"excerpt":{"rendered":"","protected":false},"author":15,"featured_media":11776,"comment_status":"closed","ping_status":"closed","sticky":false,"template":"","format":"standard","meta":{"_themeisle_gutenberg_block_has_review":false,"footnotes":""},"categories":[31],"tags":[],"class_list":["post-11761","post","type-post","status-publish","format-standard","has-post-thumbnail","hentry","category-helpful-ai-content-tips"],"_links":{"self":[{"href":"https:\/\/undetectable.ai/blog\/tr\/wp-json\/wp\/v2\/posts\/11761","targetHints":{"allow":["GET"]}}],"collection":[{"href":"https:\/\/undetectable.ai/blog\/tr\/wp-json\/wp\/v2\/posts"}],"about":[{"href":"https:\/\/undetectable.ai/blog\/tr\/wp-json\/wp\/v2\/types\/post"}],"author":[{"embeddable":true,"href":"https:\/\/undetectable.ai/blog\/tr\/wp-json\/wp\/v2\/users\/15"}],"replies":[{"embeddable":true,"href":"https:\/\/undetectable.ai/blog\/tr\/wp-json\/wp\/v2\/comments?post=11761"}],"version-history":[{"count":13,"href":"https:\/\/undetectable.ai/blog\/tr\/wp-json\/wp\/v2\/posts\/11761\/revisions"}],"predecessor-version":[{"id":15699,"href":"https:\/\/undetectable.ai/blog\/tr\/wp-json\/wp\/v2\/posts\/11761\/revisions\/15699"}],"wp:featuredmedia":[{"embeddable":true,"href":"https:\/\/undetectable.ai/blog\/tr\/wp-json\/wp\/v2\/media\/11776"}],"wp:attachment":[{"href":"https:\/\/undetectable.ai/blog\/tr\/wp-json\/wp\/v2\/media?parent=11761"}],"wp:term":[{"taxonomy":"category","embeddable":true,"href":"https:\/\/undetectable.ai/blog\/tr\/wp-json\/wp\/v2\/categories?post=11761"},{"taxonomy":"post_tag","embeddable":true,"href":"https:\/\/undetectable.ai/blog\/tr\/wp-json\/wp\/v2\/tags?post=11761"}],"curies":[{"name":"wp","href":"https:\/\/api.w.org\/{rel}","templated":true}]}}