{"id":13886,"date":"2025-09-09T02:46:00","date_gmt":"2025-09-09T02:46:00","guid":{"rendered":"https:\/\/undetectable.ai/blog\/?p=13886"},"modified":"2025-11-10T20:22:16","modified_gmt":"2025-11-10T20:22:16","slug":"soru-isareti","status":"publish","type":"post","link":"https:\/\/undetectable.ai/blog\/tr\/soru-isareti\/","title":{"rendered":"Soru \u0130\u015fareti: Nas\u0131l Do\u011fru Kullan\u0131l\u0131r +\u00d6rnekler"},"content":{"rendered":"<p>Soru i\u015fareti \u0130ngilizce'deki en basit noktalama i\u015faretlerinden biridir, ancak \u00e7o\u011fu yazar bunu do\u011fru kullanmakta zorlan\u0131r. <\/p>\n\n\n\n<p>Sadece bir c\u00fcmlenin sonunda yer almaz. Bir ilgi g\u00f6stergesidir, bir konu\u015fma ba\u015flat\u0131r ve yaz\u0131ya hayat verir. <\/p>\n\n\n\n<p>Do\u011fru kullan\u0131ld\u0131\u011f\u0131nda okuyucuya yard\u0131mc\u0131 olur, \u00e7\u00fcnk\u00fc okuyucu sadece bir a\u00e7\u0131klama yapmak yerine bilgi talep etmektedir.<\/p>\n\n\n\n<p>Do\u011frudan ve g\u00f6m\u00fcl\u00fc sorular ve soru i\u015faretleriyle etkile\u015fimler aras\u0131nda, bu noktalama i\u015faretinin nas\u0131l kullan\u0131laca\u011f\u0131n\u0131 \u00f6\u011frenmek n\u00fcanslar\u0131 dikkate almay\u0131 gerektirir. <\/p>\n\n\n\n<p>Daha sonra bu k\u0131lavuzdaki temel bilgileri hemen kullanabilece\u011finiz \u00f6rneklerle a\u00e7\u0131klayaca\u011f\u0131z.<\/p>\n\n\n\n<hr class=\"wp-block-separator has-alpha-channel-opacity\"\/>\n\n\n\n<p class=\"has-text-align-center\"><strong>\u00d6nemli \u00c7\u0131kar\u0131mlar<\/strong><\/p>\n\n\n\n<ul class=\"wp-block-list\">\n<li>Do\u011frudan sorular bir soru i\u015faretiyle sonland\u0131r\u0131l\u0131r, ancak dolayl\u0131 olanlar sonland\u0131r\u0131lmaz.<\/li>\n<\/ul>\n\n\n\n<p><\/p>\n\n\n\n<ul class=\"wp-block-list\">\n<li>Resmi veya profesyonel yaz\u0131larda birden fazla soru i\u015faretinden ka\u00e7\u0131n\u0131n.<\/li>\n<\/ul>\n\n\n\n<p><\/p>\n\n\n\n<ul class=\"wp-block-list\">\n<li>\u0130fadelere veya komutlara soru i\u015fareti eklemeyin.<\/li>\n<\/ul>\n\n\n\n<p><\/p>\n\n\n\n<ul class=\"wp-block-list\">\n<li>Ger\u00e7eklerdeki belirsizli\u011fi g\u00f6stermek i\u00e7in parantezli soru i\u015faretleri kullan\u0131n.<\/li>\n<\/ul>\n\n\n\n<p><\/p>\n\n\n\n<ul class=\"wp-block-list\">\n<li>Tek bir soru i\u015fareti, soru sorma niyetinizi etkili bir \u015fekilde g\u00f6sterir.<\/li>\n<\/ul>\n\n\n\n<p><\/p>\n\n\n\n<hr class=\"wp-block-separator has-alpha-channel-opacity\"\/>\n\n\n\n<h2 class=\"wp-block-heading\">Soru \u0130\u015fareti Nedir?<\/h2>\n\n\n\n<p>Soru i\u015fareti bir <a href=\"https:\/\/www.lynchburg.edu\/academics\/academic-offices-and-services\/writing-center\/grammar\/a-quick-guide-to-punctuation\/\" target=\"_blank\" rel=\"noreferrer noopener\">noktalama i\u015fareti<\/a> soru c\u00fcmlesi veya t\u00fcmcesi anlam\u0131na gelir. <\/p>\n\n\n\n<p>Daha \u00f6nce yaz\u0131lanlar\u0131n a\u015fa\u011f\u0131dakileri i\u00e7erdi\u011finin bir g\u00f6stergesi olarak hareket eder<\/p>\n\n\n\n<ul class=\"wp-block-list\">\n<li>Bir soru,&nbsp;<\/li>\n\n\n\n<li>bilgi arar veya&nbsp;<\/li>\n\n\n\n<li>\u015f\u00fcphelerini ifade eder.<\/li>\n<\/ul>\n\n\n\n<p>Soru i\u015fareti ayn\u0131 zamanda etkile\u015fimlidir, \u00e7\u00fcnk\u00fc y\u00fcksek d\u00fczeyde duygu g\u00f6steren ifadeler veya \u00fcnlem i\u015faretleri sunan noktalar\u0131n aksine dinleyiciden yan\u0131t vermesini ister.<\/p>\n\n\n\n<p>Modern yaz\u0131larda soru i\u015faretinin kullan\u0131m\u0131, sadece sorular d\u0131\u015f\u0131nda bir\u00e7ok ba\u011flamda ortaya \u00e7\u0131kar. <\/p>\n\n\n\n<p>Belirsizli\u011fin bir g\u00f6stergesi olabilir, retorik etki sa\u011flayabilir veya bir konu\u015fmada y\u00fckselme tonlamas\u0131n\u0131 ima edebilir.<\/p>\n\n\n\n<h2 class=\"wp-block-heading\">Soru \u0130\u015fareti Ne Zaman Kullan\u0131l\u0131r?<\/h2>\n\n\n<div class=\"wp-block-image\">\n<figure class=\"aligncenter size-large\"><img loading=\"lazy\" decoding=\"async\" width=\"1024\" height=\"683\" src=\"https:\/\/undetectable.ai/blog\/wp-content\/uploads\/2025\/09\/Question-mark-001-1024x683.jpg\" alt=\"\" class=\"wp-image-13895\" title=\"\" srcset=\"https:\/\/undetectable.ai/blog\/wp-content\/uploads\/2025\/09\/Question-mark-001-1024x683.jpg 1024w, https:\/\/undetectable.ai/blog\/wp-content\/uploads\/2025\/09\/Question-mark-001-300x200.jpg 300w, https:\/\/undetectable.ai/blog\/wp-content\/uploads\/2025\/09\/Question-mark-001-768x512.jpg 768w, https:\/\/undetectable.ai/blog\/wp-content\/uploads\/2025\/09\/Question-mark-001-18x12.jpg 18w, https:\/\/undetectable.ai/blog\/wp-content\/uploads\/2025\/09\/Question-mark-001.jpg 1200w\" sizes=\"auto, (max-width: 1024px) 100vw, 1024px\" \/><\/figure><\/div>\n\n\n<p>Soru i\u015faretlerinin ne zaman kullan\u0131laca\u011f\u0131n\u0131 bilmek i\u00e7in, soru i\u015faretlerinin \u00e7e\u015fitli bi\u00e7imlerini anlamak gerekir <a href=\"https:\/\/writingexplained.org\/grammar-dictionary\/interrogative-sentence\" target=\"_blank\" rel=\"noreferrer noopener\">soru c\u00fcmleleri<\/a>.<\/p>\n\n\n\n<p>Temel prensip \u00e7ok basittir; herhangi bir c\u00fcmlenin sonuna soru i\u015fareti koydu\u011funuzda birka\u00e7 \u015fey yapm\u0131\u015f olursunuz. <\/p>\n\n\n\n<p>A\u015fa\u011f\u0131da, nas\u0131l do\u011fru \u015fekilde kullanaca\u011f\u0131n\u0131z\u0131 \u00f6\u011freneceksiniz.<\/p>\n\n\n\n<h3 class=\"wp-block-heading\">Do\u011frudan Sorular<\/h3>\n\n\n\n<p>En basit kullan\u0131m do\u011frudan sorular i\u00e7indir. <\/p>\n\n\n\n<p>Bunlar do\u011frudan bilgi talep eden c\u00fcmlelerdir ve nas\u0131l yaz\u0131l\u0131rsa yaz\u0131ls\u0131n soru i\u015fareti i\u00e7ermelidir:<\/p>\n\n\n\n<ul class=\"wp-block-list\">\n<li>Toplant\u0131n\u0131n saati nedir?<\/li>\n\n\n\n<li>Bu ak\u015fam yeme\u011fe gidiyor musun?<\/li>\n\n\n\n<li>Trafikten ka\u00e7mak i\u00e7in hangi yolu kullanmam\u0131z gerekiyor?<\/li>\n<\/ul>\n\n\n\n<h3 class=\"wp-block-heading\">Evet\/Hay\u0131r Sorular\u0131<\/h3>\n\n\n\n<p>Evet veya hay\u0131r cevab\u0131n\u0131n yeterli oldu\u011fu sorularda her zaman soru i\u015fareti kullan\u0131lmal\u0131d\u0131r:<\/p>\n\n\n\n<ul class=\"wp-block-list\">\n<li>Raporu bitirdin mi?<\/li>\n\n\n\n<li>Restoran hala a\u00e7\u0131k m\u0131?<\/li>\n\n\n\n<li>Yar\u0131na kadar ertelemek m\u00fcmk\u00fcn m\u00fc?<\/li>\n<\/ul>\n\n\n\n<h3 class=\"wp-block-heading\">Se\u00e7im Sorular\u0131<\/h3>\n\n\n\n<p>Soru i\u015fareti bir se\u00e7ene\u011fin se\u00e7ilmesi gerekti\u011fini g\u00f6sterecektir:<\/p>\n\n\n\n<ul class=\"wp-block-list\">\n<li>Kahve ya da \u00e7ay al\u0131r m\u0131s\u0131n\u0131z?<\/li>\n\n\n\n<li>Araba m\u0131 tren mi?<\/li>\n\n\n\n<li>K\u0131rm\u0131z\u0131 ti\u015f\u00f6rt\u00fc m\u00fc yoksa mavi ti\u015f\u00f6rt\u00fc m\u00fc tercih edersin?<\/li>\n<\/ul>\n\n\n\n<h3 class=\"wp-block-heading\">Retorik Sorular<\/h3>\n\n\n\n<p>Retorik sorular bir cevab\u0131 varsaymaz, ancak yine de sorgulay\u0131c\u0131 olmak i\u00e7in bir soru i\u015faretine sahip olmalar\u0131 gerekir:<\/p>\n\n\n\n<ul class=\"wp-block-list\">\n<li>Hayat\u0131n ne yapaca\u011f\u0131 belli olmaz, de\u011fil mi?<\/li>\n\n\n\n<li>\u0130yi bir hikayeyi kim sevmez ki?<\/li>\n\n\n\n<li>Kontrol edemeyece\u011fimiz \u015feyler i\u00e7in neden endi\u015felenelim ki?<\/li>\n<\/ul>\n\n\n\n<h3 class=\"wp-block-heading\">Etiket Sorular\u0131<\/h3>\n\n\n\n<p>Ana c\u00fcmlenin bildirici oldu\u011fu durumlarda bile, ifadelere eklenen k\u0131sa sorular\u0131 soru i\u015faretleri takip etmelidir:<\/p>\n\n\n\n<ul class=\"wp-block-list\">\n<li>Yetenekli bir yazar, sence de \u00f6yle de\u011fil mi?<\/li>\n\n\n\n<li>Partiye kat\u0131lacaks\u0131n, de\u011fil mi?<\/li>\n\n\n\n<li>\u00c7ok g\u00fczel bir g\u00fcn, de\u011fil mi?<\/li>\n<\/ul>\n\n\n\n<p>Soru i\u015fareti i\u00e7eren \u00e7e\u015fitli c\u00fcmle t\u00fcrlerinin daha geni\u015fletilmi\u015f \u00f6rneklerini g\u00f6rmek istemeniz durumunda <a href=\"https:\/\/undetectable.ai\/ai-paragraph-generator\" target=\"_blank\" rel=\"noreferrer noopener\">AI Paragraf Olu\u015fturucu<\/a>. <\/p>\n\n\n\n<p>K\u0131sa s\u00fcrede varyasyonlar \u00fcretebilir ve bu noktalama i\u015faretinin \u00e7e\u015fitli ba\u011flamlarda nas\u0131l uygulanabilece\u011fini g\u00f6sterebilir.<\/p>\n\n\n<div class=\"wp-block-image\">\n<figure class=\"aligncenter size-large\"><img loading=\"lazy\" decoding=\"async\" width=\"1024\" height=\"482\" src=\"https:\/\/undetectable.ai/blog\/wp-content\/uploads\/2025\/09\/AI-Paragraph-Generator-1024x482.jpg\" alt=\"\" class=\"wp-image-13897\" title=\"\" srcset=\"https:\/\/undetectable.ai/blog\/wp-content\/uploads\/2025\/09\/AI-Paragraph-Generator-1024x482.jpg 1024w, https:\/\/undetectable.ai/blog\/wp-content\/uploads\/2025\/09\/AI-Paragraph-Generator-300x141.jpg 300w, https:\/\/undetectable.ai/blog\/wp-content\/uploads\/2025\/09\/AI-Paragraph-Generator-768x362.jpg 768w, https:\/\/undetectable.ai/blog\/wp-content\/uploads\/2025\/09\/AI-Paragraph-Generator-1536x723.jpg 1536w, https:\/\/undetectable.ai/blog\/wp-content\/uploads\/2025\/09\/AI-Paragraph-Generator-2048x964.jpg 2048w, https:\/\/undetectable.ai/blog\/wp-content\/uploads\/2025\/09\/AI-Paragraph-Generator-18x8.jpg 18w\" sizes=\"auto, (max-width: 1024px) 100vw, 1024px\" \/><\/figure><\/div>\n\n\n<h2 class=\"wp-block-heading\">Soru \u0130\u015fareti Kullan\u0131lmamas\u0131 Gereken Durumlar<\/h2>\n\n\n\n<p>Soru i\u015faretini yanl\u0131\u015f yerlere koymak kolayd\u0131r. \u00c7o\u011fu yazar soru i\u015faretlerini yanl\u0131\u015f yerlere koyarak okuyucular\u0131n\u0131n kafas\u0131n\u0131 kar\u0131\u015ft\u0131r\u0131r.<\/p>\n\n\n\n<h3 class=\"wp-block-heading\">Dolayl\u0131 Sorular<\/h3>\n\n\n\n<p>Dolayl\u0131 sorular bir soruyu bildirir veya tan\u0131mlar. Bunu sormazlar. Bu ifadelerde soru i\u015fareti bulunmaz, \u00e7\u00fcnk\u00fc bunlar <a href=\"https:\/\/web.jfet.org\/mayfield\/indicati.htm\" target=\"_blank\" rel=\"noreferrer noopener\">bildirimsel c\u00fcmleler<\/a>.<\/p>\n\n\n\n<ul class=\"wp-block-list\">\n<li><strong>Yanl\u0131\u015f:<\/strong> Bana filmin ne zaman ba\u015flayaca\u011f\u0131n\u0131 sordu.<br><strong>Do\u011fru:<\/strong> Bana filmin ne zaman ba\u015flayaca\u011f\u0131n\u0131 sordu.<\/li>\n<\/ul>\n\n\n\n<ul class=\"wp-block-list\">\n<li><strong>Yanl\u0131\u015f:<\/strong> Yar\u0131n ya\u011fmur ya\u011facak m\u0131 acaba?<br><strong>Do\u011fru:<\/strong> Yar\u0131n ya\u011fmur ya\u011facak m\u0131 merak ediyorum.<br><\/li>\n\n\n\n<li><strong>Yanl\u0131\u015f:<\/strong> Ceketimi nereden ald\u0131\u011f\u0131m\u0131 m\u0131 sordu?<br><strong>Do\u011fru:<\/strong> Ceketimi nereden ald\u0131\u011f\u0131m\u0131 \u00f6\u011frenmek istedi.<\/li>\n<\/ul>\n\n\n\n<h3 class=\"wp-block-heading\">Kibar Talepler<\/h3>\n\n\n\n<p>Soru formunda kibar talepler i\u00e7eren c\u00fcmlelerin sonunda soru i\u015fareti yerine nokta kullan\u0131lmal\u0131d\u0131r.<\/p>\n\n\n\n<ul class=\"wp-block-list\">\n<li><strong>Yanl\u0131\u015f:<\/strong> L\u00fctfen kap\u0131y\u0131 kapat\u0131r m\u0131s\u0131n?<br><strong>Do\u011fru:<\/strong> L\u00fctfen kap\u0131y\u0131 kapat\u0131r m\u0131s\u0131n?<br><\/li>\n\n\n\n<li><strong>Yanl\u0131\u015f:<\/strong> Raporu Cuma g\u00fcn\u00fcne kadar bana g\u00f6nderebilir misiniz?<br><strong>Do\u011fru:<\/strong> Raporu Cuma g\u00fcn\u00fcne kadar bana g\u00f6nderebilir misiniz?<\/li>\n<\/ul>\n\n\n\n<h3 class=\"wp-block-heading\">Y\u00fckselen Tonlamal\u0131 Beyan \u0130fadeleri<\/h3>\n\n\n\n<p>Belirsizli\u011fi g\u00f6stermek i\u00e7in c\u00fcmlelerin sonunda sesimizi y\u00fckseltiriz. <\/p>\n\n\n\n<p>Ancak, yazarken, bu t\u00fcr c\u00fcmlelere soru i\u015fareti ekleme d\u00fcrt\u00fcs\u00fcne direnin.<\/p>\n\n\n\n<ul class=\"wp-block-list\">\n<li><strong>Yanl\u0131\u015f:<\/strong> San\u0131r\u0131m toplant\u0131 saat \u00fc\u00e7te?<\/li>\n\n\n\n<li><strong>Do\u011fru:<\/strong> San\u0131r\u0131m toplant\u0131 saat \u00fc\u00e7te.<\/li>\n<\/ul>\n\n\n\n<p>Bizimkini kullanabilirsin <a href=\"https:\/\/undetectable.ai\/paragraph-rewriter\" target=\"_blank\" rel=\"noreferrer noopener\">Paragraf Yeniden Yaz\u0131c\u0131<\/a> C\u00fcmlelerdeki soru i\u015faretlerinin yanl\u0131\u015f kullan\u0131m\u0131n\u0131 belirlemek ve d\u00fczeltmek i\u00e7in. Bu, \u00f6zellikle soru i\u015fareti yerle\u015fimini tespit etmekte zorlan\u0131yorsan\u0131z size yard\u0131mc\u0131 olacakt\u0131r. <\/p>\n\n\n\n<p>Sonu\u00e7 olarak, net ve g\u00f6steri\u015fli bir i\u00e7erik elde edersiniz.<\/p>\n\n\n<div class=\"wp-block-image\">\n<figure class=\"aligncenter size-large\"><img loading=\"lazy\" decoding=\"async\" width=\"1024\" height=\"479\" src=\"https:\/\/undetectable.ai/blog\/wp-content\/uploads\/2025\/09\/AI-Paragraph-Rewriter-1-1024x479.jpg\" alt=\"\" class=\"wp-image-13899\" title=\"\" srcset=\"https:\/\/undetectable.ai/blog\/wp-content\/uploads\/2025\/09\/AI-Paragraph-Rewriter-1-1024x479.jpg 1024w, https:\/\/undetectable.ai/blog\/wp-content\/uploads\/2025\/09\/AI-Paragraph-Rewriter-1-300x140.jpg 300w, https:\/\/undetectable.ai/blog\/wp-content\/uploads\/2025\/09\/AI-Paragraph-Rewriter-1-768x360.jpg 768w, https:\/\/undetectable.ai/blog\/wp-content\/uploads\/2025\/09\/AI-Paragraph-Rewriter-1-1536x719.jpg 1536w, https:\/\/undetectable.ai/blog\/wp-content\/uploads\/2025\/09\/AI-Paragraph-Rewriter-1-2048x959.jpg 2048w, https:\/\/undetectable.ai/blog\/wp-content\/uploads\/2025\/09\/AI-Paragraph-Rewriter-1-18x8.jpg 18w\" sizes=\"auto, (max-width: 1024px) 100vw, 1024px\" \/><\/figure><\/div>\n\n\n<h2 class=\"wp-block-heading\">Soru \u0130\u015faretlerinin \u0130leri D\u00fczey Kullan\u0131mlar\u0131<\/h2>\n\n\n\n<p>Soru i\u015faretinin g\u00fcnl\u00fck kullan\u0131ma ek olarak geli\u015fmi\u015f \u00f6zellikleri vard\u0131r ve \u00e7o\u011fu yazar\u0131n kabul etmedi\u011fi \u015fey budur. <\/p>\n\n\n\n<p>Soru i\u015fareti profesyonel ve yarat\u0131c\u0131 yaz\u0131larda ba\u015fka i\u015flevlere de hizmet eder.<\/p>\n\n\n\n<h3 class=\"wp-block-heading\">Al\u0131nt\u0131larda Soru \u0130\u015faretleri<\/h3>\n\n\n\n<p>Soru i\u015faretinin yerle\u015ftirilmesi iki \u015feye ba\u011fl\u0131d\u0131r. <\/p>\n\n\n\n<p>Bu, sorunun al\u0131nt\u0131lanan materyale mi yoksa onu \u00e7evreleyen c\u00fcmleye mi ait oldu\u011fu olabilir.<\/p>\n\n\n\n<ol class=\"wp-block-list\">\n<li><strong>T\u0131rnak i\u00e7inde soru:<\/strong><\/li>\n<\/ol>\n\n\n\n<ul class=\"wp-block-list\">\n<li>\"D\u00fckkan ne zaman kapan\u0131yor?\" diye sordu.<\/li>\n\n\n\n<li>Tabelada \"Yaza haz\u0131r m\u0131s\u0131n\u0131z?\" yaz\u0131yordu.<\/li>\n<\/ul>\n\n\n\n<ol start=\"2\" class=\"wp-block-list\">\n<li><strong>Teklifle ilgili soru:<\/strong><\/li>\n<\/ol>\n\n\n\n<ul class=\"wp-block-list\">\n<li>Ger\u00e7ekten \"\u00d6\u011flen orada olaca\u011f\u0131m\" m\u0131 dedi?<\/li>\n\n\n\n<li>\"Olmak ya da olmamak\" diye kim yazd\u0131?<\/li>\n<\/ul>\n\n\n\n<h3 class=\"wp-block-heading\">Parantez \u0130\u00e7indeki Sorular<\/h3>\n\n\n\n<p>Soru i\u015faretlerinin parantez i\u00e7inde kullan\u0131lmas\u0131 yorum katabilir veya c\u00fcmledeki bilgi hakk\u0131nda \u015f\u00fcphe ifade edebilir.<\/p>\n\n\n\n<ul class=\"wp-block-list\">\n<li>Bir karara varmadan \u00f6nce toplant\u0131 \u00fc\u00e7 saat s\u00fcrd\u00fc (buna inanabiliyor musunuz?).<\/li>\n\n\n\n<li>Uzman bir a\u015f\u00e7\u0131 oldu\u011funu iddia etti (ger\u00e7ekten mi?) ama tostu yakt\u0131.<\/li>\n<\/ul>\n\n\n\n<h3 class=\"wp-block-heading\">Kesin Olmayan Bilgiler<\/h3>\n\n\n\n<p>Parantez i\u00e7indeki soru i\u015faretleri <a href=\"https:\/\/undetectable.ai\/blog\/what-is-technical-writing-a-complete-guide\/\" target=\"_blank\" rel=\"noreferrer noopener\">tekni\u0307k yazi<\/a>hen\u00fcz do\u011frulanmam\u0131\u015f kesin olmayan bilgileri g\u00f6sterir.<\/p>\n\n\n\n<ul class=\"wp-block-list\">\n<li>Shakespeare 1564 (?) y\u0131l\u0131nda Stratford-upon-Avon'da do\u011fdu.<\/li>\n\n\n\n<li>El yazmas\u0131 yakla\u015f\u0131k 1200 (?) y\u0131l\u0131na tarihlenmektedir.<\/li>\n<\/ul>\n\n\n\n<p>Bizim <a href=\"https:\/\/undetectable.ai\/rewording-tool\" target=\"_blank\" rel=\"noreferrer noopener\">Yeniden \u0130fade Arac\u0131<\/a> her iki ba\u011flam aras\u0131nda hareket eden yazarlar i\u00e7in netli\u011fi kaybetmeden gayri resmi metni daha resmi ve hatas\u0131z hale getirmek i\u00e7in paha bi\u00e7ilmez oldu\u011funu kan\u0131tl\u0131yor.<\/p>\n\n\n<div class=\"wp-block-image\">\n<figure class=\"aligncenter size-large\"><img loading=\"lazy\" decoding=\"async\" width=\"1024\" height=\"412\" src=\"https:\/\/undetectable.ai/blog\/wp-content\/uploads\/2025\/09\/AI-Rewording-tool-002-1024x412.jpg\" alt=\"Undetectable AI yeniden ifade arac\u0131 ekran g\u00f6r\u00fcnt\u00fcs\u00fc\" class=\"wp-image-13434\" title=\"\" srcset=\"https:\/\/undetectable.ai/blog\/wp-content\/uploads\/2025\/09\/AI-Rewording-tool-002-1024x412.jpg 1024w, https:\/\/undetectable.ai/blog\/wp-content\/uploads\/2025\/09\/AI-Rewording-tool-002-300x121.jpg 300w, https:\/\/undetectable.ai/blog\/wp-content\/uploads\/2025\/09\/AI-Rewording-tool-002-768x309.jpg 768w, https:\/\/undetectable.ai/blog\/wp-content\/uploads\/2025\/09\/AI-Rewording-tool-002-1536x619.jpg 1536w, https:\/\/undetectable.ai/blog\/wp-content\/uploads\/2025\/09\/AI-Rewording-tool-002-2048x825.jpg 2048w, https:\/\/undetectable.ai/blog\/wp-content\/uploads\/2025\/09\/AI-Rewording-tool-002-18x7.jpg 18w\" sizes=\"auto, (max-width: 1024px) 100vw, 1024px\" \/><\/figure><\/div>\n\n\n<h2 class=\"wp-block-heading\">Soru \u0130\u015faretleri ile Yap\u0131lan Yayg\u0131n Hatalar<\/h2>\n\n\n\n<p>Soru i\u015faretleri ile ilgili yayg\u0131n hatalar genellikle \u015fu konulardaki kar\u0131\u015f\u0131kl\u0131klardan kaynaklan\u0131r <a href=\"https:\/\/undetectable.ai\/blog\/sentence-structure\/\" target=\"_blank\" rel=\"noreferrer noopener\">c\u00fcmle yap\u0131s\u0131<\/a>. <\/p>\n\n\n\n<p>Yazarlar\u0131n soru i\u015faretleriyle en s\u0131k yapt\u0131\u011f\u0131 hatalar\u0131 anlad\u0131\u011f\u0131n\u0131zda a\u015fa\u011f\u0131daki tuzaklardan ka\u00e7\u0131nabilir ve daha g\u00fc\u00e7l\u00fc noktalama becerileri geli\u015ftirebilirsiniz.<\/p>\n\n\n\n<h3 class=\"wp-block-heading\">Hata 1: Dolayl\u0131 Sorulara Soru \u0130\u015fareti Eklemek<\/h3>\n\n\n\n<p>Yap\u0131lan en b\u00fcy\u00fck hata, yazarlar\u0131n bildirilen sorular\u0131n do\u011frudan soru oldu\u011funu varsaymas\u0131d\u0131r. Bu hata, orijinal ifadede bir soru oldu\u011fu i\u00e7in ortaya \u00e7\u0131kar. <\/p>\n\n\n\n<p>Ancak, raporlama c\u00fcmlesinde, bir sorudan ziyade beyan edici bir ifade haline gelir.<\/p>\n\n\n\n<ul class=\"wp-block-list\">\n<li><strong>Yanl\u0131\u015f:<\/strong> Bana partiye gelip gelmeyece\u011fimi sordu.&nbsp;<\/li>\n\n\n\n<li><strong>Do\u011fru:<\/strong> Bana partiye gelip gelmeyece\u011fimi sordu.<\/li>\n<\/ul>\n\n\n\n<p>Bu konudaki en \u00f6nemli bulgu, \"Bana sordu\" ifadesinin bir raporlama yap\u0131s\u0131 olu\u015fturmas\u0131d\u0131r. C\u00fcmlenin tamam\u0131, soruyu sormaktan ziyade, sorulan \u015feyin ne oldu\u011fu hakk\u0131nda bizi bilgilendirmektedir.<\/p>\n\n\n\n<p>Bu, \u015fu anki bir soru hakk\u0131nda de\u011fil, ge\u00e7mi\u015fte meydana gelen bir soru hakk\u0131nda bir \u015fey s\u00f6yledi\u011finizi g\u00f6sterir.<\/p>\n\n\n\n<h3 class=\"wp-block-heading\">Hata 2: Bile\u015fik C\u00fcmlelerde Soru \u0130\u015faretlerini Yanl\u0131\u015f Yerle\u015ftirmek<\/h3>\n\n\n\n<p>Yap\u0131lan bir di\u011fer hata da, tam bir c\u00fcmlenin sonuna soru i\u015fareti koymakt\u0131r.<\/p>\n\n\n\n<p>Bu yanl\u0131\u015ft\u0131r, \u00e7\u00fcnk\u00fc soru i\u015faretini yaln\u0131zca soru sordu\u011funuz yere koyabilirsiniz. Bu \u015fekilde, beceriksiz veya aldat\u0131c\u0131 ifadelerden ka\u00e7\u0131nabilirsiniz.<\/p>\n\n\n\n<ul class=\"wp-block-list\">\n<li><strong>Yanl\u0131\u015f:<\/strong> Raporu bitirdiniz mi, ben de e-postay\u0131 g\u00f6nderece\u011fim?<\/li>\n<\/ul>\n\n\n\n<p>Bu kafa kar\u0131\u015ft\u0131r\u0131c\u0131 \u00e7\u00fcnk\u00fc ikinci k\u0131s\u0131m bir soru de\u011fil. Bu bir ifade. Do\u011fru versiyon iki fikri birbirinden ay\u0131r\u0131r:<\/p>\n\n\n\n<ul class=\"wp-block-list\">\n<li><strong>Do\u011fru:<\/strong> Raporu bitirdin mi? E-postay\u0131 g\u00f6nderece\u011fim.<\/li>\n<\/ul>\n\n\n\n<h3 class=\"wp-block-heading\">Hata 3: Soru \u0130\u015faretlerini Vurgu veya Tav\u0131r i\u00e7in A\u015f\u0131r\u0131 Kullanmak<\/h3>\n\n\n\n<p>Bir\u00e7ok yazar yanl\u0131\u015fl\u0131kla birden fazla soru i\u015faretinin daha g\u00fc\u00e7l\u00fc vurgu yaratt\u0131\u011f\u0131na veya tutum ifade etti\u011fine inan\u0131r.<\/p>\n\n\n\n<p>Ancak, t\u00fcm noktalama i\u015faretlerinde k\u0131s\u0131tlama gerektirdi\u011fi i\u00e7in profesyonel yaz\u0131mda bu ge\u00e7erli de\u011fildir. Soru i\u015fareti de bu ilkeye s\u0131k\u0131 s\u0131k\u0131ya ba\u011fl\u0131d\u0131r.<\/p>\n\n\n\n<ul class=\"wp-block-list\">\n<li><strong>Yanl\u0131\u015f:<\/strong> \u015eaka m\u0131 yap\u0131yorsun?&nbsp;<\/li>\n\n\n\n<li><strong>Do\u011fru:<\/strong> \u015eaka m\u0131 yap\u0131yorsun?<\/li>\n<\/ul>\n\n\n\n<p>Bir soru i\u015fareti zaten c\u00fcmlenizin sorgulay\u0131c\u0131 niteli\u011finin bir g\u00f6stergesidir. Daha fazla soru i\u015fareti, do\u011fru c\u00fcmleyi bilmedi\u011finizi g\u00f6sterir. <a href=\"https:\/\/undetectable.ai\/blog\/is-punctuation-part-of-grammar\/\" target=\"_blank\" rel=\"noreferrer noopener\">noktalama kurallar\u0131<\/a>stresin aksine.<\/p>\n\n\n\n<p>G\u00fc\u00e7l\u00fc bir duygu ya da inan\u00e7s\u0131zl\u0131k ifade etmeniz gerekiyorsa, bu a\u011f\u0131r i\u015fi noktalama i\u015faretleriyle yapmaktansa daha g\u00fc\u00e7l\u00fc s\u00f6zc\u00fckler kulland\u0131\u011f\u0131n\u0131zdan emin olun.<\/p>\n\n\n\n<h3 class=\"wp-block-heading\">Hata 4: Kibar \u0130stekleri Ger\u00e7ek Sorularla Kar\u0131\u015ft\u0131rmak<\/h3>\n\n\n\n<p>Kibar taleplerde genellikle komutlar i\u00e7in soru bi\u00e7imi kullan\u0131l\u0131r. Bu, soru i\u015fareti kullan\u0131lmas\u0131n\u0131 gerektirmez.<\/p>\n\n\n\n<ul class=\"wp-block-list\">\n<li><strong>Yanl\u0131\u015f:<\/strong> L\u00fctfen raporu Cuma g\u00fcn\u00fcne kadar teslim eder misiniz?&nbsp;<\/li>\n\n\n\n<li><strong>Do\u011fru:<\/strong> L\u00fctfen raporu Cuma g\u00fcn\u00fcne kadar teslim eder misiniz?<\/li>\n<\/ul>\n\n\n\n<p>\u0130\u015fin p\u00fcf noktas\u0131, bir \u015fey mi sordu\u011funuzu yoksa sadece kibarl\u0131k m\u0131 yapt\u0131\u011f\u0131n\u0131z\u0131 anlamakt\u0131r. Evet ya da hay\u0131r \u015feklinde ifade edilmi\u015f olsalar bile bunlar\u0131 ifade olarak anlay\u0131n. Evet ya da hay\u0131r cevab\u0131 istemezsiniz; uyum istersiniz.<\/p>\n\n\n\n<p>Dilbilgisi d\u00fczeltildikten sonra bile c\u00fcmleler bazen kat\u0131 veya do\u011fal olmayabilir. <\/p>\n\n\n\n<p>Bu sorunu ortadan kald\u0131rmak i\u00e7in <a href=\"https:\/\/undetectable.ai\/\" target=\"_blank\" rel=\"noreferrer noopener\">Yapay Zeka \u0130nsanc\u0131lla\u015ft\u0131r\u0131c\u0131<\/a> do\u011fal ve zahmetsiz okunmas\u0131 i\u00e7in d\u00fczenlenmi\u015f c\u00fcmleleri yumu\u015fatmak.<\/p>\n\n\n<div class=\"wp-block-image\">\n<figure class=\"aligncenter size-large\"><img loading=\"lazy\" decoding=\"async\" width=\"1024\" height=\"414\" src=\"https:\/\/undetectable.ai/blog\/wp-content\/uploads\/2025\/08\/advanced-AI-humanizer-1024x414.jpg\" alt=\"Undetectable AI Advanced AI Humanizer ara\u00e7 aray\u00fcz\u00fcn\u00fcn ekran g\u00f6r\u00fcnt\u00fcs\u00fc\" class=\"wp-image-12991\" title=\"\" srcset=\"https:\/\/undetectable.ai/blog\/wp-content\/uploads\/2025\/08\/advanced-AI-humanizer-1024x414.jpg 1024w, https:\/\/undetectable.ai/blog\/wp-content\/uploads\/2025\/08\/advanced-AI-humanizer-300x121.jpg 300w, https:\/\/undetectable.ai/blog\/wp-content\/uploads\/2025\/08\/advanced-AI-humanizer-768x310.jpg 768w, https:\/\/undetectable.ai/blog\/wp-content\/uploads\/2025\/08\/advanced-AI-humanizer-18x7.jpg 18w, https:\/\/undetectable.ai/blog\/wp-content\/uploads\/2025\/08\/advanced-AI-humanizer.jpg 1347w\" sizes=\"auto, (max-width: 1024px) 100vw, 1024px\" \/><\/figure><\/div>\n\n\n<h2 class=\"wp-block-heading\">Farkl\u0131 Ba\u011flamlarda Soru \u0130\u015faretleri<\/h2>\n\n\n\n<p>Noktalama i\u015faretleri s\u00f6z konusu oldu\u011funda her ba\u011flam\u0131n kendi kurallar\u0131 vard\u0131r ve yazarlar\u0131n bu kurallara uymas\u0131 gerekir.<\/p>\n\n\n\n<h3 class=\"wp-block-heading\">\u0130\u015f \u0130leti\u015fimi<\/h3>\n\n\n\n<p>Profesyonel yaz\u0131mda sorular ile kibar talepler aras\u0131nda fark vard\u0131r. <\/p>\n\n\n\n<p>Do\u011frudan bilgi isteyen sorular\u0131 soru i\u015faretleri takip etmelidir:&nbsp;<\/p>\n\n\n\n<ul class=\"wp-block-list\">\n<li><em>\"Per\u015fembe g\u00fcn\u00fcne kadar \u00fc\u00e7 ayl\u0131k sat\u0131\u015flar\u0131 verebilir misiniz?\"<\/em><\/li>\n<\/ul>\n\n\n\n<p>Daha sonra, komut niteli\u011findeki kibar talepler nokta ile takip edilmelidir:<\/p>\n\n\n\n<ul class=\"wp-block-list\">\n<li><em>\"L\u00fctfen m\u00fc\u015fteri veri taban\u0131n\u0131 yeniler misiniz?\"<\/em><\/li>\n<\/ul>\n\n\n\n<p>Toplant\u0131lar\u0131 veya raporlar\u0131 yazarken, sorular \u015fu \u015fekilde yaz\u0131lmal\u0131d\u0131r <a href=\"https:\/\/www.un.org\/dgacm\/en\/content\/editorial-manual\/indirect-speech\" target=\"_blank\" rel=\"noreferrer noopener\">dolayl\u0131 raporlar<\/a>.&nbsp;<\/p>\n\n\n\n<ul class=\"wp-block-list\">\n<li><em>\"Thompson pazarlama b\u00fct\u00e7esinin yeni kampanyay\u0131 kar\u015f\u0131lay\u0131p kar\u015f\u0131layamayaca\u011f\u0131n\u0131 sordu.\"<\/em><\/li>\n<\/ul>\n\n\n\n<h3 class=\"wp-block-heading\">Yarat\u0131c\u0131 Yazarl\u0131k<\/h3>\n\n\n\n<p>Kurgu ve \u015fiir, soru i\u015faretleri konusunda daha fazla esneklik sa\u011flar. \u00d6rne\u011fin, diyaloglarda, bir yazar olarak, karakterlerinizin sorular\u0131 standart kurallara uyar.<\/p>\n\n\n\n<ul class=\"wp-block-list\">\n<li><em>\"Nereye gidiyoruz?\" diye sordu.<\/em><\/li>\n<\/ul>\n\n\n\n<p>O halde, retorik sorular kullanacaksan\u0131z, bunlar karakter psikolojisini ortaya \u00e7\u0131karmak i\u00e7indir.<\/p>\n\n\n\n<ul class=\"wp-block-list\">\n<li><em>\"Neden her \u015fey onun i\u00e7in hep ters gidiyordu?\"<\/em><\/li>\n<\/ul>\n\n\n\n<p>Bu i\u00e7sel sorular cevap aramaz, ancak zihinsel durumlar\u0131 okuyuculara if\u015fa eder.<\/p>\n\n\n\n<h3 class=\"wp-block-heading\">G\u00fcndelik Yaz\u0131<\/h3>\n\n\n\n<p>Soru i\u015faretleri g\u00fcndelik yaz\u0131larda (k\u0131sa mesaj, sosyal medya g\u00f6nderisi ve benzeri) iki hatta \u00fc\u00e7 kat\u0131na \u00e7\u0131kar\u0131labilir. <\/p>\n\n\n\n<p>Mesela,&nbsp;<\/p>\n\n\n\n<ul class=\"wp-block-list\">\n<li>&nbsp;\"Ger\u00e7ekten mi???\"&nbsp;<\/li>\n\n\n\n<li>\"\u015eaka m\u0131 yap\u0131yorsun????\"<\/li>\n<\/ul>\n\n\n\n<p>Bu, profesyonel bir ortamda \u00f6nerilen bir tarz de\u011fildir, ancak resmi olmayan konu\u015fmalarda yayg\u0131nd\u0131r.<\/p>\n\n\n\n<h3 class=\"wp-block-heading\">Akademik Yaz\u0131m<\/h3>\n\n\n\n<p>Soru i\u015faretleri \u00e7o\u011funlukla ara\u015ft\u0131rma sorular\u0131nda ve akademik makalelerdeki do\u011frudan al\u0131nt\u0131larda kullan\u0131l\u0131r. <\/p>\n\n\n\n<p>Ara\u015ft\u0131rma sorular\u0131, bilimsel sorgulaman\u0131n motivasyon kayna\u011f\u0131d\u0131r ve her zaman bir soru i\u015fareti almal\u0131d\u0131r.<\/p>\n\n\n\n<ul class=\"wp-block-list\">\n<li><em>Sosyal medya kullan\u0131m\u0131 ergenlerde uyku d\u00fczenini nas\u0131l etkiliyor?<\/em><\/li>\n<\/ul>\n\n\n\n<p>Di\u011fer ara\u015ft\u0131rmac\u0131lar\u0131n sorular\u0131n\u0131 raporlarken, bunlar\u0131 ifadelere d\u00f6n\u00fc\u015ft\u00fcr\u00fcn. \u00d6rne\u011fin:<\/p>\n\n\n\n<ul class=\"wp-block-list\">\n<li><em>Johnson ve Smith (2019), dijital m\u00fcdahalelerin \u00fcniversite \u00f6\u011frencilerinde kayg\u0131y\u0131 hafifletip hafifletemeyece\u011fini ara\u015ft\u0131rm\u0131\u015ft\u0131r.<\/em><\/li>\n<\/ul>\n\n\n\n<p>Ancak akademik yaz\u0131m i\u00e7in hassasiyet \u00f6nemlidir. Soru i\u015faretlerinin kullan\u0131m\u0131 do\u011frudan ara\u015ft\u0131rma sorular\u0131 veya al\u0131nt\u0131larla s\u0131n\u0131rl\u0131 olmal\u0131d\u0131r.<\/p>\n\n\n\n<p>APA ve MLA gibi stiller aras\u0131nda format\u0131 koruman\u0131n bir yolu olarak, bizim <a href=\"https:\/\/undetectable.ai\/citation-generator\" target=\"_blank\" rel=\"noreferrer noopener\">At\u0131f Olu\u015fturucu<\/a>Bu da referanslar\u0131n\u0131z\u0131n uygun \u015fekilde bi\u00e7imlendirilmesini sa\u011flar. <\/p>\n\n\n\n<p>\u00d6zellikle, ka\u011f\u0131tlar\u0131n\u0131zda uygun konumda do\u011fru noktalama i\u015faretlerini bulacaks\u0131n\u0131z.<\/p>\n\n\n<div class=\"wp-block-image\">\n<figure class=\"aligncenter size-large\"><img loading=\"lazy\" decoding=\"async\" width=\"1024\" height=\"478\" src=\"https:\/\/undetectable.ai/blog\/wp-content\/uploads\/2025\/06\/Citation-Generator-1024x478.jpg\" alt=\"Undetectable AI&#039;s Citation Generator ekran g\u00f6r\u00fcnt\u00fcs\u00fc\" class=\"wp-image-13829\" title=\"\" srcset=\"https:\/\/undetectable.ai/blog\/wp-content\/uploads\/2025\/06\/Citation-Generator-1024x478.jpg 1024w, https:\/\/undetectable.ai/blog\/wp-content\/uploads\/2025\/06\/Citation-Generator-300x140.jpg 300w, https:\/\/undetectable.ai/blog\/wp-content\/uploads\/2025\/06\/Citation-Generator-768x359.jpg 768w, https:\/\/undetectable.ai/blog\/wp-content\/uploads\/2025\/06\/Citation-Generator-1536x718.jpg 1536w, https:\/\/undetectable.ai/blog\/wp-content\/uploads\/2025\/06\/Citation-Generator-2048x957.jpg 2048w, https:\/\/undetectable.ai/blog\/wp-content\/uploads\/2025\/06\/Citation-Generator-18x8.jpg 18w\" sizes=\"auto, (max-width: 1024px) 100vw, 1024px\" \/><\/figure><\/div>\n\n\n<p>Tespit Edilemeyen Yapay Zekalar\u0131m\u0131z\u0131 da kullanabilirsiniz <a href=\"https:\/\/undetectable.ai\/\" data-type=\"link\" data-id=\"https:\/\/undetectable.ai\/\" target=\"_blank\" rel=\"noreferrer noopener\">Yapay Zeka Denetleyicisi<\/a> Dilbilgisi veya \u00f6rnek tabanl\u0131 i\u00e7eri\u011finizin yapay zeka taraf\u0131ndan yaz\u0131l\u0131p yaz\u0131lmad\u0131\u011f\u0131n\u0131 do\u011frulamak i\u00e7in.<\/p>\n\n\n\n<p>\u00d6\u011fretim materyallerinizin ve \u00f6rnek c\u00fcmlelerinizin ger\u00e7ek anlamda insani, a\u00e7\u0131k ve g\u00fcvenilir kalmas\u0131n\u0131 sa\u011flamaya yard\u0131mc\u0131 olur.<\/p>\n\n\n\n<h2 class=\"wp-block-heading\">Soru \u0130\u015fareti Hakk\u0131nda E\u011flenceli Bilgiler<\/h2>\n\n\n\n<p>Soru i\u015fareti, ilgin\u00e7 bir ge\u00e7mi\u015fe ve baz\u0131 \u00f6zelliklere sahip olan \u00e7ok ilgin\u00e7 bir noktalama i\u015faretidir.<\/p>\n\n\n\n<ul class=\"wp-block-list\">\n<li>Bir sorunun sonundaki normal soru i\u015faretinin yan\u0131 s\u0131ra, \u0130spanyol dilinde sorunun ba\u015f\u0131nda ters soru i\u015fareti (\u00bf) vard\u0131r.<\/li>\n\n\n\n<li>Soru i\u015fareti baz\u0131 programlama dillerinde ve istatistiksel form\u00fcllerde yer tutucu sembol olarak kullan\u0131l\u0131r.<\/li>\n\n\n\n<li>\u0130nterrobang (\u203d) 1960'larda hem soru i\u015fareti hem de \u00fcnlem i\u015faretinin bir kombinasyonu olarak icat edilmi\u015ftir. Resmi yaz\u0131larda hi\u00e7bir zaman ger\u00e7ekten tutmad\u0131.<\/li>\n\n\n\n<li>Soru i\u015faretlerini tekrarlamak genellikle \u00e7evrimi\u00e7i sohbetlerde sab\u0131rs\u0131zl\u0131k veya g\u00fcvensizlik sinyali verir.<\/li>\n<\/ul>\n\n\n\n<p>\u0130\u00e7eri\u011finizi optimize etmeye ba\u015flay\u0131n; a\u015fa\u011f\u0131daki Yapay Zeka Dedekt\u00f6r\u00fcm\u00fcz\u00fc ve \u0130nsanc\u0131lla\u015ft\u0131r\u0131c\u0131m\u0131z\u0131 kullan\u0131n.<\/p>\n\n\n\n<div id=\"uai-widget\" data-affiliate-link=\"https:\/\/undetectable.ai\/?_by=hi4km\"><script>var js = document.createElement(\"script\");js.async = true;js.src = \"https:\/\/widget.undetectable.ai\/js\/widget-loader.js?t=\"+Date.now();document.getElementsByTagName(\"head\")[0].appendChild(js);<\/script><\/div>\n\n\n\n<h2 class=\"wp-block-heading\">Sonu\u00e7<\/h2>\n\n\n\n<p>Soru i\u015fareti, yaz\u0131n\u0131zda netlik ve ton geli\u015ftirirken \u00f6nemli bir fakt\u00f6rd\u00fcr. <\/p>\n\n\n\n<p>Soru i\u015faretlerinin do\u011fru kullan\u0131m\u0131na dair fark\u0131ndal\u0131k, c\u00fcmlelerinizi do\u011fru ve okunabilir k\u0131lar.<\/p>\n\n\n\n<p>Basit do\u011frudan sorulardan ayr\u0131nt\u0131l\u0131 uygulamalara kadar, bu noktalama i\u015fareti okuyucular\u0131n\u0131z\u0131 mesaj\u0131n\u0131z\u0131 anlamaya y\u00f6nlendirmeye yard\u0131mc\u0131 olacakt\u0131r.<\/p>\n\n\n\n<p>Bu sayede, en s\u0131k yap\u0131lan hatalar\u0131 yapma ve bunlar\u0131 uygun ba\u011flamda kullanma olas\u0131l\u0131\u011f\u0131n\u0131 ortadan kald\u0131rabilirsiniz. <\/p>\n\n\n\n<p>Sonland\u0131rmadan \u00f6nce, yap\u0131land\u0131r\u0131lm\u0131\u015f ak\u0131\u015f i\u00e7in Undetectable AI'n\u0131n Paragraf Olu\u015fturucusunu, cilal\u0131 alternatifler i\u00e7in Paragraf Yeniden Yaz\u0131c\u0131s\u0131n\u0131, netlik i\u00e7in Yeniden \u0130fade Arac\u0131n\u0131 ve akademik do\u011fruluk i\u00e7in Al\u0131nt\u0131 Olu\u015fturucusunu deneyin.<\/p>\n\n\n\n<p>Bu, yaz\u0131n\u0131z\u0131 daha odakl\u0131 hale getirir ve okuyucular\u0131n\u0131za hi\u00e7bir tahmin b\u0131rakmaz.<\/p>\n\n\n\n<p><a href=\"https:\/\/undetectable.ai\/\" target=\"_blank\" data-type=\"link\" data-id=\"https:\/\/undetectable.ai\/\" rel=\"noreferrer noopener\">Tespit Edilemeyen Yapay Zeka<\/a> yaz\u0131lar\u0131n\u0131z\u0131n keskin, do\u011fru ve ger\u00e7ek anlamda insani kalmas\u0131n\u0131 sa\u011flar.<\/p>","protected":false},"excerpt":{"rendered":"","protected":false},"author":15,"featured_media":13894,"comment_status":"closed","ping_status":"closed","sticky":false,"template":"","format":"standard","meta":{"_themeisle_gutenberg_block_has_review":false,"footnotes":""},"categories":[31],"tags":[],"class_list":["post-13886","post","type-post","status-publish","format-standard","has-post-thumbnail","hentry","category-helpful-ai-content-tips"],"_links":{"self":[{"href":"https:\/\/undetectable.ai/blog\/tr\/wp-json\/wp\/v2\/posts\/13886","targetHints":{"allow":["GET"]}}],"collection":[{"href":"https:\/\/undetectable.ai/blog\/tr\/wp-json\/wp\/v2\/posts"}],"about":[{"href":"https:\/\/undetectable.ai/blog\/tr\/wp-json\/wp\/v2\/types\/post"}],"author":[{"embeddable":true,"href":"https:\/\/undetectable.ai/blog\/tr\/wp-json\/wp\/v2\/users\/15"}],"replies":[{"embeddable":true,"href":"https:\/\/undetectable.ai/blog\/tr\/wp-json\/wp\/v2\/comments?post=13886"}],"version-history":[{"count":6,"href":"https:\/\/undetectable.ai/blog\/tr\/wp-json\/wp\/v2\/posts\/13886\/revisions"}],"predecessor-version":[{"id":16536,"href":"https:\/\/undetectable.ai/blog\/tr\/wp-json\/wp\/v2\/posts\/13886\/revisions\/16536"}],"wp:featuredmedia":[{"embeddable":true,"href":"https:\/\/undetectable.ai/blog\/tr\/wp-json\/wp\/v2\/media\/13894"}],"wp:attachment":[{"href":"https:\/\/undetectable.ai/blog\/tr\/wp-json\/wp\/v2\/media?parent=13886"}],"wp:term":[{"taxonomy":"category","embeddable":true,"href":"https:\/\/undetectable.ai/blog\/tr\/wp-json\/wp\/v2\/categories?post=13886"},{"taxonomy":"post_tag","embeddable":true,"href":"https:\/\/undetectable.ai/blog\/tr\/wp-json\/wp\/v2\/tags?post=13886"}],"curies":[{"name":"wp","href":"https:\/\/api.w.org\/{rel}","templated":true}]}}