{"id":19345,"date":"2026-01-28T12:44:14","date_gmt":"2026-01-28T12:44:14","guid":{"rendered":"https:\/\/undetectable.ai/blog\/?p=19345"},"modified":"2026-01-26T13:57:54","modified_gmt":"2026-01-26T13:57:54","slug":"gec-olmasi-hic-olmamasindan-iyidir","status":"publish","type":"post","link":"https:\/\/undetectable.ai/blog\/tr\/gec-olmasi-hic-olmamasindan-iyidir\/","title":{"rendered":"Ge\u00e7 Olmas\u0131 Hi\u00e7 Olmamas\u0131ndan Daha \u0130yidir: Anlam\u0131, \u00d6rnekleri ve Nas\u0131l Kullan\u0131laca\u011f\u0131"},"content":{"rendered":"<p>Efsanevi Amerikal\u0131 yazar Mark Twain bir keresinde \u015f\u00f6yle demi\u015fti: \u201c\u0130lerlemenin s\u0131rr\u0131 ba\u015flamakt\u0131r.\u201d<\/p>\n\n\n\n<p>Ama zaman\u0131nda ba\u015flamazsan\u0131z ne olur? Ya zaten ge\u00e7 kald\u0131ysan\u0131z?<\/p>\n\n\n\n<p>\u0130\u015fte bu noktada \u201cge\u00e7 olsun g\u00fc\u00e7 olmas\u0131n\u201d devreye giriyor ve d\u00fcr\u00fcst olmak gerekirse, \u0130ngiliz dilindeki en ba\u011f\u0131\u015flay\u0131c\u0131 deyim olabilir.<\/p>\n\n\n\n<p>Bu deyim\/deyim bile 14. y\u00fczy\u0131ldan beri insanlara ikinci bir \u015fans sunuyor.&nbsp;<\/p>\n\n\n\n<p>Bu i\u015f bitti. <strong>600<\/strong> \u0130nsanl\u0131k y\u0131llarca ge\u00e7 gelmenin hi\u00e7 gelmemekten daha iyi oldu\u011funu kabul etti.<\/p>\n\n\n<div class=\"wp-block-image\">\n<figure class=\"aligncenter size-full\"><img loading=\"lazy\" decoding=\"async\" width=\"1024\" height=\"1024\" src=\"https:\/\/undetectable.ai/blog\/wp-content\/uploads\/2026\/01\/better-late-than-never-sample-images.jpg\" alt=\"\" class=\"wp-image-19358\" title=\"\" srcset=\"https:\/\/undetectable.ai/blog\/wp-content\/uploads\/2026\/01\/better-late-than-never-sample-images.jpg 1024w, https:\/\/undetectable.ai/blog\/wp-content\/uploads\/2026\/01\/better-late-than-never-sample-images-300x300.jpg 300w, https:\/\/undetectable.ai/blog\/wp-content\/uploads\/2026\/01\/better-late-than-never-sample-images-150x150.jpg 150w, https:\/\/undetectable.ai/blog\/wp-content\/uploads\/2026\/01\/better-late-than-never-sample-images-768x768.jpg 768w, https:\/\/undetectable.ai/blog\/wp-content\/uploads\/2026\/01\/better-late-than-never-sample-images-12x12.jpg 12w\" sizes=\"auto, (max-width: 1024px) 100vw, 1024px\" \/><\/figure><\/div>\n\n\n<p>Ve daha \u00e7\u0131lg\u0131nca olan ne biliyor musun?<\/p>\n\n\n\n<p>Ara\u015ft\u0131rmalara g\u00f6re, sadece <a href=\"https:\/\/knowledge.wharton.upenn.edu\/article\/its-january-7-are-you-sticking-to-your-new-years-resolution\/\" target=\"_blank\" rel=\"noreferrer noopener\">\u0130nsanlar\u0131n 8%'si Yeni Y\u0131l kararlar\u0131n\u0131 ger\u00e7ekten ger\u00e7ekle\u015ftiriyor<\/a>.\u00a0<\/p>\n\n\n\n<p>\u00c7\u00fcnk\u00fc \u00e7o\u011fu insan \u015eubat ay\u0131na gelindi\u011finde \u201cZaten ba\u015far\u0131s\u0131z oldum, neden u\u011fra\u015fay\u0131m ki?\u201d d\u00fc\u015f\u00fcncesiyle hedeflerinden vazge\u00e7er.\u201d&nbsp;<\/p>\n\n\n\n<p>Mart, Haziran ve hatta Kas\u0131m ay\u0131nda ba\u015flaman\u0131n hi\u00e7 ba\u015flamamaktan daha iyi oldu\u011funu unutuyorlar.<\/p>\n\n\n\n<p>Ancak bu durum soru i\u015faretlerine yol a\u00e7\u0131yor.&nbsp;<\/p>\n\n\n\n<p>\u201cGe\u00e7 olsun g\u00fc\u00e7 olmas\u0131n\u201d kronik ge\u00e7 kalmay\u0131 mazur g\u00f6sterir mi?&nbsp;<\/p>\n\n\n\n<p>\u201c\u00c7ok ge\u00e7 \u201din ger\u00e7ekten \u201casla \u201dya d\u00f6n\u00fc\u015ft\u00fc\u011f\u00fc bir nokta var m\u0131?&nbsp;<\/p>\n\n\n\n<p>Peki bu ifadeyi k\u00f6t\u00fc planlama i\u00e7in bahane \u00fcretiyormu\u015f gibi g\u00f6r\u00fcnmeden nas\u0131l kullan\u0131rs\u0131n\u0131z?<\/p>\n\n\n\n<p>Bu k\u0131lavuzda, \u201cge\u00e7 olsun g\u00fc\u00e7 olmas\u0131n\u201d s\u00f6z\u00fcn\u00fcn ger\u00e7ekte ne anlama geldi\u011fini, nereden geldi\u011fini, ne zaman kullan\u0131laca\u011f\u0131n\u0131 ve bu eski bilgeli\u011fin g\u00fcn\u00fcm\u00fczde neden hala yank\u0131 buldu\u011funu g\u00f6steren ger\u00e7ek d\u00fcnya \u00f6rneklerini inceleyece\u011fiz.<\/p>\n\n\n\n<hr class=\"wp-block-separator has-alpha-channel-opacity\"\/>\n\n\n\n<p class=\"has-text-align-center\"><strong>\u00d6nemli \u00c7\u0131kar\u0131mlar<\/strong><\/p>\n\n\n\n<p>Ba\u015flamadan \u00f6nce, \u201cge\u00e7 olsun g\u00fc\u00e7 olmas\u0131n\u201d hakk\u0131nda bilmeniz gerekenler:<\/p>\n\n\n\n<ul class=\"wp-block-list\">\n<li>Bir \u015feyi ge\u00e7 yapmak, hi\u00e7 yapmamaya tercih edilir.<\/li>\n<\/ul>\n\n\n\n<p><\/p>\n\n\n\n<ul class=\"wp-block-list\">\n<li>Gecikmi\u015f eylemi te\u015fvik etmeyi, m\u00fckemmeliyet\u00e7ilik felcini azaltmay\u0131, zamanlama yerine tamamlamay\u0131 kutlamay\u0131 \u00f6\u011freneceksiniz.<\/li>\n<\/ul>\n\n\n\n<p><\/p>\n\n\n\n<ul class=\"wp-block-list\">\n<li>Al\u0131\u015f\u0131lagelmi\u015f ge\u00e7 kalmalar\u0131 mazur g\u00f6rmek, gecikmelerin sonu\u00e7lar\u0131n\u0131 en aza indirmek, hesap vermekten ka\u00e7\u0131nmak.<\/li>\n<\/ul>\n\n\n\n<p><\/p>\n\n\n\n<ul class=\"wp-block-list\">\n<li>Anl\u0131k tatmin k\u00fclt\u00fcr\u00fcm\u00fczde bu ifade bize ilerlemenin bir son kullanma tarihi olmad\u0131\u011f\u0131n\u0131 ve bazen \u201czaman\u0131\u201d \u00e7oktan ge\u00e7mi\u015f olsa bile ba\u015flamak i\u00e7in en iyi zaman\u0131n \u015fu an oldu\u011funu hat\u0131rlat\u0131yor.<\/li>\n<\/ul>\n\n\n\n<p><\/p>\n\n\n\n<hr class=\"wp-block-separator has-alpha-channel-opacity\"\/>\n\n\n\n<h2 class=\"wp-block-heading\">\u201cGe\u00e7 olsun g\u00fc\u00e7 olmas\u0131n\u201d ger\u00e7ekten ne anlama geliyor?<\/h2>\n\n\n\n<p>Bu aldat\u0131c\u0131 derecede basit ifadeyi a\u00e7al\u0131m ve neden y\u00fczy\u0131llar s\u00fcren dilsel evrimden sa\u011f \u00e7\u0131kt\u0131\u011f\u0131n\u0131 anlayal\u0131m.<\/p>\n\n\n\n<h3 class=\"wp-block-heading\">K\u00f6ken ve Ba\u011flam<\/h3>\n\n\n\n<p>\u201cGe\u00e7 olsun g\u00fc\u00e7 olmas\u0131n\u201d, temel bir ger\u00e7e\u011fi ifade eden atas\u00f6z\u00fc niteli\u011finde bir deyimdir: Harekete ge\u00e7mek, hatta gecikmeli olarak harekete ge\u00e7mek, tamamen hareketsiz kalmaktan daha \u00fcst\u00fcnd\u00fcr.<\/p>\n\n\n\n<p>Ger\u00e7ek hayattan bir \u00f6rnekle anlayal\u0131m.<\/p>\n\n\n\n<p>Tatildeyken arkada\u015f\u0131n\u0131z\u0131n bitkilerini sulayaca\u011f\u0131n\u0131za s\u00f6z verirseniz ve \u00fc\u00e7 g\u00fcn boyunca unutursan\u0131z, d\u00f6rd\u00fcnc\u00fc g\u00fcn onlar\u0131 sulamak yine de tamamen \u00f6lmelerine izin vermekten iyidir, de\u011fil mi?&nbsp;<\/p>\n\n\n\n<p>Bitkiler solmu\u015f olabilir ama kurtar\u0131labilirler. Bu deyimin \u00f6z\u00fc budur.<\/p>\n\n\n\n<p>Bu ifade, ger\u00e7e\u011fi \u015fekerle kaplamadan kabul eder. \u201cGe\u00e7 kalmak da zaman\u0131nda gitmek kadar iyidir\u201d ya da \u201czamanlama \u00f6nemli de\u011fildir\u201d demez.\u201d&nbsp;<\/p>\n\n\n\n<p>Bunun yerine, bir hiyerar\u015fi yarat\u0131r: Zaman\u0131nda teslim en iyisidir, ge\u00e7 teslim ikinci en iyidir ve asla kabul edilemez.<\/p>\n\n\n\n<p>\u0130\u015fin ilgin\u00e7le\u015fti\u011fi nokta da buras\u0131.<\/p>\n\n\n\n<p>Deyim \u00f6rt\u00fck bir izin yap\u0131s\u0131 ta\u015f\u0131r.&nbsp;<\/p>\n\n\n\n<p>\u0130nsanlara bir son tarihi, f\u0131rsat\u0131 veya ideal zamanlamay\u0131 ka\u00e7\u0131rm\u0131\u015f olmalar\u0131na ra\u011fmen ilerlemeleri i\u00e7in psikolojik izin verir.<\/p>\n\n\n\n<p>Optimizasyon ve m\u00fckemmel zamanlamaya giderek daha fazla tak\u0131nt\u0131l\u0131 hale gelen bir k\u00fclt\u00fcrde, bu ifade radikal bir \u015fekilde \u015fefkatlidir.<\/p>\n\n\n\n<p>Harvard Business Review'un ara\u015ft\u0131rmas\u0131 da analiz felcinin, yani eylemsizli\u011fe varacak kadar a\u015f\u0131r\u0131 d\u00fc\u015f\u00fcnme halinin, her d\u00fczeyde karar alma s\u00fcrecini etkiledi\u011fini g\u00f6steriyor.<\/p>\n\n\n\n<p>\u0130nsanlar \u201cdo\u011fru\u201d zaman olarak alg\u0131lad\u0131klar\u0131 zaman\u0131 ka\u00e7\u0131rd\u0131klar\u0131 i\u00e7in i\u015f kurmay\u0131, sa\u011fl\u0131k rutinlerine ba\u015flamay\u0131 veya e\u011fitimlerini s\u00fcrd\u00fcrmeyi erteliyor.<\/p>\n\n\n\n<p>\u201cGe\u00e7 olsun g\u00fc\u00e7 olmas\u0131n\u201d bu d\u00fc\u015f\u00fcnceye meydan okuyor. Asl\u0131nda diyor ki:&nbsp;<\/p>\n\n\n\n<p>Do\u011fru zaman d\u00fcnd\u00fc. \u0130kinci en iyi zaman bug\u00fcnd\u00fcr. En k\u00f6t\u00fc zaman ise asla.<\/p>\n\n\n\n<p>Baz\u0131 insanlar, \u00f6zellikle e\u011fitim veya beceri geli\u015fimi s\u00f6z konusu oldu\u011funda \u201cge\u00e7 \u00f6\u011frenmek hi\u00e7 \u00f6\u011frenmemekten iyidir\u201d der.<\/p>\n\n\n\n<p>Ve d\u00fcr\u00fcst olmak gerekirse? Sadece bu yeniden \u00e7er\u00e7eveleme bile hayat\u0131n\u0131z\u0131 de\u011fi\u015ftirebilir.<\/p>\n\n\n\n<h2 class=\"wp-block-heading\">Bu Deyim Nereden Geliyor<\/h2>\n\n\n\n<p>Her deyimin bir hikayesi vard\u0131r ve \u201cge\u00e7 olsun g\u00fc\u00e7 olmas\u0131n\u201d deyiminin k\u00f6kleri tahmin edebilece\u011finizden \u00e7ok daha eskilere dayan\u0131r.<\/p>\n\n\n\n<p>Bilinen en eski yaz\u0131l\u0131 kay\u0131t <a href=\"https:\/\/www.theidioms.com\/better-late-than-never\/\" target=\"_blank\" data-type=\"link\" data-id=\"https:\/\/www.theidioms.com\/better-late-than-never\/\" rel=\"noreferrer noopener\">Geoffrey Chaucer'\u0131n <em>Canterbury Masallar\u0131<\/em> (1386 civar\u0131)<\/a>, Ancak tam ifade modern kullan\u0131mdan farkl\u0131d\u0131r.\u00a0<\/p>\n\n\n\n<p>Gecikmi\u015f eylemin eylemsizlikten daha \u00fcst\u00fcn oldu\u011fu d\u00fc\u015f\u00fcncesi farkl\u0131 k\u00fclt\u00fcr ve dillerde g\u00f6r\u00fclmektedir.<\/p>\n\n\n\n<p>Bu deyim, \u0130ngilizcede \u015fu d\u00f6nemde yayg\u0131n bir pop\u00fclerlik kazanm\u0131\u015ft\u0131r <em>16. ve 17. <\/em>Y\u00fczy\u0131llar boyunca atas\u00f6z\u00fc derlemelerinde ve edebi eserlerde yer alm\u0131\u015ft\u0131r.&nbsp;<\/p>\n\n\n\n<p>Taraf\u0131ndan <em>1800s<\/em>, hem \u0130ngiliz hem de Amerikan \u0130ngilizcesinde standart bir ifade olarak kendini sa\u011flamla\u015ft\u0131rm\u0131\u015ft\u0131.<\/p>\n\n\n\n<p>B\u00fcy\u00fcleyici olan, deyimin temel mesaj\u0131n\u0131n k\u00fclt\u00fcrel de\u011fi\u015fimlere ra\u011fmen nas\u0131l de\u011fi\u015fmeden kald\u0131\u011f\u0131d\u0131r.&nbsp;<\/p>\n\n\n\n<p>\u0130ster 14. y\u00fczy\u0131l \u0130ngiltere'sinden ister g\u00fcn\u00fcm\u00fcz \u015firket k\u00fclt\u00fcr\u00fcnden bahsediyor olun, bu prensip ge\u00e7erlidir: <strong><em>tamamlanmas\u0131, m\u00fckemmel zamanlamadan daha \u00f6nemlidir.<\/em><\/strong><\/p>\n\n\n\n<p>\u00c7a\u011fda\u015f kullan\u0131mda, standart ba\u011flamlarda \u201cge\u00e7 olsun g\u00fc\u00e7 olmas\u0131n\u201d gibi varyasyonlar duyarken, baz\u0131 insanlar daha konu\u015fma tonu i\u00e7in \u201cge\u00e7 olsun g\u00fc\u00e7 olmas\u0131n \u201d\u0131 tercih eder.&nbsp;<\/p>\n\n\n\n<p>Bu ifade pop\u00fcler k\u00fclt\u00fcr\u00fc bile etkilemi\u015ftir.&nbsp;<\/p>\n\n\n\n<p>2016-2018 y\u0131llar\u0131 aras\u0131nda NBC'de yay\u0131nlanan ve \u00fcnl\u00fclerin birlikte seyahat etti\u011fi \u201cBetter Late Than Never\u201d adl\u0131 bir program var.&nbsp;&nbsp;<\/p>\n\n\n\n<p>Ba\u015fl\u0131k, dizinin onlarca y\u0131ld\u0131r erteledikleri maceralara at\u0131lan ya\u015fl\u0131 adamlar temas\u0131n\u0131 m\u00fckemmel bir \u015fekilde yans\u0131t\u0131yordu.&nbsp;<\/p>\n\n\n\n<p>G\u00f6sterinin ba\u015far\u0131s\u0131, bu as\u0131rl\u0131k deyimin kendi gecikmi\u015f hayalleriyle y\u00fczle\u015fen modern izleyicilerde hala nas\u0131l yank\u0131 buldu\u011funu g\u00f6sterdi.<\/p>\n\n\n\n<p>\u201cGe\u00e7 kalmak hi\u00e7 kalmamaktan iyidir\u201d \u00e7\u00fcnk\u00fc ka\u00e7\u0131r\u0131lan zamanlamadan duyulan pi\u015fmanl\u0131k zamans\u0131zd\u0131r. 1400'l\u00fc y\u0131llarda da insanlar t\u0131pk\u0131 bug\u00fcn oldu\u011fu gibi ge\u00e7 kalmaktan endi\u015fe ediyordu.<\/p>\n\n\n\n<p>Aradaki fark neydi? Onlara ba\u015far\u0131s\u0131z olduklar\u0131n\u0131 s\u00f6yleyen verimlilik uygulamalar\u0131 yoktu.<\/p>\n\n\n\n<h2 class=\"wp-block-heading\">\u201cGe\u00e7 Olmas\u0131 Hi\u00e7 Olmamas\u0131ndan Daha \u0130yidir \u201din G\u00fcndelik \u00d6rnekleri\u201d<\/h2>\n\n\n\n<p>Bu deyimin g\u00fczelli\u011fi, k\u00fc\u00e7\u00fck g\u00fcnl\u00fck durumlardan b\u00fcy\u00fck ya\u015fam kararlar\u0131na kadar hayat\u0131n hemen hemen her alan\u0131nda ortaya \u00e7\u0131kmas\u0131d\u0131r.<\/p>\n\n\n\n<p><strong>1. Akademik Senaryolar<\/strong><\/p>\n\n\n\n<p>\u00d6devinizi gece yar\u0131s\u0131na kadar teslim etmek istediniz ama uyuya kald\u0131n\u0131z. Gece 2'de uyand\u0131n\u0131z ve cezal\u0131 olarak ge\u00e7 teslim ettiniz.&nbsp;<\/p>\n\n\n\n<p><strong>Oda arkada\u015f\u0131n diyor ki,<\/strong> \u201cGe\u00e7 olmas\u0131 hi\u00e7 olmamas\u0131ndan iyidir, en az\u0131ndan s\u0131f\u0131r yerine k\u0131smi kredi alacaks\u0131n.\u201d<\/p>\n\n\n\n<p><strong>2. Ki\u015fisel Sa\u011fl\u0131k ve Fitness<\/strong><\/p>\n\n\n\n<p>Be\u015f y\u0131ld\u0131r egzersiz yapmaya ba\u015flamak istiyorsunuz.&nbsp;<\/p>\n\n\n\n<p>Sonunda 45 ya\u015f\u0131nda bir spor salonuna yaz\u0131ld\u0131n ve <strong>doktorunuz diyor ki<\/strong>, \u201cGe\u00e7 olmas\u0131 hi\u00e7 olmamas\u0131ndan iyidir! \u015eimdi ba\u015flamak hayat\u0131n\u0131za y\u0131llar katacak ve sa\u011fl\u0131k sonu\u00e7lar\u0131n\u0131z\u0131 \u00f6nemli \u00f6l\u00e7\u00fcde iyile\u015ftirecektir.\u201d<\/p>\n\n\n\n<p>Amerikan Kalp Derne\u011fi, orta ya\u015flarda d\u00fczenli egzersize ba\u015flayan yeti\u015fkinlerin kalp hastal\u0131\u011f\u0131 riskini hala 30-40% oran\u0131nda azaltt\u0131\u011f\u0131n\u0131 do\u011frulamaktad\u0131r,&nbsp;<\/p>\n\n\n\n<p>Ge\u00e7 olsun g\u00fc\u00e7 olmas\u0131n s\u00f6z\u00fcn\u00fcn sadece bir deyim olmad\u0131\u011f\u0131n\u0131, t\u0131p bilimi taraf\u0131ndan da desteklendi\u011fini kan\u0131tl\u0131yor.<\/p>\n\n\n\n<p><strong>3. Profesyonel \u00d6z\u00fcr ve \u0130li\u015fkiler<\/strong><\/p>\n\n\n\n<p>Ge\u00e7en ay i\u015f arkada\u015f\u0131n\u0131z\u0131n do\u011fum g\u00fcn\u00fcn\u00fc unuttunuz.&nbsp;<\/p>\n\n\n\n<p>Bug\u00fcn onlara kahve g\u00f6t\u00fcr\u00fcp \u00f6z\u00fcr diliyorsun.&nbsp;<\/p>\n\n\n\n<p>G\u00fcl\u00fcyorlar ve \u201cGe\u00e7 olmas\u0131 hi\u00e7 olmamas\u0131ndan iyidir, hat\u0131rlad\u0131\u011f\u0131n\u0131z i\u00e7in te\u015fekk\u00fcrler!\u201d diyorlar.\u201d<\/p>\n\n\n\n<p><strong>4. \u00d6nemli Ya\u015fam Kararlar\u0131<\/strong><\/p>\n\n\n\n<p>Efsanevi moda tasar\u0131mc\u0131s\u0131 Vera Wang'\u0131 d\u00fc\u015f\u00fcn\u00fcn.&nbsp;<\/p>\n\n\n\n<p>Artistik patinaj ve gazetecilik kariyerlerinin ard\u0131ndan 40 ya\u015f\u0131na kadar ilk elbisesini tasarlamad\u0131.&nbsp;<\/p>\n\n\n\n<p>Modaya ge\u00e7 ba\u015flamas\u0131 soruldu\u011funda, zamanlaman\u0131n her \u015fey olmad\u0131\u011f\u0131n\u0131 kan\u0131tlayan milyar dolarl\u0131k bir imparatorluk kurarak \u201cge\u00e7 olsun g\u00fc\u00e7 olmas\u0131n\u201d s\u00f6z\u00fcn\u00fc somutla\u015ft\u0131rd\u0131.<\/p>\n\n\n\n<p><strong>5. Teknoloji Benimseme<\/strong><\/p>\n\n\n\n<p>70 ya\u015f\u0131ndaki ebeveyniniz y\u0131llarca direndikten sonra nihayet ak\u0131ll\u0131 telefon kullanmay\u0131 \u00f6\u011frenmeyi kabul ediyor.&nbsp;<\/p>\n\n\n\n<p>Sab\u0131rla k\u0131sa mesajlar\u0131n nas\u0131l g\u00f6nderilece\u011fini anlat\u0131rken kendi kendinize \u201cGe\u00e7 olsun g\u00fc\u00e7 olmas\u0131n\u201d diye d\u00fc\u015f\u00fcn\u00fcyorsunuz.<\/p>\n\n\n\n<p><em>Bu deyimin kendi hayat\u0131n\u0131zda nerelere uygulanabilece\u011fini ke\u015ffetmek ister misiniz?<\/em><\/p>\n\n\n\n<p>\u015eunu kullanarak deneyin <a href=\"https:\/\/undetectable.ai\/\" target=\"_blank\" rel=\"noreferrer noopener\">Yapay Zeka \u0130nsanc\u0131lla\u015ft\u0131r\u0131c\u0131<\/a>:\u00a0<\/p>\n\n\n<div class=\"wp-block-image\">\n<figure class=\"aligncenter size-large\"><img loading=\"lazy\" decoding=\"async\" width=\"1024\" height=\"436\" src=\"https:\/\/undetectable.ai/blog\/wp-content\/uploads\/2025\/11\/Advanced-AI-Humanizer-1024x436.jpg\" alt=\"Undetectable AI&#039;n\u0131n Geli\u015fmi\u015f AI Humanizer&#039;\u0131n\u0131n ekran g\u00f6r\u00fcnt\u00fcs\u00fc\" class=\"wp-image-18108\" title=\"\" srcset=\"https:\/\/undetectable.ai/blog\/wp-content\/uploads\/2025\/11\/Advanced-AI-Humanizer-1024x436.jpg 1024w, https:\/\/undetectable.ai/blog\/wp-content\/uploads\/2025\/11\/Advanced-AI-Humanizer-300x128.jpg 300w, https:\/\/undetectable.ai/blog\/wp-content\/uploads\/2025\/11\/Advanced-AI-Humanizer-768x327.jpg 768w, https:\/\/undetectable.ai/blog\/wp-content\/uploads\/2025\/11\/Advanced-AI-Humanizer-18x8.jpg 18w, https:\/\/undetectable.ai/blog\/wp-content\/uploads\/2025\/11\/Advanced-AI-Humanizer.jpg 1265w\" sizes=\"auto, (max-width: 1024px) 100vw, 1024px\" \/><\/figure><\/div>\n\n\n<p>Erteledi\u011finiz herhangi bir hedefi ele al\u0131n ve onunla ilgili i\u00e7sel anlat\u0131n\u0131z\u0131 yeniden yaz\u0131n.<\/p>\n\n\n\n<p>\u201c\u0130spanyolca \u00f6\u011frenmeye ba\u015flamak i\u00e7in \u00e7ok ge\u00e7 kald\u0131m\u201d veya \u201cYat\u0131r\u0131m yapmak i\u00e7in en uygun zaman\u0131 \u00e7oktan ka\u00e7\u0131rd\u0131m\u201d yerine, AI Humanizer'\u0131 kullanarak te\u015fvik edici, kula\u011fa do\u011fal gelen onaylamalar olu\u015fturun.<\/p>\n\n\n\n<p>Bu, cesaret k\u0131r\u0131c\u0131 kendi kendine konu\u015fmay\u0131 ger\u00e7ek\u00e7i, motive edici ve insana \u00f6zg\u00fc bir dile d\u00f6n\u00fc\u015ft\u00fcrmenize yard\u0131mc\u0131 olur.<\/p>\n\n\n\n<h2 class=\"wp-block-heading\">\u0130lgili Anlamlara Sahip Benzer Deyimler<\/h2>\n\n\n\n<p>\u201cGe\u00e7 olsun g\u00fc\u00e7 olmas\u0131n\u201d zamanlama, eylem ve \u00f6ncelik ile ilgili bir ifade ailesine aittir.&nbsp;<\/p>\n\n\n\n<p>Bu ilgili deyimleri anlamak, her durum i\u00e7in do\u011fru ifadeyi se\u00e7menize yard\u0131mc\u0131 olur.<\/p>\n\n\n\n<p><strong>1. \u201cZaman kimseyi beklemez\u201d:<\/strong> Bu ifade affedicilikten ziyade aciliyet g\u00f6sterir.&nbsp;<\/p>\n\n\n\n<p>\u201cGe\u00e7 olsun g\u00fc\u00e7 olmas\u0131n\u201d s\u00f6z\u00fc gecikmeler i\u00e7in bir l\u00fctuf sunarken, \u201czaman kimseyi beklemez\u201d s\u00f6z\u00fc ertelemeye kar\u015f\u0131 uyar\u0131r.&nbsp;<\/p>\n\n\n\n<p>Bunlar birbirini tamamlayan z\u0131tl\u0131klard\u0131r; biri gecikmeye ra\u011fmen harekete ge\u00e7meyi te\u015fvik ederken, di\u011feri gecikme ya\u015fanmadan harekete ge\u00e7meyi te\u015fvik eder.<\/p>\n\n\n\n<p><strong>2. \u201cEldeki bir ku\u015f, \u00e7al\u0131l\u0131ktaki iki ku\u015fa bedeldir\u201d:<\/strong> Bu deyim, varsay\u0131msal daha iyi se\u00e7enekler yerine somut sonu\u00e7lara \u00f6ncelik verir.&nbsp;<\/p>\n\n\n\n<p>\u201cGe\u00e7 olsun g\u00fc\u00e7 olmas\u0131n\u201d pratik bilgeli\u011fini payla\u015f\u0131r: ger\u00e7ek bir \u015fey (gecikmi\u015f veya kusurlu olsa bile) asla ger\u00e7ekle\u015fmeyecek ideal bir \u015feyden daha iyidir.<\/p>\n\n\n\n<p><strong>3. \u201c\u00dcz\u00fclmektense g\u00fcvende olmak daha iyidir\u201d:<\/strong> Her iki ifade de sonu\u00e7lar\u0131n hiyerar\u015fisini olu\u015fturmak i\u00e7in \u201cX, Y'den daha iyidir\u201d yap\u0131s\u0131n\u0131 kullanmaktad\u0131r.&nbsp;<\/p>\n\n\n\n<p>Ancak, \u201cge\u00e7 olsun g\u00fc\u00e7 olmas\u0131n\u201d ilkesi tamamlamaya \u00f6ncelik verirken, bu ilke tedbiri \u00f6n planda tutmaktad\u0131r.<\/p>\n\n\n\n<p><strong>4. \u201cRoma bir g\u00fcnde in\u015fa edilmedi\u201d:<\/strong> Bu, \u201cge\u00e7 olmas\u0131 hi\u00e7 olmamas\u0131ndan iyidir\u201d \u015feklindeki sab\u0131rl\u0131 ve uzun vadeli bak\u0131\u015f a\u00e7\u0131s\u0131n\u0131 payla\u015fmaktad\u0131r.\u201d&nbsp;<\/p>\n\n\n\n<p>Her ikisi de de\u011ferli \u015feylerin zaman ald\u0131\u011f\u0131n\u0131 ve ani sonu\u00e7lar\u0131n her zaman ger\u00e7ek\u00e7i veya gerekli olmad\u0131\u011f\u0131n\u0131 kabul eder.<\/p>\n\n\n\n<p><strong>5. \u201c\u015eimdiki zaman gibisi yok\u201d: <\/strong>Bu da hemen harekete ge\u00e7meyi te\u015fvik ederek \u201cge\u00e7 olsun g\u00fc\u00e7 olmas\u0131n\u201d s\u00f6z\u00fcne m\u00fckemmel bir e\u015flik\u00e7i olur.\u201d&nbsp;<\/p>\n\n\n\n<p>Birlikte \u015f\u00f6yle derler: en iyi zaman \u015fimdidir, ancak \u201c\u015fimdi\u201d ge\u00e7tiyse, ikinci en iyi zaman \u015fu and\u0131r, gelecekteki bir \u201cm\u00fckemmel\u201d an de\u011fil.<\/p>\n\n\n\n<p>Kendimizi motive etmek (ge\u00e7 olsun g\u00fc\u00e7 olmas\u0131n), ba\u015fkalar\u0131n\u0131 uyarmak (zaman kimseyi beklemez) ya da pratik bir bilgelik payla\u015fmak (Eldeki bir ku\u015f, \u00e7al\u0131l\u0131ktaki iki ku\u015fa bedeldir) i\u00e7in ayn\u0131 kavramsal aileden farkl\u0131 ifadeler kullan\u0131r\u0131z.<\/p>\n\n\n\n<h2 class=\"wp-block-heading\">\u201cGe\u00e7 olsun g\u00fc\u00e7 olmas\u0131n\u201d neden hala \u00f6nemli?<\/h2>\n\n\n\n<p>Anl\u0131k memnuniyet ve optimizasyon k\u00fclt\u00fcr\u00fcm\u00fczde, bu eski deyim her zamankinden daha \u00f6nemlidir.&nbsp;<\/p>\n\n\n\n<p>\u0130\u015fte bu y\u00fczden hala \u00f6nem ta\u015f\u0131yor.<\/p>\n\n\n\n<h3 class=\"wp-block-heading\">Harekete Ge\u00e7meye Te\u015fvik Eder<\/h3>\n\n\n\n<p>Hayatlar\u0131na d\u00f6n\u00fcp bakan insanlar\u0131n, olumsuz sonu\u00e7lara yol a\u00e7sa bile, yapt\u0131klar\u0131ndan \u00e7ok yapmad\u0131klar\u0131ndan pi\u015fmanl\u0131k duyduklar\u0131n\u0131 g\u00f6rd\u00fck.<\/p>\n\n\n\n<p>\u201cGe\u00e7 olsun g\u00fc\u00e7 olmas\u0131n\u201d bu eylemsizlikle do\u011frudan m\u00fccadele eder.&nbsp;<\/p>\n\n\n\n<p>\u201c\u015eans\u0131m\u0131 \u00e7oktan ka\u00e7\u0131rd\u0131m\u201d bahanesini ortadan kald\u0131r\u0131r.\u201d&nbsp;<\/p>\n\n\n\n<p>Uzakla\u015f\u0131lan bir aile \u00fcyesinden \u00f6z\u00fcr dilemek, ertelenmi\u015f bir hayalin pe\u015finden gitmek veya nihayet su s\u0131zd\u0131ran muslu\u011fu tamir etmek s\u00f6z konusu oldu\u011funda, bu ifade insanlara ba\u015flamalar\u0131 i\u00e7in izin verir.<\/p>\n\n\n\n<p>\u015e\u00f6yle d\u00fc\u015f\u00fcn\u00fcn:&nbsp;<\/p>\n\n\n\n<p>Her Ocak ay\u0131nda milyonlarca insan fitness hedefleri belirliyor.&nbsp;<\/p>\n\n\n\n<p>\u015eubat ay\u0131na gelindi\u011finde 80% onlar\u0131 terk etmi\u015fti.&nbsp;<\/p>\n\n\n\n<p>Ama \u201cge\u00e7 olsun g\u00fc\u00e7 olmas\u0131n\u201d motivasyonuyla Temmuz ay\u0131nda fitness yolculu\u011funa yeniden ba\u015flayan biri?&nbsp;<\/p>\n\n\n\n<p>\u00d6n\u00fcm\u00fczdeki Ocak ay\u0131na kadar bekleyen birinden h\u00e2l\u00e2 be\u015f ay \u00f6ndeler.<\/p>\n\n\n\n<h3 class=\"wp-block-heading\">Su\u00e7luluk Duygusunu Azalt\u0131r<\/h3>\n\n\n\n<p>Utan\u00e7, davran\u0131\u015f de\u011fi\u015fikli\u011finin en g\u00fc\u00e7l\u00fc engelleyicilerinden biridir.&nbsp;<\/p>\n\n\n\n<p>\u0130nsanlar son teslim tarihlerini ka\u00e7\u0131rd\u0131klar\u0131nda, taahh\u00fctlerini unuttuklar\u0131nda veya \u00f6nemli g\u00f6revlerini ertelediklerinde, su\u00e7luluk duygusu genellikle sorunu daha da derinle\u015ftirir, ge\u00e7 kald\u0131klar\u0131 i\u00e7in kendilerini o kadar k\u00f6t\u00fc hissederler ki g\u00f6revden tamamen ka\u00e7\u0131n\u0131rlar.<\/p>\n\n\n\n<p>\u201cGe\u00e7 olmas\u0131 hi\u00e7 olmamas\u0131ndan iyidir\u201d psikolojik bir kurtulu\u015f sunar.&nbsp;<\/p>\n\n\n\n<p>Gecikmeyi \u00fczerinde durmadan kabul eder ve insanlar\u0131n \u00f6zele\u015ftiriden yap\u0131c\u0131 eyleme ge\u00e7mesine olanak tan\u0131r.<\/p>\n\n\n\n<p>Teksas \u00dcniversitesi'nden Dr. Kristin Neff \u015f\u00f6yle diyor, <a href=\"https:\/\/www.youtube.com\/watch?v=KolU3UTjCk8&amp;t=2s\" target=\"_blank\" rel=\"noreferrer noopener\">\u00f6z-\u015fefkat<\/a> (bu deyimin dolayl\u0131 olarak te\u015fvik etti\u011fi) motivasyon ve ba\u015far\u0131 ile g\u00fc\u00e7l\u00fc bir \u015fekilde ili\u015fkilidir.\u00a0<\/p>\n\n\n\n<p>Gecikmeler i\u00e7in kendilerini affeden ki\u015filerin g\u00f6revleri tamamlama olas\u0131l\u0131\u011f\u0131, ba\u015far\u0131s\u0131zl\u0131klar\u0131 \u00fczerine d\u00fc\u015f\u00fcnenlere g\u00f6re daha y\u00fcksektir.<\/p>\n\n\n\n<h3 class=\"wp-block-heading\">Tamamlamay\u0131 Te\u015fvik Eder<\/h3>\n\n\n\n<p>Bu deyim do\u011fas\u0131 gere\u011fi m\u00fckemmel zamanlamadan ziyade bitirmeye de\u011fer verir.&nbsp;<\/p>\n\n\n\n<p>Proje y\u00f6netiminde bu ilke alt\u0131n de\u011ferindedir.&nbsp;<\/p>\n\n\n\n<p>Pareto \u0130lkesi (veya 80\/20 kural\u0131), 80% sonucun 20% \u00e7abadan elde edildi\u011fini g\u00f6sterir, yani yap\u0131lan genellikle m\u00fckemmelden daha iyidir.<\/p>\n\n\n\n<p>Tamamlamaya \u00f6ncelik verir ve bu da \u00e7o\u011fu ba\u011flamda ka\u00e7\u0131r\u0131lan zamanlama nedeniyle vazge\u00e7mekten daha fazla de\u011fer sa\u011flar.<\/p>\n\n\n\n<p>Ayr\u0131ca Alg\u0131lanamayan YZ'leri de kullanabilirsiniz <a href=\"https:\/\/undetectable.ai\/ai-chat\" target=\"_blank\" rel=\"noreferrer noopener\">Yapay Zeka Sohbeti<\/a> hesap verebilirlik orta\u011f\u0131n\u0131z olarak.\u00a0<\/p>\n\n\n<div class=\"wp-block-image\">\n<figure class=\"aligncenter size-large\"><img loading=\"lazy\" decoding=\"async\" width=\"1024\" height=\"492\" src=\"https:\/\/undetectable.ai/blog\/wp-content\/uploads\/2025\/01\/ai-chat-1024x492.jpg\" alt=\"Yapay Zeka Sohbeti\" class=\"wp-image-6097\" title=\"\" srcset=\"https:\/\/undetectable.ai/blog\/wp-content\/uploads\/2025\/01\/ai-chat-1024x492.jpg 1024w, https:\/\/undetectable.ai/blog\/wp-content\/uploads\/2025\/01\/ai-chat-300x144.jpg 300w, https:\/\/undetectable.ai/blog\/wp-content\/uploads\/2025\/01\/ai-chat-768x369.jpg 768w, https:\/\/undetectable.ai/blog\/wp-content\/uploads\/2025\/01\/ai-chat-1536x738.jpg 1536w, https:\/\/undetectable.ai/blog\/wp-content\/uploads\/2025\/01\/ai-chat-2048x984.jpg 2048w, https:\/\/undetectable.ai/blog\/wp-content\/uploads\/2025\/01\/ai-chat-18x9.jpg 18w\" sizes=\"auto, (max-width: 1024px) 100vw, 1024px\" \/><\/figure><\/div>\n\n\n<p>Erteledi\u011finiz \u00fc\u00e7 \u015feyi belirlemenize yard\u0131mc\u0131 olmas\u0131n\u0131 isteyin ve ard\u0131ndan \u201cge\u00e7 olsun g\u00fc\u00e7 olmas\u0131n\u201d s\u00f6z\u00fcn\u00fcn her biri i\u00e7in neden ge\u00e7erli oldu\u011funu anlatmas\u0131n\u0131 isteyin.&nbsp;<\/p>\n\n\n\n<p>Unutmay\u0131n, gelecek hafta yay\u0131nlamak hi\u00e7 yay\u0131nlamamaktan daha iyidir.<\/p>\n\n\n\n<p>Bazen kendinizi affetmek ve sadece ba\u015flamak i\u00e7in d\u0131\u015far\u0131dan izin alman\u0131z gerekir.<\/p>\n\n\n\n<p>Yapay Zeka Dedekt\u00f6r\u00fcm\u00fcz\u00fcn ve \u0130nsanc\u0131lla\u015ft\u0131r\u0131c\u0131m\u0131z\u0131n nas\u0131l \u00e7al\u0131\u015ft\u0131\u011f\u0131n\u0131 a\u015fa\u011f\u0131daki widget'ta g\u00f6r\u00fcn!<\/p>\n\n\n\n<div id=\"uai-widget\" data-affiliate-link=\"https:\/\/undetectable.ai\/?_by=hi4km\"><script>var js = document.createElement(\"script\");js.async = true;js.src = \"https:\/\/widget.undetectable.ai\/js\/widget-loader.js?t=\"+Date.now();document.getElementsByTagName(\"head\")[0].appendChild(js);<\/script><\/div>\n\n\n\n<h2 class=\"wp-block-heading\">Son D\u00fc\u015f\u00fcnceler<\/h2>\n\n\n\n<p>\u201cGe\u00e7 olsun g\u00fc\u00e7 olmas\u0131n\u201d s\u00f6z\u00fcn\u00fcn bize ger\u00e7ekten \u00f6\u011fretti\u011fi \u015fey \u015fudur: m\u00fckemmellik ilerlemenin d\u00fc\u015fman\u0131d\u0131r.<\/p>\n\n\n\n<p>Optimizasyon, en y\u00fcksek performans ve \u201cezip ge\u00e7me\u201d tak\u0131nt\u0131l\u0131 bir d\u00fcnyada, bu m\u00fctevaz\u0131 deyim radikal bir izin sunuyor:&nbsp;<\/p>\n\n\n\n<p>Geriden ba\u015flayabilirsiniz. Herkes bitirdikten sonra ba\u015flayabilirsiniz.<\/p>\n\n\n\n<p>Ve ne var biliyor musunuz? Yapmal\u0131s\u0131n.<\/p>\n\n\n\n<p>\u00c7\u00fcnk\u00fc bunun alternatifi olan utan\u00e7, su\u00e7luluk ya da ka\u00e7\u0131r\u0131lm\u0131\u015f zamanlaman\u0131n ba\u015flaman\u0131z\u0131 engellemesine izin vermek, ba\u015far\u0131s\u0131zl\u0131\u011f\u0131 garantiler.<\/p>\n\n\n\n<p>As\u0131l soru \u201cm\u00fckemmel\u201d an\u0131 ka\u00e7\u0131r\u0131p ka\u00e7\u0131rmad\u0131\u011f\u0131n\u0131z de\u011fil. Ka\u00e7\u0131rd\u0131n\u0131z. Hepimiz ka\u00e7\u0131rd\u0131k, defalarca, say\u0131s\u0131z \u015fekilde.<\/p>\n\n\n\n<p>As\u0131l soru \u015fu: O ka\u00e7\u0131rd\u0131\u011f\u0131n\u0131z an\u0131n sizi tan\u0131mlamas\u0131na izin verecek misiniz?&nbsp;<\/p>\n\n\n\n<p>Yoksa bug\u00fcn\u00fcn her zaman ge\u00e7erli bir ba\u015flang\u0131\u00e7 noktas\u0131 oldu\u011fu \u00f6zg\u00fcrle\u015ftirici ger\u00e7e\u011fini mi benimseyeceksiniz?<\/p>\n\n\n\n<p>Vera Wang'\u0131n ilk elbisesini 40 ya\u015f\u0131nda tasarlad\u0131\u011f\u0131n\u0131 d\u00fc\u015f\u00fcn\u00fcn.&nbsp;<\/p>\n\n\n\n<p>Albay Sanders 62 ya\u015f\u0131nda KFC'nin bayili\u011fini ald\u0131.&nbsp;<\/p>\n\n\n\n<p>Julia Child ilk yemek kitab\u0131n\u0131 50 ya\u015f\u0131nda yay\u0131nlad\u0131.&nbsp;<\/p>\n\n\n\n<p><em>As\u0131l mesaj ge\u00e7 kalmakla ilgili de\u011fil. \u201cAsla \u201dy\u0131 kabullenmeyi reddetmekle ilgili.\u201d<\/em><\/p>\n\n\n\n<p>Bug\u00fcn ba\u015flay\u0131n. Kusurlu ba\u015flay\u0131n. Ge\u00e7 ba\u015flay\u0131n.<\/p>\n\n\n\n<p>\u00c7\u00fcnk\u00fc ge\u00e7 olsun g\u00fc\u00e7 olmas\u0131n sadece bir deyim de\u011fildir.<\/p>\n\n\n\n<p>Bu, \u201casla\u201d yerine \u201cge\u00e7 \u201di se\u00e7ecek ve bu se\u00e7imi yaparken \u201cge\u00e7 \u201din asl\u0131nda tam zaman\u0131nda oldu\u011funu ke\u015ffedecek kadar cesur olan herkes i\u00e7in bir felsefedir.<\/p>\n\n\n\n<p>S\u00f6zc\u00fcklerinizi cilalay\u0131n ve do\u011fal bir \u015fekilde insani sesler \u00e7\u0131karmalar\u0131n\u0131 sa\u011flay\u0131n <a href=\"https:\/\/undetectable.ai\/\" target=\"_blank\" data-type=\"link\" data-id=\"https:\/\/undetectable.ai\/\" rel=\"noreferrer noopener\">Tespit Edilemeyen Yapay Zeka<\/a>.<\/p>","protected":false},"excerpt":{"rendered":"","protected":false},"author":15,"featured_media":19361,"comment_status":"closed","ping_status":"closed","sticky":false,"template":"","format":"standard","meta":{"_themeisle_gutenberg_block_has_review":false,"footnotes":""},"categories":[31],"tags":[],"class_list":["post-19345","post","type-post","status-publish","format-standard","has-post-thumbnail","hentry","category-helpful-ai-content-tips"],"_links":{"self":[{"href":"https:\/\/undetectable.ai/blog\/tr\/wp-json\/wp\/v2\/posts\/19345","targetHints":{"allow":["GET"]}}],"collection":[{"href":"https:\/\/undetectable.ai/blog\/tr\/wp-json\/wp\/v2\/posts"}],"about":[{"href":"https:\/\/undetectable.ai/blog\/tr\/wp-json\/wp\/v2\/types\/post"}],"author":[{"embeddable":true,"href":"https:\/\/undetectable.ai/blog\/tr\/wp-json\/wp\/v2\/users\/15"}],"replies":[{"embeddable":true,"href":"https:\/\/undetectable.ai/blog\/tr\/wp-json\/wp\/v2\/comments?post=19345"}],"version-history":[{"count":9,"href":"https:\/\/undetectable.ai/blog\/tr\/wp-json\/wp\/v2\/posts\/19345\/revisions"}],"predecessor-version":[{"id":19390,"href":"https:\/\/undetectable.ai/blog\/tr\/wp-json\/wp\/v2\/posts\/19345\/revisions\/19390"}],"wp:featuredmedia":[{"embeddable":true,"href":"https:\/\/undetectable.ai/blog\/tr\/wp-json\/wp\/v2\/media\/19361"}],"wp:attachment":[{"href":"https:\/\/undetectable.ai/blog\/tr\/wp-json\/wp\/v2\/media?parent=19345"}],"wp:term":[{"taxonomy":"category","embeddable":true,"href":"https:\/\/undetectable.ai/blog\/tr\/wp-json\/wp\/v2\/categories?post=19345"},{"taxonomy":"post_tag","embeddable":true,"href":"https:\/\/undetectable.ai/blog\/tr\/wp-json\/wp\/v2\/tags?post=19345"}],"curies":[{"name":"wp","href":"https:\/\/api.w.org\/{rel}","templated":true}]}}