{"id":19548,"date":"2026-01-13T15:53:21","date_gmt":"2026-01-13T15:53:21","guid":{"rendered":"https:\/\/undetectable.ai/blog\/?p=19548"},"modified":"2026-04-24T19:20:44","modified_gmt":"2026-04-24T19:20:44","slug":"davranis-veya-davranis","status":"publish","type":"post","link":"https:\/\/undetectable.ai/blog\/tr\/davranis-veya-davranis","title":{"rendered":"Davran\u0131\u015f ve Davran\u0131\u015f Nas\u0131l Do\u011fru Kullan\u0131l\u0131r?"},"content":{"rendered":"<p>Sadece bir kelimeyi nas\u0131l yazd\u0131\u011f\u0131n\u0131za bakarak hangi okula gitti\u011finizi s\u00f6yleyebilirim.<\/p>\n\n\n\n<p><strong>Bir \u2018u\u2019 ekler misin <\/strong><strong>davran\u0131\u015f<\/strong><strong>?&nbsp;<\/strong><\/p>\n\n\n\n<p>Muhtemelen geleneklere de\u011fer veriyorsunuz, \u0130ngiliz Milletler Toplulu\u011fu'nda b\u00fcy\u00fcd\u00fcn\u00fcz ya da iyi bir fincan \u00e7ay\u0131n tad\u0131n\u0131 \u00e7\u0131kar\u0131yorsunuz.&nbsp;<\/p>\n\n\n\n<p><strong>\u2018u\u2019 harfini atlay\u0131p <\/strong><strong>davran\u0131\u015f<\/strong><strong>?&nbsp;<\/strong><\/p>\n\n\n\n<p>Verimlili\u011fi tercih ediyorsunuz, ABD'de b\u00fcy\u00fcd\u00fcn\u00fcz ya da yaz\u0131m denetiminize g\u00fcveniyorsunuz.<\/p>\n\n\n\n<p>\u0130kiniz de haks\u0131z de\u011filsiniz.&nbsp;<\/p>\n\n\n\n<p>Ancak yer de\u011fi\u015ftirirseniz, ikiniz de yan\u0131l\u0131yor olabilirsiniz. \u0130\u015fte tam olarak hangisinin ne zaman kullan\u0131laca\u011f\u0131 ve Kanada'daki davran\u0131\u015f veya davran\u0131\u015f\u0131n neden en zor kullan\u0131m oldu\u011fu.<\/p>\n\n\n\n<p>Bu blogda, ayr\u0131m\u0131n k\u00f6kenini, teknoloji ve kodlama i\u00e7in kat\u0131 kurallar\u0131 ve bir yaz\u0131m\u0131 di\u011ferine g\u00f6re kullanman\u0131z gereken belirli ba\u011flamlar\u0131 inceleyece\u011fiz.&nbsp;<\/p>\n\n\n\n<p>Ayr\u0131ca, yaz\u0131m\u0131n\u0131z\u0131n her zaman do\u011fru oldu\u011fundan emin olabilmeniz i\u00e7in yazarlar\u0131n yapt\u0131\u011f\u0131 5 yayg\u0131n hatay\u0131 da ele alaca\u011f\u0131z.<\/p>\n\n\n\n<p>Hadi i\u00e7eri dalal\u0131m.<\/p>\n\n\n\n<hr class=\"wp-block-separator has-alpha-channel-opacity\"\/>\n\n\n\n<p class=\"has-text-align-center\"><strong>\u00d6nemli \u00c7\u0131kar\u0131mlar<\/strong><\/p>\n\n\n\n<ul class=\"wp-block-list\">\n<li>Tek fark co\u011frafya. <strong>Davran\u0131\u015f<\/strong> Amerikal\u0131; <strong>Davran\u0131\u015f<\/strong> \u0130ngiliz\/Commonwealth.<\/li>\n<\/ul>\n\n\n\n<p><\/p>\n\n\n\n<ul class=\"wp-block-list\">\n<li>Her iki kelime de tamamen ayn\u0131 anlama gelmektedir; bir insan\u0131n, hayvan\u0131n ya da sistemin davran\u0131\u015f bi\u00e7imi.<\/li>\n<\/ul>\n\n\n\n<p><\/p>\n\n\n\n<ul class=\"wp-block-list\">\n<li>Kanada'da davran\u0131\u015f ya da tutum soruldu\u011funda standart \u201cdavran\u0131\u015f \u201dt\u0131r (\u2018u\u2019 ile), ancak Amerikan etkisi g\u00fc\u00e7l\u00fcd\u00fcr.<\/li>\n<\/ul>\n\n\n\n<p><\/p>\n\n\n\n<ul class=\"wp-block-list\">\n<li>Programlamada (CSS\/HTML) her zaman \u201cbehavior\u201d kullan\u0131n. \u0130ngiliz yaz\u0131m\u0131n\u0131 kullanmak kodunuzu bozacakt\u0131r.<\/li>\n<\/ul>\n\n\n\n<p><\/p>\n\n\n\n<ul class=\"wp-block-list\">\n<li>Bir belgede asla her iki yaz\u0131m\u0131 da kar\u0131\u015ft\u0131rmay\u0131n. Bir taraf se\u00e7in ve ilgili t\u00fcm kelimeler i\u00e7in ona sad\u0131k kal\u0131n (\u00f6rn, <em>davran\u0131\u015fsal<\/em> vs. <em>davran\u0131\u015fsal<\/em>).<\/li>\n<\/ul>\n\n\n\n<p><\/p>\n\n\n\n<hr class=\"wp-block-separator has-alpha-channel-opacity\"\/>\n\n\n\n<h2 class=\"wp-block-heading\">Davran\u0131\u015f ile Davran\u0131\u015f Aras\u0131ndaki Fark Nedir?<\/h2>\n\n\n\n<p>Davran\u0131\u015f veya davran\u0131\u015f ayn\u0131 ismin iki farkl\u0131 yaz\u0131l\u0131\u015f \u015feklidir.<\/p>\n\n\n\n<p>Bir insan\u0131n, hayvan\u0131n, organizman\u0131n ve hatta bir makinenin hareket etme, kendini y\u00f6netme veya \u00e7e\u015fitli durumlara tepki verme bi\u00e7imine at\u0131fta bulunurlar.&nbsp;<\/p>\n\n\n\n<p>Aradaki fark anlam, telaffuz ya da dilbilgisi ile ilgili de\u011fildir. Tamamen b\u00f6lgesel yaz\u0131m kurallar\u0131yla ilgilidir.<\/p>\n\n\n\n<p>Dolay\u0131s\u0131yla, davran\u0131\u015f veya davran\u0131\u015f\u0131n anlam\u0131n\u0131 arad\u0131\u011f\u0131n\u0131zda, cevap her ikisi i\u00e7in de ayn\u0131d\u0131r.<\/p>\n\n\n\n<p><strong>\u00d6rnekler<\/strong><\/p>\n\n\n\n<ul class=\"wp-block-list\">\n<li><strong>Amerikan \u0130ngilizcesi:<\/strong><strong> <\/strong>M\u00fcdahaleden sonra \u00e7ocu\u011fun davran\u0131\u015flar\u0131 d\u00fczeldi. (Standart ABD yaz\u0131m\u0131nda \u2018u\u2019 harfi d\u00fc\u015fer).<\/li>\n\n\n\n<li><strong>\u0130ngiliz \u0130ngilizcesi:<\/strong> M\u00fcdahaleden sonra \u00e7ocu\u011fun davran\u0131\u015flar\u0131 d\u00fczeldi. (Standart Birle\u015fik Krall\u0131k yaz\u0131m\u0131nda \u2018u\u2019 harfi korunur).<\/li>\n<\/ul>\n\n\n\n<p>\u0130\u015fte kelimenin h\u0131zl\u0131 teknik profili:<\/p>\n\n\n\n<figure class=\"wp-block-table\"><table class=\"has-fixed-layout\"><tbody><tr><td class=\"has-text-align-center\" data-align=\"center\">Konu\u015fma Par\u00e7as\u0131<\/td><td class=\"has-text-align-center\" data-align=\"center\">\u0130sim (Ba\u011flama ba\u011fl\u0131 olarak say\u0131labilir veya say\u0131lamaz olabilir).<\/td><\/tr><tr><td class=\"has-text-align-center\" data-align=\"center\">Telaffuz<\/td><td class=\"has-text-align-center\" data-align=\"center\">Her ikisi de ayn\u0131 \u015fekilde telaffuz edilir: \/b\u026a\u02c8he\u026avj\u0259r\/.<\/td><\/tr><tr><td class=\"has-text-align-center\" data-align=\"center\">Anlam\u0131<\/td><td class=\"has-text-align-center\" data-align=\"center\">G\u00f6zlemlenebilir eylemler, davran\u0131\u015flar, tav\u0131rlar veya birinin ya da bir \u015feyin davran\u0131\u015f bi\u00e7imi.<\/td><\/tr><tr><td class=\"has-text-align-center\" data-align=\"center\">Kullan\u0131m<\/td><td class=\"has-text-align-center\" data-align=\"center\">T\u00fcm ba\u011flamlarda ayn\u0131d\u0131r; sadece kulland\u0131\u011f\u0131n\u0131z \u0130ngilizce varyant\u0131na g\u00f6re yaz\u0131m de\u011fi\u015fir.<\/td><\/tr><\/tbody><\/table><\/figure>\n\n\n\n<ul class=\"wp-block-list\">\n<li>K\u00f6ken ve Anlay\u0131\u015f<\/li>\n<\/ul>\n\n\n\n<p>Birle\u015fik Devletler neden \u2018u\u2019 harfini b\u0131rakt\u0131? Bunun nedeni <strong>Noah Webster.<\/strong><\/p>\n\n\n\n<p>Davran\u0131\u015f\u0131n m\u0131 yoksa davran\u0131\u015f\u0131n m\u0131 \u00f6nce geldi\u011fini merak ettiyseniz, \u0130ngiliz yaz\u0131m\u0131 ge\u00e7mi\u015fe dayan\u0131yor, ancak Amerikan versiyonunun belirli bir mimar\u0131 var.<\/p>\n\n\n\n<p>Noah Webster, genellikle \u201c<a href=\"https:\/\/en.wikipedia.org\/wiki\/Noah_Webster\" target=\"_blank\" rel=\"noreferrer noopener\">Amerikan Burs ve E\u011fitiminin Babas\u0131<\/a>,\u201d yeni ulus i\u00e7in farkl\u0131 bir kimlik yaratmak istedi.&nbsp;<\/p>\n\n\n\n<p>Amerikan \u0130ngilizcesinin \u0130ngilizceden daha basit ve \u00f6\u011frenilmesi daha kolay olmas\u0131 gerekti\u011fine inan\u0131yordu.<\/p>\n\n\n\n<ul class=\"wp-block-list\">\n<li>\u0130lk s\u00f6zl\u00fc\u011f\u00fcn\u00fc 1806'da yay\u0131nlad\u0131 ve ard\u0131ndan ba\u015fyap\u0131t\u0131 geldi, <a href=\"https:\/\/www.historyofinformation.com\/detail.php?entryid=3679\" target=\"_blank\" rel=\"noreferrer noopener\">An American Dictionary of the English Language<\/a>, 1828'de.<\/li>\n<\/ul>\n\n\n\n<ul class=\"wp-block-list\">\n<li>Renk, onur ve iyilik gibi kelimelerden sistematik olarak \u2018u\u2019 harfini kald\u0131rd\u0131.<\/li>\n<\/ul>\n\n\n\n<ul class=\"wp-block-list\">\n<li>\u201cBlue-Backed Speller\u201d adl\u0131 ders kitaplar\u0131 1890 y\u0131l\u0131na kadar 60 milyondan fazla satt\u0131. Neredeyse her Amerikal\u0131 \u00e7ocuk okumay\u0131 Webster'\u0131n kitaplar\u0131n\u0131 kullanarak \u00f6\u011frendi\u011fi i\u00e7in, \u201cdavran\u0131\u015f\u201d hecelemesi Amerikan k\u00fclt\u00fcr\u00fcnde kal\u0131c\u0131 olarak yerle\u015fti.<\/li>\n<\/ul>\n\n\n\n<p>Amerikal\u0131lar basitle\u015ftirirken, \u0130ngilizler geleneklerine ba\u011fl\u0131 kald\u0131lar.<\/p>\n\n\n\n<p>\u201cDavran\u0131\u015f\u201d yaz\u0131m\u0131nda \u2018u\u2019 harfi korunur, \u00e7\u00fcnk\u00fc kelimenin Frans\u0131zca k\u00f6kenini muhafaza eder.&nbsp;<\/p>\n\n\n\n<p>Samuel Johnson (1755 tarihli \u00fcnl\u00fc s\u00f6zl\u00fc\u011f\u00fcnde) gibi \u00f6nde gelen \u0130ngiliz s\u00f6zl\u00fckbilimciler, Frans\u0131zcadan etkilenen bu yaz\u0131mlar\u0131 geli\u015fmi\u015flik ve tarih standard\u0131 olarak korumu\u015flard\u0131r.<\/p>\n\n\n\n<p>Bu durum, yaz\u0131m farkl\u0131l\u0131\u011f\u0131na ra\u011fmen davran\u0131\u015f veya davran\u0131\u015f anlam\u0131n\u0131n bug\u00fcn neden tamamen ayn\u0131 kald\u0131\u011f\u0131n\u0131 a\u00e7\u0131klamaktad\u0131r.<\/p>\n\n\n<div class=\"wp-block-image\">\n<figure class=\"aligncenter size-full\"><img loading=\"lazy\" decoding=\"async\" width=\"541\" height=\"539\" src=\"https:\/\/undetectable.ai/blog\/wp-content\/uploads\/2026\/01\/America-and-England-meme.jpg\" alt=\"\" class=\"wp-image-19558\" title=\"\" srcset=\"https:\/\/undetectable.ai/blog\/wp-content\/uploads\/2026\/01\/America-and-England-meme.jpg 541w, https:\/\/undetectable.ai/blog\/wp-content\/uploads\/2026\/01\/America-and-England-meme-300x300.jpg 300w, https:\/\/undetectable.ai/blog\/wp-content\/uploads\/2026\/01\/America-and-England-meme-150x150.jpg 150w, https:\/\/undetectable.ai/blog\/wp-content\/uploads\/2026\/01\/America-and-England-meme-12x12.jpg 12w\" sizes=\"auto, (max-width: 541px) 100vw, 541px\" \/><\/figure><\/div>\n\n\n<p class=\"has-text-align-center\"><strong>Kaynak<\/strong> = <a href=\"https:\/\/www.pinterest.com\/heliasarraf\/meme\/\" data-type=\"link\" data-id=\"https:\/\/www.pinterest.com\/heliasarraf\/meme\/\" rel=\"nofollow noopener\" target=\"_blank\">Pinterest<\/a><\/p>\n\n\n\n<h2 class=\"wp-block-heading\">Davran\u0131\u015f Ne Zaman Kullan\u0131l\u0131r?<\/h2>\n\n\n\n<p>Uluslararas\u0131 bir izleyici kitlesi i\u00e7in davran\u0131\u015f m\u0131 yoksa davran\u0131\u015f m\u0131 diye soruyorsan\u0131z, i\u015fte \u201cdavran\u0131\u015f\u201d kelimesini kullanman\u0131z gereken 5 yer:<\/p>\n\n\n\n<ol class=\"wp-block-list\">\n<li><strong>\u0130ngiliz ve \u0130ngiliz Milletler Toplulu\u011fu Kitleleri i\u00e7in Yazarken (Co\u011frafi Ba\u011flam)<\/strong><\/li>\n<\/ol>\n\n\n\n<p>Birle\u015fik Krall\u0131k, Kanada, Avustralya, Yeni Zelanda, Hindistan, G\u00fcney Afrika ve \u00e7o\u011fu \u0130ngiliz Milletler Toplulu\u011fu \u00fclkesindeki okuyucular i\u00e7in yazarken \u201cdavran\u0131\u015f\u201d ifadesini kullan\u0131n.<\/p>\n\n\n\n<p>Kanada'daki davran\u0131\u015f veya davran\u0131\u015flar\u0131 merak ediyorsan\u0131z, standart akademik ve resmi yaz\u0131m \u015f\u00f6yledir <strong>davran\u0131\u015f<\/strong>. Ancak, ABD'ye yak\u0131nl\u0131\u011f\u0131 nedeniyle, baz\u0131 i\u015f ba\u011flamlar\u0131nda \u201cdavran\u0131\u015f\u201d g\u00f6receksiniz.<\/p>\n\n\n\n<p><strong>\u00d6rnekler:<\/strong><\/p>\n\n\n\n<ul class=\"wp-block-list\">\n<li><em>Bu \u00e7al\u0131\u015fma, \u00e7evrimi\u00e7i pazar yerlerindeki t\u00fcketici davran\u0131\u015flar\u0131n\u0131 incelemektedir.<\/em><\/li>\n\n\n\n<li><em>Uzaktan \u00e7al\u0131\u015fma s\u0131ras\u0131nda \u00e7al\u0131\u015fan davran\u0131\u015flar\u0131 \u00fcretkenli\u011fin artt\u0131\u011f\u0131n\u0131 g\u00f6stermi\u015ftir.<\/em><\/li>\n\n\n\n<li><em>Yeni politika kamusal alanlardaki antisosyal davran\u0131\u015flar\u0131 ele almaktad\u0131r.<\/em><\/li>\n<\/ul>\n\n\n\n<ol start=\"2\" class=\"wp-block-list\">\n<li><strong>\u0130ngiliz Tarz\u0131 Akademik ve Bilimsel Dergilerde Yay\u0131n Yaparken<\/strong><\/li>\n<\/ol>\n\n\n\n<p>Birle\u015fik Krall\u0131k merkezli veya \u0130ngiliz stil k\u0131lavuzlar\u0131n\u0131 takip eden bir\u00e7ok uluslararas\u0131 dergi \u201cdavran\u0131\u015f\u201d yaz\u0131m\u0131n\u0131 gerektirir.\u201d<\/p>\n\n\n\n<p>&nbsp;Bu kural genellikle s\u0131k\u0131 bir \u015fekilde uygulan\u0131r, bu nedenle burada davran\u0131\u015f veya davran\u0131\u015f oldu\u011funu tahmin etmeye gerek yoktur.<\/p>\n\n\n\n<p><strong>\u00d6rnekler:<\/strong><\/p>\n\n\n\n<ul class=\"wp-block-list\">\n<li><em>Terapist hastada al\u0131\u015f\u0131lmad\u0131k davran\u0131\u015f kal\u0131plar\u0131 g\u00f6zlemlemi\u015ftir.<\/em><\/li>\n\n\n\n<li><em>Hayvan davran\u0131\u015f\u0131 \u00e7al\u0131\u015fmalar\u0131 karma\u015f\u0131k sosyal hiyerar\u015fileri ortaya koymaktad\u0131r.<\/em><\/li>\n\n\n\n<li><em>S\u0131n\u0131f i\u00e7i davran\u0131\u015f y\u00f6netimi teknikleri k\u00fclt\u00fcrler aras\u0131nda farkl\u0131l\u0131k g\u00f6stermektedir.<\/em><\/li>\n<\/ul>\n\n\n\n<ol start=\"3\" class=\"wp-block-list\">\n<li><strong>\u0130ngiliz Merkezli \u015eirketler ve Profesyonel \u0130leti\u015fim \u0130\u00e7in Yazarken<\/strong><\/li>\n<\/ol>\n\n\n\n<p>\u0130ngiliz kurulu\u015flar\u0131yla veya Birle\u015fik Krall\u0131k \u0130ngilizcesi standartlar\u0131n\u0131 takip eden uluslararas\u0131 firmalarla ileti\u015fim kurarken \u201cdavran\u0131\u015f\u201d ifadesini kullan\u0131n.<\/p>\n\n\n\n<p><strong>\u00d6rnekler:<\/strong><\/p>\n\n\n\n<ul class=\"wp-block-list\">\n<li><em>\u015eirketimiz, t\u00fcm m\u00fc\u015fteri etkile\u015fimlerinde profesyonel davran\u0131\u015flara de\u011fer vermektedir.<\/em><\/li>\n\n\n\n<li><em>\u0130\u015fyerindeki uygunsuz davran\u0131\u015flar disiplin cezas\u0131yla sonu\u00e7lanacakt\u0131r.<\/em><\/li>\n\n\n\n<li><em>T\u00fcketici davran\u0131\u015flar\u0131n\u0131 anlamak marka stratejimizin temelini olu\u015fturmaktad\u0131r.<\/em><\/li>\n<\/ul>\n\n\n\n<ol start=\"4\" class=\"wp-block-list\">\n<li><strong>\u0130ngiliz Medya ve Yay\u0131nevlerinde Yay\u0131n Yaparken<\/strong><\/li>\n<\/ol>\n\n\n\n<p>\u0130ngiliz gazeteleri, yay\u0131nc\u0131lar\u0131 ve yay\u0131nc\u0131lar\u0131 s\u00fcrekli olarak \u201cdavran\u0131\u015f\u201d kelimesini kullanmaktad\u0131r.\u201d<\/p>\n\n\n\n<p><strong>\u00d6rnekler:<\/strong><\/p>\n\n\n\n<ul class=\"wp-block-list\">\n<li><em>Politikac\u0131n\u0131n davran\u0131\u015f\u0131 Parlamento'da tart\u0131\u015fmalara yol a\u00e7t\u0131.<\/em><\/li>\n\n\n\n<li><em>Sosyal medya insan davran\u0131\u015flar\u0131n\u0131 temelden de\u011fi\u015ftirdi.<\/em><\/li>\n\n\n\n<li><em>Bu b\u00f6l\u00fcm ergenlik d\u00f6nemindeki sapk\u0131n davran\u0131\u015flar\u0131 incelemektedir.<\/em><\/li>\n<\/ul>\n\n\n\n<ol start=\"5\" class=\"wp-block-list\">\n<li><strong>\u0130ngiliz Yaz\u0131m Kurallar\u0131 ile Tutarl\u0131l\u0131k Sa\u011flan\u0131rken<\/strong><\/li>\n<\/ol>\n\n\n\n<p>\u0130\u00e7eri\u011finizde renk, onur, iyilik veya program gibi di\u011fer \u0130ngiliz yaz\u0131l\u0131\u015flar\u0131 kullan\u0131l\u0131yorsa, tutarl\u0131l\u0131\u011f\u0131 ve g\u00fcvenilirli\u011fi korumak i\u00e7in \u201cdavran\u0131\u015f\u201d kelimesini de kullanmal\u0131s\u0131n\u0131z.<\/p>\n\n\n\n<p><strong>\u00d6rnekler:<\/strong><\/p>\n\n\n\n<ul class=\"wp-block-list\">\n<li><em>Program, \u00e7ocuklar\u0131n davran\u0131\u015flar\u0131n\u0131 inceleyerek renk ve \u0131\u015f\u0131\u011f\u0131n ruh hallerini nas\u0131l etkiledi\u011fine dikkat \u00e7ekti.<\/em><em><br><\/em><\/li>\n\n\n\n<li><em>Partinin tart\u0131\u015fma s\u0131ras\u0131ndaki tutumu, kampanya vaatlerini yerine getirme konusundaki kararl\u0131l\u0131\u011f\u0131n\u0131 yans\u0131tmaktad\u0131r.<\/em><\/li>\n<\/ul>\n\n\n\n<p>Kanada'da davran\u0131\u015f ya da tutum konusunda kafan\u0131z kar\u0131\u015ft\u0131ysa, h\u00fck\u00fcmet, akademik ve resmi yaz\u0131lar i\u00e7in standart \u201cdavran\u0131\u015f \u201dt\u0131r (\u0130ngiliz stili), ancak Amerikan versiyonunu ABD i\u015f d\u00fcnyas\u0131na yak\u0131n yerlerde g\u00f6rebilirsiniz.<\/p>\n\n\n<div class=\"wp-block-image\">\n<figure class=\"aligncenter size-large\"><img loading=\"lazy\" decoding=\"async\" width=\"1024\" height=\"430\" src=\"https:\/\/undetectable.ai/blog\/wp-content\/uploads\/2026\/01\/Behavior-or-Behaviour-US-and-UK-1024x430.jpg\" alt=\"\" class=\"wp-image-19557\" title=\"\" srcset=\"https:\/\/undetectable.ai/blog\/wp-content\/uploads\/2026\/01\/Behavior-or-Behaviour-US-and-UK-1024x430.jpg 1024w, https:\/\/undetectable.ai/blog\/wp-content\/uploads\/2026\/01\/Behavior-or-Behaviour-US-and-UK-300x126.jpg 300w, https:\/\/undetectable.ai/blog\/wp-content\/uploads\/2026\/01\/Behavior-or-Behaviour-US-and-UK-768x323.jpg 768w, https:\/\/undetectable.ai/blog\/wp-content\/uploads\/2026\/01\/Behavior-or-Behaviour-US-and-UK-18x8.jpg 18w, https:\/\/undetectable.ai/blog\/wp-content\/uploads\/2026\/01\/Behavior-or-Behaviour-US-and-UK.jpg 1536w\" sizes=\"auto, (max-width: 1024px) 100vw, 1024px\" \/><\/figure><\/div>\n\n\n<p class=\"has-text-align-center\"><strong>Kaynak<\/strong> = <a href=\"https:\/\/www.businesswritingblog.com\/business_writing\/2021\/12\/behavior-vs-behaviour-which-should-you-use.html\" data-type=\"link\" data-id=\"https:\/\/www.businesswritingblog.com\/business_writing\/2021\/12\/behavior-vs-behaviour-which-should-you-use.html\" rel=\"nofollow noopener\" target=\"_blank\">Business Writing Blog<\/a><\/p>\n\n\n\n<h2 class=\"wp-block-heading\">Davran\u0131\u015f Ne Zaman Kullan\u0131lmal\u0131<\/h2>\n\n\n\n<p>\u0130\u015fte \u201cdavran\u0131\u015f\u201d kelimesini kullanman\u0131z gereken 5 yer:<\/p>\n\n\n\n<ol class=\"wp-block-list\">\n<li><strong>Amerikan Kitlesi \u0130\u00e7in Yazarken<\/strong><\/li>\n<\/ol>\n\n\n\n<p>Amerika Birle\u015fik Devletleri, Filipinler ve genellikle ABD \u0130ngilizcesinin varsay\u0131lan ortak dil oldu\u011fu uluslararas\u0131 i\u015f ba\u011flamlar\u0131ndaki kitleler i\u00e7in \u201cdavran\u0131\u015f\u201d ifadesini kullan\u0131n.<\/p>\n\n\n\n<p>Bu durumlarda, davran\u0131\u015f ya da tutum sorunu \u00e7\u00f6z\u00fclm\u00fc\u015ft\u00fcr: \u2018u\u2019 harfini at\u0131n.<\/p>\n\n\n\n<ol start=\"2\" class=\"wp-block-list\">\n<li><strong>Teknoloji ve Kodlama ile \u00c7al\u0131\u015f\u0131rken<\/strong><\/li>\n<\/ol>\n\n\n\n<p>\u00c7o\u011fu programlama dili (HTML, CSS, JavaScript) Amerikan yaz\u0131m\u0131n\u0131 temel al\u0131r. Kodda \u201cbehaviour\u201d yazmak hatalara neden olacakt\u0131r.<\/p>\n\n\n\n<p><strong>Do\u011fru:<\/strong> CSS Kodu: html { scroll-behavior: smooth; }<\/p>\n\n\n\n<p><strong>Yanl\u0131\u015f:<\/strong> CSS Kodu: html { scroll-behaviour: smooth; }<\/p>\n\n\n\n<ol start=\"3\" class=\"wp-block-list\">\n<li><strong>Amerikan Akademik Stillerini (APA &amp; MLA) Takip Ederken<\/strong><\/li>\n<\/ol>\n\n\n\n<p>Belgeniz APA veya MLA format\u0131n\u0131 takip ediyorsa, her zaman \u201cdavran\u0131\u015f\u201d kullan\u0131n. Bu standartlar \u00e7o\u011fu ABD \u00fcniversitesi ve dergisi taraf\u0131ndan zorunlu tutulmaktad\u0131r.<\/p>\n\n\n\n<p><strong>\u00d6rnekler:<\/strong><\/p>\n\n\n\n<ul class=\"wp-block-list\">\n<li><em>Bili\u015fsel Davran\u0131\u015f\u00e7\u0131 Terapi (BDT) anksiyete i\u00e7in etkilidir.<\/em><\/li>\n\n\n\n<li><em>\u00c7al\u0131\u015fma, h\u00fccrelerin bas\u0131n\u00e7 alt\u0131ndaki davran\u0131\u015flar\u0131n\u0131 izliyor.<\/em><\/li>\n\n\n\n<li><em>Uygulamal\u0131 Davran\u0131\u015f Analizi Dergisi.<\/em><\/li>\n<\/ul>\n\n\n\n<ol start=\"4\" class=\"wp-block-list\">\n<li><strong>Psikoloji ve Davran\u0131\u015f\u00e7\u0131l\u0131ktan Bahsederken<\/strong><\/li>\n<\/ol>\n\n\n\n<p>Davran\u0131\u015f\u00e7\u0131l\u0131k olarak bilinen psikoloji ekol\u00fc, k\u00fcresel olarak Amerikan yaz\u0131m\u0131n\u0131 kullanmaktad\u0131r.&nbsp;<\/p>\n\n\n\n<p>Genellikle \u0130ngiliz \u0130ngilizcesi kullan\u0131yor olsan\u0131z bile, bu \u00f6zel terim i\u00e7in davran\u0131\u015f m\u0131 yoksa davran\u0131\u015f m\u0131 diye sorabilirsiniz. Cevap genellikle belirli bir psikolojik hareket i\u00e7in Amerikan versiyonudur.<\/p>\n\n\n\n<p><strong>\u00d6rnekler:<\/strong><\/p>\n\n\n\n<ul class=\"wp-block-list\">\n<li><em>Skinner radikal davran\u0131\u015f\u00e7\u0131l\u0131\u011f\u0131n \u00f6nde gelen isimlerinden biriydi.<\/em><\/li>\n\n\n\n<li><em>Davran\u0131\u015fsal psikoloji g\u00f6zlemlenebilir eylemlere odaklan\u0131r.<\/em><\/li>\n<\/ul>\n\n\n\n<ol start=\"5\" class=\"wp-block-list\">\n<li><strong>Amerikan Yaz\u0131m Kurallar\u0131 ile Tutarl\u0131l\u0131k Sa\u011flan\u0131rken<\/strong><\/li>\n<\/ol>\n\n\n\n<p>\u0130\u00e7eri\u011finizde zaten color, center, analyze veya program gibi Amerikan yaz\u0131l\u0131\u015flar\u0131 kullan\u0131l\u0131yorsa, tutarl\u0131l\u0131\u011f\u0131 korumak i\u00e7in \u201cbehavior\u201d kullanman\u0131z gerekir.<\/p>\n\n\n\n<p><strong>\u00d6rnekler:<\/strong><\/p>\n\n\n\n<ul class=\"wp-block-list\">\n<li><em>Merkez, borsan\u0131n davran\u0131\u015f\u0131n\u0131 analiz etmektedir.<\/em><\/li>\n\n\n\n<li><em>Program, renk kodlu grafikler kullanarak kullan\u0131c\u0131 davran\u0131\u015f\u0131n\u0131 izler.<\/em><\/li>\n<\/ul>\n\n\n\n<h2 class=\"wp-block-heading\">Davran\u0131\u015f ve Davran\u0131\u015fla \u0130lgili Yayg\u0131n Hatalar<\/h2>\n\n\n\n<p>Davran\u0131\u015f ya da davran\u0131\u015f ayr\u0131m\u0131nda gezinirken yazarlar\u0131n yapt\u0131\u011f\u0131 yayg\u0131n hatalardan baz\u0131lar\u0131n\u0131 g\u00f6relim:<\/p>\n\n\n\n<figure class=\"wp-block-table\"><table class=\"has-fixed-layout\"><tbody><tr><td class=\"has-text-align-center\" data-align=\"center\"><strong>Hata<\/strong><\/td><td class=\"has-text-align-center\" data-align=\"center\"><strong>Yanl\u0131\u015f \u00d6rnek<\/strong><\/td><td class=\"has-text-align-center\" data-align=\"center\"><strong>Do\u011fru \u00d6rnek<\/strong><\/td><\/tr><tr><td class=\"has-text-align-center\" data-align=\"center\" rowspan=\"2\"><strong>Ayn\u0131 belge i\u00e7inde yaz\u0131mlar\u0131n kar\u0131\u015ft\u0131r\u0131lmas\u0131<\/strong><\/td><td class=\"has-text-align-center\" data-align=\"center\" rowspan=\"2\">Baz\u0131 davran\u0131\u015f sorunlar\u0131 devam etse de \u00f6\u011frencinin davran\u0131\u015flar\u0131 iyile\u015fmi\u015ftir.<\/td><td class=\"has-text-align-center\" data-align=\"center\"><strong>ABD:<\/strong> Baz\u0131 davran\u0131\u015f sorunlar\u0131 devam etse de \u00f6\u011frencinin davran\u0131\u015flar\u0131 iyile\u015fmi\u015ftir.<\/td><\/tr><tr><td class=\"has-text-align-center\" data-align=\"center\"><strong>\u0130NGILTERE:<\/strong> Baz\u0131 davran\u0131\u015f sorunlar\u0131 devam etse de \u00f6\u011frencinin davran\u0131\u015flar\u0131 iyile\u015fmi\u015ftir.<\/td><\/tr><tr><td class=\"has-text-align-center\" data-align=\"center\"><strong>\u0130ngiliz izleyiciler i\u00e7in Amerikan imlas\u0131n\u0131 kullanmak<\/strong><\/td><td class=\"has-text-align-center\" data-align=\"center\">\u015eirketin kriz s\u0131ras\u0131ndaki tutumu takdire \u015fayand\u0131. (Birle\u015fik Krall\u0131k izleyicileri)<\/td><td class=\"has-text-align-center\" data-align=\"center\">\u015eirketin kriz s\u0131ras\u0131ndaki tutumu takdire \u015fayand\u0131.<\/td><\/tr><tr><td class=\"has-text-align-center\" data-align=\"center\"><strong>\u0130lgili kelime formlar\u0131n\u0131 ayarlamay\u0131 unutmak<\/strong><\/td><td class=\"has-text-align-center\" data-align=\"center\">Davran\u0131\u015f psikolo\u011fu davran\u0131\u015f kal\u0131plar\u0131 \u00fczerinde \u00e7al\u0131\u015fm\u0131\u015ft\u0131r.<\/td><td class=\"has-text-align-center\" data-align=\"center\">Davran\u0131\u015f psikolo\u011fu davran\u0131\u015f kal\u0131plar\u0131n\u0131 inceledi.<\/td><\/tr><tr><td class=\"has-text-align-center\" data-align=\"center\"><strong>Amerikan akademik ba\u015fvurular\u0131nda \u0130ngiliz imlas\u0131n\u0131 kullanmak<\/strong><\/td><td class=\"has-text-align-center\" data-align=\"center\">Bu tez, \u00e7ok uluslu \u015firketlerdeki \u00f6rg\u00fctsel davran\u0131\u015flar\u0131 incelemektedir.<\/td><td class=\"has-text-align-center\" data-align=\"center\">Bu tez, \u00e7ok uluslu \u015firketlerde \u00f6rg\u00fctsel davran\u0131\u015f\u0131 incelemektedir.<\/td><\/tr><tr><td class=\"has-text-align-center\" data-align=\"center\"><strong>Bir yaz\u0131m\u0131n daha do\u011fru oldu\u011funu varsayarsak<\/strong><\/td><td class=\"has-text-align-center\" data-align=\"center\">Davran\u0131\u015f do\u011fru yaz\u0131md\u0131r; davran\u0131\u015f ise sadece basitle\u015ftirilmi\u015f bir versiyonudur.<\/td><td class=\"has-text-align-center\" data-align=\"center\">Her iki yaz\u0131m da do\u011frudur; se\u00e7im hedef kitleye ba\u011fl\u0131d\u0131r.<\/td><\/tr><\/tbody><\/table><\/figure>\n\n\n\n<p>Davran\u0131\u015f m\u0131 yoksa tutum mu gibi kat\u0131 kurallara uymaya o kadar odaklanmak kolayd\u0131r ki, yazd\u0131klar\u0131n\u0131z kat\u0131 veya robotik gelmeye ba\u015flar.<\/p>\n\n\n<div class=\"wp-block-image\">\n<figure class=\"aligncenter size-large\"><img loading=\"lazy\" decoding=\"async\" width=\"1024\" height=\"331\" src=\"https:\/\/undetectable.ai/blog\/wp-content\/uploads\/2025\/06\/Detector-and-Humanizer-e1755013940516-1024x331.jpg\" alt=\"Undetectable AI&#039;n\u0131n Geli\u015fmi\u015f Yapay Zeka Dedekt\u00f6r\u00fc ve Humanizer ara\u00e7lar\u0131 aray\u00fcz\u00fcn\u00fc g\u00f6steren ekran g\u00f6r\u00fcnt\u00fcs\u00fc\" class=\"wp-image-10230\" title=\"\" srcset=\"https:\/\/undetectable.ai/blog\/wp-content\/uploads\/2025\/06\/Detector-and-Humanizer-e1755013940516-1024x331.jpg 1024w, https:\/\/undetectable.ai/blog\/wp-content\/uploads\/2025\/06\/Detector-and-Humanizer-e1755013940516-300x97.jpg 300w, https:\/\/undetectable.ai/blog\/wp-content\/uploads\/2025\/06\/Detector-and-Humanizer-e1755013940516-768x249.jpg 768w, https:\/\/undetectable.ai/blog\/wp-content\/uploads\/2025\/06\/Detector-and-Humanizer-e1755013940516-18x6.jpg 18w, https:\/\/undetectable.ai/blog\/wp-content\/uploads\/2025\/06\/Detector-and-Humanizer-e1755013940516.jpg 1335w\" sizes=\"auto, (max-width: 1024px) 100vw, 1024px\" \/><\/figure><\/div>\n\n\n<p>\u00d6rneklerinizin ve ipu\u00e7lar\u0131n\u0131z\u0131n bir kural kitab\u0131 taraf\u0131ndan de\u011fil, bir insan taraf\u0131ndan yaz\u0131lm\u0131\u015f gibi g\u00f6r\u00fcnmesini sa\u011flamak:<\/p>\n\n\n\n<ol class=\"wp-block-list\">\n<li><strong>Robot Titre\u015fimlerini Kontrol Edin<\/strong>: Tasla\u011f\u0131n\u0131z\u0131 Tespit Edilemeyen Yapay Zekalar arac\u0131l\u0131\u011f\u0131yla \u00e7al\u0131\u015ft\u0131r\u0131n <a href=\"https:\/\/undetectable.ai\/\" target=\"_blank\" rel=\"noreferrer noopener\">Yapay Zeka Dedekt\u00f6r\u00fc<\/a>. Yapay veya a\u015f\u0131r\u0131 \u00fcretilmi\u015f gibi g\u00f6r\u00fcnen b\u00f6l\u00fcmleri vurgular.<\/li>\n<\/ol>\n\n\n\n<ol start=\"2\" class=\"wp-block-list\">\n<li><strong>\u0130nsani Bir Dokunu\u015f Ekleyin:<\/strong> Metniniz \u00e7ok kat\u0131 geliyorsa, Undetectable AI'n\u0131n <a href=\"https:\/\/undetectable.ai\/\" target=\"_blank\" rel=\"noreferrer noopener\">Yapay Zeka \u0130nsanc\u0131lla\u015ft\u0131r\u0131c\u0131<\/a>. \u0130\u00e7eri\u011finizin do\u011fal bir \u015fekilde okunmas\u0131n\u0131 sa\u011flamak i\u00e7in i\u00e7eri\u011finizi yeniden ifade eder, tavsiyelerinizin g\u00fcnl\u00fck okuyucular i\u00e7in ili\u015fkilendirilebilir ve pratik hissettirmesini sa\u011flar.<\/li>\n<\/ol>\n\n\n\n<p class=\"has-text-align-center\">[<a href=\"https:\/\/undetectable.ai\/\" target=\"_blank\" rel=\"noreferrer noopener\">Daha \u0130yi Etkile\u015fim \u0130\u00e7in Yaz\u0131n\u0131z\u0131 \u0130nsanile\u015ftirin<\/a>]<\/p>\n\n\n\n<h2 class=\"wp-block-heading\">\u00d6rnekler: Davran\u0131\u015f vs Davran\u0131\u015f<\/h2>\n\n\n\n<p><strong>Davran\u0131\u015f \u00d6rnekleri (\u0130ngiliz\/Commonwealth \u0130ngilizcesi)<\/strong><\/p>\n\n\n\n<ol class=\"wp-block-list\">\n<li>\u00d6\u011fretmen, okul toplant\u0131s\u0131 s\u0131ras\u0131nda \u00f6\u011frencileri \u00f6rnek davran\u0131\u015flar\u0131ndan dolay\u0131 \u00f6vd\u00fc.<\/li>\n\n\n\n<li>Bilim insanlar\u0131, g\u00f6\u00e7 modellerini ve hayatta kalma i\u00e7g\u00fcd\u00fclerini anlamak i\u00e7in hayvan davran\u0131\u015flar\u0131n\u0131 inceliyor.<\/li>\n\n\n\n<li>Toplant\u0131daki tuhaf davran\u0131\u015flar\u0131 meslekta\u015flar\u0131 aras\u0131nda endi\u015feye yol a\u00e7t\u0131.<\/li>\n\n\n\n<li>Terapist, obsesif-kompulsif davran\u0131\u015f bozukluklar\u0131n\u0131n tedavisinde uzmanla\u015fm\u0131\u015ft\u0131r.<\/li>\n\n\n\n<li>T\u00fcketici davran\u0131\u015f\u0131 ara\u015ft\u0131rmalar\u0131, al\u0131\u015fveri\u015f yapanlar\u0131n s\u00fcrd\u00fcr\u00fclebilir \u00fcr\u00fcnleri tercih etti\u011fini ortaya koymaktad\u0131r.<\/li>\n\n\n\n<li>Okul, uygunsuz davran\u0131\u015flar\u0131 ele almak i\u00e7in kat\u0131 zorbal\u0131k kar\u015f\u0131t\u0131 politikalar uygulamaktad\u0131r.<\/li>\n\n\n\n<li>\u00d6rg\u00fctsel davran\u0131\u015f \u00e7al\u0131\u015fmalar\u0131, i\u015fyeri dinamikleri ve \u00e7al\u0131\u015fan motivasyonuna odaklanmaktad\u0131r.<\/li>\n\n\n\n<li>\u00c7ocu\u011fun y\u0131k\u0131c\u0131 davran\u0131\u015flar\u0131 dan\u0131\u015fmanl\u0131k seanslar\u0131ndan sonra \u00f6nemli \u00f6l\u00e7\u00fcde d\u00fczelmi\u015ftir.<\/li>\n\n\n\n<li>Politikac\u0131n\u0131n tart\u0131\u015fmal\u0131 davran\u0131\u015f\u0131 kamuoyunda yayg\u0131n ele\u015ftirilere yol a\u00e7t\u0131.<\/li>\n\n\n\n<li>Davran\u0131\u015fsal ekonomi, psikolojik fakt\u00f6rlerin finansal kararlar\u0131 nas\u0131l etkiledi\u011fini inceler.<\/li>\n<\/ol>\n\n\n\n<p><strong>Davran\u0131\u015f \u00d6rnekleri (Amerikan \u0130ngilizcesi)<\/strong><\/p>\n\n\n\n<ol class=\"wp-block-list\">\n<li>M\u00fcd\u00fcr, birka\u00e7 \u00f6\u011frenci taraf\u0131ndan sergilenen kabul edilemez davran\u0131\u015flar\u0131 ele alm\u0131\u015ft\u0131r.<\/li>\n\n\n\n<li>Ara\u015ft\u0131rmac\u0131lar, insan evrimi hakk\u0131nda bilgi edinmek i\u00e7in primat davran\u0131\u015flar\u0131n\u0131 analiz etti.<\/li>\n\n\n\n<li>D\u00fczensiz davran\u0131\u015flar\u0131 \u015fiddetli stres ya\u015f\u0131yor olabilece\u011fini d\u00fc\u015f\u00fcnd\u00fcrm\u00fc\u015ft\u00fcr.<\/li>\n\n\n\n<li>Psikiyatrist, anksiyete bozukluklar\u0131 i\u00e7in bili\u015fsel davran\u0131\u015f\u00e7\u0131 terapiye odaklanmaktad\u0131r.<\/li>\n\n\n\n<li>Pazarlama ekipleri, sat\u0131n alma e\u011filimlerini tahmin etmek i\u00e7in davran\u0131\u015f analiti\u011fini kullan\u0131yor.<\/li>\n\n\n\n<li>\u015eirketin davran\u0131\u015f kurallar\u0131, beklenen profesyonel davran\u0131\u015f standartlar\u0131n\u0131 \u00f6zetlemektedir.<\/li>\n\n\n\n<li>\u00d6rg\u00fctsel davran\u0131\u015f uzmanlar\u0131 liderlikte \u015feffaf ileti\u015fimi \u00f6nermektedir.<\/li>\n\n\n\n<li>Y\u00fcr\u00fcmeye ba\u015flayan \u00e7ocu\u011fun zorlay\u0131c\u0131 davran\u0131\u015flar\u0131 tutarl\u0131 pozitif peki\u015ftirme ile iyile\u015fti.<\/li>\n\n\n\n<li>Senat\u00f6r\u00fcn etik d\u0131\u015f\u0131 davran\u0131\u015f\u0131 her iki partiden de istifa \u00e7a\u011fr\u0131lar\u0131na yol a\u00e7t\u0131.<\/li>\n\n\n\n<li>Davran\u0131\u015fsal ekonomistler, duygular\u0131n yat\u0131r\u0131mc\u0131lar\u0131n karar alma s\u00fcre\u00e7lerini nas\u0131l etkiledi\u011fini incelemektedir.<\/li>\n<\/ol>\n\n\n\n<p><strong>\u0130\u00e7eri\u011finiz 100% Benzersiz mi? <\/strong>Yayg\u0131n dilbilgisi kurallar\u0131n\u0131 a\u00e7\u0131klarken veya \u00f6rnekler verirken, mevcut i\u00e7eri\u011fi yanl\u0131\u015fl\u0131kla \u00e7ok yak\u0131ndan yans\u0131tmak kolayd\u0131r.<\/p>\n\n\n<div class=\"wp-block-image\">\n<figure class=\"aligncenter size-full\"><img loading=\"lazy\" decoding=\"async\" width=\"609\" height=\"318\" src=\"https:\/\/undetectable.ai/blog\/wp-content\/uploads\/2025\/05\/Plagiarism-Checker.jpg\" alt=\"\" class=\"wp-image-8782\" title=\"\" srcset=\"https:\/\/undetectable.ai/blog\/wp-content\/uploads\/2025\/05\/Plagiarism-Checker.jpg 609w, https:\/\/undetectable.ai/blog\/wp-content\/uploads\/2025\/05\/Plagiarism-Checker-300x157.jpg 300w, https:\/\/undetectable.ai/blog\/wp-content\/uploads\/2025\/05\/Plagiarism-Checker-18x9.jpg 18w\" sizes=\"auto, (max-width: 609px) 100vw, 609px\" \/><\/figure><\/div>\n\n\n<p>\u00c7al\u0131\u015fmalar\u0131n\u0131z\u0131 Undetectable AI'dan ge\u00e7irerek a\u00e7\u0131klamalar\u0131n\u0131z\u0131n, \u00f6rneklerinizin ve kullan\u0131m k\u0131lavuzunuzun tamamen orijinal oldu\u011fundan emin olun <a href=\"https:\/\/undetectable.ai\/ai-plagiarism-checker\" target=\"_blank\" rel=\"noreferrer noopener\">\u0130ntihal Denetleyicisi<\/a>.&nbsp;<\/p>\n\n\n\n<p>Yaz\u0131n\u0131z\u0131n benzersiz, orijinal ve yay\u0131nlamak i\u00e7in g\u00fcvenli oldu\u011funu do\u011frulamak i\u00e7in metninizi tarar.<\/p>\n\n\n\n<p class=\"has-text-align-center\">[<a href=\"https:\/\/undetectable.ai\/ai-plagiarism-checker\" target=\"_blank\" rel=\"noreferrer noopener\">\u0130\u00e7eri\u011finizin \u00d6zg\u00fcnl\u00fc\u011f\u00fcn\u00fc Kontrol Edin<\/a>]<\/p>\n\n\n\n<p>Yapay Zeka Dedekt\u00f6r\u00fcm\u00fcz\u00fc ve \u0130nsanla\u015ft\u0131r\u0131c\u0131m\u0131z\u0131 do\u011frudan a\u015fa\u011f\u0131daki widget'ta kullan\u0131n!<\/p>\n\n\n\n<div id=\"uai-widget\" data-affiliate-link=\"https:\/\/undetectable.ai\/?_by=hi4km\"><script>var js = document.createElement(\"script\");js.async = true;js.src = \"https:\/\/widget.undetectable.ai\/js\/widget-loader.js?t=\"+Date.now();document.getElementsByTagName(\"head\")[0].appendChild(js);<\/script><\/div>\n\n\n\n<h2 class=\"wp-block-heading\">Son D\u00fc\u015f\u00fcnceler<\/h2>\n\n\n\n<p>\u0130\u015fte g\u00f6rd\u00fcn\u00fcz. B\u00fcy\u00fck davran\u0131\u015f ya da davran\u0131\u015f sava\u015f\u0131 do\u011fru ya da yanl\u0131\u015fla ilgili de\u011fildir; nerede durdu\u011funuzla ilgilidir.<\/p>\n\n\n\n<p>Londra'daysan\u0131z veya Toronto'daki bir giri\u015fim i\u00e7in kod yaz\u0131yorsan\u0131z (Kanada'daki davran\u0131\u015f veya tutum \u2018u'ya meyillidir!), fazladan sesli harfi tercih edebilirsiniz. New York'taysan\u0131z veya CSS yaz\u0131yorsan\u0131z, b\u0131rak\u0131rs\u0131n\u0131z.<\/p>\n\n\n\n<p>Dil nadiren siyah ve beyazd\u0131r, daha \u00e7ok \u201crenk\u201d ve \u201crenk\u201d gibidir.\u201d&nbsp;<\/p>\n\n\n\n<p>En \u00f6nemli \u015fey 1828'den kalma bir kural kitab\u0131n\u0131 ezberlemek de\u011fil, izleyicilerinizi tan\u0131makt\u0131r.&nbsp;<\/p>\n\n\n\n<p>Unutmay\u0131n: Nas\u0131l hecelerseniz heceleyin, kimse k\u00f6t\u00fc davran\u0131\u015ftan (veya davran\u0131\u015flardan) ho\u015flanmaz. Bu y\u00fczden devam edin, kendinize g\u00fcvenerek yaz\u0131n ve yaz\u0131m denetiminizi ate\u015fe vermemeye \u00e7al\u0131\u015f\u0131n.<\/p>\n\n\n\n<p>\u0130\u00e7inizin daha da rahat etmesi i\u00e7in son tasla\u011f\u0131n\u0131z\u0131 <a href=\"https:\/\/undetectable.ai\/\" target=\"_blank\" data-type=\"link\" data-id=\"https:\/\/undetectable.ai\/\" rel=\"noreferrer noopener\">Tespit Edilemeyen Yapay Zeka<\/a> B\u00f6ylece do\u011fal bir \u015fekilde okunur ve kendinden emin bir \u015fekilde insani kal\u0131r.<\/p>","protected":false},"excerpt":{"rendered":"","protected":false},"author":15,"featured_media":22901,"comment_status":"closed","ping_status":"closed","sticky":false,"template":"","format":"standard","meta":{"_themeisle_gutenberg_block_has_review":false,"footnotes":""},"categories":[31],"tags":[],"class_list":["post-19548","post","type-post","status-publish","format-standard","has-post-thumbnail","hentry","category-helpful-ai-content-tips"],"_links":{"self":[{"href":"https:\/\/undetectable.ai/blog\/tr\/wp-json\/wp\/v2\/posts\/19548","targetHints":{"allow":["GET"]}}],"collection":[{"href":"https:\/\/undetectable.ai/blog\/tr\/wp-json\/wp\/v2\/posts"}],"about":[{"href":"https:\/\/undetectable.ai/blog\/tr\/wp-json\/wp\/v2\/types\/post"}],"author":[{"embeddable":true,"href":"https:\/\/undetectable.ai/blog\/tr\/wp-json\/wp\/v2\/users\/15"}],"replies":[{"embeddable":true,"href":"https:\/\/undetectable.ai/blog\/tr\/wp-json\/wp\/v2\/comments?post=19548"}],"version-history":[{"count":7,"href":"https:\/\/undetectable.ai/blog\/tr\/wp-json\/wp\/v2\/posts\/19548\/revisions"}],"predecessor-version":[{"id":22904,"href":"https:\/\/undetectable.ai/blog\/tr\/wp-json\/wp\/v2\/posts\/19548\/revisions\/22904"}],"wp:featuredmedia":[{"embeddable":true,"href":"https:\/\/undetectable.ai/blog\/tr\/wp-json\/wp\/v2\/media\/22901"}],"wp:attachment":[{"href":"https:\/\/undetectable.ai/blog\/tr\/wp-json\/wp\/v2\/media?parent=19548"}],"wp:term":[{"taxonomy":"category","embeddable":true,"href":"https:\/\/undetectable.ai/blog\/tr\/wp-json\/wp\/v2\/categories?post=19548"},{"taxonomy":"post_tag","embeddable":true,"href":"https:\/\/undetectable.ai/blog\/tr\/wp-json\/wp\/v2\/tags?post=19548"}],"curies":[{"name":"wp","href":"https:\/\/api.w.org\/{rel}","templated":true}]}}