{"id":19655,"date":"2026-01-17T19:50:43","date_gmt":"2026-01-17T19:50:43","guid":{"rendered":"https:\/\/undetectable.ai/blog\/?p=19655"},"modified":"2026-01-30T22:00:40","modified_gmt":"2026-01-30T22:00:40","slug":"mavi-ayda-bir","status":"publish","type":"post","link":"https:\/\/undetectable.ai/blog\/tr\/mavi-ayda-bir","title":{"rendered":"Yaz\u0131da Once in a Blue Moon Kullan\u0131m\u0131: Anlam\u0131 ve \u0130pu\u00e7lar\u0131"},"content":{"rendered":"<p>Bunu her zaman duyars\u0131n\u0131z:<\/p>\n\n\n\n<p>\u201cSadece k\u0131rk y\u0131lda bir d\u0131\u015far\u0131 \u00e7\u0131kar\u0131m.\u201d<\/p>\n\n\n\n<p>\u201cB\u00f6yle bir \u015fans ancak k\u0131rk y\u0131lda bir gelir.\u201d<\/p>\n\n\n\n<p>\u201cOndan sadece k\u0131rk y\u0131lda bir haber alabiliyorum.\u201d<\/p>\n\n\n\n<p>Muhtemelen siz de hi\u00e7 d\u00fc\u015f\u00fcnmeden \u201ck\u0131rk y\u0131lda bir\u201d ifadesini \u00e7ok s\u0131k kullan\u0131yorsunuzdur.<\/p>\n\n\n\n<p>Dilden o kadar kolay d\u00f6k\u00fcl\u00fcyor ki... ama hi\u00e7 durup bu ifadenin ger\u00e7ekte ne anlama geldi\u011fini ya da nereden geldi\u011fini merak ettiniz mi?<\/p>\n\n\n\n<p>E\u011fer \u00f6yleyse, do\u011fru yerdesiniz! Bu yaz\u0131da, once in a blue moon ifadesinin ger\u00e7ek anlam\u0131n\u0131 a\u00e7\u0131kl\u0131yor, ifadenin tarih\u00e7esini, ger\u00e7ek ay ile nas\u0131l ba\u011flant\u0131l\u0131 oldu\u011funu ve son olarak ifadenin hem yaz\u0131l\u0131 hem de s\u00f6zl\u00fc dilde nas\u0131l do\u011fal bir \u015fekilde kullan\u0131laca\u011f\u0131n\u0131 vurguluyoruz.<\/p>\n\n\n\n<p><strong>TL: DR<\/strong> - \u201cOnce in a blue moon\u201d \u00e7ok nadiren ger\u00e7ekle\u015fen bir \u015feyi tan\u0131mlamak i\u00e7in kullan\u0131lan uzun s\u00fcredir kullan\u0131lan deyimsel bir ifadedir. \u0130fade soyut gibi g\u00f6r\u00fcnse de, asl\u0131nda k\u00f6kleri ger\u00e7ek ay evrelerine ve eski takvim sistemlerine dayanmaktad\u0131r.<\/p>\n\n\n\n<p>Hadi ba\u015flayal\u0131m.<\/p>\n\n\n\n<hr class=\"wp-block-separator has-alpha-channel-opacity\"\/>\n\n\n\n<p class=\"has-text-align-center\"><strong>\u00d6nemli \u00c7\u0131kar\u0131mlar<\/strong><\/p>\n\n\n\n<ul class=\"wp-block-list\">\n<li>\u201cOnce in a blue moon\u201d \u00e7ok nadiren veya neredeyse hi\u00e7 meydana gelmeyen bir olay\u0131 tan\u0131mlamak i\u00e7in kullan\u0131lan yayg\u0131n bir deyimdir.<\/li>\n<\/ul>\n\n\n\n<p><\/p>\n\n\n\n<ul class=\"wp-block-list\">\n<li>Bu deyim astronomi k\u00f6kenlidir ve tek bir takvim ay\u0131ndaki ikinci dolunaya ya da tek bir mevsimdeki d\u00f6rd\u00fcnc\u00fc dolunaya at\u0131fta bulunur.<\/li>\n<\/ul>\n\n\n\n<p><\/p>\n\n\n\n<ul class=\"wp-block-list\">\n<li>Deyim mecazi olsa da, ay yo\u011fun toz veya duman i\u00e7eren nadir atmosferik ko\u015fullar alt\u0131nda fiziksel olarak mavi g\u00f6r\u00fcnebilir, ancak bunun deyimin k\u00f6keni ile ilgisi yoktur.<\/li>\n<\/ul>\n\n\n\n<p><\/p>\n\n\n\n<ul class=\"wp-block-list\">\n<li>Bu ifade en \u00e7ok blog yaz\u0131lar\u0131 ve kurgu gibi g\u00fcndelik veya konu\u015fmaya dayal\u0131 yaz\u0131larda etkilidir, ancak hassasiyet gerektiren teknik veya bilimsel belgelerde ka\u00e7\u0131n\u0131lmal\u0131d\u0131r.<\/li>\n<\/ul>\n\n\n\n<p><\/p>\n\n\n\n<ul class=\"wp-block-list\">\n<li>Bu gibi deyimlerin do\u011fal bir \u015fekilde akmas\u0131n\u0131 ve d\u00fcz yaz\u0131n\u0131zda zorlama hissettirmemesini sa\u011flamak i\u00e7in, metni insanc\u0131lla\u015ft\u0131rmak ve ana dili \u0130ngilizce olan bir ki\u015finin tonuyla e\u015fle\u015fmesini sa\u011flamak i\u00e7in Alg\u0131lanamayan Yapay Zeka'y\u0131 kullanabilirsiniz.<\/li>\n<\/ul>\n\n\n\n<p><\/p>\n\n\n\n<hr class=\"wp-block-separator has-alpha-channel-opacity\"\/>\n\n\n\n<h2 class=\"wp-block-heading\"><strong><em>Mavi Ayda Bir<\/em><\/strong><strong> Anlam\u0131<\/strong><\/h2>\n\n\n\n<p>H\u0131zl\u0131 bir Google aramas\u0131yla \u015funlar\u0131 kolayca bulabilirsiniz <em>mavi ayda bir<\/em> nadir g\u00f6r\u00fclen bir olay\u0131 tan\u0131mlamak i\u00e7in kullan\u0131lan bir ifadedir, yani her hafta, her ay, hatta her y\u0131l ger\u00e7ekle\u015fmeyen t\u00fcrden bir \u015feydir.<\/p>\n\n\n\n<p>\u00d6rne\u011fin:<\/p>\n\n\n\n<ul class=\"wp-block-list\">\n<li>\u201cSadece k\u0131rk y\u0131lda bir fast food yerim.\u201d<\/li>\n\n\n\n<li>\u201cK\u0131rk y\u0131lda bir memleketini ziyaret eder.\u201d<\/li>\n\n\n\n<li>\u201cBurada k\u0131rk y\u0131lda bir kar g\u00f6r\u00fcr\u00fcz.\u201d<\/li>\n\n\n\n<li>\u201cB\u00f6yle f\u0131rsatlar k\u0131rk y\u0131lda bir gelir.\u201d<\/li>\n<\/ul>\n\n\n\n<p>Bu ifade aydan bahsediyor olsa da, bu ifadeyi kullanan insanlar asl\u0131nda aya at\u0131fta bulunmuyorlar. Bunun yerine, a\u015fa\u011f\u0131daki gibi kelimeler i\u00e7in mecazi bir k\u0131sayol olarak kullan\u0131yorlar <em>nadiren<\/em>, <em>Nadiren<\/em>veya <em>Neredeyse hi\u00e7.<\/em><\/p>\n\n\n\n<h3 class=\"wp-block-heading\"><strong>Bu Deyimsel \u0130fadeyi Anlamak<\/strong><\/h3>\n\n\n\n<p><em>Mavi ayda bir<\/em> klasik bir deyim \u00f6rne\u011fidir (kelimesi kelimesine al\u0131nmamas\u0131 gereken bir ifade). \u00c7o\u011fu insan bunu i\u00e7g\u00fcd\u00fcsel olarak anlar \u00e7\u00fcnk\u00fc nesiller boyunca g\u00fcnl\u00fck dilde kullan\u0131lm\u0131\u015ft\u0131r. <\/p>\n\n\n\n<p>Bunu duydu\u011funuzda, hemen kafan\u0131zda yer eder. Ne anlama geldi\u011fini d\u00fc\u015f\u00fcnmenize bile gerek kalmaz.<\/p>\n\n\n\n<p>Di\u011fer deyimler gibi, <em>mavi ayda bir<\/em> konu\u015fmalara ve yaz\u0131lara biraz ki\u015filik katar. \u00d6rne\u011fin, \u201cKi\u015fisel e-postalar\u0131m\u0131 k\u0131rk y\u0131lda bir kontrol ederim\u201d gibi bir \u015fey s\u00f6ylemek, \u201cE-postalar\u0131m\u0131 hi\u00e7 kontrol etmem\u201d demekten daha hafif ve daha insani hissettirir.\u201d<\/p>\n\n\n\n<p>Deyimlerin bu kadar etkili olmas\u0131n\u0131n nedeni budur. Anlam\u0131 h\u0131zl\u0131 bir \u015fekilde iletirken ayn\u0131 zamanda dilin daha do\u011fal, etkileyici ve ili\u015fkilendirilebilir hissettirmesini sa\u011flarlar.<\/p>\n\n\n\n<h2 class=\"wp-block-heading\"><strong><em>Mavi Ay'da bir kez: <\/em><\/strong><strong>K\u00f6keni ve Tarih\u00e7esi<\/strong><\/h2>\n\n\n<div class=\"wp-block-image\">\n<figure class=\"aligncenter size-large\"><img loading=\"lazy\" decoding=\"async\" width=\"1024\" height=\"683\" src=\"https:\/\/undetectable.ai/blog\/wp-content\/uploads\/2026\/01\/phases-of-the-moon-1024x683.jpg\" alt=\"ay\u0131n evreleri\" class=\"wp-image-19665\" title=\"\" srcset=\"https:\/\/undetectable.ai/blog\/wp-content\/uploads\/2026\/01\/phases-of-the-moon-1024x683.jpg 1024w, https:\/\/undetectable.ai/blog\/wp-content\/uploads\/2026\/01\/phases-of-the-moon-300x200.jpg 300w, https:\/\/undetectable.ai/blog\/wp-content\/uploads\/2026\/01\/phases-of-the-moon-768x512.jpg 768w, https:\/\/undetectable.ai/blog\/wp-content\/uploads\/2026\/01\/phases-of-the-moon-18x12.jpg 18w, https:\/\/undetectable.ai/blog\/wp-content\/uploads\/2026\/01\/phases-of-the-moon.jpg 1200w\" sizes=\"auto, (max-width: 1024px) 100vw, 1024px\" \/><\/figure><\/div>\n\n\n<p>Uzun zaman \u00f6nce <em>mavi ayda bir<\/em> G\u00fcndelik bir ifade haline gelen bu kavram, insanlar\u0131n zaman\u0131 nas\u0131l takip etti\u011fiyle, \u00f6zellikle de ay, takvim ve dolunaylar\u0131n aylar ve mevsimler aras\u0131nda nas\u0131l s\u0131raland\u0131\u011f\u0131yla ilgiliydi.<\/p>\n\n\n\n<h3 class=\"wp-block-heading\"><strong>\u0130fadenin Geldi\u011fi Yer<\/strong><\/h3>\n\n\n\n<p>Tarihsel olarak, yakla\u015f\u0131k her 29,5 g\u00fcnde bir dolunay g\u00f6r\u00fcl\u00fcr. Bu zamanlama modern takvim ay\u0131na uymaz, bu y\u00fczden ayn\u0131 ay i\u00e7inde iki dolunay olmas\u0131 m\u00fcmk\u00fcnd\u00fcr.<\/p>\n\n\n\n<p>Bu ger\u00e7ekle\u015fti\u011finde, ikincisine genellikle mavi ay denir.<\/p>\n\n\n\n<p>Bu ekstra ay s\u0131k s\u0131k ortaya \u00e7\u0131kmad\u0131\u011f\u0131 i\u00e7in, nadir durumlarla ili\u015fkilendirilmeye ba\u015fland\u0131. Zamanla insanlar bu ifadeyi kullanmaya ba\u015flad\u0131lar. <em>mavi ayda bir<\/em> g\u00fcnl\u00fck hayatta neredeyse hi\u00e7 ger\u00e7ekle\u015fmeyen herhangi bir \u015feyi tan\u0131mlamak i\u00e7in kullan\u0131l\u0131r.<\/p>\n\n\n\n<h3 class=\"wp-block-heading\"><strong>Almanaklar\u0131n ve Takvimlerin Rol\u00fc<\/strong><\/h3>\n\n\n\n<p>Bug\u00fcn bildi\u011fimiz anlam\u0131 b\u00fcy\u00fck \u00f6l\u00e7\u00fcde eski almanaklar ve mevsimsel ay say\u0131m sistemleri taraf\u0131ndan \u015fekillendirilmi\u015ftir.<\/p>\n\n\n\n<p>Baz\u0131 sistemlerde mavi ay, bir ay i\u00e7indeki ikinci dolunay de\u011fildi. <em>d\u00f6rd\u00fcnc\u00fc<\/em> Normalde sadece \u00fc\u00e7 dolunay olan bir mevsimde dolunay. Bu tan\u0131m dini takvimlerin do\u011fa ile uyumlu olmas\u0131na yard\u0131mc\u0131 olmu\u015ftur.<\/p>\n\n\n\n<p>Daha sonra, yanl\u0131\u015f bir yorumlama <a href=\"https:\/\/www.loc.gov\/everyday-mysteries\/astronomy\/item\/what-is-a-blue-moon-is-it-ever-really-blue\/\" target=\"_blank\" rel=\"noreferrer noopener\">1940'larda yay\u0131nland\u0131<\/a> mavi ay fikrini pop\u00fclerle\u015ftirdi. <em>ikinci<\/em> Ayn\u0131 ay i\u00e7inde dolunay.<\/p>\n\n\n\n<p>Bu versiyon, eski kurallara g\u00f6re teknik olarak yanl\u0131\u015f olmas\u0131na ra\u011fmen h\u0131zla yay\u0131ld\u0131 ve tutundu.<\/p>\n\n\n\n<p>Her iki tan\u0131m da ayn\u0131 fikre i\u015faret ediyor: Mavi ay, s\u0131k s\u0131k ger\u00e7ekle\u015fmeyen bir \u015feydir.<\/p>\n\n\n\n<h3 class=\"wp-block-heading\"><strong>Dolunay Hi\u00e7 Ger\u00e7ekten Maviye D\u00f6ner mi?<\/strong><\/h3>\n\n\n\n<p>\u0130\u015fte burada i\u015fler kar\u0131\u015f\u0131yor.<\/p>\n\n\n\n<p>Mavi g\u00f6r\u00fcnen bir ay <em>olabilir<\/em> olabilir, ancak bunun deyimle hi\u00e7bir ilgisi yoktur. Nadir atmosferik ko\u015fullarda, toz, duman veya k\u00fcl gibi par\u00e7ac\u0131klar mavi \u0131\u015f\u0131\u011f\u0131 da\u011f\u0131tarak ay\u0131n insan g\u00f6z\u00fcne hafif mavi g\u00f6r\u00fcnmesine neden olabilir.<\/p>\n\n\n\n<p>Bu olaylar son derece nadirdir ve genellikle do\u011fal afetler veya b\u00fcy\u00fck \u00f6l\u00e7ekli yang\u0131nlarla ba\u011flant\u0131l\u0131d\u0131r. Etkileyicidirler, ancak bu t\u00fcr olaylar\u0131n <em>mavi ayda bir<\/em>.<\/p>\n\n\n\n<h2 class=\"wp-block-heading\"><strong>\u0130fadenin Uygun Oldu\u011fu Durumlar<\/strong><\/h2>\n\n\n\n<p>Genel olarak, <em>mavi ayda bir<\/em> \u00c7ok nadiren ger\u00e7ekle\u015fen bir \u015feyi do\u011fal ve s\u0131radan bir \u015fekilde tan\u0131mlamak istedi\u011finizde en iyi sonucu verir. A\u015fa\u011f\u0131daki \u00f6rnekler en iyi nerede kullan\u0131ld\u0131\u011f\u0131n\u0131 (ve nerede kullan\u0131lmad\u0131\u011f\u0131n\u0131) g\u00f6stermektedir.<\/p>\n\n\n\n<h3 class=\"wp-block-heading\"><strong>Yaz\u0131l\u0131 Kullan\u0131m<\/strong><\/h3>\n\n\n\n<p>Yaz\u0131l\u0131 olarak, <em>mavi ayda bir<\/em> gayri resmi veya \u00f6zensiz g\u00f6r\u00fcnmeden ki\u015filik veya konu\u015fma tonu eklemek istedi\u011finizde en iyi sonucu verir.<\/p>\n\n\n\n<p>\u00d6zellikle \u015fu durumlarda etkilidir:<\/p>\n\n\n\n<ul class=\"wp-block-list\">\n<li>Blog yaz\u0131lar\u0131 ve fikir yaz\u0131lar\u0131<\/li>\n\n\n\n<li>Ki\u015fisel denemeler veya hikaye anlat\u0131m\u0131<\/li>\n\n\n\n<li>Resmi olmayan makaleler ve ya\u015fam tarz\u0131 yaz\u0131lar\u0131<\/li>\n\n\n\n<li>Yorumlar veya anlat\u0131 tarz\u0131 a\u00e7\u0131klamalar<\/li>\n\n\n\n<li>Kurgu, \u00f6zellikle diyalog ve i\u00e7 d\u00fc\u015f\u00fcnceler<\/li>\n<\/ul>\n\n\n\n<p>K\u0131sacas\u0131, ses tonunun insani ve ili\u015fkilendirilebilir hissettirmesini istedi\u011finiz her yaz\u0131ya uyar.<\/p>\n\n\n\n<p>Bununla birlikte, genellikle uygun de\u011fildir:<\/p>\n\n\n\n<ul class=\"wp-block-list\">\n<li>Bilimsel veya veri a\u011f\u0131rl\u0131kl\u0131 g\u00f6nderiler<\/li>\n\n\n\n<li>Yasal veya teknik belgeler<\/li>\n\n\n\n<li>Kesin frekans\u0131n \u00f6nemli oldu\u011fu durumlar<\/li>\n<\/ul>\n\n\n\n<p>Kullan\u0131p kullanmama konusunda emin de\u011filseniz, okuyucunuzu d\u00fc\u015f\u00fcn\u00fcn. Rakamlar, zaman \u00e7izelgeleri veya a\u00e7\u0131k\u00e7a tan\u0131mlanm\u0131\u015f sistemler bekliyorlarsa, <em>mavi ayda bir<\/em> \u00e7ok belirsiz olabilir.<\/p>\n\n\n\n<h3 class=\"wp-block-heading\"><strong>S\u00f6zl\u00fc Kullan\u0131m<\/strong><\/h3>\n\n\n\n<p>G\u00fcnl\u00fck konu\u015fmalarda, <em>mavi ayda bir<\/em> insanlar neredeyse hi\u00e7 ger\u00e7ekle\u015fmeyen \u015feyler hakk\u0131nda konu\u015furken do\u011fal olarak ortaya \u00e7\u0131kar.<\/p>\n\n\n\n<p>Arkada\u015flar\u0131n\u0131z, i\u015f arkada\u015flar\u0131n\u0131z veya aile \u00fcyeleriniz aras\u0131nda s\u0131k s\u0131k duyars\u0131n\u0131z \u00e7\u00fcnk\u00fc kolayd\u0131r ve \u00e7o\u011fu insan zaten ne anlama geldi\u011fini bilir.<\/p>\n\n\n\n<p>Hala \u0130ngilizce \u00f6\u011frenmekte olan biriyle konu\u015fmuyorsan\u0131z, kimse bu ifadeyi kelimesi kelimesine almaz. Bu sadece bir \u015feyin neredeyse hi\u00e7 ger\u00e7ekle\u015fmedi\u011fini s\u00f6ylemenin rahat bir yoludur (g\u00f6ky\u00fcz\u00fcne, g\u00fcne\u015fe veya dolunay\u0131n ger\u00e7ek zamanlamas\u0131na bir g\u00f6nderme de\u011fildir).<\/p>\n\n\n\n<h2 class=\"wp-block-heading\"><strong>Ne Yapar <\/strong><strong><em>Mavi Ayda Bir<\/em><\/strong><strong> Etkili<\/strong><\/h2>\n\n\n<div class=\"wp-block-image\">\n<figure class=\"aligncenter size-large\"><img loading=\"lazy\" decoding=\"async\" width=\"1024\" height=\"683\" src=\"https:\/\/undetectable.ai/blog\/wp-content\/uploads\/2025\/08\/Undetectable-AI-Featured-image-1024x683.jpg\" alt=\"Tespit edilemeyen yapay zeka \u00f6ne \u00e7\u0131kan g\u00f6r\u00fcnt\u00fc\" class=\"wp-image-13574\" title=\"\" srcset=\"https:\/\/undetectable.ai/blog\/wp-content\/uploads\/2025\/08\/Undetectable-AI-Featured-image-1024x683.jpg 1024w, https:\/\/undetectable.ai/blog\/wp-content\/uploads\/2025\/08\/Undetectable-AI-Featured-image-300x200.jpg 300w, https:\/\/undetectable.ai/blog\/wp-content\/uploads\/2025\/08\/Undetectable-AI-Featured-image-768x512.jpg 768w, https:\/\/undetectable.ai/blog\/wp-content\/uploads\/2025\/08\/Undetectable-AI-Featured-image-18x12.jpg 18w, https:\/\/undetectable.ai/blog\/wp-content\/uploads\/2025\/08\/Undetectable-AI-Featured-image.jpg 1200w\" sizes=\"auto, (max-width: 1024px) 100vw, 1024px\" \/><\/figure><\/div>\n\n\n<p>Bir \u015feyin \u201cnadir\u201d ya da \u201cseyrek\u201d oldu\u011funu s\u00f6ylemek, anlat\u0131lmak isteneni ifade eder. Ancak ba\u011flama ba\u011fl\u0131 olarak, bu kelimeler biraz d\u00fcz (ve d\u00fcr\u00fcst olal\u0131m, s\u0131k\u0131c\u0131) da hissettirebilir.<\/p>\n\n\n\n<p><em>Mavi ayda bir<\/em>, di\u011fer yandan, \u00e7ok daha konu\u015fkan hissettiriyor. Ger\u00e7ek insanlar hayatlar\u0131 hakk\u0131nda b\u00f6yle konu\u015furlar. Ve konu\u015fmalarda ve yaz\u0131larda, \u00e7ok fazla \u00e7aba sarf etmeden s\u0131cakl\u0131k, ritim ve ki\u015filik katar.<\/p>\n\n\n\n<p><strong>Ana Dili \u0130ngilizce Olmayanlar \u0130\u00e7in Profesyonel \u0130pucu: <\/strong>\u0130ngilizce ana diliniz de\u011filse deyimleri kullanmak riskli gelebilir. <\/p>\n\n\n\n<p>gibi ifadeleri yapmakta zorlan\u0131yorsan\u0131z <em>mavi ayda bir<\/em> Yaz\u0131lar\u0131n\u0131zda veya konu\u015fmalar\u0131n\u0131zda do\u011fal sesler \u00e7\u0131karmak i\u00e7in Undetectable AI gibi ara\u00e7lar <a href=\"https:\/\/undetectable.ai\/\" target=\"_blank\" rel=\"noreferrer noopener\">Yapay Zeka \u0130nsanc\u0131lla\u015ft\u0131r\u0131c\u0131<\/a> ve <a href=\"https:\/\/undetectable.ai\/ai-stealth-writer\" target=\"_blank\" rel=\"noreferrer noopener\">Yapay Zeka Gizli Yazar\u0131<\/a> \u00e7ok yard\u0131mc\u0131 olabilir!<\/p>\n\n\n\n<p>Tek yapman\u0131z gereken metninizi bu ara\u00e7tan ge\u00e7irmek; ara\u00e7 tonu yumu\u015fatacak, ifadeleri ayarlayacak ve ifadenin anadili \u0130ngilizce olan bir ki\u015finin kullanaca\u011f\u0131 \u015fekilde akmas\u0131n\u0131 sa\u011flayacakt\u0131r.<\/p>\n\n\n\n<h2 class=\"wp-block-heading\"><strong>Ger\u00e7ek D\u00fcnya Kullan\u0131mlar\u0131 <\/strong><strong><em>Mavi Ayda Bir<\/em><\/strong><\/h2>\n\n\n\n<p>Anlam\u0131n\u0131 anlamak <em>mavi ayda bir<\/em> bir \u015feydir. Ama bilmek <em>nas\u0131l<\/em> \u0130fadeyi do\u011fal bir \u015fekilde kullanmak, yaz\u0131n\u0131z\u0131 ger\u00e7ekten y\u00fckseltebilecek \u015feydir.<\/p>\n\n\n\n<p>\u0130\u015fte bu ifadenin g\u00fcnl\u00fck konu\u015fmalarda nas\u0131l kullan\u0131ld\u0131\u011f\u0131na dair birka\u00e7 pratik \u00f6rnek.<\/p>\n\n\n\n<h3 class=\"wp-block-heading\"><strong>Basit, G\u00fcnl\u00fck \u00d6rnekler<\/strong><\/h3>\n\n\n\n<p>\u0130\u015fte \u00e7o\u011fu insan\u0131n ger\u00e7ekte nas\u0131l konu\u015ftu\u011funu ve yazd\u0131\u011f\u0131n\u0131 yans\u0131tan birka\u00e7 temiz \u00f6rnek:<\/p>\n\n\n\n<ul class=\"wp-block-list\">\n<li>\u201cSadece k\u0131rk y\u0131lda bir tatl\u0131 yerim.\u201d<\/li>\n\n\n\n<li>\u201cK\u0131rk y\u0131lda bir sosyal medyada payla\u015f\u0131m yap\u0131yor.\u201d<\/li>\n\n\n\n<li>\u201cK\u0131rk y\u0131lda bir canl\u0131 TV izlerim.\u201d<\/li>\n\n\n\n<li>\u201cK\u0131rk y\u0131lda bir b\u00f6yle bir izin alabiliyoruz.\u201d<\/li>\n\n\n\n<li>\u201cUmar\u0131m kar ya\u011far ama bu sadece k\u0131rk y\u0131lda bir olur.\u201d<\/li>\n\n\n\n<li>\u201cBu \u00f6zelli\u011fe sadece k\u0131rk y\u0131lda bir eri\u015febiliyoruz.\u201d<\/li>\n\n\n\n<li>\u201cO hesaba sadece k\u0131rk y\u0131lda bir giri\u015f yap\u0131yorum.\u201d<\/li>\n\n\n\n<li>\u201cTemmuz ay\u0131nda k\u0131rk y\u0131lda bir b\u00f6yle ya\u011fmur ya\u011far.\u201d<\/li>\n\n\n\n<li>\u201cK\u0131rk y\u0131lda bir b\u00fcy\u00fck partilere giderim.\u201d<\/li>\n\n\n\n<li>\u201cBug\u00fcnlerde yaln\u0131zca k\u0131rk y\u0131lda bir belge yazd\u0131r\u0131yorum.\u201d<\/li>\n\n\n\n<li>\u201cNe yaz\u0131k ki \u00e7ocuklar art\u0131k sadece k\u0131rk y\u0131lda bir bir araya geliyor.\u201d<\/li>\n\n\n\n<li>\u201cBu oyunu k\u0131rk y\u0131lda bir oynuyoruz.\u201d<\/li>\n\n\n\n<li>\u201cB\u00f6yle toplant\u0131lara k\u0131rk y\u0131lda bir kat\u0131l\u0131r\u0131m.\u201d<\/li>\n<\/ul>\n\n\n\n<h2 class=\"wp-block-heading\"><strong>Ak\u0131ll\u0131 Kullan\u0131m \u0130pu\u00e7lar\u0131 ve Tuzaklar<\/strong><\/h2>\n\n\n\n<p>Harika bir c\u00fcmle bile yanl\u0131\u015f kullan\u0131ld\u0131\u011f\u0131nda etkisini kaybedebilir. \u0130\u015fte kullanman\u0131za yard\u0131mc\u0131 olacak birka\u00e7 pratik yap\u0131lmas\u0131 ve yap\u0131lmamas\u0131 gerekenler <em>mavi ayda bir<\/em> do\u011fru \u015fekilde, \u00f6zellikle de yaz\u0131l\u0131 olarak.<\/p>\n\n\n\n<figure class=\"wp-block-table\"><table class=\"has-fixed-layout\"><tbody><tr><td class=\"has-text-align-center\" data-align=\"center\" colspan=\"2\"><strong>Kullan\u0131mda Yap\u0131lmas\u0131 ve Yap\u0131lmamas\u0131 Gerekenler <\/strong><strong><em>Mavi Ayda Bir<\/em><\/strong><\/td><\/tr><tr><td class=\"has-text-align-center\" data-align=\"center\"><strong>Yap...<\/strong><\/td><td class=\"has-text-align-center\" data-align=\"center\"><strong>Yapma...<\/strong><\/td><\/tr><tr><td class=\"has-text-align-center\" data-align=\"center\">Sadece ger\u00e7ekten nadir g\u00f6r\u00fclen olaylar i\u00e7in kullan\u0131n.<\/td><td class=\"has-text-align-center\" data-align=\"center\">A\u015f\u0131r\u0131 kullan\u0131n. Her \u015fey \u201ck\u0131rk y\u0131lda bir\u201d ger\u00e7ekle\u015firse, hi\u00e7bir \u015fey nadir hissettirmez.<\/td><\/tr><tr><td class=\"has-text-align-center\" data-align=\"center\">Ba\u011flama g\u00fcvenin ve anlam\u0131 belirginle\u015ftirmek i\u00e7in \u00e7evredeki c\u00fcmleleri kullan\u0131n.<\/td><td class=\"has-text-align-center\" data-align=\"center\">\u0130fadenin ne anlama geldi\u011fini fazla a\u00e7\u0131klay\u0131n.<\/td><\/tr><tr><td class=\"has-text-align-center\" data-align=\"center\">Ak\u0131\u015f\u0131 kontrol etmek i\u00e7in c\u00fcmleyi y\u00fcksek sesle okuyun.<\/td><td class=\"has-text-align-center\" data-align=\"center\">C\u00fcmle i\u00e7inde zorlay\u0131n. Konu\u015fuldu\u011funda kula\u011fa do\u011fal gelmiyorsa, okuyuculara da do\u011fal gelmeyecektir.<\/td><\/tr><tr><td class=\"has-text-align-center\" data-align=\"center\">Uzun par\u00e7alarda ifadeleri de\u011fi\u015ftirin.<\/td><td class=\"has-text-align-center\" data-align=\"center\">Metin boyunca s\u00fcrekli tekrarlay\u0131n. Az \u00e7oktur.<\/td><\/tr><\/tbody><\/table><\/figure>\n\n\n\n<p><strong>Profesyonel ipucu:<\/strong> Yazmaya yard\u0131mc\u0131 olmas\u0131 i\u00e7in yapay zeka kullan\u0131yorsan\u0131z, Undetectable'\u0131n <a href=\"https:\/\/undetectable.ai\/\" target=\"_blank\" data-type=\"link\" data-id=\"https:\/\/undetectable.ai\/\" rel=\"noreferrer noopener\">Yapay Zeka \u0130nsanc\u0131lla\u015ft\u0131r\u0131c\u0131<\/a> tonu yumu\u015fatmaya, c\u00fcmle ak\u0131\u015f\u0131n\u0131 iyile\u015ftirmeye ve a\u015fa\u011f\u0131daki gibi ifadeleri \u00f6nlemeye yard\u0131mc\u0131 olabilir <em>mavi ayda bir<\/em> Robotik ya da tekrarlayan seslerden uzak durun.<\/p>\n\n\n\n<p>Yapay Zeka Dedekt\u00f6r\u00fcm\u00fcz\u00fc ve \u0130nsanc\u0131lla\u015ft\u0131r\u0131c\u0131m\u0131z\u0131 a\u015fa\u011f\u0131daki widget'ta deneyimleyin!<\/p>\n\n\n\n<div id=\"uai-widget\" data-affiliate-link=\"https:\/\/undetectable.ai\/?_by=hi4km\"><script>var js = document.createElement(\"script\");js.async = true;js.src = \"https:\/\/widget.undetectable.ai\/js\/widget-loader.js?t=\"+Date.now();document.getElementsByTagName(\"head\")[0].appendChild(js);<\/script><\/div>\n\n\n\n<h2 class=\"wp-block-heading\"><strong>Mavi Aylar Hakk\u0131nda S\u0131k\u00e7a Sorulan Sorular<\/strong><\/h2>\n\n\n<div id=\"rank-math-faq\" class=\"rank-math-block\">\n<div class=\"rank-math-list\">\n<div id=\"faq-question-1769803089204\" class=\"rank-math-list-item\">\n<h3 class=\"rank-math-question\"><strong>Once in a blue moon deyimi ne anlama geliyor?<\/strong><\/h3>\n<div class=\"rank-math-answer\">\n\n<p>Deyim <em>mavi ayda bir<\/em> bir \u015feyin \u00e7ok nadiren ger\u00e7ekle\u015fti\u011fini s\u00f6ylemenin s\u0131radan bir yoludur. \u0130ngilizce'de insanlar bu kelimeyi, Nisan ay\u0131nda kar ya\u011fmas\u0131 veya hemen iyi bir park yeri bulmak gibi neredeyse hi\u00e7 ger\u00e7ekle\u015fmeyen \u015feyleri tan\u0131mlamak i\u00e7in kullan\u0131rlar.<\/p>\n\n<\/div>\n<\/div>\n<div id=\"faq-question-1769803098183\" class=\"rank-math-list-item\">\n<h3 class=\"rank-math-question\"><strong>\u0130kinci dolunay nedir?<\/strong><\/h3>\n<div class=\"rank-math-answer\">\n\n<p>Ayn\u0131 takvim ay\u0131nda iki dolunay g\u00f6r\u00fcnd\u00fc\u011f\u00fcnde ikinci bir dolunay meydana gelir. Bir ay d\u00f6ng\u00fcs\u00fc yakla\u015f\u0131k 29,5 g\u00fcn uzunlu\u011funda oldu\u011fundan, bu sadece ara s\u0131ra ger\u00e7ekle\u015fir. \u0130kinci bir dolunay meydana geldi\u011finde, terimin modern tan\u0131m\u0131na g\u00f6re buna genellikle \u201cmavi ay\u201d denir.<\/p>\n\n<\/div>\n<\/div>\n<div id=\"faq-question-1769803106860\" class=\"rank-math-list-item\">\n<h3 class=\"rank-math-question\"><strong>\u015eubat ay\u0131nda mavi ay olabilir mi?<\/strong><\/h3>\n<div class=\"rank-math-answer\">\n\n<p>Hay\u0131r, mavi aylar genellikle \u015eubat ay\u0131nda ger\u00e7ekle\u015fmez. \u015eubat ay\u0131 en k\u0131sa ay oldu\u011fu i\u00e7in, genellikle iki dolunay i\u00e7erecek kadar zaman yoktur.<\/p>\n\n<\/div>\n<\/div>\n<div id=\"faq-question-1769803118909\" class=\"rank-math-list-item\">\n<h3 class=\"rank-math-question\"><strong>Kas\u0131m ay\u0131nda mavi ay ya\u015fanabilir mi?<\/strong><\/h3>\n<div class=\"rank-math-answer\">\n\n<p>Evet, Kas\u0131m ay\u0131nda mavi ay meydana gelebilir, ancak bu tamamen takvim y\u0131l\u0131 i\u00e7inde dolunaylar\u0131n nas\u0131l d\u00fc\u015ft\u00fc\u011f\u00fcne ba\u011fl\u0131d\u0131r. Yeterli g\u00fcn\u00fc olan her ay teknik olarak iki dolunaya ev sahipli\u011fi yapabilir, bu y\u00fczden mavi aylar belirli bir mevsime ba\u011fl\u0131 de\u011fildir.<\/p>\n\n<\/div>\n<\/div>\n<div id=\"faq-question-1769803132102\" class=\"rank-math-list-item\">\n<h3 class=\"rank-math-question\"><strong>\u201cK\u0131rk y\u0131lda bir\u201d \u0130ngiltere'de kullan\u0131l\u0131yor mu?<\/strong><\/h3>\n<div class=\"rank-math-answer\">\n\n<p>Evet. <em>mavi ayda bir <\/em>Birle\u015fik Krall\u0131k'ta ve \u0130ngilizce konu\u015fulan t\u00fcm d\u00fcnyada yayg\u0131n olarak kullan\u0131lmaktad\u0131r. Kullan\u0131m b\u00f6lgelere g\u00f6re biraz farkl\u0131l\u0131k g\u00f6sterse de, ifadenin temel anlam\u0131 ayn\u0131 kalmaktad\u0131r.<\/p>\n\n<\/div>\n<\/div>\n<\/div>\n<\/div>\n\n\n<h2 class=\"wp-block-heading\"><strong>Kullan\u0131m \u00dczerine Son D\u00fc\u015f\u00fcnceler <\/strong><strong><em>Mavi Ayda Bir<\/em><\/strong><strong> in Konu\u015fma ve Yazma<\/strong><\/h2>\n\n\n\n<p>Bunun bir sebebi var. <em>mavi ayda bir <\/em>zaman\u0131n testinden ge\u00e7mi\u015ftir. Basit, ak\u0131lda kal\u0131c\u0131 ve hemen anla\u015f\u0131l\u0131r (en az\u0131ndan \u0130ngilizce konu\u015fanlar\u0131n \u00e7o\u011fu i\u00e7in), \u00e7o\u011fumuz nereden geldi\u011fi konusunda iki kez d\u00fc\u015f\u00fcnmemi\u015f olsak bile.<\/p>\n\n\n\n<p>Ancak, di\u011fer deyimsel ifadeler ve deyi\u015fler gibi, az her zaman \u00e7oktur.<\/p>\n\n\n\n<p>Yaz\u0131da ve konu\u015fmada bu \u015fu anlama gelir:<\/p>\n\n\n\n<ul class=\"wp-block-list\">\n<li>En y\u00fcksek etkiyi elde etmek i\u00e7in az kullan\u0131n.<\/li>\n\n\n\n<li>Do\u011fal bir \u015fekilde akmas\u0131na izin verin, b\u00f6ylece zorlama veya yersiz hissetmezsiniz.<\/li>\n<\/ul>\n\n\n\n<p>Ve son olarak, bunu ton ve ba\u011flamla e\u015fle\u015ftirin, kula\u011fa en do\u011fal geldi\u011fi daha g\u00fcndelik, konu\u015fma ortamlar\u0131nda tuttu\u011funuzdan emin olun.<\/p>\n\n\n\n<p>Yaz\u0131n\u0131z\u0131n do\u011fal ve insani kald\u0131\u011f\u0131ndan emin olun <a href=\"https:\/\/undetectable.ai\/\" target=\"_blank\" data-type=\"link\" data-id=\"https:\/\/undetectable.ai\/\" rel=\"noreferrer noopener\">Tespit Edilemeyen Yapay Zeka<\/a> metninizi zahmetsizce rafine etmek ve insanile\u015ftirmek i\u00e7in.<\/p>","protected":false},"excerpt":{"rendered":"","protected":false},"author":15,"featured_media":19664,"comment_status":"closed","ping_status":"closed","sticky":false,"template":"","format":"standard","meta":{"_themeisle_gutenberg_block_has_review":false,"footnotes":""},"categories":[31],"tags":[],"class_list":["post-19655","post","type-post","status-publish","format-standard","has-post-thumbnail","hentry","category-helpful-ai-content-tips"],"_links":{"self":[{"href":"https:\/\/undetectable.ai/blog\/tr\/wp-json\/wp\/v2\/posts\/19655","targetHints":{"allow":["GET"]}}],"collection":[{"href":"https:\/\/undetectable.ai/blog\/tr\/wp-json\/wp\/v2\/posts"}],"about":[{"href":"https:\/\/undetectable.ai/blog\/tr\/wp-json\/wp\/v2\/types\/post"}],"author":[{"embeddable":true,"href":"https:\/\/undetectable.ai/blog\/tr\/wp-json\/wp\/v2\/users\/15"}],"replies":[{"embeddable":true,"href":"https:\/\/undetectable.ai/blog\/tr\/wp-json\/wp\/v2\/comments?post=19655"}],"version-history":[{"count":5,"href":"https:\/\/undetectable.ai/blog\/tr\/wp-json\/wp\/v2\/posts\/19655\/revisions"}],"predecessor-version":[{"id":19666,"href":"https:\/\/undetectable.ai/blog\/tr\/wp-json\/wp\/v2\/posts\/19655\/revisions\/19666"}],"wp:featuredmedia":[{"embeddable":true,"href":"https:\/\/undetectable.ai/blog\/tr\/wp-json\/wp\/v2\/media\/19664"}],"wp:attachment":[{"href":"https:\/\/undetectable.ai/blog\/tr\/wp-json\/wp\/v2\/media?parent=19655"}],"wp:term":[{"taxonomy":"category","embeddable":true,"href":"https:\/\/undetectable.ai/blog\/tr\/wp-json\/wp\/v2\/categories?post=19655"},{"taxonomy":"post_tag","embeddable":true,"href":"https:\/\/undetectable.ai/blog\/tr\/wp-json\/wp\/v2\/tags?post=19655"}],"curies":[{"name":"wp","href":"https:\/\/api.w.org\/{rel}","templated":true}]}}