{"id":19667,"date":"2026-01-18T20:15:23","date_gmt":"2026-01-18T20:15:23","guid":{"rendered":"https:\/\/undetectable.ai/blog\/?p=19667"},"modified":"2026-01-30T22:01:08","modified_gmt":"2026-01-30T22:01:08","slug":"puruzlu-elmas","status":"publish","type":"post","link":"https:\/\/undetectable.ai/blog\/tr\/puruzlu-elmas","title":{"rendered":"Kaba Elmas K\u0131lavuzu: Anlam\u0131, Kullan\u0131m Alanlar\u0131 ve \u0130pu\u00e7lar\u0131"},"content":{"rendered":"<p>Hi\u00e7 k\u00f6hne bir mahallede ilk bak\u0131\u015fta pek bir \u015feye benzemeyen bir evin \u00f6n\u00fcnden ge\u00e7tiniz mi... ta ki tonlarca karaktere ve ciddi bir potansiyele sahip oldu\u011funu fark edene kadar?<\/p>\n\n\n\n<p>E\u011fer \u00f6yleyse, bir elmas bulmu\u015fsunuz demektir.<\/p>\n\n\n\n<p>\u0130nsanlar\u0131n i\u00e7g\u00fcd\u00fcsel olarak ve genellikle iyi niyetle kulland\u0131klar\u0131 ifadelerden biridir. Ancak, dikkatli olmazsan\u0131z, bu ifade ba\u011flama, tona ve nas\u0131l \u00e7er\u00e7evelendi\u011fine ba\u011fl\u0131 olarak \u00e7ok farkl\u0131 bir \u015fekilde ortaya \u00e7\u0131kabilir.<\/p>\n\n\n\n<p>Peki bu ifadenin ne zaman i\u015fe yaray\u0131p ne zaman yaramad\u0131\u011f\u0131n\u0131 nas\u0131l anlars\u0131n\u0131z? \u0130fadenin ne anlama geldi\u011fini, sahip olabilece\u011fi farkl\u0131 \u00e7a\u011fr\u0131\u015f\u0131mlar\u0131 ve hayatta ve yazarken nas\u0131l etkili (ve dikkatli) bir \u015fekilde kullan\u0131laca\u011f\u0131n\u0131 \u00f6\u011frenmek i\u00e7in okumaya devam edin.<\/p>\n\n\n\n<p>Ayr\u0131ca, ifade hakk\u0131nda s\u0131k\u00e7a sordu\u011funuz baz\u0131 sorular\u0131n yan\u0131tlar\u0131n\u0131 payla\u015faca\u011f\u0131z.<\/p>\n\n\n\n<p><strong>TL: DR<\/strong> &#8211; <em>Kaba elmas<\/em> a\u00e7\u0131k bir potansiyele sahip bir \u015feyi (veya birini) tan\u0131mlamak i\u00e7in kullan\u0131labilecek bir ifadedir. Do\u011fru ba\u011flamda bu ifade olumlu ve te\u015fvik edicidir. Ancak yanl\u0131\u015f ba\u011flamda, k\u00fc\u00e7\u00fcmseyici, k\u00fc\u00e7\u00fcmseyici ve patronluk taslay\u0131c\u0131 olarak yorumlanabilir.<\/p>\n\n\n\n<hr class=\"wp-block-separator has-alpha-channel-opacity\"\/>\n\n\n\n<p class=\"has-text-align-center\"><strong>\u00d6nemli \u00c7\u0131kar\u0131mlar<\/strong><\/p>\n\n\n\n<ul class=\"wp-block-list\">\n<li>\u0130\u015flenmemi\u015f elmas, \u015fu anda cilas\u0131, inceli\u011fi veya profesyonel geli\u015fimi olmayan, muazzam potansiyele sahip bir ki\u015fi veya \u015feyi ifade eder.<\/li>\n<\/ul>\n\n\n\n<p><\/p>\n\n\n\n<ul class=\"wp-block-list\">\n<li>Bu ifade, parlakl\u0131\u011f\u0131n\u0131 ortaya \u00e7\u0131karmak i\u00e7in dikkatlice \u015fekillendirilene ve parlat\u0131lana kadar donuk ve dikkat \u00e7ekici g\u00f6r\u00fcnmeyen do\u011fal, kesilmemi\u015f bir elmas i\u00e7in bir metafordur.<\/li>\n<\/ul>\n\n\n\n<p><\/p>\n\n\n\n<ul class=\"wp-block-list\">\n<li>Bu deyimi etkili bir \u015fekilde kullanmak, mevcut \u201cham\u201d \u00f6zellikleri belirlerken bunlar\u0131 ger\u00e7ek bir te\u015fvik ve gelecekteki b\u00fcy\u00fcmeye olan inan\u00e7la e\u015fle\u015ftirmenin dengesini gerektirir.<\/li>\n<\/ul>\n\n\n\n<p><\/p>\n\n\n\n<ul class=\"wp-block-list\">\n<li>Dikkatsizce kullan\u0131ld\u0131\u011f\u0131nda, bu ifade ters bir iltifat ya da birinin g\u00f6rg\u00fc veya deneyim seviyesine y\u00f6nelik tepeden bakan bir ele\u015ftiri gibi gelebilir.<\/li>\n<\/ul>\n\n\n\n<p><\/p>\n\n\n\n<ul class=\"wp-block-list\">\n<li>Undetectable AI, birinin kullan\u0131lmayan yetene\u011fini tan\u0131mlarken k\u00fc\u00e7\u00fcmseyici g\u00f6r\u00fcnmekten ka\u00e7\u0131nmak i\u00e7in, mesaj\u0131n\u0131z\u0131n destekleyici ve insani g\u00f6r\u00fcnmesini sa\u011flamak \u00fczere tonunuzu d\u00fczeltmenize yard\u0131mc\u0131 olabilir.<\/li>\n<\/ul>\n\n\n\n<p><\/p>\n\n\n\n<hr class=\"wp-block-separator has-alpha-channel-opacity\"\/>\n\n\n\n<h2 class=\"wp-block-heading\"><strong>A'n\u0131n Tan\u0131m\u0131 Nedir? <em>Kaba Elmas<\/em>?<\/strong><\/h2>\n\n\n<div class=\"wp-block-image\">\n<figure class=\"aligncenter size-large\"><img loading=\"lazy\" decoding=\"async\" width=\"1024\" height=\"683\" src=\"https:\/\/undetectable.ai/blog\/wp-content\/uploads\/2026\/01\/Diamond-Illustration-1024x683.jpg\" alt=\"Elmas ill\u00fcstrasyonu\" class=\"wp-image-19672\" title=\"\" srcset=\"https:\/\/undetectable.ai/blog\/wp-content\/uploads\/2026\/01\/Diamond-Illustration-1024x683.jpg 1024w, https:\/\/undetectable.ai/blog\/wp-content\/uploads\/2026\/01\/Diamond-Illustration-300x200.jpg 300w, https:\/\/undetectable.ai/blog\/wp-content\/uploads\/2026\/01\/Diamond-Illustration-768x512.jpg 768w, https:\/\/undetectable.ai/blog\/wp-content\/uploads\/2026\/01\/Diamond-Illustration-18x12.jpg 18w, https:\/\/undetectable.ai/blog\/wp-content\/uploads\/2026\/01\/Diamond-Illustration.jpg 1200w\" sizes=\"auto, (max-width: 1024px) 100vw, 1024px\" \/><\/figure><\/div>\n\n\n<p>A <em>p\u00fcr\u00fczl\u00fc elmas<\/em> en iyi \u015fekilde tan\u0131mlan\u0131r:<\/p>\n\n\n\n<ul class=\"wp-block-list\">\n<li>G\u00fc\u00e7l\u00fc potansiyele sahip, ancak cila, incelik veya geli\u015fimden yoksun bir ki\u015fi veya \u015fey; en az\u0131ndan \u015fimdilik.<\/li>\n<\/ul>\n\n\n\n<p>Bu deyim, hen\u00fcz kesilmemi\u015f veya parlat\u0131lmam\u0131\u015f do\u011fal bir elmas olan kaba elmas fikrinden kaynaklanmaktad\u0131r. Ham haliyle donuk, d\u00fczensiz veya etkileyici g\u00f6r\u00fcnmeyebilir. Ancak biraz TLC (\u015fefkatli sevgi dolu bak\u0131m) ile ger\u00e7ekten g\u00fczel bir \u015feye d\u00f6n\u00fc\u015febilir.<\/p>\n\n\n\n<p>Mecazi olarak, ifade ayn\u0131 \u015fekilde \u00e7al\u0131\u015f\u0131r.<\/p>\n\n\n\n<p>Bir ki\u015fiyi tan\u0131mlamak i\u00e7in kullan\u0131ld\u0131\u011f\u0131nda, \u015funu \u00f6nerir:<\/p>\n\n\n\n<ul class=\"wp-block-list\">\n<li>Gizli yetenek veya istisnai nitelikler<\/li>\n\n\n\n<li>Hen\u00fcz tam olarak geli\u015fmemi\u015f g\u00fc\u00e7l\u00fc karakter veya yetenek<\/li>\n\n\n\n<li>Tam potansiyeline ula\u015fmak i\u00e7in biraz rehberli\u011fe veya deneyime ihtiya\u00e7 duyabilecek biri<\/li>\n<\/ul>\n\n\n\n<p>Nesneleri veya yerleri tan\u0131mlamak i\u00e7in kullan\u0131ld\u0131\u011f\u0131nda, \u00f6nerir:<\/p>\n\n\n\n<ul class=\"wp-block-list\">\n<li>Kullan\u0131lmayan de\u011fer<\/li>\n\n\n\n<li>Do\u011fru yat\u0131r\u0131mla g\u00fc\u00e7l\u00fc potansiyel<\/li>\n<\/ul>\n\n\n\n<p>K\u0131sacas\u0131, <em>p\u00fcr\u00fczl\u00fc elmas<\/em> ba\u015fkalar\u0131n\u0131n g\u00f6remeyece\u011fi umut ve potansiyeli g\u00f6rmek ve bu de\u011feri fark etmek i\u00e7in bilin\u00e7li bir \u00e7aba sarf etmekle ilgilidir.<\/p>\n\n\n\n<h3 class=\"wp-block-heading\"><strong><em>Kaba Elmas<\/em><\/strong><strong> Anlam\u0131, K\u00f6keni ve Ba\u011flam\u0131<\/strong><\/h3>\n\n\n\n<p><em>Kaba elmas<\/em> do\u011frudan elmas\u0131n do\u011fada bulunma \u015feklinden gelir. Kesilmeden \u00f6nce bir elmas \u0131\u015f\u0131ldamaz veya rafine g\u00f6r\u00fcnmez. Asl\u0131nda, \u00e7o\u011fu insan onun de\u011ferli oldu\u011funu anlayamaz.<\/p>\n\n\n\n<p>Ancak dikkatlice kesilip cilaland\u0131\u011f\u0131nda ger\u00e7ek parlakl\u0131\u011f\u0131 ortaya \u00e7\u0131kar.<\/p>\n\n\n\n<p>Zamanla bu fikir g\u00fcnl\u00fck \u0130ngilizcede bir metafor haline geldi.<\/p>\n\n\n\n<p>Kelime <em>kaba<\/em> fiziksel bir tan\u0131mlaman\u0131n \u00f6tesine ge\u00e7erek, \u00f6zellikle insanlardan bahsederken, incelik, deneyim veya cila eksikli\u011fi anlam\u0131na gelmeye ba\u015flad\u0131.<\/p>\n\n\n\n<h2 class=\"wp-block-heading\"><strong>Potansiyele Sahip Olmak, Ancak \u0130yile\u015ftirme Eksikli\u011fi: Ne <\/strong><strong><em>Kaba Elmas<\/em><\/strong><strong> Ger\u00e7ek Hayatta Nas\u0131l G\u00f6r\u00fcn\u00fcyor<\/strong><\/h2>\n\n\n\n<p>G\u00fcnl\u00fck hayatta, insanlar bir \u015feydeki (veya birindeki) potansiyeli erkenden fark ettiklerinde bu ifade s\u0131kl\u0131kla g\u00fcndeme gelir.<\/p>\n\n\n\n<p>\u00d6rne\u011fin, bunu tan\u0131mlamak i\u00e7in duyabilirsiniz:<\/p>\n\n\n\n<ul class=\"wp-block-list\">\n<li>G\u00fc\u00e7l\u00fc i\u00e7g\u00fcd\u00fcleri olan ancak s\u0131n\u0131rl\u0131 deneyime veya al\u0131\u015f\u0131lmad\u0131k bir ge\u00e7mi\u015fe sahip bir \u00e7al\u0131\u015fan.<\/li>\n\n\n\n<li>Ham yetenekli ama tutars\u0131z bir sanat\u00e7\u0131.<\/li>\n\n\n\n<li>Harika fikirler i\u00e7eren bir yaz\u0131 veya web sayfas\u0131, ancak kaba bir sunum.<\/li>\n\n\n\n<li>\u0130yi niyetli ancak g\u00f6rg\u00fc ve\/veya g\u00fcven eksikli\u011fi olan ki\u015fi.<\/li>\n\n\n\n<li>Tam de\u011ferine ula\u015fmas\u0131 i\u00e7in yenilenmesi gereken, iyi durumda bir m\u00fclk.<\/li>\n\n\n\n<li>Do\u011fru restorasyonla ger\u00e7ekten parlayabilecek, ge\u00e7mi\u015fi ve karakteri olan bir vintage \u00e7anta.<\/li>\n<\/ul>\n\n\n\n<p>Buradaki ortak konu \u015fudur <em>olas\u0131l\u0131k<\/em> ve bir \u015feyin ne oldu\u011funu g\u00f6rmek <em>olabilir<\/em> Bug\u00fcnk\u00fc haliyle yarg\u0131lamak yerine.<\/p>\n\n\n\n<h2 class=\"wp-block-heading\"><strong>G\u00fcnl\u00fck \u00d6rnekler <\/strong><strong><em>Kaba Elmas<\/em><\/strong><\/h2>\n\n\n\n<p>Anlam\u0131n\u0131 anlad\u0131\u011f\u0131n\u0131zda <em>p\u00fcr\u00fczl\u00fc elmas<\/em>, bir c\u00fcmle i\u00e7inde g\u00f6rmek de faydal\u0131 olabilir. <\/p>\n\n\n\n<p>\u0130\u015fte bu ifadenin ger\u00e7ek konu\u015fmalarda nas\u0131l kullan\u0131ld\u0131\u011f\u0131n\u0131 g\u00f6steren birka\u00e7 g\u00fcnl\u00fck \u00f6rnek:<\/p>\n\n\n\n<ul class=\"wp-block-list\">\n<li><em>\u201cP\u0131rlanta gibi bir k\u0131z; yetenekli oldu\u011fu a\u00e7\u0131k ama kariyerinin hen\u00fcz \u00e7ok ba\u015f\u0131nda.\u201d<\/em><\/li>\n\n\n\n<li><em>\u201cSunum becerileri \u00fczerinde biraz \u00e7al\u0131\u015f\u0131lmas\u0131 gerekse de bu adam\u0131n harika fikirleri ve g\u00fc\u00e7l\u00fc bir karakteri var.\u201d<\/em><\/li>\n\n\n\n<li><em>\u201cYeni i\u015fe al\u0131nan ki\u015fi p\u0131rlanta gibi. Do\u011fru ak\u0131l hocal\u0131\u011f\u0131 ile bir y\u0131l i\u00e7inde ola\u011fan\u00fcst\u00fc biri olacak.\u201d<\/em><\/li>\n\n\n\n<li><em>\u201cPerformans\u0131 biraz tutars\u0131zd\u0131 ama ger\u00e7ek bir potansiyel var, tam bir p\u0131rlanta gibi.\u201d<\/em><\/li>\n<\/ul>\n\n\n\n<p>Her bir \u00f6rne\u011fin bu ifadeyi nas\u0131l k\u00fc\u00e7\u00fck bir cesaretlendirmeyle e\u015fle\u015ftirdi\u011fine dikkat edin. Bu denge \u00f6nemlidir, \u00e7\u00fcnk\u00fc bu denge olmadan ifade kula\u011fa kolayca ele\u015ftiri gibi gelebilir.<\/p>\n\n\n\n<p><strong>Profesyonel ipucu: <\/strong>\u0130fadeyi kullan\u0131rken <em>p\u00fcr\u00fczl\u00fc elmas<\/em> Undetectable'\u0131n yapay zekas\u0131 gibi ara\u00e7lar kendi yaz\u0131lar\u0131n\u0131zda <a href=\"https:\/\/undetectable.ai\/\" target=\"_blank\" rel=\"noreferrer noopener\">Yapay Zeka \u0130nsanc\u0131lla\u015ft\u0131r\u0131c\u0131<\/a> do\u011fru tonu yakalaman\u0131za yard\u0131mc\u0131 olabilir, b\u00f6ylece ifade her zaman te\u015fvik edici, do\u011fal ve ili\u015fkilendirilebilir olur.<\/p>\n\n\n\n<h2 class=\"wp-block-heading\"><strong>Neden \u0130fade <\/strong><strong><em>Kaba Elmas <\/em><\/strong><strong>\u00d6nemli Noktalar<\/strong><\/h2>\n\n\n\n<p>Hi\u00e7 kimse m\u00fckemmel de\u011fildir ve en yetenekli insanlar bile ancak zaman ve rehberlikle geli\u015febilir.<\/p>\n\n\n\n<p>Bir deyim olarak, ifade <em>p\u00fcr\u00fczl\u00fc elmas<\/em> insanlara, aksi takdirde soyut veya kelimelere d\u00f6k\u00fclmesi zor gelebilecek bu fikri ifade etmenin basit bir yolunu sunar.<\/p>\n\n\n\n<p>\u0130\u015fte bu ifadenin neden kullan\u0131ld\u0131\u011f\u0131na dair \u00fc\u00e7 ek neden <em>p\u00fcr\u00fczl\u00fc elmas<\/em> nesiller boyunca insanlarda yank\u0131 uyand\u0131rmaya devam ediyor.<\/p>\n\n\n\n<h3 class=\"wp-block-heading\"><strong>Sabr\u0131 Te\u015fvik Eder<\/strong><\/h3>\n\n\n\n<p><em>Kaba elmas<\/em> ilerlemenin bir gecede ger\u00e7ekle\u015fmedi\u011fine dair nazik bir hat\u0131rlatmad\u0131r. \u0130nsanlar\u0131 (y\u00f6neticiler, \u00f6\u011fretmenler, ak\u0131l hocalar\u0131 ve meslekta\u015flar) ilk izlenimlerin \u00f6tesine bakmaya ve ba\u015fkalar\u0131na b\u00fcy\u00fcmeleri i\u00e7in gereken zaman\u0131 vermeye te\u015fvik eder.<\/p>\n\n\n\n<h3 class=\"wp-block-heading\"><strong>B\u00fcy\u00fcme Zihniyetini Te\u015fvik Eder<\/strong><\/h3>\n\n\n\n<p>Bu ifade ayn\u0131 zamanda do\u011fal olarak b\u00fcy\u00fcme zihniyetini de destekler; yetene\u011fin sabit olmad\u0131\u011f\u0131n\u0131 ve \u00e7aba, \u00f6\u011frenme ve destekle geli\u015fimin m\u00fcmk\u00fcn oldu\u011funu \u00f6ne s\u00fcrer.<\/p>\n\n\n\n<p>Yani birisini biraz kaba saba oldu\u011fu i\u00e7in bir kenara atmak yerine, <em>p\u00fcr\u00fczl\u00fc elmas<\/em> Durumu \u015fu anda bulunduklar\u0131 yere de\u011fil, olabilecekleri yere g\u00f6re yeniden \u00e7er\u00e7evelendirir.<\/p>\n\n\n\n<h3 class=\"wp-block-heading\"><strong>M\u00fckemmelli\u011fi De\u011fil Potansiyeli Tan\u0131r<\/strong><\/h3>\n\n\n\n<p>Belki de en \u00f6nemlisi, bu ifadenin <em>potansiyel <\/em>Hen\u00fcz tam olarak su y\u00fcz\u00fcne \u00e7\u0131kmam\u0131\u015f ve sadece bu tan\u0131nma bile hala ayaklar\u0131 \u00fczerinde durmaya \u00e7al\u0131\u015fan insanlar i\u00e7in son derece motive edici olabilir.<\/p>\n\n\n\n<p><strong>Profesyonel ipucu: <\/strong>Bir mentor veya y\u00f6neticiyseniz, Undetectable'\u0131n AI Humanizer gibi ara\u00e7lar motivasyonel ifadelerin ger\u00e7ek, destekleyici ve samimi hissettirdi\u011finden emin olman\u0131za yard\u0131mc\u0131 olabilir, bu nedenle a\u015fa\u011f\u0131daki gibi ifadeler <em>p\u00fcr\u00fczl\u00fc elmas <\/em>her zaman olumlu bir \u015fekilde iner.<\/p>\n\n\n\n<h2 class=\"wp-block-heading\"><strong>\u0130pu\u00e7lar\u0131 ve S\u0131k Yap\u0131lan Hatalar<\/strong><\/h2>\n\n\n<div class=\"wp-block-image\">\n<figure class=\"aligncenter size-large\"><img loading=\"lazy\" decoding=\"async\" width=\"1024\" height=\"683\" src=\"https:\/\/undetectable.ai/blog\/wp-content\/uploads\/2025\/08\/Undetectable-AI-Featured-image-1024x683.jpg\" alt=\"Tespit edilemeyen yapay zeka \u00f6ne \u00e7\u0131kan g\u00f6r\u00fcnt\u00fc\" class=\"wp-image-13574\" title=\"\" srcset=\"https:\/\/undetectable.ai/blog\/wp-content\/uploads\/2025\/08\/Undetectable-AI-Featured-image-1024x683.jpg 1024w, https:\/\/undetectable.ai/blog\/wp-content\/uploads\/2025\/08\/Undetectable-AI-Featured-image-300x200.jpg 300w, https:\/\/undetectable.ai/blog\/wp-content\/uploads\/2025\/08\/Undetectable-AI-Featured-image-768x512.jpg 768w, https:\/\/undetectable.ai/blog\/wp-content\/uploads\/2025\/08\/Undetectable-AI-Featured-image-18x12.jpg 18w, https:\/\/undetectable.ai/blog\/wp-content\/uploads\/2025\/08\/Undetectable-AI-Featured-image.jpg 1200w\" sizes=\"auto, (max-width: 1024px) 100vw, 1024px\" \/><\/figure><\/div>\n\n\n<p>\u0130fade <em>p\u00fcr\u00fczl\u00fc elmas<\/em> g\u00fc\u00e7l\u00fc bir iltifat olabilir, ancak yaln\u0131zca dikkatli kullan\u0131ld\u0131\u011f\u0131nda. Ton, ortam ve niyet \u00f6nemlidir.<\/p>\n\n\n\n<p>\u0130\u015fte bu ifadeyi konu\u015furken ve yazarken kullanmak i\u00e7in birka\u00e7 pratik yap\u0131lmas\u0131 ve yap\u0131lmamas\u0131 gerekenler.<\/p>\n\n\n\n<figure class=\"wp-block-table\"><table class=\"has-fixed-layout\"><tbody><tr><td class=\"has-text-align-center\" data-align=\"center\" colspan=\"2\"><strong>Kullan\u0131mda Yap\u0131lmas\u0131 ve Yap\u0131lmamas\u0131 Gerekenler <\/strong><strong><em>Kaba Elmas<\/em><\/strong><\/td><\/tr><tr><td class=\"has-text-align-center\" data-align=\"center\"><strong>Yap\u0131lacaklar<\/strong><\/td><td class=\"has-text-align-center\" data-align=\"center\"><strong>Yap\u0131lmamas\u0131 Gerekenler<\/strong><\/td><\/tr><tr><td class=\"has-text-align-center\" data-align=\"center\"><strong>Eksiklikleri de\u011fil, potansiyeli vurgulay\u0131n<\/strong>. Bir ki\u015finin \u015fu anda nelerden yoksun oldu\u011funa de\u011fil, ne olabilece\u011fine odaklan\u0131n.<br><strong>Kimi tarif etti\u011finize dikkat edin<\/strong>. Bu ifade, yolculu\u011funun ba\u015flar\u0131nda olan veya aktif olarak b\u00fcy\u00fcmekte olan ki\u015filer i\u00e7in en iyi sonucu verir.<br><strong>Cesaretlendirme ile e\u015fle\u015ftirin<\/strong>, Halihaz\u0131rda g\u00f6rd\u00fc\u011f\u00fcn\u00fcz g\u00fc\u00e7l\u00fc y\u00f6nlerden ve b\u00fcy\u00fcme olanaklar\u0131ndan bahsetti\u011finizden emin olun.<\/td><td class=\"has-text-align-center\" data-align=\"center\"><strong>Ters bir iltifat olarak kullan\u0131n<\/strong>. Dikkatli olmazsan\u0131z, bu ifade yetene\u011fi tan\u0131maktan ziyade kusurlar\u0131 i\u015faret ediyormu\u015fsunuz gibi gelebilir.<br><strong>\u00d6zel geri bildirim daha iyi oldu\u011funda bunu herkese a\u00e7\u0131k olarak kullan\u0131n<\/strong>, \u00c7\u00fcnk\u00fc bunu ba\u015fkalar\u0131n\u0131n \u00f6n\u00fcnde s\u00f6ylemek rahats\u0131z edici veya utan\u00e7 verici olabilir.<br><strong>\u0130fadeyi fazla kullanmay\u0131n<\/strong>. Her deyim gibi, \u00e7ok s\u0131k kullan\u0131ld\u0131\u011f\u0131nda anlam\u0131n\u0131 yitirmeye ba\u015flar.<\/td><\/tr><\/tbody><\/table><\/figure>\n\n\n<div class=\"wp-block-image\">\n<figure class=\"aligncenter size-large\"><img loading=\"lazy\" decoding=\"async\" width=\"1024\" height=\"492\" src=\"https:\/\/undetectable.ai/blog\/wp-content\/uploads\/2025\/01\/ai-chat-1024x492.jpg\" alt=\"Yapay Zeka Sohbeti\" class=\"wp-image-6097\" title=\"\" srcset=\"https:\/\/undetectable.ai/blog\/wp-content\/uploads\/2025\/01\/ai-chat-1024x492.jpg 1024w, https:\/\/undetectable.ai/blog\/wp-content\/uploads\/2025\/01\/ai-chat-300x144.jpg 300w, https:\/\/undetectable.ai/blog\/wp-content\/uploads\/2025\/01\/ai-chat-768x369.jpg 768w, https:\/\/undetectable.ai/blog\/wp-content\/uploads\/2025\/01\/ai-chat-1536x738.jpg 1536w, https:\/\/undetectable.ai/blog\/wp-content\/uploads\/2025\/01\/ai-chat-2048x984.jpg 2048w, https:\/\/undetectable.ai/blog\/wp-content\/uploads\/2025\/01\/ai-chat-18x9.jpg 18w\" sizes=\"auto, (max-width: 1024px) 100vw, 1024px\" \/><\/figure><\/div>\n\n\n<p><strong>Profesyonel ipucu:<\/strong> gibi bir ifadenin nas\u0131l kullan\u0131ld\u0131\u011f\u0131ndan emin de\u011filseniz <em>p\u00fcr\u00fczl\u00fc elmas<\/em> Undetectable'\u0131n yapay zekas\u0131 gibi ara\u00e7lar <a href=\"https:\/\/undetectable.ai\/ai-chat\" target=\"_blank\" data-type=\"link\" data-id=\"https:\/\/undetectable.ai\/ai-chat\" rel=\"noreferrer noopener\">Yapay Zeka Sohbeti<\/a> d\u00fc\u015f\u00fcnmenize yard\u0131mc\u0131 olabilir. Ger\u00e7ek hayat senaryolar\u0131n\u0131 (kariyer, e\u011fitim veya ili\u015fkiler gibi) inceleyebilir ve ifadelerin te\u015fvik edici, yap\u0131c\u0131 veya potansiyel olarak sald\u0131rgan olarak alg\u0131lan\u0131p alg\u0131lanmayaca\u011f\u0131n\u0131 test edebilirsiniz.<\/p>\n\n\n\n<h2 class=\"wp-block-heading\"><strong>\u0130fade Hakk\u0131nda \u0130lgin\u00e7 Ger\u00e7ekler <\/strong><strong><em>Kaba Elmas<\/em><\/strong><\/h2>\n\n\n\n<p>\u0130fade <em>p\u00fcr\u00fczl\u00fc elmas<\/em> nesiller boyunca gizli potansiyeli tan\u0131mlamak i\u00e7in kullan\u0131lm\u0131\u015ft\u0131r. S\u0131rf e\u011flence olsun diye, bu deyim hakk\u0131nda bilmedi\u011finiz birka\u00e7 ilgin\u00e7 bilgiyi burada bulabilirsiniz:<\/p>\n\n\n\n<ul class=\"wp-block-list\">\n<li>Do\u011fal elmaslar kesilip parlat\u0131lmadan \u00f6nce genellikle donuk ve dikkat \u00e7ekmeyen bir g\u00f6r\u00fcn\u00fcme sahiptir.<\/li>\n\n\n\n<li>Bir elmas\u0131n kesilmesi i\u015flemi kusurlar\u0131n\u0131 ortadan kald\u0131r\u0131r.<\/li>\n\n\n\n<li>\u0130fade <em>p\u00fcr\u00fczl\u00fc elmas<\/em> \u0130ngilizce literat\u00fcrde \u201crough\u201d kelimesinin cilalanmam\u0131\u015f de\u011ferli ta\u015flar\u0131 tan\u0131mlamak i\u00e7in yayg\u0131n olarak kullan\u0131ld\u0131\u011f\u0131 1700'l\u00fc y\u0131llardan itibaren g\u00f6r\u00fclmektedir.<\/li>\n\n\n\n<li>Eski kullan\u0131mda, <a href=\"https:\/\/www.oed.com\/dictionary\/rough-diamond_n\" target=\"_blank\" rel=\"noreferrer noopener\"><em>kaba elmas<\/em><\/a> insanlar i\u00e7in bir metafor haline gelmeden \u00f6nce kuyumcular taraf\u0131ndan kullan\u0131lan ger\u00e7ek bir ticaret terimiydi.<\/li>\n\n\n\n<li>William Shakespeare, cilalanmam\u0131\u015f m\u00fccevherler ve gizli de\u011ferlerle ilgili benzer imgeler kullanarak, tam olarak bu ifadeyi kullanmam\u0131\u015f olsa bile fikrin pop\u00fclerle\u015fmesine yard\u0131mc\u0131 olmu\u015ftur.<\/li>\n\n\n\n<li>Bu ifade genellikle spor g\u00f6zlemcili\u011finde hen\u00fcz tam olarak e\u011fitilmemi\u015f ham yetenekli sporcular\u0131 tan\u0131mlamak i\u00e7in kullan\u0131l\u0131r.<\/li>\n\n\n\n<li>\u0130\u015f d\u00fcnyas\u0131nda ve i\u015fe al\u0131mlarda, <em>p\u00fcr\u00fczl\u00fc elmas<\/em> al\u0131\u015f\u0131lmad\u0131k ge\u00e7mi\u015fleri olan ancak \u00e7ok yetenekli adaylara s\u0131kl\u0131kla uygulan\u0131r.<\/li>\n\n\n\n<li>\u0130lgin\u00e7tir ki, bir elmas kesildikten sonra asla eski haline d\u00f6nemez; bu da b\u00fcy\u00fcme ve deneyimin insanlar\u0131 nas\u0131l kal\u0131c\u0131 olarak de\u011fi\u015ftirdi\u011fini yans\u0131t\u0131r.<\/li>\n<\/ul>\n\n\n\n<h2 class=\"wp-block-heading\"><strong>Nas\u0131l Kullan\u0131l\u0131r <\/strong><strong><em>Kaba Elmas<\/em><\/strong><strong> Etkili bir \u015fekilde<\/strong><\/h2>\n\n\n\n<p>\u0130fadeye ra\u011fmen <em>p\u00fcr\u00fczl\u00fc elmas<\/em> genel olarak olumludur, yine de \u00e7ok fazla a\u011f\u0131rl\u0131k ta\u015f\u0131r.<\/p>\n\n\n\n<p>Birinin sadece \u015fu anda nerede oldu\u011funu tarif etmiyorsunuz, potansiyeli, b\u00fcy\u00fcmesi ve nereye gidebilece\u011fini d\u00fc\u015f\u00fcnd\u00fc\u011f\u00fcn\u00fcz hakk\u0131nda yorum yap\u0131yorsunuz. Bu nedenle, bu ifadeyi nas\u0131l ve ne zaman kulland\u0131\u011f\u0131n\u0131z ger\u00e7ekten \u00f6nemlidir.<\/p>\n\n\n\n<p>\u0130\u015fte bu ifadeyi g\u00fcnl\u00fck ya\u015famda d\u00fc\u015f\u00fcnceli ve etkili bir \u015fekilde kullanmak i\u00e7in \u00fc\u00e7 temel ipucu.<\/p>\n\n\n\n<h3 class=\"wp-block-heading\"><strong>\u0130pucu #1: \u0130nsanlar\u0131 Tan\u0131mlamak \u0130\u00e7in Dikkatli Kullan\u0131n<\/strong><\/h3>\n\n\n\n<p>Bu ifadeyi bir ki\u015fiye uygulad\u0131\u011f\u0131n\u0131zda, hem o ki\u015finin mevcut durumu hakk\u0131nda bir yarg\u0131ya varm\u0131\u015f olursunuz <em>ve <\/em>gelecekteki potansiyelleri.<\/p>\n\n\n\n<p>Tipik olarak, bu ifade en iyi \u015fu durumlarda i\u015fe yarar:<\/p>\n\n\n\n<ul class=\"wp-block-list\">\n<li>Ger\u00e7ekten yetenek, karakter veya gelecek vaat etti\u011fini g\u00f6r\u00fcyorsunuz.<\/li>\n\n\n\n<li>Ele\u015ftiriden ziyade te\u015fvik edici bir yerden konu\u015fuyorsunuz.<\/li>\n\n\n\n<li>Ki\u015fi geli\u015fiminin veya \u00f6\u011frenme s\u00fcrecinin ba\u015flar\u0131ndad\u0131r.<\/li>\n<\/ul>\n\n\n\n<p>\u00d6zellikle s\u00f6zlerinizin bir ki\u015finin nas\u0131l alg\u0131land\u0131\u011f\u0131n\u0131 do\u011frudan etkileyebilece\u011fi profesyonel ortamlarda, geli\u015fig\u00fczel veya dikkatsizce kullanmaktan ka\u00e7\u0131n\u0131n.<\/p>\n\n\n\n<h3 class=\"wp-block-heading\"><strong>\u0130pucu #2: Sadece Olumlu Ba\u011flamda Kullan\u0131n<\/strong><\/h3>\n\n\n\n<p><em>Kaba elmas <\/em>A\u00e7\u0131k\u00e7a te\u015fvik olarak \u00e7er\u00e7evelendi\u011finde en iyi sonucu verme e\u011filimindedir.<\/p>\n\n\n\n<p>\u00d6rne\u011fin, \u015f\u00f6yle demek gibi:<\/p>\n\n\n\n<ul class=\"wp-block-list\">\n<li>\u201cO p\u0131rlanta gibi bir k\u0131z; ola\u011fan\u00fcst\u00fc olacak.\u201d<\/li>\n<\/ul>\n\n\n\n<p>\u00c7ok farkl\u0131 hissettiriyor:<\/p>\n\n\n\n<ul class=\"wp-block-list\">\n<li>\u201cOnun p\u0131rlanta gibi bir k\u0131z oldu\u011funu s\u00f6yleyebilirim.\u201d<\/li>\n<\/ul>\n\n\n\n<p>K\u00fc\u00e7\u00fck bir ba\u011flam olmadan, bu ifade eksik hissettirebilir. Ya da daha k\u00f6t\u00fcs\u00fc, k\u00fc\u00e7\u00fcmseyici.<\/p>\n\n\n\n<h3 class=\"wp-block-heading\"><strong>\u0130pucu #3: Her Zaman Te\u015fvikle E\u015fle\u015ftirin<\/strong><\/h3>\n\n\n\n<p>Kullanman\u0131n en etkili yollar\u0131ndan biri <em>p\u00fcr\u00fczl\u00fc elmas<\/em> bunu a\u00e7\u0131k bir inan\u00e7 ve destekle e\u015fle\u015ftirmektir.<\/p>\n\n\n\n<p>Bu \u015f\u00f6yle g\u00f6r\u00fcnebilir:<\/p>\n\n\n\n<ul class=\"wp-block-list\">\n<li><strong>Mentorluk veya e\u011fitim sunmak: <\/strong><em>\u201cO p\u0131rlanta gibi bir k\u0131z ve do\u011fru ko\u00e7lukla burada \u00e7ok ba\u015far\u0131l\u0131 olacak.\u201d<\/em><\/li>\n\n\n\n<li><strong>\u00c7aba ve geli\u015fimin takdir edilmesi: <\/strong><em>\u201cO p\u0131rlanta gibi bir \u00e7ocuk. Sadece birka\u00e7 ay i\u00e7inde ne kadar geli\u015fti\u011fini \u015fimdiden g\u00f6rebiliyorsunuz.\u201d<\/em><\/li>\n\n\n\n<li><strong>Birinin geli\u015fimine olan g\u00fcveni ifade etmek: <\/strong><em>\u201cYeni i\u015fe al\u0131nan ki\u015fi biraz p\u0131rlanta gibi, ancak daha fazla deneyimle ola\u011fan\u00fcst\u00fc olaca\u011f\u0131ndan eminim.\u201d<\/em><\/li>\n<\/ul>\n\n\n\n<p>Bu t\u00fcr eklemeler, b\u00fcy\u00fcmenin m\u00fcmk\u00fcn oldu\u011fu ve sizin de bu yolculukta yan\u0131n\u0131zda olmaktan heyecan duydu\u011funuz fikrini peki\u015ftirir.<\/p>\n\n\n\n<p>A\u015fa\u011f\u0131daki widget'ta Yapay Zeka Dedekt\u00f6r\u00fcm\u00fcz\u00fc ve \u0130nsanc\u0131lla\u015ft\u0131r\u0131c\u0131m\u0131z\u0131 kullanmaya ba\u015flay\u0131n!<\/p>\n\n\n\n<div id=\"uai-widget\" data-affiliate-link=\"https:\/\/undetectable.ai\/?_by=hi4km\"><script>var js = document.createElement(\"script\");js.async = true;js.src = \"https:\/\/widget.undetectable.ai\/js\/widget-loader.js?t=\"+Date.now();document.getElementsByTagName(\"head\")[0].appendChild(js);<\/script><\/div>\n\n\n\n<h2 class=\"wp-block-heading\"><strong>Hakk\u0131nda S\u0131k\u00e7a Sorulan Sorular <\/strong><strong><em>Kaba Elmas<\/em><\/strong><\/h2>\n\n\n<div id=\"rank-math-faq\" class=\"rank-math-block\">\n<div class=\"rank-math-list\">\n<div id=\"faq-question-1769804333784\" class=\"rank-math-list-item\">\n<h3 class=\"rank-math-question\"><strong>Kaba elmas nedir?<\/strong><\/h3>\n<div class=\"rank-math-answer\">\n\n<p>Kaba elmas, do\u011fal, kesilmemi\u015f haliyle bir elmast\u0131r. Cilalanmadan \u00f6nce donuk veya d\u00fczensiz g\u00f6r\u00fcnebilir, bu y\u00fczden bir metafor olarak bu kadar iyi \u00e7al\u0131\u015f\u0131r.<\/p>\n\n<\/div>\n<\/div>\n<div id=\"faq-question-1769804342040\" class=\"rank-math-list-item\">\n<h3 class=\"rank-math-question\"><strong>Ne yapar <em>p\u00fcr\u00fczl\u00fc elmas<\/em> Ne demek istiyorsun?<\/strong><\/h3>\n<div class=\"rank-math-answer\">\n\n<p><em>Kaba elmas<\/em> hen\u00fcz tam olarak geli\u015ftirilmemi\u015f veya rafine edilmemi\u015f, a\u00e7\u0131k bir potansiyele sahip bir ki\u015fi, yer veya \u015feyi ifade eder. Bu ifade hakk\u0131nda bilinmesi gereken en \u00f6nemli \u015fey, neyi vurgulad\u0131\u011f\u0131d\u0131r <em>olabilir<\/em> \u015eu anda neyin eksik oldu\u011fundan ziyade.<\/p>\n\n<\/div>\n<\/div>\n<div id=\"faq-question-1769804349756\" class=\"rank-math-list-item\">\n<h3 class=\"rank-math-question\"><strong>\u0130fadedeki \u201ckaba\u201d isminin anlam\u0131 nedir? <em>p\u00fcr\u00fczl\u00fc elmas<\/em>?<\/strong><\/h3>\n<div class=\"rank-math-answer\">\n\n<p>Bu ba\u011flamda kaba, cilalanmam\u0131\u015f veya geli\u015ftirilmemi\u015f anlam\u0131na gelir. De\u011ferli ta\u015flar\u0131 kesilip rafine edilmeden \u00f6nce tan\u0131mlamak i\u00e7in kullan\u0131lan \u201ckaba elmas\u201d teriminden gelmektedir.<\/p>\n\n<\/div>\n<\/div>\n<div id=\"faq-question-1769804357706\" class=\"rank-math-list-item\">\n<h3 class=\"rank-math-question\"><strong>Birine bir \u015fey demek <em>p\u00fcr\u00fczl\u00fc elmas<\/em> Yani onlarla \u00e7al\u0131\u015fmak zor mu?<\/strong><\/h3>\n<div class=\"rank-math-answer\">\n\n<p>\u015eart de\u011fil. Bu ifade, bir ki\u015finin hala \u00f6\u011frenmekte veya geli\u015fmekte oldu\u011funu ima etse de, otomatik olarak ba\u015fa \u00e7\u0131k\u0131lmas\u0131 zor oldu\u011fu anlam\u0131na gelmez. \u00c7o\u011fu zaman, ki\u015finin g\u00fc\u00e7l\u00fc bir potansiyele sahip oldu\u011funu, ancak hala deneyim kazanmakta oldu\u011funu g\u00f6sterir.\u00a0\u00a0<\/p>\n\n<\/div>\n<\/div>\n<\/div>\n<\/div>\n\n\n<h2 class=\"wp-block-heading\"><strong>\u0130fade \u00dczerine Son D\u00fc\u015f\u00fcnceler <\/strong><strong><em>Kaba Elmas<\/em><\/strong><\/h2>\n\n\n\n<p>En iyisi, <em>p\u00fcr\u00fczl\u00fc elmas<\/em> genellikle birinin potansiyelini vurgulamak i\u00e7in masumca s\u00f6ylenen umut verici bir ifadedir.<\/p>\n\n\n\n<p>Bununla birlikte, \u00e7\u00fcnk\u00fc ifade <em>yok<\/em> tamamlanmam\u0131\u015f bir \u015feye dikkat \u00e7ekmek i\u00e7in <em>her zaman <\/em>dikkatle ele al\u0131nmal\u0131d\u0131r. \u0130yi niyetli olsan\u0131z bile, zamanlama veya ba\u011flam yanl\u0131\u015fsa yine de duygular\u0131n incinmesine neden olabilir.<\/p>\n\n\n\n<p>Bu ifadeyi kullanmadan \u00f6nce durup kendinize birka\u00e7 basit soru sorman\u0131z faydal\u0131 olabilir:<\/p>\n\n\n\n<ul class=\"wp-block-list\">\n<li>Bunu duyan ki\u015fi cesaretlendirici mi yoksa cesaret k\u0131r\u0131c\u0131 m\u0131 hissedecek?<\/li>\n\n\n\n<li>Olumlu niyetlerimi netle\u015ftirmek i\u00e7in yeterince ba\u011flam ekledim mi?<\/li>\n\n\n\n<li>Bunun benim hakk\u0131mda s\u00f6ylenmesinden memnun olur muyum?<\/li>\n<\/ul>\n\n\n\n<p>Bu ekstra zaman\u0131 ay\u0131rmak, a\u015fa\u011f\u0131dakilerden emin olman\u0131n en kolay yoludur <em>p\u00fcr\u00fczl\u00fc elmas<\/em> bir a\u015fa\u011f\u0131lama de\u011fil, cesaretlendirici bir iltifat olarak kar\u015f\u0131m\u0131za \u00e7\u0131k\u0131yor.<\/p>\n\n\n\n<p>Kelimelerinizin bir elmas kadar net bir \u015fekilde parlamas\u0131n\u0131 sa\u011flay\u0131n <a href=\"https:\/\/undetectable.ai\/\" data-type=\"link\" data-id=\"https:\/\/undetectable.ai\/\" target=\"_blank\" rel=\"noopener\">Undet<\/a><a href=\"https:\/\/undetectable.ai\/\" target=\"_blank\" data-type=\"link\" data-id=\"https:\/\/undetectable.ai\/\" rel=\"noreferrer noopener\">ectable AI<\/a> Yaz\u0131n\u0131z\u0131 insanile\u015ftirmek ve m\u00fckemmelle\u015ftirmek i\u00e7in.<\/p>","protected":false},"excerpt":{"rendered":"","protected":false},"author":15,"featured_media":19673,"comment_status":"closed","ping_status":"closed","sticky":false,"template":"","format":"standard","meta":{"_themeisle_gutenberg_block_has_review":false,"footnotes":""},"categories":[31],"tags":[],"class_list":["post-19667","post","type-post","status-publish","format-standard","has-post-thumbnail","hentry","category-helpful-ai-content-tips"],"_links":{"self":[{"href":"https:\/\/undetectable.ai/blog\/tr\/wp-json\/wp\/v2\/posts\/19667","targetHints":{"allow":["GET"]}}],"collection":[{"href":"https:\/\/undetectable.ai/blog\/tr\/wp-json\/wp\/v2\/posts"}],"about":[{"href":"https:\/\/undetectable.ai/blog\/tr\/wp-json\/wp\/v2\/types\/post"}],"author":[{"embeddable":true,"href":"https:\/\/undetectable.ai/blog\/tr\/wp-json\/wp\/v2\/users\/15"}],"replies":[{"embeddable":true,"href":"https:\/\/undetectable.ai/blog\/tr\/wp-json\/wp\/v2\/comments?post=19667"}],"version-history":[{"count":4,"href":"https:\/\/undetectable.ai/blog\/tr\/wp-json\/wp\/v2\/posts\/19667\/revisions"}],"predecessor-version":[{"id":19676,"href":"https:\/\/undetectable.ai/blog\/tr\/wp-json\/wp\/v2\/posts\/19667\/revisions\/19676"}],"wp:featuredmedia":[{"embeddable":true,"href":"https:\/\/undetectable.ai/blog\/tr\/wp-json\/wp\/v2\/media\/19673"}],"wp:attachment":[{"href":"https:\/\/undetectable.ai/blog\/tr\/wp-json\/wp\/v2\/media?parent=19667"}],"wp:term":[{"taxonomy":"category","embeddable":true,"href":"https:\/\/undetectable.ai/blog\/tr\/wp-json\/wp\/v2\/categories?post=19667"},{"taxonomy":"post_tag","embeddable":true,"href":"https:\/\/undetectable.ai/blog\/tr\/wp-json\/wp\/v2\/tags?post=19667"}],"curies":[{"name":"wp","href":"https:\/\/api.w.org\/{rel}","templated":true}]}}