{"id":21071,"date":"2026-03-13T10:40:18","date_gmt":"2026-03-13T10:40:18","guid":{"rendered":"https:\/\/undetectable.ai/blog\/?p=21071"},"modified":"2026-03-13T17:30:31","modified_gmt":"2026-03-13T17:30:31","slug":"emek-veya-iscilik","status":"publish","type":"post","link":"https:\/\/undetectable.ai/blog\/tr\/emek-veya-iscilik\/","title":{"rendered":"Emek ya da \u0130\u015fg\u00fcc\u00fc: Sizin Ba\u011flam\u0131n\u0131zda Hangisi Do\u011fru?"},"content":{"rendered":"<p>Siz de yaz\u0131l\u0131\u015flar\u0131 ve anlamlar\u0131 birbirine \u00e7ok benzeyen iki kelime g\u00f6rd\u00fc\u011f\u00fcn\u00fczde kafas\u0131 kar\u0131\u015fan bir \u0130ngilizce \u00f6\u011frenicisi misiniz?&nbsp;<\/p>\n\n\n\n<p>Baz\u0131lar\u0131nda emek, baz\u0131lar\u0131nda ise i\u015f\u00e7ilik kullan\u0131lan farkl\u0131 yaz\u0131larla da kar\u015f\u0131la\u015fabilirsiniz. Bu sizi merakland\u0131rabilir, emek mi yoksa i\u015f g\u00fcc\u00fc m\u00fc? Do\u011fru kelime hangisi, yoksa kullan\u0131mlar\u0131 ba\u011flama m\u0131 ba\u011fl\u0131?<\/p>\n\n\n\n<p>Dahas\u0131, e\u011fer bir yazarsan\u0131z, yaz\u0131n\u0131zda hangisini kullanaca\u011f\u0131n\u0131z konusunda kafan\u0131z kar\u0131\u015fabilir. \u0130yi bir yaz\u0131 tekd\u00fczelik ve tutarl\u0131l\u0131k gerektirdi\u011finden, yaz\u0131 boyunca ya emek ya da i\u015f kelimesi kullan\u0131lmal\u0131d\u0131r.<\/p>\n\n\n\n<p>Bu yaz\u0131da, hangisinin ne zaman ve nerede kullan\u0131laca\u011f\u0131n\u0131 tart\u0131\u015faca\u011f\u0131z. Neden \u201cemek ya da i\u015fg\u00fcc\u00fc\u201d \u015feklinde iki yaz\u0131m var? Ve her iki yaz\u0131m da i\u015fyeri ve siyasi ba\u011flamlara nas\u0131l uyuyor?.<\/p>\n\n\n\n<p>Hadi i\u00e7eri dalal\u0131m.<\/p>\n\n\n\n<hr class=\"wp-block-separator has-alpha-channel-opacity\"\/>\n\n\n\n<p class=\"has-text-align-center\"><strong>\u00d6nemli \u00c7\u0131kar\u0131mlar<\/strong><\/p>\n\n\n\n<ul class=\"wp-block-list\">\n<li>Labor, Amerikan \u0130ngilizcesinde standart yaz\u0131md\u0131r. Labour, \u0130ngiliz \u0130ngilizcesinde ve \u0130ngilizce konu\u015fulan d\u00fcnyan\u0131n geri kalan\u0131nda standart yaz\u0131md\u0131r.<\/li>\n<\/ul>\n\n\n\n<p><\/p>\n\n\n\n<ul class=\"wp-block-list\">\n<li>Bu ayr\u0131m, emek, renk ve onur gibi kelimelerden \u201cu\u201d harfini \u00e7\u0131karan Noah Webster'\u0131n 1828 tarihli s\u00f6zl\u00fc\u011f\u00fcne kadar uzan\u0131yor.<\/li>\n<\/ul>\n\n\n\n<p><\/p>\n\n\n\n<ul class=\"wp-block-list\">\n<li>T\u0131bbi yaz\u0131mda hem do\u011fum hem de do\u011fum sanc\u0131s\u0131 do\u011fum anlam\u0131na gelir. Yaz\u0131m \u015fekli hedef kitlenize ba\u011fl\u0131d\u0131r, anlam\u0131na de\u011fil.<\/li>\n<\/ul>\n\n\n\n<p><\/p>\n\n\n\n<ul class=\"wp-block-list\">\n<li>Baz\u0131 \u00f6zel isimler b\u00f6lgesel kural\u0131 bozar. Avustralya \u0130\u015f\u00e7i Partisi Amerikan yaz\u0131m\u0131n\u0131 kullan\u0131rken, \u0130ngiliz \u0130\u015f\u00e7i Partisi \u201cu\u201d harfini korur.\u201d<\/li>\n<\/ul>\n\n\n\n<p><\/p>\n\n\n\n<ul class=\"wp-block-list\">\n<li>Bir yaz\u0131m \u015fekli se\u00e7meli ve yaz\u0131n\u0131z boyunca buna sad\u0131k kalmal\u0131s\u0131n\u0131z. \u0130kisini kar\u0131\u015ft\u0131rmak \u00f6zensiz g\u00f6r\u00fcn\u00fcr.<\/li>\n<\/ul>\n\n\n\n<p><\/p>\n\n\n\n<hr class=\"wp-block-separator has-alpha-channel-opacity\"\/>\n\n\n\n<h2 class=\"wp-block-heading\">Emek veya \u0130\u015f\u00e7ilik Aras\u0131ndaki Fark Nedir?<\/h2>\n\n\n\n<p>Labor ve labour aras\u0131nda temel bir fark yoktur. Labor Amerikan \u0130ngilizcesinde kullan\u0131l\u0131rken, labour \u0130ngilizce konu\u015fulan d\u00fcnyan\u0131n geri kalan\u0131 taraf\u0131ndan kullan\u0131lmaktad\u0131r.<\/p>\n\n\n\n<p>Ancak bunun bir istisnas\u0131 vard\u0131r. Avustralya'da, Amerikan yaz\u0131l\u0131\u015f\u0131 \u015fu anlama gelmek i\u00e7in kullan\u0131l\u0131r <a href=\"https:\/\/www.abc.net.au\/news\/2022-02-07\/why-the-australian-labor-party-is-not-spelled-labour\/100789310\" rel=\"nofollow noopener\" target=\"_blank\">Avustralya \u0130\u015f\u00e7i Partisi<\/a>. Bunun nedeni, Amerikan i\u015f\u00e7i hareketinin Avustralya \u0130\u015f\u00e7i Partisi'nin kurucular\u0131 \u00fczerindeki etkisidir.<\/p>\n\n\n\n<p>Di\u011fer t\u00fcm ba\u011flamlarda Avustralyal\u0131lar i\u015fg\u00fcc\u00fcn\u00fc kullanmaktad\u0131r.\u00a0<\/p>\n\n\n\n<p>\u0130ngiliz \u0130\u015f\u00e7i Partisi'nin u. -our yaz\u0131m\u0131ndan -or yaz\u0131m\u0131na ge\u00e7i\u015fin Amerikan \u0130ngilizcesindeki en \u00f6nemli farkl\u0131la\u015ft\u0131r\u0131c\u0131 fakt\u00f6rlerden biri oldu\u011fu d\u00fc\u015f\u00fcn\u00fclmektedir. Labor, birka\u00e7 -or s\u00f6zc\u00fc\u011f\u00fc ile birlikte 1840 civar\u0131nda ABD'de yayg\u0131n yaz\u0131m haline gelmi\u015ftir.&nbsp;<\/p>\n\n\n\n<h3 class=\"wp-block-heading\">Temel Anlam<\/h3>\n\n\n\n<p>Labor kelimesi Orta \u0130ngilizce k\u00f6kenlidir: Old <a href=\"https:\/\/www.oed.com\/dictionary\/labour_v?tl=true\" rel=\"nofollow noopener\" target=\"_blank\">Frans\u0131z i\u015f\u00e7ili\u011fi<\/a> (isim), labourer (fiil), her ikisi de \u2018zahmet, s\u0131k\u0131nt\u0131\u2019 anlam\u0131na gelen Latince labor kelimesinden gelmektedir.<\/p>\n\n\n\n<p><strong>\u0130sim olarak emek:<\/strong><\/p>\n\n\n\n<p>Emek, \u0130ngilizce'de isim olarak \u00e7al\u0131\u015fmay\u0131, \u00f6zellikle de fiziksel ve manuel \u00e7al\u0131\u015fmay\u0131 ifade etmek i\u00e7in kullan\u0131l\u0131r.<\/p>\n\n\n\n<p>C\u00fcmlelerde emek kullan\u0131m\u0131n\u0131n baz\u0131 \u00f6rnekleri \u015funlard\u0131r:&nbsp;<\/p>\n\n\n\n<ul class=\"wp-block-list\">\n<li><em>Bu t\u00fcr bir \u00e7al\u0131\u015fma \u00e7ok fazla emek gerektirecektir.\u00a0<\/em><\/li>\n<\/ul>\n\n\n\n<p>Bu ba\u011flamda emek, toplu olarak i\u015fg\u00fcc\u00fc olarak adland\u0131r\u0131lan el i\u015f\u00e7ilerini ifade eder.&nbsp;<\/p>\n\n\n\n<ul class=\"wp-block-list\">\n<li><em>Do\u011fuma girmek \u00fczere.\u00a0<\/em><\/li>\n<\/ul>\n\n\n\n<p>Bu ba\u011flamda do\u011fum, do\u011fum s\u00fcrecini ifade etmektedir.&nbsp;<\/p>\n\n\n\n<h2 class=\"wp-block-heading\">Neden \u0130ki Yaz\u0131m Var?<\/h2>\n\n\n\n<p>\u0130ki yaz\u0131m \u015fekli esasen b\u00f6lgesel farkl\u0131l\u0131klar nedeniyle mevcuttur. Labour mu yoksa labor mu? Daha \u00f6nce de tart\u0131\u015f\u0131ld\u0131\u011f\u0131 gibi, Amerika Birle\u015fik Devletleri'nde labor, \u0130ngilizce konu\u015fulan d\u00fcnyan\u0131n geri kalan\u0131nda ise labour daha yayg\u0131n olarak kullan\u0131lmaktad\u0131r.<\/p>\n\n\n\n<p>\u0130nsan merak edebilir. <strong>i\u015f\u00e7i g\u00fcn\u00fc veya emek g\u00fcn\u00fc<\/strong>. Her iki yaz\u0131m da do\u011frudur ve sadece daha sonra tart\u0131\u015faca\u011f\u0131m\u0131z b\u00f6lgesel farkl\u0131l\u0131klar nedeniyle farkl\u0131l\u0131k g\u00f6sterir.&nbsp;<\/p>\n\n\n\n<p>\u00d6rne\u011fin Amerika Birle\u015fik Devletleri'nde emek kelimesinin benimsenmesi, Noah Webster'\u0131n 1828 tarihli s\u00f6zl\u00fc\u011f\u00fcnde emek, renk ve mizah gibi kelimeler i\u00e7in -or ifadesini kullanmas\u0131na dayanmaktad\u0131r.<\/p>\n\n\n\n<p>Ancak \u0130ngiltere'de bu kelimelerin \u00e7o\u011fu Latince'den gelmektedir ve burada sondaki -or olarak yaz\u0131lmaktad\u0131r. \u0130ngilizceye ilk olarak Eski Frans\u0131zcadan ge\u00e7mi\u015flerdir.<\/p>\n\n\n\n<p>Norman Fethi'nin ard\u0131ndan, daha sonraki Eski Frans\u0131zca yaz\u0131m\u0131na uymas\u0131 i\u00e7in sondaki -our oldu.<\/p>\n\n\n\n<h2 class=\"wp-block-heading\">Ne Zaman Kullan\u0131lmal\u0131 <em>\u0130\u015fg\u00fcc\u00fc<\/em><\/h2>\n\n\n\n<p>Amerikan \u0130ngilizcesinde yazarken veya Amerikal\u0131 bir okuyucu kitlesi i\u00e7in yazarken, Amerika Birle\u015fik Devletleri'nde daha yayg\u0131n olarak kullan\u0131lan labor kelimesini kullanmay\u0131 d\u00fc\u015f\u00fcn\u00fcn.&nbsp;<\/p>\n\n\n\n<h2 class=\"wp-block-heading\"><em>\u0130\u015f\u00e7ilik Ne Zaman Kullan\u0131lmal\u0131<\/em><\/h2>\n\n\n\n<p>Birle\u015fik Krall\u0131k \u0130ngilizcesi (Commonwealth) ve \u0130ngilizce konu\u015fulan d\u00fcnyan\u0131n geri kalan\u0131 i\u00e7in yazarken, i\u015f\u00e7ilik kullanmak daha bilin\u00e7li bir se\u00e7imdir.<\/p>\n\n\n\n<p>Yukar\u0131daki noktalar\u0131 akl\u0131n\u0131zda tutarak ayn\u0131 yaz\u0131 i\u00e7inde kar\u0131\u015f\u0131k yaz\u0131mlar kullanmaktan ka\u00e7\u0131n\u0131n. <a href=\"https:\/\/undetectable.ai\/blog\/what-is-mla-format\/\" target=\"_blank\" rel=\"noreferrer noopener\">MLA gibi yaz\u0131m stilleri<\/a> Yazarlardan, b\u00f6lgesel \u0130ngilizcelerine g\u00f6re standart yaz\u0131m kurallar\u0131n\u0131 takip etmelerini bekleyin.<\/p>\n\n\n\n<p>Ayr\u0131ca, i\u015f\u00e7i partileri gibi belirli kurulu\u015flara at\u0131fta bulunurken resmi adlar\u0131n\u0131 kullan\u0131n. Buna \u0130ngiliz \u0130\u015f\u00e7i Partisi de dahildir<strong> <\/strong>Partisi ve Avustralya \u0130\u015f\u00e7i Partisi.<\/p>\n\n\n\n<p>Belirli terimler i\u00e7in dikkatli olun. \u00d6rne\u011fin, \u201claborious\u201d terimi ABD ve Birle\u015fik Krall\u0131k \u0130ngilizcesinde ayn\u0131 \u015fekilde yaz\u0131l\u0131r.<\/p>\n\n\n\n<h2 class=\"wp-block-heading\">\u0130\u015fyerinde ve Siyasi Ba\u011flamlarda Eme\u011fe Kar\u015f\u0131 Emek<\/h2>\n\n\n\n<p><a href=\"https:\/\/www.researchgate.net\/publication\/327459744_Labor_Employment_and_Work\" rel=\"nofollow noopener\" target=\"_blank\">Emek veya i\u015f\u00e7ilik<\/a> bir i\u015fyerinde \u00e7al\u0131\u015fanlar\u0131 ifade eder. \u0130\u015fyeri ba\u011flam\u0131nda emek, mal ve hizmet \u00fcretimi i\u00e7in insanlar taraf\u0131ndan harcanan fiziksel veya zihinsel \u00e7aba olarak bilinir. Bunun kar\u015f\u0131l\u0131\u011f\u0131nda da para kazan\u0131rlar.\u00a0<\/p>\n\n\n\n<p>\u0130\u015fyeri ba\u011flam\u0131nda, a\u015fa\u011f\u0131dakileri kullan\u0131n <strong>emek<\/strong> ABD merkezli bir kitle i\u00e7in yazarken. Kullan\u0131m <strong>\u0130\u015e\u00c7\u0130L\u0130K<\/strong> Birle\u015fik Krall\u0131k ve \u0130ngilizce konu\u015fan di\u011fer kitleler i\u00e7in yazarken.<\/p>\n\n\n\n<p>Siyasi ba\u011flamda, \u0130\u015f\u00e7i Partisi genellikle Birle\u015fik Krall\u0131k \u0130\u015f\u00e7i Partisi'ne at\u0131fta bulunmak i\u00e7in \u00f6zel isim olarak kullan\u0131l\u0131r. Bu konuyu daha \u00f6nce bu makalede ele alm\u0131\u015ft\u0131k.&nbsp;<\/p>\n\n\n\n<p>\u0130\u015f\u00e7ilik ayn\u0131 zamanda i\u015fin yap\u0131lmas\u0131 i\u00e7in i\u015f\u00e7iler taraf\u0131ndan makinelerin, aletlerin ve di\u011fer ekipmanlar\u0131n kullan\u0131lmas\u0131n\u0131 da i\u00e7erir. \u00dcretimin planlanmas\u0131, organize edilmesi ve denetlenmesi i\u00e7in harcanan zaman da i\u015f\u00e7ilik kapsam\u0131na girer.<\/p>\n\n\n\n<p>\u0130deal bir ekonomik modele g\u00f6re, emek ya da i\u015fg\u00fcc\u00fc homojen bir girdidir; bu da t\u00fcm i\u015f\u00e7ilerin ayn\u0131 kaynak setiyle ayn\u0131 t\u00fcrde i\u015f \u00fcrettikleri anlam\u0131na gelir.&nbsp;<\/p>\n\n\n\n<h3 class=\"wp-block-heading\">Siyasi Ba\u011flamda \u0130\u015f\u00e7i ve Emek<\/h3>\n\n\n\n<p>Siyasi ba\u011flamda emek, i\u015f\u00e7i-i\u015fveren ili\u015fkisini d\u00fczenleyen ve h\u00fck\u00fcmet taraf\u0131ndan belirlenen politikalara at\u0131fta bulunabilir.&nbsp;<\/p>\n\n\n\n<p>Bu istisnalar d\u0131\u015f\u0131ndaki t\u00fcm siyasi ba\u011flamlarda, ABD'li bir kitle i\u00e7in yazarken labor, Birle\u015fik Krall\u0131k ve \u0130ngilizce konu\u015fan di\u011fer kitleler i\u00e7in yazarken labour ifadesini kullan\u0131n.<\/p>\n\n\n\n<p>Ayn\u0131 yaz\u0131y\u0131 hem ABD hem de Birle\u015fik Krall\u0131k kitleleri i\u00e7in uyarlad\u0131\u011f\u0131n\u0131zda, mesele sadece yaz\u0131m kurallar\u0131n\u0131 de\u011fi\u015ftirmek de\u011fildir. \u0130fade, ton ve hatta terminoloji bile farkl\u0131l\u0131k g\u00f6sterebilir.<\/p>\n\n\n<div class=\"wp-block-image\">\n<figure class=\"aligncenter size-large\"><img loading=\"lazy\" decoding=\"async\" width=\"1024\" height=\"412\" src=\"https:\/\/undetectable.ai/blog\/wp-content\/uploads\/2025\/09\/AI-Rewording-tool-002-1024x412.jpg\" alt=\"Undetectable AI yeniden ifade arac\u0131 ekran g\u00f6r\u00fcnt\u00fcs\u00fc\" class=\"wp-image-13434\" title=\"\" srcset=\"https:\/\/undetectable.ai/blog\/wp-content\/uploads\/2025\/09\/AI-Rewording-tool-002-1024x412.jpg 1024w, https:\/\/undetectable.ai/blog\/wp-content\/uploads\/2025\/09\/AI-Rewording-tool-002-300x121.jpg 300w, https:\/\/undetectable.ai/blog\/wp-content\/uploads\/2025\/09\/AI-Rewording-tool-002-768x309.jpg 768w, https:\/\/undetectable.ai/blog\/wp-content\/uploads\/2025\/09\/AI-Rewording-tool-002-1536x619.jpg 1536w, https:\/\/undetectable.ai/blog\/wp-content\/uploads\/2025\/09\/AI-Rewording-tool-002-2048x825.jpg 2048w, https:\/\/undetectable.ai/blog\/wp-content\/uploads\/2025\/09\/AI-Rewording-tool-002-18x7.jpg 18w\" sizes=\"auto, (max-width: 1024px) 100vw, 1024px\" \/><\/figure><\/div>\n\n\n<p>Tespit Edilemeyen Yapay Zeka <a href=\"https:\/\/undetectable.ai\/rewording-tool\" target=\"_blank\" rel=\"noopener\">Yeniden ifade arac\u0131<\/a> mesaj\u0131n\u0131z\u0131 de\u011fi\u015ftirmeden farkl\u0131 bir b\u00f6lgesel kitle i\u00e7in i\u00e7eri\u011fi yeniden d\u00fczenlemenize yard\u0131mc\u0131 olabilir.<\/p>\n\n\n\n<h2 class=\"wp-block-heading\">T\u0131bbi Yaz\u0131mda Eme\u011fe Kar\u015f\u0131 Emek<\/h2>\n\n\n\n<p>T\u0131bbi yaz\u0131mda do\u011fumdan bahsederken labor veya labour kelimeleri kullan\u0131l\u0131r. Her iki kelime de ayn\u0131 anlama gelir ve aralar\u0131ndaki fark tamamen b\u00f6lgeseldir.<\/p>\n\n\n<div class=\"wp-block-image\">\n<figure class=\"aligncenter size-large\"><img loading=\"lazy\" decoding=\"async\" width=\"1024\" height=\"436\" src=\"https:\/\/undetectable.ai/blog\/wp-content\/uploads\/2025\/11\/Advanced-AI-Humanizer-1024x436.jpg\" alt=\"Undetectable AI&#039;n\u0131n Geli\u015fmi\u015f AI Humanizer&#039;\u0131n\u0131n ekran g\u00f6r\u00fcnt\u00fcs\u00fc\" class=\"wp-image-18108\" title=\"\" srcset=\"https:\/\/undetectable.ai/blog\/wp-content\/uploads\/2025\/11\/Advanced-AI-Humanizer-1024x436.jpg 1024w, https:\/\/undetectable.ai/blog\/wp-content\/uploads\/2025\/11\/Advanced-AI-Humanizer-300x128.jpg 300w, https:\/\/undetectable.ai/blog\/wp-content\/uploads\/2025\/11\/Advanced-AI-Humanizer-768x327.jpg 768w, https:\/\/undetectable.ai/blog\/wp-content\/uploads\/2025\/11\/Advanced-AI-Humanizer-18x8.jpg 18w, https:\/\/undetectable.ai/blog\/wp-content\/uploads\/2025\/11\/Advanced-AI-Humanizer.jpg 1265w\" sizes=\"auto, (max-width: 1024px) 100vw, 1024px\" \/><\/figure><\/div>\n\n\n<p>T\u0131bbi k\u0131lavuzlar yazarken ve t\u0131bbi jargonlarla u\u011fra\u015f\u0131rken Undetectable AI'n\u0131n <a href=\"https:\/\/undetectable.ai\/\" target=\"_blank\" rel=\"noreferrer noopener\">Yapay Zeka \u0130nsanc\u0131lla\u015ft\u0131r\u0131c\u0131<\/a> T\u0131bbi a\u00e7\u0131klamalar\u0131 s\u0131radan insanlar i\u00e7in okunabilir ve eri\u015filebilir tutmak.\u00a0<\/p>\n\n\n\n<p>Birle\u015fik Krall\u0131k \u0130ngilizcesinde t\u0131bbi bir ba\u011flamda yazarken veya Amerika Birle\u015fik Devletleri d\u0131\u015f\u0131ndaki bir kitleye at\u0131fta bulunurken labour kullan\u0131n.<\/p>\n\n\n\n<p>T\u0131bbi bir ba\u011flamda ABD \u0130ngilizcesi ile yazarken ve ABD'li bir kitleye at\u0131fta bulunurken labor kullan\u0131n.<\/p>\n\n\n\n<p>T\u0131bbi g\u00f6rsellerin ger\u00e7ekli\u011fini do\u011frulamak i\u00e7in yard\u0131ma ihtiyac\u0131n\u0131z oldu\u011funda, Undetectable AI'n\u0131n <a href=\"https:\/\/undetectable.ai\/ai-image-detector\" target=\"_blank\" rel=\"noreferrer noopener\">AI G\u00f6r\u00fcnt\u00fc Dedekt\u00f6r\u00fc<\/a> g\u00f6rsellerin ger\u00e7ek oldu\u011fundan ve yapay zeka taraf\u0131ndan \u00fcretilmedi\u011finden emin olmak i\u00e7in.\u00a0<\/p>\n\n\n\n<h2 class=\"wp-block-heading\">Ger\u00e7ek C\u00fcmle \u00d6rnekleri<\/h2>\n\n\n<div class=\"wp-block-image\">\n<figure class=\"aligncenter size-large\"><img loading=\"lazy\" decoding=\"async\" width=\"1024\" height=\"683\" src=\"https:\/\/undetectable.ai/blog\/wp-content\/uploads\/2026\/03\/ffffff-1-6-1024x683.jpg\" alt=\"Do\u011fum sanc\u0131s\u0131 \u00e7eken kad\u0131n kocas\u0131yla el ele tutu\u015fuyor\" class=\"wp-image-21081\" title=\"\" srcset=\"https:\/\/undetectable.ai/blog\/wp-content\/uploads\/2026\/03\/ffffff-1-6-1024x683.jpg 1024w, https:\/\/undetectable.ai/blog\/wp-content\/uploads\/2026\/03\/ffffff-1-6-300x200.jpg 300w, https:\/\/undetectable.ai/blog\/wp-content\/uploads\/2026\/03\/ffffff-1-6-768x512.jpg 768w, https:\/\/undetectable.ai/blog\/wp-content\/uploads\/2026\/03\/ffffff-1-6-18x12.jpg 18w, https:\/\/undetectable.ai/blog\/wp-content\/uploads\/2026\/03\/ffffff-1-6.jpg 1200w\" sizes=\"auto, (max-width: 1024px) 100vw, 1024px\" \/><\/figure><\/div>\n\n\n<p>Emek veya i\u015f\u00e7ilikle ilgili baz\u0131 ger\u00e7ek c\u00fcmle \u00f6rnekleri \u015funlard\u0131r:<\/p>\n\n\n\n<ol class=\"wp-block-list\">\n<li>Ben ve karde\u015fim <strong>zahmetli\/zahmetli<\/strong> arabam\u0131z\u0131 tamir etmek i\u00e7in.<\/li>\n\n\n\n<li>Bu i\u015f i\u00e7in \u00e7ok fazla <strong>emek\/i\u015fg\u00fcc\u00fc<\/strong>.\u00a0<\/li>\n\n\n\n<li>\u00c7o\u011fu \u00fclke kutluyor <strong>emek\/i\u015fg\u00fcc\u00fc <\/strong>1 May\u0131s g\u00fcn\u00fc.\u00a0<\/li>\n\n\n\n<li>Manuel <strong>emek\/i\u015fg\u00fcc\u00fc <\/strong>olduk\u00e7a pahal\u0131 hale geldi.<\/li>\n\n\n\n<li>Bir g\u00fcn <strong>emek\/i\u015fg\u00fcc\u00fc <\/strong>\u0130ki saat \u00f6nce.<\/li>\n<\/ol>\n\n\n\n<h2 class=\"wp-block-heading\">Hedef Kitleniz \u0130\u00e7in Do\u011fru Yaz\u0131m\u0131 Se\u00e7mek<\/h2>\n\n\n\n<p>Yazmaya ba\u015flamadan \u00f6nce, yazd\u0131klar\u0131n\u0131z\u0131 kimin okuyaca\u011f\u0131n\u0131 belirlemeniz gerekir. E\u011fer tek b\u00f6lgeli bir kitle s\u00f6z konusuysa, se\u00e7im olduk\u00e7a basittir.<\/p>\n\n\n\n<p>Ancak i\u00e7eri\u011finiz hem Amerikal\u0131 hem de uluslararas\u0131 okuyuculara ula\u015f\u0131yorsa, \u00f6rne\u011fin bir blog veya \u00fcr\u00fcn sayfas\u0131 gibi, birini se\u00e7meniz ve taahh\u00fctte bulunman\u0131z gerekir.<\/p>\n\n\n\n<p>\u0130yi bir kural, yaz\u0131m \u015feklini okuyucular\u0131n\u0131z\u0131n \u00e7o\u011funun bulundu\u011fu yerle e\u015fle\u015ftirmektir. Analizleriniz 70% ABD trafi\u011fi g\u00f6steriyorsa labor yaz\u0131n. Okuyucu kitleniz \u0130ngiliz veya Avustralyal\u0131 ise labour kullan\u0131n.&nbsp;<\/p>\n\n\n\n<p>Ve b\u00f6lgeden ba\u011f\u0131ms\u0131z olarak de\u011fi\u015fmeyen \u201czahmetli\u201d gibi kelimelere dikkat edin.&nbsp;<\/p>\n\n\n\n<p><strong>E\u011flenceli bilgi:<\/strong> Tasla\u011f\u0131n\u0131zda bul ve de\u011fi\u015ftir i\u015flemi yap\u0131yorsan\u0131z bunlar sizi yan\u0131ltabilir.<\/p>\n\n\n\n<p>Yaz\u0131lar\u0131n\u0131z\u0131 profesyonel, net ve marka sesinizle uyumlu tutmak i\u00e7in Undetectable AI'n\u0131n <a href=\"https:\/\/undetectable.ai\/writing-style-replicator\" target=\"_blank\" rel=\"noreferrer noopener\">Yaz\u0131 Stili \u00c7o\u011falt\u0131c\u0131<\/a> Yaz\u0131n\u0131z boyunca marka kimli\u011finizi koruman\u0131za yard\u0131mc\u0131 olmak i\u00e7in.<\/p>\n\n\n\n<p>Hedef kitleniz i\u00e7in do\u011fru yaz\u0131m \u015feklini se\u00e7erken, yaz\u0131n\u0131z\u0131n tamam\u0131nda ayn\u0131 yaz\u0131m \u015feklini kullanmay\u0131 unutmay\u0131n. Baz\u0131 yerlerde labor, baz\u0131 yerlerde labour kullanmak bir yazar olarak g\u00fcvenilirli\u011finize zarar verebilir.<\/p>\n\n\n\n<p>Ayr\u0131ca, yaz\u0131n\u0131zdaki dikkatsizli\u011fe de i\u015faret edebilir. Okuyucular, tasla\u011f\u0131n\u0131z\u0131 d\u00fczeltme zahmetine girmedi\u011finizi ve aceleyle yay\u0131nlad\u0131\u011f\u0131n\u0131z\u0131 d\u00fc\u015f\u00fcnebilir.<\/p>\n\n\n\n<p>Yapay Zeka Dedekt\u00f6r\u00fc ve \u0130nsanc\u0131lla\u015ft\u0131r\u0131c\u0131y\u0131 hemen a\u015fa\u011f\u0131da deneyin!<\/p>\n\n\n\n<div id=\"uai-widget\" data-affiliate-link=\"https:\/\/undetectable.ai\/?_by=hi4km\"><script>var js = document.createElement(\"script\");js.async = true;js.src = \"https:\/\/widget.undetectable.ai\/js\/widget-loader.js?t=\"+Date.now();document.getElementsByTagName(\"head\")[0].appendChild(js);<\/script><\/div>\n\n\n\n<h2 class=\"wp-block-heading\">Son D\u00fc\u015f\u00fcnceler<\/h2>\n\n\n\n<p>Emek mi yoksa i\u015fg\u00fcc\u00fc m\u00fc? Her ikisi de do\u011frudur ve t\u00fcm d\u00fcnyada yaz\u0131larda yayg\u0131n olarak kullan\u0131l\u0131r. Aradaki en b\u00fcy\u00fck fark, hangi kitle i\u00e7in yaz\u0131yor olabilece\u011finizdir.<\/p>\n\n\n\n<p>ABD'li izleyiciler i\u00e7in \u0130\u015f\u00e7i Partisi do\u011fru se\u00e7imdir. Ancak \u0130ngiltere'deki izleyiciler i\u00e7in \u0130\u015f\u00e7i Partisi do\u011fru se\u00e7imdir.\u00a0<\/p>\n\n\n\n<p>Bu fark\u0131 anlamak, yazarlar\u0131n \u00e7al\u0131\u015fmalar\u0131nda tekd\u00fczelik, netlik ve g\u00fcvenilirli\u011fi korumalar\u0131na yard\u0131mc\u0131 olabilir.<\/p>\n\n\n\n<p>\u0130ster i\u015fyeri politikalar\u0131, ister siyasi hareketler veya t\u0131bbi ba\u011flamlar hakk\u0131nda yaz\u0131yor olun, yaz\u0131n\u0131z boyunca daha uygun yaz\u0131m bi\u00e7imini se\u00e7meniz hedef kitlenizde g\u00fcven olu\u015fturman\u0131za yard\u0131mc\u0131 olur ve mesaj\u0131n\u0131z\u0131n a\u00e7\u0131k ve bilgilendirici olmas\u0131n\u0131 sa\u011flar.&nbsp;<\/p>\n\n\n\n<p>Hedef kitlenizi ve bu makalede ele ald\u0131\u011f\u0131m\u0131z kilit noktalar\u0131 akl\u0131n\u0131zda tutarak, ba\u011flam\u0131n\u0131zda hangi yaz\u0131m\u0131n do\u011fru oldu\u011funa karar verebilmeli ve kafa kar\u0131\u015f\u0131kl\u0131\u011f\u0131n\u0131 \u00f6nleyebilmelisiniz.<\/p>\n\n\n\n<p>Ve \u015f\u00fcpheye d\u00fc\u015ft\u00fc\u011f\u00fcn\u00fczde <a href=\"https:\/\/undetectable.ai\/\" target=\"_blank\" rel=\"noreferrer noopener\">Tespit Edilemeyen Yapay Zeka<\/a> Aletler.<\/p>","protected":false},"excerpt":{"rendered":"","protected":false},"author":15,"featured_media":21080,"comment_status":"closed","ping_status":"closed","sticky":false,"template":"","format":"standard","meta":{"_themeisle_gutenberg_block_has_review":false,"footnotes":""},"categories":[31],"tags":[],"class_list":["post-21071","post","type-post","status-publish","format-standard","has-post-thumbnail","hentry","category-helpful-ai-content-tips"],"_links":{"self":[{"href":"https:\/\/undetectable.ai/blog\/tr\/wp-json\/wp\/v2\/posts\/21071","targetHints":{"allow":["GET"]}}],"collection":[{"href":"https:\/\/undetectable.ai/blog\/tr\/wp-json\/wp\/v2\/posts"}],"about":[{"href":"https:\/\/undetectable.ai/blog\/tr\/wp-json\/wp\/v2\/types\/post"}],"author":[{"embeddable":true,"href":"https:\/\/undetectable.ai/blog\/tr\/wp-json\/wp\/v2\/users\/15"}],"replies":[{"embeddable":true,"href":"https:\/\/undetectable.ai/blog\/tr\/wp-json\/wp\/v2\/comments?post=21071"}],"version-history":[{"count":7,"href":"https:\/\/undetectable.ai/blog\/tr\/wp-json\/wp\/v2\/posts\/21071\/revisions"}],"predecessor-version":[{"id":21082,"href":"https:\/\/undetectable.ai/blog\/tr\/wp-json\/wp\/v2\/posts\/21071\/revisions\/21082"}],"wp:featuredmedia":[{"embeddable":true,"href":"https:\/\/undetectable.ai/blog\/tr\/wp-json\/wp\/v2\/media\/21080"}],"wp:attachment":[{"href":"https:\/\/undetectable.ai/blog\/tr\/wp-json\/wp\/v2\/media?parent=21071"}],"wp:term":[{"taxonomy":"category","embeddable":true,"href":"https:\/\/undetectable.ai/blog\/tr\/wp-json\/wp\/v2\/categories?post=21071"},{"taxonomy":"post_tag","embeddable":true,"href":"https:\/\/undetectable.ai/blog\/tr\/wp-json\/wp\/v2\/tags?post=21071"}],"curies":[{"name":"wp","href":"https:\/\/api.w.org\/{rel}","templated":true}]}}