{"id":6236,"date":"2025-02-12T13:29:41","date_gmt":"2025-02-12T13:29:41","guid":{"rendered":"https:\/\/undetectable.ai/blog\/?p=6236"},"modified":"2026-04-09T01:22:03","modified_gmt":"2026-04-09T01:22:03","slug":"kaynakca-nasil-yazilir","status":"publish","type":"post","link":"https:\/\/undetectable.ai/blog\/tr\/kaynakca-nasil-yazilir\/","title":{"rendered":"Kaynak\u00e7a Nas\u0131l Yaz\u0131l\u0131r: Bi\u00e7imler ve \u00d6rnekler"},"content":{"rendered":"<p>Daha \u00f6nce akademik bir rapor veya bilimsel bir makale yazd\u0131ysan\u0131z, muhtemelen kaynak\u00e7a terimiyle kar\u015f\u0131la\u015fm\u0131\u015fs\u0131n\u0131zd\u0131r.<\/p>\n\n\n\n<p>Bu da onlardan biri. <a href=\"https:\/\/www.eapfoundation.com\/vocab\/academic\/awllists\/\" target=\"_blank\" rel=\"noreferrer noopener\">akademi\u0307k s\u00f6zc\u00fckler<\/a> kula\u011fa korkutucu gelse de asl\u0131nda olduk\u00e7a basittir.<\/p>\n\n\n\n<p>Bu blog, bunu ve kaynak\u00e7alar hakk\u0131nda \u00e7ok daha fazlas\u0131n\u0131 a\u00e7\u0131klamak i\u00e7in burada. T\u00fcm ana stillerde nas\u0131l kaynak\u00e7a yazaca\u011f\u0131n\u0131z\u0131 \u00f6\u011freneceksiniz.&nbsp;<\/p>\n\n\n\n<p>Ayr\u0131ca size baz\u0131 yararl\u0131 ara\u00e7lar\u0131 da tan\u0131taca\u011f\u0131z. \u00d6yleyse ba\u015flayal\u0131m.&nbsp;&nbsp;<\/p>\n\n\n\n<h2 class=\"wp-block-heading\">Kaynak\u00e7a Nedir?<\/h2>\n\n\n\n<p>Kaynak\u00e7a, \u00e7al\u0131\u015fma s\u0131ras\u0131nda ba\u015fvurdu\u011funuz t\u00fcm kaynaklar\u0131n kapsaml\u0131 bir listesidir. <a href=\"https:\/\/undetectable.ai\/blog\/can-chatgpt-write-research-papers\/\" target=\"_blank\" rel=\"noreferrer noopener\">ara\u015ft\u0131rma<\/a> ve yazma s\u00fcreci.<\/p>\n\n\n\n<p>Bu, hem do\u011frudan al\u0131nt\u0131 yapt\u0131\u011f\u0131n\u0131z hem de basit\u00e7e yorumlad\u0131\u011f\u0131n\u0131z veya arka plan bilgisi i\u00e7in ba\u015fvurdu\u011funuz eserleri i\u00e7erir.<\/p>\n\n\n\n<p>Kaynak\u00e7a bir liste olsa da, yap\u0131lacaklar ya da al\u0131\u015fveri\u015f listesi gibi de\u011fildir. Bu bir <em>bi\u00e7imlendirilmi\u015f<\/em> Okuyuculara bilgilerinizin nereden geldi\u011fini g\u00f6steren kaynaklar\u0131n kayd\u0131.<\/p>\n\n\n\n<p>Her giri\u015f, bir kaynakla ilgili temel ayr\u0131nt\u0131lar\u0131 belirli bir d\u00fczen i\u00e7inde i\u00e7erir. Bir kaynak\u00e7a giri\u015fi tipik olarak a\u015fa\u011f\u0131daki bile\u015fenleri i\u00e7erir:<\/p>\n\n\n\n<ul class=\"wp-block-list\">\n<li><strong>Yazar isimleri:<\/strong> Referans verdi\u011finiz kitaplar\u0131, makaleleri veya \u00e7al\u0131\u015fmalar\u0131 yazan ki\u015filerin isimleri.<\/li>\n\n\n\n<li><strong>Ba\u015fl\u0131klar:<\/strong> Bilginin bulundu\u011fu kitap, dergi veya web sitesinin ad\u0131.<\/li>\n\n\n\n<li><strong>Yay\u0131n detaylar\u0131:<\/strong> Kayna\u011f\u0131n t\u00fcr\u00fcne ba\u011fl\u0131 olarak yay\u0131nc\u0131, dergi ad\u0131 veya web sitesi URL'si.<\/li>\n\n\n\n<li><strong>Bas\u0131m\/s\u00fcr\u00fcm bilgileri:<\/strong> Bir kitab\u0131n birden fazla bask\u0131s\u0131 varsa, bu tam olarak kulland\u0131\u011f\u0131n\u0131z bask\u0131y\u0131 belirtir.<\/li>\n\n\n\n<li><strong>Dijital kaynaklar i\u00e7in eri\u015fim tarihleri:<\/strong> \u00c7evrimi\u00e7i kaynaklar i\u00e7in, web sayfalar\u0131 de\u011fi\u015febilece\u011finden veya kaybolabilece\u011finden, onlara ne zaman eri\u015fti\u011finizi not etmek \u00e7ok \u00f6nemlidir.<\/li>\n<\/ul>\n\n\n\n<p>\u00d6rne\u011fin, basit bir <a href=\"https:\/\/undetectable.ai\/blog\/how-to-quote-a-book\/\" target=\"_blank\" rel=\"noreferrer noopener\">kitap al\u0131nt\u0131s\u0131<\/a> bir kaynak\u00e7ada \u015f\u00f6yle g\u00f6r\u00fcnebilir:<\/p>\n\n\n\n<ul class=\"wp-block-list\">\n<li><em>Smith, John. Teknoloji Tarihi. 2. bask\u0131, Oxford \u00dcniversitesi Yay\u0131nlar\u0131, 2019.<\/em><\/li>\n<\/ul>\n\n\n\n<h2 class=\"wp-block-heading\">Kaynak\u00e7a ile At\u0131f Yap\u0131lan Eserler Sayfas\u0131 Aras\u0131ndaki Fark<\/h2>\n\n\n\n<p>\u0130lk bak\u0131\u015fta, kaynak\u00e7a ve at\u0131fta bulunulan eserler ayn\u0131 \u015feyi ifade ediyormu\u015f gibi g\u00f6r\u00fcn\u00fcr. Bu yayg\u0131n bir kar\u0131\u015f\u0131kl\u0131kt\u0131r. Sonu\u00e7ta her ikisi de kaynaklar\u0131n listelenmesini i\u00e7erir. Ancak ayn\u0131 \u015fey de\u011fildirler.<\/p>\n\n\n\n<p>Kaynak\u00e7a, daha \u00f6nce de belirtildi\u011fi gibi, metinde a\u00e7\u0131k\u00e7a at\u0131fta bulunulmayanlar da dahil olmak \u00fczere, ba\u015fvurulan t\u00fcm kaynaklar\u0131 listeler.<\/p>\n\n\n\n<p>Buna kar\u015f\u0131l\u0131k, eser at\u0131f sayfas\u0131, yaln\u0131zca \u00e7al\u0131\u015fman\u0131zda do\u011frudan at\u0131fta bulundu\u011funuz veya al\u0131nt\u0131 yapt\u0131\u011f\u0131n\u0131z kaynaklar\u0131n bir listesidir.&nbsp;<\/p>\n\n\n\n<p>Bu, yaln\u0131zca metninizde al\u0131nt\u0131 yapt\u0131\u011f\u0131n\u0131z, ba\u015fka kelimelerle ifade etti\u011finiz veya at\u0131fta bulundu\u011funuz kaynaklar\u0131n at\u0131fta bulunulan eserler listesinde g\u00f6sterilece\u011fi anlam\u0131na gelir. Ne eksik ne fazla.<\/p>\n\n\n\n<p>Bu, bir kaynak\u00e7ay\u0131 daha kapsaml\u0131 hale getirir.&nbsp;<\/p>\n\n\n\n<p>E\u011fitmeniniz veya yay\u0131n\u0131n\u0131z kaynak\u00e7a m\u0131 yoksa at\u0131fta bulunulan eserler sayfas\u0131 m\u0131 kullanman\u0131z gerekti\u011fini belirtecektir.<\/p>\n\n\n\n<h2 class=\"wp-block-heading\">Kaynak\u00e7aya Ne Zaman ve Neden \u0130htiya\u00e7 Duyars\u0131n\u0131z?<\/h2>\n\n\n\n<p>Bibliyografyalar iki temel i\u015fleve hizmet eder:<\/p>\n\n\n\n<ul class=\"wp-block-list\">\n<li>Orijinal yazarlara kredi sa\u011flanmas\u0131<\/li>\n\n\n\n<li>Kaynak do\u011frulamay\u0131 etkinle\u015ftirme<\/li>\n<\/ul>\n\n\n\n<p>Bibliyografyalar gerekti\u011fi yerde kredi sa\u011flar. Bir fikri, ger\u00e7e\u011fi veya ara\u015ft\u0131rma par\u00e7as\u0131n\u0131 her \u00f6d\u00fcn\u00e7 ald\u0131\u011f\u0131n\u0131zda, orijinal kayna\u011fa te\u015fekk\u00fcr etmeniz gerekir.&nbsp;<\/p>\n\n\n\n<p>Kaynak g\u00f6stermek orijinal yazarlara sayg\u0131 duymay\u0131 sa\u011flarken, as\u0131l ama\u00e7 intihalden ka\u00e7\u0131nmakt\u0131r.&nbsp;<\/p>\n\n\n\n<p>Aksi takdirde, bir ba\u015fkas\u0131n\u0131n fikri m\u00fclkiyetini kendinizinmi\u015f gibi iddia etmi\u015f olursunuz ki bu da <a href=\"https:\/\/undetectable.ai\/blog\/consequences-of-plagiarism\/\" target=\"_blank\" rel=\"noreferrer noopener\">ciddi bir akademik su\u00e7<\/a>.<\/p>\n\n\n\n<p>Ayr\u0131ca, bir kaynak\u00e7a okuyucular\u0131n (veya profes\u00f6r\u00fcn\u00fcz\u00fcn) \u00e7al\u0131\u015fman\u0131z\u0131 kontrol etmesini sa\u011flar.&nbsp;<\/p>\n\n\n\n<p>Bulgular\u0131n\u0131z\u0131 do\u011frulamak veya konuyu daha derinlemesine incelemek i\u00e7in kaynaklar\u0131n\u0131za ba\u015fvurabilirler.<\/p>\n\n\n\n<h2 class=\"wp-block-heading\">Bibliyografya T\u00fcrleri<\/h2>\n\n\n\n<p>Kaynak\u00e7a yazmay\u0131 \u00f6\u011frenmeden \u00f6nce, \u00e7al\u0131\u015fman\u0131z i\u00e7in en uygun kaynak\u00e7a format\u0131n\u0131 se\u00e7melisiniz.<\/p>\n\n\n\n<p>Evet, bibliyografyalar \u00e7e\u015fitli \u015fekillerde olabilir.<\/p>\n\n\n\n<p>\u0130\u015fte ba\u015fl\u0131ca bibliyografya t\u00fcrleri.<\/p>\n\n\n\n<h3 class=\"wp-block-heading\">A\u00e7\u0131klamal\u0131 Kaynak\u00e7a vs. Standart Kaynak\u00e7a<\/h3>\n\n\n\n<p>Standart bir bibliyografya daha \u00f6nce bahsettiklerimle ayn\u0131d\u0131r. Basit\u00e7e her kaynak i\u00e7in bibliyografik bilgileri listeler.&nbsp;<\/p>\n\n\n\n<p>Ancak a\u00e7\u0131klamal\u0131 bibliyografya bir ad\u0131m daha ileri gider. Her al\u0131nt\u0131dan sonra, kayna\u011f\u0131n k\u0131sa bir \u00f6zetini veya de\u011ferlendirmesini eklersiniz.<\/p>\n\n\n\n<p>Ek a\u00e7\u0131klama tipik olarak kayna\u011f\u0131n ana arg\u00fcmanlar\u0131n\u0131 veya bulgular\u0131n\u0131 a\u00e7\u0131klar. Ayr\u0131ca kayna\u011f\u0131n g\u00fcvenilirli\u011fini, uygunlu\u011funu veya ara\u015ft\u0131rma projesi i\u00e7in yararl\u0131l\u0131\u011f\u0131n\u0131 da de\u011ferlendirebilir.<\/p>\n\n\n\n<p>Ara\u015ft\u0131rmac\u0131lar\u0131n daha de\u011ferli buldu\u011fu \u015fey budur, bu nedenle a\u00e7\u0131klamal\u0131 bir kaynak\u00e7an\u0131n nas\u0131l yaz\u0131laca\u011f\u0131n\u0131 \u00f6\u011frenmeye daha fazla odaklanmal\u0131s\u0131n\u0131z.<\/p>\n\n\n\n<h3 class=\"wp-block-heading\">Akademik Makaleler ve \u0130\u015f Raporlar\u0131 i\u00e7in Kaynak\u00e7a<\/h3>\n\n\n\n<p>Kulland\u0131\u011f\u0131n\u0131z kaynak\u00e7a t\u00fcr\u00fc, ba\u011flama, yani yaz\u0131n\u0131z\u0131n format\u0131na da ba\u011fl\u0131 olabilir.<\/p>\n\n\n\n<p>Akademik makalelerde, kaynak\u00e7alar genellikle ayr\u0131nt\u0131l\u0131d\u0131r ve kat\u0131 kurallara uyar <a href=\"https:\/\/networlding.com\/5-types-of-writing-formats\/\" target=\"_blank\" rel=\"noreferrer noopener\">bi\u00e7imlendirme stilleri<\/a> (APA, MLA veya Chicago gibi).<\/p>\n\n\n\n<p>Bu stiller, noktalama i\u015faretleri, b\u00fcy\u00fck harf kullan\u0131m\u0131 ve \u00f6\u011felerin s\u0131ras\u0131 dahil olmak \u00fczere bibliyografik bilgilerin nas\u0131l sunulmas\u0131 gerekti\u011fine ili\u015fkin kesin kurallar\u0131 belirler.<\/p>\n\n\n\n<p>\u00d6zellikle be\u015feri bilimler veya sosyal bilimler alan\u0131nda a\u00e7\u0131klamal\u0131 bibliyografyalar\u0131 da burada g\u00f6rebilirsiniz.<\/p>\n\n\n\n<p>Ancak i\u015f raporlar\u0131nda, odak noktas\u0131 pratiklik oldu\u011fu i\u00e7in al\u0131nt\u0131 stilinde daha fazla esnekli\u011fe sahip olursunuz.&nbsp;<\/p>\n\n\n\n<p>Bu bibliyografyalar k\u0131sa ve net olma e\u011filimindedir. Ayr\u0131ca akademik bibliyografyalara k\u0131yasla daha fazla dahili belge veya \u00f6zel veriye at\u0131fta bulunabilirler.&nbsp;<\/p>\n\n\n\n<h2 class=\"wp-block-heading\">Ad\u0131m Ad\u0131m Kaynak\u00e7a Nas\u0131l Yaz\u0131l\u0131r<\/h2>\n\n\n\n<p>Art\u0131k kaynak\u00e7a hakk\u0131nda iyi bir anlay\u0131\u015fa sahip oldu\u011funuza g\u00f6re, as\u0131l soruyu ele alal\u0131m: kaynak\u00e7a nas\u0131l yaz\u0131l\u0131r?<\/p>\n\n\n\n<h3 class=\"wp-block-heading\">Ad\u0131m 1: Kaynaklar\u0131n\u0131z\u0131 Toplay\u0131n<\/h3>\n\n\n\n<p>Yazmaya ba\u015flamadan \u00f6nce, ara\u015ft\u0131rman\u0131zda kulland\u0131\u011f\u0131n\u0131z t\u00fcm kaynaklar\u0131 toplay\u0131n.<\/p>\n\n\n\n<p>Referans verdi\u011finiz her kitap, dergi, web sitesi veya makale i\u00e7in, elinizde oldu\u011fundan emin olun:<\/p>\n\n\n\n<ul class=\"wp-block-list\">\n<li>Yazar ad(lar)\u0131<\/li>\n\n\n\n<li>Kayna\u011f\u0131n ba\u015fl\u0131\u011f\u0131<\/li>\n\n\n\n<li>Yay\u0131n detaylar\u0131 (yay\u0131nc\u0131 ve y\u0131l gibi)<\/li>\n\n\n\n<li>Bask\u0131 veya versiyon (varsa)<\/li>\n\n\n\n<li>Dijital kaynaklar i\u00e7in eri\u015fim tarihleri<\/li>\n<\/ul>\n\n\n\n<h3 class=\"wp-block-heading\">Ad\u0131m 2: Do\u011fru Al\u0131nt\u0131 Stilini Belirleyin<\/h3>\n\n\n<div class=\"wp-block-image\">\n<figure class=\"aligncenter size-full\"><img loading=\"lazy\" decoding=\"async\" width=\"480\" height=\"382\" src=\"https:\/\/undetectable.ai/blog\/wp-content\/uploads\/2025\/02\/citation.jpg\" alt=\"\" class=\"wp-image-6239\" title=\"\" srcset=\"https:\/\/undetectable.ai/blog\/wp-content\/uploads\/2025\/02\/citation.jpg 480w, https:\/\/undetectable.ai/blog\/wp-content\/uploads\/2025\/02\/citation-300x239.jpg 300w, https:\/\/undetectable.ai/blog\/wp-content\/uploads\/2025\/02\/citation-15x12.jpg 15w\" sizes=\"auto, (max-width: 480px) 100vw, 480px\" \/><\/figure><\/div>\n\n\n<p class=\"has-text-align-center\"><em>Kaynak: <a href=\"https:\/\/kmslmclessons.weebly.com\/citing-sources.html\" target=\"_blank\" rel=\"noreferrer noopener\">KMS K\u00fct\u00fcphanesi<\/a><\/em><\/p>\n\n\n\n<p>Farkl\u0131 \u00f6devler ve \u00e7al\u0131\u015fma alanlar\u0131 farkl\u0131 at\u0131f stilleri gerektirir.<\/p>\n\n\n\n<p>Her stilin, kaynaklar\u0131n nas\u0131l listelenmesi gerekti\u011fine dair belirli kurallar\u0131 vard\u0131r. <\/p>\n\n\n\n<p>Baz\u0131 yayg\u0131n al\u0131nt\u0131 stilleri \u015funlard\u0131r:<\/p>\n\n\n\n<ul class=\"wp-block-list\">\n<li><strong>MLA (Modern Dil Derne\u011fi)<\/strong> - Genellikle edebiyat, be\u015feri bilimler ve sanatta kullan\u0131l\u0131r<\/li>\n\n\n\n<li><strong>APA (Amerikan Psikoloji Derne\u011fi)<\/strong> - Sosyal bilimler, psikoloji ve e\u011fitimde yayg\u0131n<\/li>\n\n\n\n<li><strong>Chicago Stil El Kitab\u0131<\/strong> - Tarih ve baz\u0131 sosyal bilimlerde s\u0131kl\u0131kla kullan\u0131l\u0131r<\/li>\n<\/ul>\n\n\n\n<p>Bu stilleri blogun ilerleyen b\u00f6l\u00fcmlerinde inceleyece\u011fiz.<\/p>\n\n\n\n<p>Hangisini kullanaca\u011f\u0131n\u0131zdan emin de\u011filseniz, e\u011fitmeninize dan\u0131\u015f\u0131n veya \u00f6dev y\u00f6nergelerinize bak\u0131n.<\/p>\n\n\n\n<h3 class=\"wp-block-heading\">Ad\u0131m 3: Her Giri\u015fi Do\u011fru Bi\u00e7imlendirin<\/h3>\n\n\n\n<p>Do\u011fru at\u0131f stilini \u00f6\u011frendikten sonra, s\u0131ra her kayna\u011f\u0131 buna g\u00f6re bi\u00e7imlendirmeye gelir.<\/p>\n\n\n\n<p>Al\u0131nt\u0131lar\u0131 stilin kurallar\u0131na uygun olarak yap\u0131land\u0131r\u0131n. Kurallar genellikle noktalama i\u015faretleri, italik yaz\u0131lar ve bilgi s\u0131ras\u0131 ile ilgilidir.<\/p>\n\n\n\n<p>Ve kaynak\u00e7alar\u0131n genellikle \u00e7ift aral\u0131kl\u0131 oldu\u011funu unutmay\u0131n.<\/p>\n\n\n\n<h3 class=\"wp-block-heading\">Ad\u0131m 4: Kaynaklar\u0131n\u0131z\u0131 Alfabetik Olarak D\u00fczenleyin<\/h3>\n\n\n\n<p>Kaynak\u00e7a s\u0131radan bir liste olmad\u0131\u011f\u0131ndan, d\u00fczg\u00fcn bir organizasyona sahip olmas\u0131 gerekir.&nbsp;<\/p>\n\n\n\n<p>\u00c7o\u011fu durumda, kaynaklar\u0131 yazar\u0131n soyad\u0131na g\u00f6re alfabetik olarak s\u0131ralamal\u0131s\u0131n\u0131z.<\/p>\n\n\n\n<p>Bir kayna\u011f\u0131n yazar\u0131 yoksa, bunun yerine ba\u015fl\u0131\u011fa g\u00f6re alfabetik s\u0131ralay\u0131n.<\/p>\n\n\n\n<p>\u0130stisnai durumlarda, rehberlik i\u00e7in e\u011fitmeninize dan\u0131\u015f\u0131n.<\/p>\n\n\n\n<h3 class=\"wp-block-heading\">Ad\u0131m 5: Do\u011fruluk ve Tutarl\u0131l\u0131k i\u00e7in D\u00fczeltme Okumas\u0131 Yap\u0131n<\/h3>\n\n\n\n<p>Son olarak, kaynak\u00e7an\u0131z\u0131 herhangi bir hata i\u00e7in dikkatlice g\u00f6zden ge\u00e7irin.&nbsp;<\/p>\n\n\n\n<p>Kontrol et:<\/p>\n\n\n\n<ul class=\"wp-block-list\">\n<li>Yazar adlar\u0131n\u0131n ve unvanlar\u0131n do\u011fru yaz\u0131lmas\u0131<\/li>\n\n\n\n<li>Do\u011fru noktalama i\u015faretleri ve bi\u00e7imlendirme<\/li>\n\n\n\n<li>Se\u00e7ilen at\u0131f stilinin tutarl\u0131 kullan\u0131m\u0131<\/li>\n<\/ul>\n\n\n\n<p>Son olarak, kaynak\u00e7an\u0131n makalenizin geri kalan\u0131yla ayn\u0131 yaz\u0131 tipinde veya \u00f6devde belirtilen yaz\u0131 tipinde oldu\u011fundan emin olun.<\/p>\n\n\n\n<h2 class=\"wp-block-heading\">Yayg\u0131n Al\u0131nt\u0131 Stilleri ve Bi\u00e7imlendirme Kurallar\u0131<\/h2>\n\n\n\n<p>A\u015fa\u011f\u0131da, \u00e7al\u0131\u015fman\u0131z i\u00e7in do\u011fru olan\u0131 se\u00e7menize yard\u0131mc\u0131 olmak \u00fczere en yayg\u0131n kullan\u0131lan at\u0131f stillerinden baz\u0131lar\u0131 ve kaynak\u00e7alar\u0131 nas\u0131l yap\u0131land\u0131rd\u0131klar\u0131 verilmi\u015ftir.<\/p>\n\n\n\n<h3 class=\"wp-block-heading\">APA Kaynak\u00e7a Format\u0131 (Amerikan Psikoloji Derne\u011fi)<\/h3>\n\n\n\n<p>APA stili psikoloji, e\u011fitim ve sosyal bilimlerde yayg\u0131n olarak kullan\u0131lmaktad\u0131r.<\/p>\n\n\n\n<p>Stil, kaynak\u00e7alar\u0131 \"Referanslar\" olarak adland\u0131r\u0131r.<\/p>\n\n\n\n<p>Bir APA kaynak\u00e7a giri\u015finin temel format\u0131 a\u015fa\u011f\u0131daki gibidir:<\/p>\n\n\n\n<ul class=\"wp-block-list\">\n<li><strong>Kitaplar:<\/strong> Yazar\u0131n Soyad\u0131, Ad\u0131n\u0131n Ba\u015f Harfi. (Y\u0131l). \u0130talik olarak kitab\u0131n ba\u015fl\u0131\u011f\u0131. Yay\u0131nc\u0131.<\/li>\n\n\n\n<li><strong>Dergi Makaleleri:<\/strong> Yazar\u0131n Soyad\u0131, Ad\u0131n\u0131n Ba\u015f Harfi. (Y\u0131l). Makalenin ba\u015fl\u0131\u011f\u0131. \u0130talik Dergi Ad\u0131, Cilt (Say\u0131), Sayfa Aral\u0131\u011f\u0131.&nbsp;<\/li>\n<\/ul>\n\n\n\n<h3 class=\"wp-block-heading\">MLA Kaynak\u00e7a Format\u0131 (Modern Dil Derne\u011fi)<\/h3>\n\n\n\n<p>MLA, edebiyat, felsefe ve sanat dahil olmak \u00fczere be\u015feri bilimler i\u00e7in ba\u015fvurulan stildir.<\/p>\n\n\n\n<p>\u0130\u015fte MLA stilinde bir kaynak\u00e7an\u0131n nas\u0131l yaz\u0131laca\u011f\u0131:<\/p>\n\n\n\n<ul class=\"wp-block-list\">\n<li><strong>Kitaplar:<\/strong> Yazar\u0131n Soyad\u0131, Ad\u0131. \u0130talik olarak Kitab\u0131n Ba\u015fl\u0131\u011f\u0131. Yay\u0131nevi, Y\u0131l.<\/li>\n\n\n\n<li><strong>Dergi Makaleleri:<\/strong> Yazar\u0131n Soyad\u0131, Ad\u0131. \"Makalenin Ba\u015fl\u0131\u011f\u0131.\" \u0130talik Dergi Ad\u0131, cilt, no. Say\u0131, Y\u0131l, s. Sayfa Aral\u0131\u011f\u0131.<\/li>\n<\/ul>\n\n\n\n<p>MLA tarz\u0131 al\u0131nt\u0131lar\u0131 manuel olarak olu\u015fturmak, \u00f6zellikle kitaplar, web siteleri ve dergi makaleleri gibi birden fazla kaynak t\u00fcr\u00fcyle \u00e7al\u0131\u015f\u0131yorsan\u0131z, h\u0131zl\u0131 bir \u015fekilde tekrara d\u00fc\u015f\u00fcrebilir.<\/p>\n\n\n\n<p>Zamandan tasarruf etmek ve tahminleri ortadan kald\u0131rmak istiyorsan\u0131z <a href=\"https:\/\/undetectable.ai\/mla-citation-generator\" target=\"_blank\" rel=\"noreferrer noopener\">MLA Al\u0131nt\u0131 Olu\u015fturucu<\/a>. Kaynaklar\u0131n\u0131z\u0131 noktalama i\u015faretleri, bo\u015fluklar ve s\u0131ralama ile birlikte m\u00fckemmel MLA stilinde an\u0131nda bi\u00e7imlendirir.<\/p>\n\n\n<div class=\"wp-block-image\">\n<figure class=\"aligncenter size-large\"><img loading=\"lazy\" decoding=\"async\" width=\"1024\" height=\"628\" src=\"https:\/\/undetectable.ai/blog\/wp-content\/uploads\/2025\/09\/MLA-Citation-Generator-Undetectable-AI-1024x628.jpg\" alt=\"Undetectable AI&#039;n\u0131n MLA Al\u0131nt\u0131 Olu\u015fturucu arac\u0131n\u0131n ekran g\u00f6r\u00fcnt\u00fcs\u00fc\" class=\"wp-image-14717\" title=\"\" srcset=\"https:\/\/undetectable.ai/blog\/wp-content\/uploads\/2025\/09\/MLA-Citation-Generator-Undetectable-AI-1024x628.jpg 1024w, https:\/\/undetectable.ai/blog\/wp-content\/uploads\/2025\/09\/MLA-Citation-Generator-Undetectable-AI-300x184.jpg 300w, https:\/\/undetectable.ai/blog\/wp-content\/uploads\/2025\/09\/MLA-Citation-Generator-Undetectable-AI-768x471.jpg 768w, https:\/\/undetectable.ai/blog\/wp-content\/uploads\/2025\/09\/MLA-Citation-Generator-Undetectable-AI-18x12.jpg 18w, https:\/\/undetectable.ai/blog\/wp-content\/uploads\/2025\/09\/MLA-Citation-Generator-Undetectable-AI.jpg 1199w\" sizes=\"auto, (max-width: 1024px) 100vw, 1024px\" \/><\/figure><\/div>\n\n\n<p>Yazar ad\u0131n\u0131, unvan\u0131n\u0131 ve birka\u00e7 temel ayr\u0131nt\u0131y\u0131 girmeniz yeterli, gerisini ara\u00e7 hallediyor.<\/p>\n\n\n\n<p>\u0130ster t\u00fcm gece \u00e7al\u0131\u015fan bir \u00f6\u011frenci olun, ister sadece at\u0131f hatalar\u0131ndan ka\u00e7\u0131nmak isteyin, bu ara\u00e7 kaynak\u00e7a yazmay\u0131 zahmetsiz hale getirir.<\/p>\n\n\n\n<h3 class=\"wp-block-heading\">Chicago Stili Kaynak\u00e7a (Notlar ve Kaynak\u00e7a Sistemi)<\/h3>\n\n\n\n<p>Chicago Manual of Style iki at\u0131f sistemi sunar: notlar ve kaynak\u00e7a ve yazar-tarih.<\/p>\n\n\n\n<p>Burada tart\u0131\u015f\u0131lan notlar ve kaynak\u00e7a sistemi, tarih ve g\u00fczel sanatlarda yayg\u0131nd\u0131r.<\/p>\n\n\n\n<p>Chicago kaynak\u00e7a giri\u015finin nas\u0131l bi\u00e7imlendirilece\u011fi a\u015fa\u011f\u0131da a\u00e7\u0131klanm\u0131\u015ft\u0131r:<\/p>\n\n\n\n<ul class=\"wp-block-list\">\n<li><strong>Kitaplar:<\/strong> Yazar\u0131n Soyad\u0131, Ad\u0131. \u0130talik olarak Kitab\u0131n Ba\u015fl\u0131\u011f\u0131. Yay\u0131n Yeri: Yay\u0131nc\u0131, Y\u0131l.<\/li>\n\n\n\n<li><strong>Dergi Makaleleri:<\/strong> Yazar\u0131n Soyad\u0131, Ad\u0131. \"Makalenin Ba\u015fl\u0131\u011f\u0131.\" \u0130talik Dergi Ad\u0131 Cilt, no. Say\u0131 (Y\u0131l): Sayfa Aral\u0131\u011f\u0131.<\/li>\n<\/ul>\n\n\n\n<h3 class=\"wp-block-heading\">Harvard Kaynak G\u00f6sterme Stiline Genel Bak\u0131\u015f<\/h3>\n\n\n\n<p>Harvard referanslamas\u0131 Birle\u015fik Krall\u0131k ve Avustralya'da, \u00f6zellikle fen bilimleri ve sosyal bilimlerde yayg\u0131nd\u0131r.<\/p>\n\n\n\n<p>Harvard kaynak\u00e7a giri\u015finin nas\u0131l bi\u00e7imlendirilece\u011fi a\u015fa\u011f\u0131da a\u00e7\u0131klanm\u0131\u015ft\u0131r:<\/p>\n\n\n\n<ul class=\"wp-block-list\">\n<li><strong>Kitaplar:<\/strong> Yazar\u0131n Soyad\u0131, Ad\u0131n\u0131n Ba\u015f Harfi. (Y\u0131l) \u0130talik olarak Kitab\u0131n Ad\u0131. Bask\u0131. Yay\u0131n Yeri: Yay\u0131nc\u0131.<\/li>\n\n\n\n<li><strong>Dergi Makaleleri:<\/strong> Yazar\u0131n Soyad\u0131, Ad\u0131n\u0131n Ba\u015f Harfi. (Y\u0131l) 'Makalenin Ba\u015fl\u0131\u011f\u0131,' \u0130talik Dergi Ad\u0131, Cilt(Say\u0131), s. Sayfa Aral\u0131\u011f\u0131.<\/li>\n<\/ul>\n\n\n\n<h2 class=\"wp-block-heading\">Farkl\u0131 Kaynak T\u00fcrleri i\u00e7in Kaynak\u00e7a \u00d6rnekleri<\/h2>\n\n\n\n<p>Art\u0131k belli ba\u015fl\u0131 at\u0131f stillerinde nas\u0131l kaynak\u00e7a yaz\u0131laca\u011f\u0131n\u0131 bildi\u011finize g\u00f6re, bunlar\u0131n farkl\u0131 kaynak t\u00fcrlerine nas\u0131l uyguland\u0131\u011f\u0131n\u0131 g\u00f6relim.<\/p>\n\n\n\n<h3 class=\"wp-block-heading\">Kitaplar Kaynak\u00e7ada Nas\u0131l G\u00f6sterilir?<\/h3>\n\n\n\n<p>Kitaplar akademik yaz\u0131mlarda yayg\u0131n olarak kullan\u0131lan kaynaklard\u0131r ve do\u011fru \u015fekilde nas\u0131l al\u0131nt\u0131lanacaklar\u0131n\u0131 bilmek parmaklar\u0131n\u0131z\u0131n ucunda olmal\u0131d\u0131r.<\/p>\n\n\n\n<ul class=\"wp-block-list\">\n<li><strong>APA:<\/strong> Smith, J. (2020). <em>Yazma Sanat\u0131: Kapsaml\u0131 Bir K\u0131lavuz.<\/em> Penguin Books.<\/li>\n\n\n\n<li><strong>MLA:<\/strong> Smith, John. <em>Yazma Sanat\u0131: Kapsaml\u0131 Bir K\u0131lavuz.<\/em> Penguin Books, 2020.<\/li>\n\n\n\n<li><strong>Chicago:<\/strong> Smith, John. <em>Yazma Sanat\u0131: Kapsaml\u0131 Bir K\u0131lavuz<\/em>. New York: Penguin Books, 2020.<\/li>\n\n\n\n<li><strong>Harvard:<\/strong> Smith, J. (2020) <em>Yazma Sanat\u0131: Kapsaml\u0131 Bir K\u0131lavuz.<\/em> 2. bask\u0131. Londra: Penguin Books.<\/li>\n<\/ul>\n\n\n\n<p><strong>Not:<\/strong> Makale boyunca kaynaklar varsay\u0131msald\u0131r.<\/p>\n\n\n\n<h3 class=\"wp-block-heading\">Dergi Makalelerine ve Akademik Bildirilere At\u0131fta Bulunma<\/h3>\n\n\n\n<p>Dergilere at\u0131fta bulunmak, kaynak hakk\u0131nda daha ince ayr\u0131nt\u0131lar gerektirir.&nbsp;<\/p>\n\n\n\n<ul class=\"wp-block-list\">\n<li><strong>APA:<\/strong> Johnson, L. (2019). Teknolojinin e\u011fitim \u00fczerindeki etkisi. <em>E\u011fitim Ara\u015ft\u0131rmalar\u0131 Dergisi<\/em>, 15(3), 45-60.<\/li>\n\n\n\n<li><strong>MLA:<\/strong> Johnson, Laura. \"Teknolojinin E\u011fitim \u00dczerindeki Etkisi.\" <em>E\u011fitim Ara\u015ft\u0131rmalar\u0131 Dergisi<\/em>, vol. 15, no. 3, 2019, pp. 45-60.<\/li>\n\n\n\n<li><strong>Chicago:<\/strong> Johnson, Laura. \"Teknolojinin E\u011fitim \u00dczerindeki Etkisi.\" <em>E\u011fitim Ara\u015ft\u0131rmalar\u0131 Dergisi<\/em> 15, no. 3 (2019): 45-60.<\/li>\n\n\n\n<li><strong>Harvard:<\/strong> Johnson, L. (2019) 'Teknolojinin e\u011fitim \u00fczerindeki etkisi,' <em>E\u011fitim Ara\u015ft\u0131rmalar\u0131 Dergisi<\/em>, 15(3), s. 45-60.<\/li>\n<\/ul>\n\n\n\n<h3 class=\"wp-block-heading\">Web Sitelerinden ve \u00c7evrimi\u00e7i Kaynaklardan Al\u0131nt\u0131 Yapma<\/h3>\n\n\n\n<p>\u00c7evrimi\u00e7i kaynaklar, URL'ler ve eri\u015fim tarihleri gibi ek ayr\u0131nt\u0131lar gerektirir.<\/p>\n\n\n\n<p>Bir web sitesi i\u00e7in kaynak\u00e7a nas\u0131l yaz\u0131l\u0131r burada bulabilirsiniz:<\/p>\n\n\n\n<ul class=\"wp-block-list\">\n<li><strong>APA:<\/strong> Smith, J. (2020). <em>Yazma Sanat\u0131<\/em>. Eri\u015fim tarihi: 10 Ekim 2023 <a href=\"https:\/\/www.example.com\" target=\"_blank\" rel=\"noreferrer noopener\">https:\/\/www.example.com<\/a>&nbsp;<\/li>\n\n\n\n<li><strong>MLA:<\/strong> Smith, John. <em>Yazma Sanat\u0131<\/em>. Penguin Books, 2020, <a href=\"http:\/\/www.example.com\" target=\"_blank\" rel=\"noreferrer noopener\">www.example.com<\/a>. Eri\u015fim tarihi 10 Ekim 2023.<\/li>\n\n\n\n<li><strong>Chicago:<\/strong> Smith, John. <em>Yazma Sanat\u0131<\/em>. 2020. <a href=\"https:\/\/www.example.com\" target=\"_blank\" rel=\"noreferrer noopener\">https:\/\/www.example.com<\/a> (eri\u015fim tarihi 10 Ekim 2023).<\/li>\n\n\n\n<li><strong>Harvard:<\/strong> Smith, J. (2020) <em>Yazma Sanat\u0131<\/em>. Mevcut: <a href=\"https:\/\/www.example.com\" target=\"_blank\" rel=\"noreferrer noopener\">https:\/\/www.example.com<\/a> (Eri\u015fim: 10 Ekim 2023).<\/li>\n<\/ul>\n\n\n\n<h3 class=\"wp-block-heading\">Videolara, Podcast'lere ve Di\u011fer Medyaya At\u0131fta Bulunma<\/h3>\n\n\n<div class=\"wp-block-image\">\n<figure class=\"aligncenter size-full is-resized\"><img loading=\"lazy\" decoding=\"async\" width=\"626\" height=\"417\" src=\"https:\/\/undetectable.ai/blog\/wp-content\/uploads\/2025\/01\/video-content.jpg\" alt=\"Video \u0130\u00e7eri\u011fi\" class=\"wp-image-5785\" style=\"width:478px;height:auto\" title=\"\" srcset=\"https:\/\/undetectable.ai/blog\/wp-content\/uploads\/2025\/01\/video-content.jpg 626w, https:\/\/undetectable.ai/blog\/wp-content\/uploads\/2025\/01\/video-content-300x200.jpg 300w, https:\/\/undetectable.ai/blog\/wp-content\/uploads\/2025\/01\/video-content-18x12.jpg 18w\" sizes=\"auto, (max-width: 626px) 100vw, 626px\" \/><\/figure><\/div>\n\n\n<p>Videolar ve podcast'ler gibi modern kaynak t\u00fcrlerinin kendi at\u0131f kurallar\u0131 vard\u0131r.<\/p>\n\n\n\n<ul class=\"wp-block-list\">\n<li><strong>APA:<\/strong> Johnson, L. (2019). <em>Teknolojinin E\u011fitim \u00dczerindeki Etkisi<\/em> [Video]. YouTube. <a href=\"https:\/\/www.youtube.com\" target=\"_blank\" rel=\"noreferrer noopener\">https:\/\/www.youtube.com<\/a>&nbsp;<\/li>\n\n\n\n<li><strong>MLA:<\/strong> Johnson, Laura. <em>Teknolojinin E\u011fitim \u00dczerindeki Etkisi<\/em>. YouTube, Educational Insights taraf\u0131ndan y\u00fcklendi, 15 Mart 2019, <a href=\"http:\/\/www.youtube.com\" target=\"_blank\" rel=\"noreferrer noopener\">www.youtube.com<\/a>.&nbsp;<\/li>\n\n\n\n<li><strong>Chicago:<\/strong> Johnson, Laura. <em>Teknolojinin E\u011fitim \u00dczerindeki Etkisi<\/em>. 2019. Video, 10:45. <a href=\"https:\/\/www.youtube.com\" target=\"_blank\" rel=\"noreferrer noopener\">https:\/\/www.youtube.com<\/a>.&nbsp;<\/li>\n\n\n\n<li><strong>Harvard:<\/strong> Johnson, L. (2019) <em>Teknolojinin E\u011fitim \u00dczerindeki Etkisi<\/em>. Mevcut: <a href=\"https:\/\/www.youtube.com\" target=\"_blank\" rel=\"noreferrer noopener\">https:\/\/www.youtube.com<\/a> (Eri\u015fim: 10 Ekim 2023).<\/li>\n<\/ul>\n\n\n\n<h2 class=\"wp-block-heading\">Kaynak\u00e7a Yazmak i\u00e7in Yapay Zeka Ara\u00e7lar\u0131<\/h2>\n\n\n\n<p>Yapay zekan\u0131n patlamas\u0131 neredeyse t\u00fcm profesyoneller i\u00e7in faydal\u0131 oldu. <\/p>\n\n\n\n<p>Profesyonel bir ara\u015ft\u0131rmac\u0131 olarak, \u00f6zellikle kaynak\u00e7a derlemek gibi farkl\u0131 g\u00f6revlerde yard\u0131mc\u0131 olacak yapay zeka ara\u00e7lar\u0131na da sahipsiniz.<\/p>\n\n\n\n<p>Undetectable AI taraf\u0131ndan geli\u015ftirilen a\u015fa\u011f\u0131daki ara\u00e7lar kaynak\u00e7a yaz\u0131m\u0131n\u0131n farkl\u0131 a\u015famalar\u0131nda yard\u0131mc\u0131 olabilir:<\/p>\n\n\n\n<ul class=\"wp-block-list\">\n<li><a href=\"https:\/\/undetectable.ai\/paraphrasing-tool\" target=\"_blank\" rel=\"noreferrer noopener\"><strong>AI Paraphraser<\/strong><\/a><strong>:<\/strong> Do\u011frulu\u011fu korurken al\u0131nt\u0131lanan fikirleri kendi kelimelerinizle ifade etmek \u00f6nemlidir. Undetectable AI'n\u0131n AI paraphraser'\u0131 i\u00e7eri\u011fin a\u00e7\u0131k ve net bir \u015fekilde yeniden yaz\u0131lmas\u0131na yard\u0131mc\u0131 olur ve al\u0131nt\u0131lar\u0131 yeniden ifade etmek i\u00e7in kesinlikle kullanabilirsiniz.<\/li>\n\n\n\n<li><a href=\"https:\/\/undetectable.ai\/ai-plagiarism-checker\" target=\"_blank\" rel=\"noreferrer noopener\"><strong>Yapay Zeka \u0130ntihal Denetleyicisi<\/strong><\/a><strong>:<\/strong> \u0130yi ara\u015ft\u0131r\u0131lm\u0131\u015f bir kaynak\u00e7a, kas\u0131ts\u0131z intihallerin g\u00f6zden ka\u00e7mas\u0131 durumunda hi\u00e7bir \u015fey ifade etmez. Undetectable AI'n\u0131n intihal denetleyicisi, g\u00f6zden ka\u00e7an benzerlikleri belirleyerek t\u00fcm kaynaklar\u0131n uygun \u015fekilde kredilendirilmesini sa\u011flar.<\/li>\n\n\n\n<li><strong><a href=\"https:\/\/undetectable.ai\/apa-citation-generator\" data-type=\"link\" data-id=\"https:\/\/undetectable.ai\/apa-citation-generator\" target=\"_blank\" rel=\"noreferrer noopener\">APA Al\u0131nt\u0131 Olu\u015fturucu<\/a><\/strong>: Her giri\u015fi manuel olarak bi\u00e7imlendirmek zaman al\u0131c\u0131 olabilir - ve kar\u0131\u015ft\u0131rmas\u0131 kolayd\u0131r. Herhangi bir kaynaktan an\u0131nda temiz, APA tarz\u0131 al\u0131nt\u0131lar olu\u015fturur. Sadece ayr\u0131nt\u0131lar\u0131 girin ve noktalama i\u015faretlerinden girintiye kadar her \u015feyi halletsin. G\u00f6ndermeye haz\u0131r, eksiksiz ve do\u011fru bir kaynak\u00e7a olu\u015fturman\u0131n en h\u0131zl\u0131 yoludur.<\/li>\n<\/ul>\n\n\n\n<p>Yapay Zeka \u0130nsanc\u0131lla\u015ft\u0131r\u0131c\u0131m\u0131z\u0131 a\u015fa\u011f\u0131daki widget'ta da test edebilirsiniz!<\/p>\n\n\n\n<div id=\"uai-widget\" data-affiliate-link=\"https:\/\/undetectable.ai\/?_by=hi4km\"><script>var js = document.createElement(\"script\");js.async = true;js.src = \"https:\/\/widget.undetectable.ai\/js\/widget-loader.js?t=\"+Date.now();document.getElementsByTagName(\"head\")[0].appendChild(js);<\/script><\/div>\n\n\n\n<h2 class=\"wp-block-heading\">Son S\u00f6zler<\/h2>\n\n\n\n<p>Bir kaynak\u00e7an\u0131n nas\u0131l yaz\u0131laca\u011f\u0131n\u0131 \u00f6\u011frenmek, do\u011fru stili se\u00e7erek ve do\u011fru s\u00fcreci izleyerek \u00e7ok daha kolay hale gelir.&nbsp;<\/p>\n\n\n\n<p>Belirli kaynaklar i\u00e7in kaynak\u00e7a derlerken anormalliklerle kar\u015f\u0131la\u015fmak yayg\u0131nd\u0131r.<\/p>\n\n\n\n<p>Ancak yapay zekan\u0131n ve internetteki bir s\u00fcr\u00fc at\u0131f arac\u0131n\u0131n yan\u0131n\u0131zda oldu\u011funu bilin.<\/p>\n\n\n\n<p>\u015eunun i\u00e7in kaydolun <a href=\"https:\/\/undetectable.ai\/\" target=\"_blank\" rel=\"noreferrer noopener\">Tespit Edilemeyen Yapay Zeka<\/a>ve i\u015fe koyulal\u0131m.<\/p>","protected":false},"excerpt":{"rendered":"","protected":false},"author":15,"featured_media":6237,"comment_status":"closed","ping_status":"closed","sticky":false,"template":"","format":"standard","meta":{"_themeisle_gutenberg_block_has_review":false,"footnotes":""},"categories":[31],"tags":[],"class_list":["post-6236","post","type-post","status-publish","format-standard","has-post-thumbnail","hentry","category-helpful-ai-content-tips"],"_links":{"self":[{"href":"https:\/\/undetectable.ai/blog\/tr\/wp-json\/wp\/v2\/posts\/6236","targetHints":{"allow":["GET"]}}],"collection":[{"href":"https:\/\/undetectable.ai/blog\/tr\/wp-json\/wp\/v2\/posts"}],"about":[{"href":"https:\/\/undetectable.ai/blog\/tr\/wp-json\/wp\/v2\/types\/post"}],"author":[{"embeddable":true,"href":"https:\/\/undetectable.ai/blog\/tr\/wp-json\/wp\/v2\/users\/15"}],"replies":[{"embeddable":true,"href":"https:\/\/undetectable.ai/blog\/tr\/wp-json\/wp\/v2\/comments?post=6236"}],"version-history":[{"count":3,"href":"https:\/\/undetectable.ai/blog\/tr\/wp-json\/wp\/v2\/posts\/6236\/revisions"}],"predecessor-version":[{"id":14817,"href":"https:\/\/undetectable.ai/blog\/tr\/wp-json\/wp\/v2\/posts\/6236\/revisions\/14817"}],"wp:featuredmedia":[{"embeddable":true,"href":"https:\/\/undetectable.ai/blog\/tr\/wp-json\/wp\/v2\/media\/6237"}],"wp:attachment":[{"href":"https:\/\/undetectable.ai/blog\/tr\/wp-json\/wp\/v2\/media?parent=6236"}],"wp:term":[{"taxonomy":"category","embeddable":true,"href":"https:\/\/undetectable.ai/blog\/tr\/wp-json\/wp\/v2\/categories?post=6236"},{"taxonomy":"post_tag","embeddable":true,"href":"https:\/\/undetectable.ai/blog\/tr\/wp-json\/wp\/v2\/tags?post=6236"}],"curies":[{"name":"wp","href":"https:\/\/api.w.org\/{rel}","templated":true}]}}