{"id":6511,"date":"2025-03-03T18:05:55","date_gmt":"2025-03-03T18:05:55","guid":{"rendered":"https:\/\/undetectable.ai/blog\/?p=6511"},"modified":"2026-04-10T19:29:40","modified_gmt":"2026-04-10T19:29:40","slug":"zarf-ornekleri","status":"publish","type":"post","link":"https:\/\/undetectable.ai/blog\/tr\/zarf-ornekleri\/","title":{"rendered":"Zarflar Nedir? 100+ \u00d6rnek ve C\u00fcmle Kullan\u0131m\u0131"},"content":{"rendered":"<p>Ne s\u00f6yleyece\u011fini bilmek bir \u015feydir; nas\u0131l s\u00f6yleyece\u011fini \u00f6\u011frenmek ba\u015fka bir \u015feydir. <\/p>\n\n\n\n<p>\u0130\u015fte bu noktada zarflar devreye girer. Zarflar konu\u015fman\u0131za ve yaz\u0131n\u0131za renk katar. <\/p>\n\n\n\n<p>Bir c\u00fcmleyi daha ayr\u0131nt\u0131l\u0131 olarak a\u00e7\u0131klaman\u0131z\u0131 sa\u011flarlar. <\/p>\n\n\n\n<p>\"D\u00fcn gece uyudum\" ifadesi, \"D\u00fcn gece halsiz bir \u015fekilde uyudum\" \u015feklinde de\u011fi\u015ftirildi\u011finde daha etkili hale gelir. <\/p>\n\n\n\n<p>Bu, insanlara sat\u0131r aralar\u0131n\u0131 okumalar\u0131 i\u00e7in tam olarak ayr\u0131nt\u0131 miktar\u0131 verir.&nbsp;<\/p>\n\n\n\n<p>Bu makalede, a\u015fa\u011f\u0131dakiler hakk\u0131nda her \u015feyi \u00f6\u011freneceksiniz <strong>zarf tan\u0131m\u0131 ve \u00f6rnekleri<\/strong> ve nas\u0131l kullan\u0131laca\u011f\u0131. <\/p>\n\n\n\n<p>Ayr\u0131ca listemizdeki kelimeleri kullanarak hemen pratik yapmaya ba\u015flayabileceksiniz. Hadi ba\u015flayal\u0131m!<\/p>\n\n\n\n<h2 class=\"wp-block-heading\">Zarf Nedir?<\/h2>\n\n\n\n<p>Zarf, bir ismi, fiili, s\u0131fat\u0131 veya ba\u015fka bir zarf\u0131 de\u011fi\u015ftiren veya hakk\u0131nda daha fazla bilgi veren bir kelimedir. <\/p>\n\n\n\n<p>Bu kelimeler, eylemlerin ne zaman ger\u00e7ekle\u015fti\u011finin yan\u0131 s\u0131ra nedenlerini ve s\u0131kl\u0131k kal\u0131plar\u0131n\u0131 da detayland\u0131r\u0131r. <\/p>\n\n\n\n<p>Bu s\u00f6zc\u00fckler genellikle \"-ly\" ile biter, ancak her zaman de\u011fil. <\/p>\n\n\n\n<p>\"Nas\u0131l?\" gibi sorulara cevap verirler. \"Ne zaman?\" ve \"Ne \u00f6l\u00e7\u00fcde?\"<\/p>\n\n\n\n<h2 class=\"wp-block-heading\">Zarf T\u00fcrleri<\/h2>\n\n\n\n<p>Alt\u0131 yayg\u0131n zarf t\u00fcr\u00fc \u015funlard\u0131r:<\/p>\n\n\n\n<ul class=\"wp-block-list\">\n<li>Konjonkt\u00fcrel zarflar<\/li>\n\n\n\n<li>Zaman zarflar\u0131<\/li>\n\n\n\n<li>S\u0131kl\u0131k zarflar\u0131<\/li>\n\n\n\n<li>Tav\u0131r zarflar\u0131<\/li>\n\n\n\n<li>Yer zarflar\u0131<\/li>\n\n\n\n<li>Derece zarflar\u0131<\/li>\n<\/ul>\n\n\n\n<h3 class=\"wp-block-heading\">Ba\u011fla\u00e7 Zarflar&nbsp;<\/h3>\n\n\n\n<p>Konjonkt\u00fcrel zarflar, kelimeleri, c\u00fcmleleri veya t\u00fcmceleri birbirine ba\u011flayan zarflard\u0131r. Bir konu\u015fman\u0131n fikirleri veya b\u00f6l\u00fcmleri aras\u0131ndaki ili\u015fkiyi ifade ederler. <\/p>\n\n\n\n<p>Konjonkt\u00fcrel zarflar genellikle c\u00fcmlenin geri kalan\u0131ndan virg\u00fclle ayr\u0131l\u0131r. Bir \u00f6rnek \u015f\u00f6yle g\u00f6r\u00fcnecektir:<\/p>\n\n\n\n<p><em>Bu ak\u015fam d\u0131\u015far\u0131da yemeye param\u0131z yetmez. Ayr\u0131ca, ben zaten evde yemek yapt\u0131m.<\/em><\/p>\n\n\n\n<p>Ayr\u0131ca, virg\u00fclle ayr\u0131lmalar\u0131 gerekmeyen c\u00fcmle sonlar\u0131nda da kullan\u0131labilirler. <\/p>\n\n\n\n<p>A\u015fa\u011f\u0131da bir \u00f6rnek verilmi\u015ftir:<\/p>\n\n\n\n<p><em>Zaten konsere gitmek istemiyordum.<\/em><\/p>\n\n\n\n<p>A\u015fa\u011f\u0131da bir liste bulunmaktad\u0131r <strong>ba\u011fla\u00e7sal zarf \u00f6rnekleri<\/strong>:<\/p>\n\n\n\n<ul class=\"wp-block-list\">\n<li>Yani<\/li>\n\n\n\n<li>sonra<\/li>\n\n\n\n<li>hen\u00fcz<\/li>\n<\/ul>\n\n\n\n<ul class=\"wp-block-list\">\n<li>buna g\u00f6re<\/li>\n\n\n\n<li>ek olarak<\/li>\n\n\n\n<li>Ayr\u0131ca<\/li>\n\n\n\n<li>Her neyse.<\/li>\n\n\n\n<li>yerine<\/li>\n\n\n\n<li>Sonu\u00e7 olarak<\/li>\n\n\n\n<li>son zamanlarda<\/li>\n\n\n\n<li>Ayn\u0131 \u015fekilde<\/li>\n\n\n\n<li>dahas\u0131<\/li>\n\n\n\n<li>yani<\/li>\n\n\n\n<li>Yine de<\/li>\n\n\n\n<li>ayr\u0131ca<\/li>\n\n\n\n<li>kesinlikle<\/li>\n\n\n\n<li>tersine<\/li>\n\n\n\n<li>Sonunda<\/li>\n\n\n\n<li>Dolay\u0131s\u0131yla<\/li>\n\n\n\n<li>ancak<\/li>\n<\/ul>\n\n\n\n<h3 class=\"wp-block-heading\">Zaman Zarflar\u0131<\/h3>\n\n\n\n<p>Bu t\u00fcr zarflar, olaylar\u0131n ne zaman ger\u00e7ekle\u015fti\u011fini a\u00e7\u0131klar. \"Ne zaman?\" sorusuna cevap verirler.&nbsp; <\/p>\n\n\n\n<p>Pozisyonu <a href=\"https:\/\/www.mit.edu\/course\/21\/21.guide\/adv-t.htm#:~:text=Time%20adverbs%20typically%20are%20placed,seldom%2C%20sometimes%2C%20and%20usually.\" target=\"_blank\" rel=\"noreferrer noopener\">zaman zarflar\u0131<\/a> \u00e7ok y\u00f6nl\u00fcl\u00fck g\u00f6sterir, \u00e7\u00fcnk\u00fc c\u00fcmlede ilk olarak veya hedeflenen fiil veya yan t\u00fcmceden \u00f6nce veya sonra g\u00f6r\u00fcnebilirler. <\/p>\n\n\n\n<p>Bir zarf\u0131n yerle\u015ftirilmesi hem se\u00e7ilen kelimeye hem de c\u00fcmle kullan\u0131m ba\u011flam\u0131na ba\u011fl\u0131d\u0131r. <\/p>\n\n\n\n<p>\u0130\u015fte baz\u0131 \u00f6rnekler:<\/p>\n\n\n\n<ul class=\"wp-block-list\">\n<li><em>Gelecek hafta, kilise cenaze t\u00f6renine gidiyor.<\/em><\/li>\n\n\n\n<li><em>Onu daha \u00f6nce \u00f6\u011fle yeme\u011finde g\u00f6rm\u00fc\u015ft\u00fck.<\/em><\/li>\n\n\n\n<li><em>Sonra Londra'ya m\u0131 gidiyorsun?<\/em><\/li>\n<\/ul>\n\n\n\n<p>\u0130\u015fte baz\u0131 zaman zarflar\u0131n\u0131n bir listesi:<\/p>\n\n\n\n<ul class=\"wp-block-list\">\n<li>sonra<\/li>\n\n\n\n<li>erken<\/li>\n\n\n\n<li>ge\u00e7<\/li>\n\n\n\n<li>daha sonra<\/li>\n\n\n\n<li>bug\u00fcn<\/li>\n\n\n\n<li>zaten<\/li>\n\n\n\n<li>g\u00fcnl\u00fck<\/li>\n\n\n\n<li>son<\/li>\n\n\n\n<li>sonraki<\/li>\n\n\n\n<li>daha \u00f6nce<\/li>\n\n\n\n<li>sonra<\/li>\n\n\n\n<li>daha sonra<\/li>\n\n\n\n<li>beri<\/li>\n\n\n\n<li>hala<\/li>\n\n\n\n<li>sadece<\/li>\n\n\n\n<li>yar\u0131n<\/li>\n\n\n\n<li>bu gece<\/li>\n\n\n\n<li>d\u00fcn<\/li>\n\n\n\n<li>\u015eimdi<\/li>\n\n\n\n<li>Nadiren<\/li>\n<\/ul>\n\n\n\n<h3 class=\"wp-block-heading\">S\u0131kl\u0131k Zarflar\u0131<\/h3>\n\n\n\n<p>Bu zarflar, eylemin her seferinde ger\u00e7ekle\u015fme oran\u0131n\u0131 detayland\u0131r\u0131r. <\/p>\n\n\n\n<p>\"Ne s\u0131kl\u0131kla?\" sorusunu yan\u0131tl\u0131yorlar. <a href=\"https:\/\/www.researchgate.net\/publication\/359730675_Adverbs_of_frequency\" target=\"_blank\" rel=\"noreferrer noopener\">S\u0131kl\u0131k zarflar\u0131<\/a> genellikle de\u011fi\u015ftirdikleri maddeden \u00f6nce gelirler. <\/p>\n\n\n\n<p>Bu \u00f6rnekleri g\u00f6z \u00f6n\u00fcnde bulundurun:<\/p>\n\n\n\n<ul class=\"wp-block-list\">\n<li><em>Karde\u015fim telefonunu kaybetmeyi asla atlatamayacak.&nbsp;<\/em><\/li>\n\n\n\n<li><em>Yabanc\u0131larla nadiren selamla\u015f\u0131r.<\/em><\/li>\n<\/ul>\n\n\n\n<p>\u0130\u015fte yayg\u0131n olarak kullan\u0131lan baz\u0131 s\u0131kl\u0131k zarflar\u0131n\u0131n bir listesi:<\/p>\n\n\n\n<ul class=\"wp-block-list\">\n<li>her zaman<\/li>\n\n\n\n<li>s\u0131k s\u0131k<\/li>\n\n\n\n<li>normalde<\/li>\n\n\n\n<li>bir kez<\/li>\n\n\n\n<li>iki kez<\/li>\n\n\n\n<li>nadiren<\/li>\n\n\n\n<li>asla<\/li>\n\n\n\n<li>hi\u00e7<\/li>\n\n\n\n<li>neredeyse hi\u00e7<\/li>\n\n\n\n<li>ara s\u0131ra<\/li>\n\n\n\n<li>Nadiren<\/li>\n\n\n\n<li>genellikle<\/li>\n\n\n\n<li>s\u0131k s\u0131k<\/li>\n\n\n\n<li>bazen<\/li>\n\n\n\n<li>Genel olarak<\/li>\n<\/ul>\n\n\n\n<h3 class=\"wp-block-heading\">Davran\u0131\u015f Zarflar\u0131&nbsp;<\/h3>\n\n\n\n<p>Adlar\u0131n\u0131n aksine, bu zarflar her zaman kibar olmak zorunda de\u011fildir. <\/p>\n\n\n\n<p>Bu durumda kullan\u0131ld\u0131\u011f\u0131nda, manner kelimesi \"bir \u015feyi yapman\u0131n bir yolunu\" temsil eder. <\/p>\n\n\n\n<p>\"Nas\u0131l\" sorular\u0131na cevap veren ve \u015fekli tarif eden zarflar, de\u011fi\u015ftirdikleri fiil veya isimden \u00f6nce veya sonra gelirler. <\/p>\n\n\n\n<p>\u00d6rne\u011fin:<\/p>\n\n\n\n<ul class=\"wp-block-list\">\n<li><em>\u00d6\u011frenciler \u00f6devlerini gururla teslim ettiler&nbsp;<\/em><\/li>\n\n\n\n<li><em>Ba\u015fkan\u0131m\u0131z y\u00fcksek sesle ve h\u0131zl\u0131 bir \u015fekilde konu\u015ftu.<\/em><\/li>\n<\/ul>\n\n\n\n<p>\u0130\u015fte tav\u0131r zarflar\u0131n\u0131n bir listesi:<\/p>\n\n\n\n<ul class=\"wp-block-list\">\n<li>iyi<\/li>\n\n\n\n<li>zor<\/li>\n\n\n\n<li>y\u00fcksek sesle<\/li>\n\n\n\n<li>gururla<\/li>\n\n\n\n<li>\u015f\u00fcpheyle<\/li>\n\n\n\n<li>hevesle<\/li>\n\n\n\n<li>yanl\u0131\u015fl\u0131kla<\/li>\n\n\n\n<li>h\u0131zla<\/li>\n\n\n\n<li>A\u00e7l\u0131kla<\/li>\n\n\n\n<li>aptalca<\/li>\n\n\n\n<li>h\u0131zl\u0131<\/li>\n\n\n\n<li>d\u00fcz<\/li>\n\n\n\n<li>Tuhaf bir \u015fekilde<\/li>\n\n\n\n<li>nazik\u00e7e<\/li>\n\n\n\n<li>kolayca<\/li>\n\n\n\n<li>kabaca<\/li>\n\n\n\n<li>d\u00fczg\u00fcnce<\/li>\n\n\n\n<li>h\u0131zl\u0131 bir \u015fekilde<\/li>\n\n\n\n<li>c\u00f6mert\u00e7e<\/li>\n\n\n\n<li>Ne\u015feyle<\/li>\n<\/ul>\n\n\n\n<h3 class=\"wp-block-heading\">Yer Zarflar\u0131<\/h3>\n\n\n\n<p>Bu zarflar konumu tan\u0131mlar. <\/p>\n\n\n\n<p>\"Nerede?\" sorusuna cevap verirler. Yer zarflar\u0131, de\u011fi\u015ftirdikleri fiilden sonra gelir. <\/p>\n\n\n\n<p>\u0130\u015fte baz\u0131 \u00f6rnekler:<\/p>\n\n\n\n<ul class=\"wp-block-list\">\n<li><em>Yer\u00e7ekimi her yerde<\/em><\/li>\n\n\n\n<li><em>Portakal a\u011fac\u0131na do\u011fru gidin ve a\u015fa\u011f\u0131 inin.<\/em><\/li>\n<\/ul>\n\n\n\n<p>Yer zarflar\u0131n\u0131n bir listesi \u015funlar\u0131 i\u00e7erir:<\/p>\n\n\n\n<ul class=\"wp-block-list\">\n<li>arkas\u0131nda<\/li>\n\n\n\n<li>yukar\u0131da<\/li>\n\n\n\n<li>yak\u0131nlarda<\/li>\n\n\n\n<li>etraf\u0131nda<\/li>\n\n\n\n<li>\u00fczerinde<\/li>\n\n\n\n<li>deniza\u015f\u0131r\u0131<\/li>\n\n\n\n<li>Kapat<\/li>\n\n\n\n<li>uzakta<\/li>\n\n\n\n<li>\u00fcst katta<\/li>\n\n\n\n<li>alt katta<\/li>\n\n\n\n<li>Burada<\/li>\n\n\n\n<li>Orada<\/li>\n\n\n\n<li>geriye do\u011fru(lar)<\/li>\n\n\n\n<li>do\u011fru(s)<\/li>\n\n\n\n<li>D\u0131\u015far\u0131da<\/li>\n\n\n\n<li>i\u00e7eride<\/li>\n\n\n\n<li>her yerde<\/li>\n\n\n\n<li>derinden<\/li>\n\n\n\n<li>YAN KAPI<\/li>\n<\/ul>\n\n\n\n<h3 class=\"wp-block-heading\">Derece Zarflar\u0131<\/h3>\n\n\n\n<p>Derece zarflar\u0131 bir eylemin yo\u011funlu\u011funu veya miktar\u0131n\u0131 tan\u0131mlar. <\/p>\n\n\n\n<p>\"Ne kadar?\" sorusuna cevap verirler. Genellikle bu zarflar de\u011fi\u015ftirdikleri fiillerden \u00f6nce gelir. <\/p>\n\n\n\n<p>Mesela:<\/p>\n\n\n\n<ul class=\"wp-block-list\">\n<li><em>Zar zor bir \u00e7\u0131\u011fl\u0131k atabildik.<\/em>s<em> Bizi soydular.<\/em><\/li>\n\n\n\n<li><em>K\u00f6pek biraz \u00e7\u0131lg\u0131nca&nbsp;<\/em><\/li>\n<\/ul>\n\n\n\n<p>\u00d6rnekler <a href=\"https:\/\/www.ef.com\/wwen\/english-resources\/english-grammar\/adverbs-degree\/\" target=\"_blank\" rel=\"noreferrer noopener\">derece zarflar\u0131<\/a> dahil:<\/p>\n\n\n\n<ul class=\"wp-block-list\">\n<li>\u00e7ok<\/li>\n\n\n\n<li>bir \u015fekilde<\/li>\n\n\n\n<li>zar zor<\/li>\n\n\n\n<li>son derece<\/li>\n\n\n\n<li>yeterli<\/li>\n\n\n\n<li>Yani<\/li>\n\n\n\n<li>biraz<\/li>\n\n\n\n<li>\u00f6zellikle<\/li>\n\n\n\n<li>sadece<\/li>\n\n\n\n<li>neredeyse<\/li>\n\n\n\n<li>\u00e7ok<\/li>\n\n\n\n<li>\u00e7ok<\/li>\n\n\n\n<li>en \u00e7ok<\/li>\n\n\n\n<li>neredeyse<\/li>\n\n\n\n<li>\u00e7ok<\/li>\n\n\n\n<li>Neredeyse<\/li>\n\n\n\n<li>Neredeyse<\/li>\n\n\n\n<li>tamamen<\/li>\n\n\n\n<li>uzak<\/li>\n\n\n\n<li>istisnai olarak<\/li>\n<\/ul>\n\n\n\n<h2 class=\"wp-block-heading\">G\u00fcnl\u00fck Kullan\u0131m \u0130\u00e7in 100+ Zarf \u00d6rne\u011fi&nbsp;<\/h2>\n\n\n\n<p>\u0130\u015fte g\u00fcnl\u00fck kullan\u0131m i\u00e7in bir Zarflar listesi:<\/p>\n\n\n\n<figure class=\"wp-block-table\"><table class=\"has-fixed-layout\"><tbody><tr><td>H\u0131zl\u0131ca&nbsp;<\/td><td>Yak\u0131nda<\/td><td>Uzak<\/td><td>Son derece&nbsp;<\/td><td>Tamamen&nbsp;<\/td><\/tr><tr><td>Yava\u015f\u00e7a&nbsp;<\/td><td>Sonraki&nbsp;<\/td><td>Yak\u0131n<\/td><td>H\u0131zl\u0131&nbsp;<\/td><td>H\u0131zl\u0131ca&nbsp;<\/td><\/tr><tr><td>Y\u00fcksek sesle&nbsp;<\/td><td>Ge\u00e7<\/td><td>Yukar\u0131da&nbsp;<\/td><td>Yava\u015f<\/td><td>Sorunsuz bir \u015fekilde&nbsp;<\/td><\/tr><tr><td>Ak\u0131ll\u0131ca&nbsp;<\/td><td>Erken&nbsp;<\/td><td>Her zaman&nbsp;<\/td><td>D\u00fc\u015f\u00fcnceli bir \u015fekilde&nbsp;<\/td><td>S\u00fcrekli&nbsp;<\/td><\/tr><tr><td>Kibarca&nbsp;<\/td><td>\u015eimdiden&nbsp;<\/td><td>Asla&nbsp;<\/td><td>Nazik\u00e7e&nbsp;<\/td><td>H\u0131zl\u0131ca&nbsp;<\/td><\/tr><tr><td>Parlak bir \u015fekilde&nbsp;<\/td><td>Sadece&nbsp;<\/td><td>S\u0131k s\u0131k&nbsp;<\/td><td>Ba\u015far\u0131yla&nbsp;<\/td><td>Evrensel olarak&nbsp;<\/td><\/tr><tr><td>Y\u00fcksek oranda&nbsp;<\/td><td>Son zamanlarda&nbsp;<\/td><td>Nadiren&nbsp;<\/td><td>Verimli bir \u015fekilde&nbsp;<\/td><td>Tek tip&nbsp;<\/td><\/tr><tr><td>H\u0131zla&nbsp;<\/td><td>S\u0131kl\u0131kla&nbsp;<\/td><td>Genellikle&nbsp;<\/td><td>Etkili bir \u015fekilde&nbsp;<\/td><td>Tamamen&nbsp;<\/td><\/tr><tr><td>S\u0131k\u0131ca&nbsp;<\/td><td>\u0130\u015fte&nbsp;<\/td><td>Bazen<\/td><td>Titizlikle&nbsp;<\/td><td>Canl\u0131 bir \u015fekilde&nbsp;<\/td><\/tr><tr><td>Nazik\u00e7e&nbsp;<\/td><td>Orada&nbsp;<\/td><td>Neredeyse&nbsp;<\/td><td>\u0130yice&nbsp;<\/td><td>\u0130\u00e7tenlikle&nbsp;<\/td><\/tr><tr><td>D\u00fcn&nbsp;<\/td><td>Hi\u00e7bir yerde&nbsp;<\/td><td>Neredeyse&nbsp;<\/td><td>Tamamen&nbsp;<\/td><td>Yayg\u0131n olarak&nbsp;<\/td><\/tr><tr><td>Bug\u00fcn&nbsp;<\/td><td>Bir yerde&nbsp;<\/td><td>Hafif\u00e7e&nbsp;<\/td><td>Neredeyse&nbsp;<\/td><td>Normalde&nbsp;<\/td><\/tr><tr><td>Yar\u0131n&nbsp;<\/td><td>Herhangi bir yerde&nbsp;<\/td><td>Orta derecede&nbsp;<\/td><td>Aynen \u00f6yle.&nbsp;<\/td><td>A\u00e7\u0131k\u00e7a g\u00f6r\u00fcl\u00fcyor ki&nbsp;<\/td><\/tr><tr><td>Yava\u015f\u00e7a&nbsp;<\/td><td>Yak\u0131nlarda&nbsp;<\/td><td>Bu arada&nbsp;<\/td><td>Pervas\u0131zca&nbsp;<\/td><td>Sonu\u00e7 olarak&nbsp;<\/td><\/tr><tr><td>Enerjik olarak&nbsp;<\/td><td>Alt kat&nbsp;<\/td><td>Ancak&nbsp;<\/td><td>Harmoniously&nbsp;<\/td><td>Tamamen&nbsp;<\/td><\/tr><tr><td>Bu gece&nbsp;<\/td><td>Kar\u015f\u0131s\u0131nda&nbsp;<\/td><td>Sonu\u00e7 olarak&nbsp;<\/td><td>H\u0131zl\u0131ca&nbsp;<\/td><td>Ger\u00e7ekten&nbsp;<\/td><\/tr><tr><td>Asla&nbsp;<\/td><td>Uzakta&nbsp;<\/td><td>B\u00f6ylece&nbsp;<\/td><td>A\u00e7\u0131k\u00e7a&nbsp;<\/td><td>Y\u00fcksek oranda&nbsp;<\/td><\/tr><tr><td>Her yerde&nbsp;<\/td><td>Biraz&nbsp;<\/td><td>H\u0131zl\u0131ca&nbsp;<\/td><td>Daha sonra&nbsp;<\/td><td>Kar\u015f\u0131s\u0131nda&nbsp;<\/td><\/tr><tr><td>Do\u011fru bir \u015fekilde&nbsp;<\/td><td>An\u0131nda&nbsp;<\/td><td>Daha \u00f6nce&nbsp;<\/td><td>A\u015fa\u011f\u0131da&nbsp;<\/td><td>Ayr\u0131ca&nbsp;<\/td><\/tr><tr><td>Ak\u0131c\u0131 bir \u015fekilde&nbsp;<\/td><td>Sonunda&nbsp;<\/td><td>Birdenbire&nbsp;<\/td><td>Yukar\u0131da&nbsp;<\/td><td>Dahas\u0131&nbsp;<\/td><\/tr><\/tbody><\/table><\/figure>\n\n\n\n<p>Zarflar, c\u00fcmleleri daha canl\u0131 ve \u00e7ekici hale getirmek i\u00e7in c\u00fcmlelerde tatland\u0131r\u0131c\u0131 unsurlar olarak hizmet eder. <\/p>\n\n\n\n<p>Yazma becerilerinizi geli\u015ftirirken g\u00fcnl\u00fck ileti\u015fiminize de fayda sa\u011flayacak zarflar\u0131 \u00f6\u011frenmek i\u00e7in bu \u00f6rnekleri uygulay\u0131n.<\/p>\n\n\n\n<h2 class=\"wp-block-heading\">C\u00fcmle \u0130\u00e7inde Zarf Nas\u0131l Belirlenir<\/h2>\n\n\n\n<p>\u0130\u015fte bir c\u00fcmledeki zarf\u0131 tan\u0131mlaman\u0131n birka\u00e7 yolu:<\/p>\n\n\n\n<h3 class=\"wp-block-heading\">Yayg\u0131n Zarf Eklerini Tan\u0131ma (-ly, -ward, -wise)<\/h3>\n\n\n\n<p>\"Ly words\" terimi, son \u00f6\u011fe olarak s\u0131kl\u0131kla \"ly\" ekledikleri i\u00e7in zarflar\u0131 tan\u0131mlar. <\/p>\n\n\n\n<p>\"ly\" \u0130ngilizce dilbilgisinde \u00e7o\u011fu zarf\u0131 i\u015faretlerken, dildeki t\u00fcm zarflar\u0131 i\u00e7ermez. <\/p>\n\n\n\n<p>Bu test g\u00fcvenilmez hale gelir \u00e7\u00fcnk\u00fc belirli s\u0131fatlar da \"ly\" sonlar\u0131n\u0131 kullan\u0131r.<\/p>\n\n\n\n<p>Di\u011fer zarflar - \"ward\" ile bitebilir ve bu y\u00f6n belirtir. <\/p>\n\n\n\n<p>\u0130leri, geri, yukar\u0131 ve a\u015fa\u011f\u0131 bu ba\u011flam\u0131n kullan\u0131m\u0131n\u0131 g\u00f6steren bir \u00f6rnek te\u015fkil etmektedir.<\/p>\n\n\n\n<p>Baz\u0131 zarflar \"-wise\" son ekiyle i\u015flev g\u00f6r\u00fcr ve \"with respect to\" ili\u015fkisi kurar. <\/p>\n\n\n\n<p>\u00d6rnekler aras\u0131nda saat y\u00f6n\u00fcnde, kenar y\u00f6n\u00fcnde, saat y\u00f6n\u00fcn\u00fcn tersine ve ayn\u0131 \u015fekilde yer al\u0131r.<\/p>\n\n\n\n<h3 class=\"wp-block-heading\">C\u00fcmle \u0130\u00e7inde Zarflar\u0131 Bulmak \u0130\u00e7in \u0130pu\u00e7lar\u0131<\/h3>\n\n\n\n<p>C\u00fcmlelerdeki zarflar\u0131 belirlemek i\u00e7in bu pratik yakla\u015f\u0131mlar\u0131 deneyin:<\/p>\n\n\n\n<ul class=\"wp-block-list\">\n<li>&nbsp;<strong>\u00d6nce Fiili Bul:<\/strong> Ana fiili bulduktan sonra, eylemin zamanlamas\u0131n\u0131 ve yerini, yo\u011funlu\u011funu ve amac\u0131n\u0131 a\u00e7\u0131klayan tan\u0131mlay\u0131c\u0131 kelimeleri kontrol edin.<\/li>\n<\/ul>\n\n\n\n<ul class=\"wp-block-list\">\n<li><strong>Zarf Sorular\u0131n\u0131 Uygulay\u0131n:<\/strong> Sor:\n<ul class=\"wp-block-list\">\n<li>Eylem nas\u0131l ger\u00e7ekle\u015ftirildi? (tarz)<\/li>\n\n\n\n<li>Ne zaman tamamland\u0131? (zaman)<\/li>\n\n\n\n<li>Nerede oldu? (yer)<\/li>\n\n\n\n<li>Ne s\u0131kl\u0131kla meydana geliyor? (s\u0131kl\u0131k)<\/li>\n\n\n\n<li>Ne \u00f6l\u00e7\u00fcde? (derece)<\/li>\n<\/ul>\n<\/li>\n<\/ul>\n\n\n\n<ul class=\"wp-block-list\">\n<li><strong>Hareketlili\u011fi Kontrol Edin:<\/strong> Bir\u00e7ok zarf, anlam\u0131 de\u011fi\u015ftirmeden c\u00fcmle i\u00e7inde farkl\u0131 konumlara ta\u015f\u0131nabilir, bu da yararl\u0131 bir testtir. \u015eunu d\u00fc\u015f\u00fcn\u00fcn:\n<ul class=\"wp-block-list\">\n<li>O konu\u015ftu <strong>yumu\u015fak\u00e7a<\/strong> toplant\u0131 s\u0131ras\u0131nda.<\/li>\n\n\n\n<li><strong>Yava\u015f\u00e7a,<\/strong> toplant\u0131 s\u0131ras\u0131nda konu\u015ftu.<\/li>\n\n\n\n<li>O <strong>yumu\u015fak\u00e7a<\/strong> toplant\u0131 s\u0131ras\u0131nda konu\u015ftu.<\/li>\n<\/ul>\n<\/li>\n<\/ul>\n\n\n\n<ul class=\"wp-block-list\">\n<li><strong>S\u0131fatlar\u0131n veya Di\u011fer Zarflar\u0131n De\u011fi\u015ftiricilerini Aray\u0131n:<\/strong> Zarflar, s\u0131fatlar\u0131 ya da c\u00fcmledeki di\u011fer zarflar\u0131 de\u011fi\u015ftiren s\u00f6zc\u00fcklerdir.\n<ul class=\"wp-block-list\">\n<li>S\u0131nav \u00f6\u011frenciler i\u00e7in \u00e7ok zorlay\u0131c\u0131 oldu. (\"very\", \"challenging\" s\u0131fat\u0131 i\u00e7in bir de\u011fi\u015ftirici g\u00f6revi g\u00f6r\u00fcr)<\/li>\n\n\n\n<li>\u00c7ok h\u0131zl\u0131 ko\u015fuyor. (\"very\", \"quickly\" zarf\u0131n\u0131 de\u011fi\u015ftirir)<\/li>\n<\/ul>\n<\/li>\n<\/ul>\n\n\n\n<h2 class=\"wp-block-heading\">Zarflar\u0131 Yaz\u0131lar\u0131n\u0131zda Nas\u0131l Etkili Kullanabilirsiniz?<\/h2>\n\n\n<div class=\"wp-block-image\">\n<figure class=\"aligncenter size-large is-resized\"><img loading=\"lazy\" decoding=\"async\" width=\"1024\" height=\"683\" src=\"https:\/\/undetectable.ai/blog\/wp-content\/uploads\/2025\/03\/ffffff-1-1-1024x683.jpg\" alt=\"People, education, high school and learning concept\" class=\"wp-image-22262\" style=\"width:612px;height:auto\" title=\"\" srcset=\"https:\/\/undetectable.ai/blog\/wp-content\/uploads\/2025\/03\/ffffff-1-1-1024x683.jpg 1024w, https:\/\/undetectable.ai/blog\/wp-content\/uploads\/2025\/03\/ffffff-1-1-300x200.jpg 300w, https:\/\/undetectable.ai/blog\/wp-content\/uploads\/2025\/03\/ffffff-1-1-768x512.jpg 768w, https:\/\/undetectable.ai/blog\/wp-content\/uploads\/2025\/03\/ffffff-1-1-18x12.jpg 18w, https:\/\/undetectable.ai/blog\/wp-content\/uploads\/2025\/03\/ffffff-1-1.jpg 1200w\" sizes=\"auto, (max-width: 1024px) 100vw, 1024px\" \/><\/figure><\/div>\n\n\n<p>Her yaz\u0131 projesi, stil ve renk katmak ancak okunabilirli\u011fi korumak i\u00e7in zarflar\u0131n uygun \u015fekilde uygulanmas\u0131n\u0131 gerektirir. <\/p>\n\n\n\n<p>\u0130\u015fte bunu nas\u0131l yapaca\u011f\u0131n\u0131z:<\/p>\n\n\n\n<ol class=\"wp-block-list\">\n<li><strong>Zarflar\u0131 \u0130dareli Kullan\u0131n: <\/strong>\"-ly\" zarflar\u0131n\u0131n metin boyunca di\u011fer zarflarla birlikte tekrar tekrar kullan\u0131lmas\u0131 yaz\u0131n\u0131n profesyonelli\u011fini azalt\u0131r. Belirli, g\u00fc\u00e7l\u00fc eylem fiilleri kullanmak, metni \"-ly\" zarflar\u0131yla doldurmaktan daha iyi sonu\u00e7lar sa\u011flar.<\/li>\n\n\n\n<li><strong>Belirli Zarflar Se\u00e7in:<\/strong> Zarflar\u0131 se\u00e7erken, genel olanlar yerine ama\u00e7lad\u0131\u011f\u0131n\u0131z mesaj i\u00e7in kesin anlamlar sa\u011flayanlar\u0131 se\u00e7in.<\/li>\n\n\n\n<li><strong>Zarflar\u0131 Stratejik Olarak Yerle\u015ftirin:<\/strong> Zarflar\u0131 c\u00fcmlelerinize nas\u0131l yerle\u015ftirdi\u011finiz, onlar\u0131n vurgu d\u00fczeyini ve c\u00fcmle ak\u0131\u015f\u0131n\u0131 belirler.<\/li>\n\n\n\n<li><strong>Fazlal\u0131klardan Ka\u00e7\u0131n\u0131n:<\/strong> Zarflar fiil taraf\u0131ndan sunulan temel bilgileri tekrarlamaktan ka\u00e7\u0131nmas\u0131 gerekti\u011finden (\u00f6rne\u011fin, \"y\u00fcksek sesle ba\u011f\u0131rd\u0131\") yaz\u0131n\u0131zda fazlal\u0131k olmamal\u0131d\u0131r.<\/li>\n\n\n\n<li><strong>Ton Yaratmak i\u00e7in Zarflar\u0131n\u0131z\u0131 Kullan\u0131n:<\/strong> Zarflar yaz\u0131n\u0131zda belirli bir ton yaratman\u0131za yard\u0131mc\u0131 olabilir. \u00d6rne\u011fin \u015funlar\u0131 kullanmak <strong>zarf \u00f6rnekleri c\u00fcmleler <\/strong>\"usulca konu\u015ftu\" gibi nazik bir senaryo yarat\u0131r.<\/li>\n\n\n\n<li><strong>Zarflar\u0131 Di\u011fer Tan\u0131mlay\u0131c\u0131 Unsurlarla Dengeleyin:<\/strong> Zarflar gibi bireysel a\u00e7\u0131klama unsurlar\u0131, ilgi \u00e7ekici yaz\u0131l\u0131 i\u00e7erik olu\u015fturmak i\u00e7in g\u00fc\u00e7l\u00fc fiiller, isimler ve s\u0131fatlarla dengelenmelidir.<\/li>\n\n\n\n<li><strong>Ba\u015fkalar\u0131ndan Geri Bildirim Al\u0131n:<\/strong> \u00c7al\u0131\u015fman\u0131z\u0131 y\u00fcksek sesle okuyarak do\u011fru yapmak yeterli de\u011fildir, ba\u015fkalar\u0131ndan yaz\u0131n\u0131z\u0131 g\u00f6zden ge\u00e7irmelerini ve zarflar\u0131 kullanma \u015fekliniz hakk\u0131nda geri bildirim vermelerini isteyin.<\/li>\n<\/ol>\n\n\n\n<h3 class=\"wp-block-heading\">Daha G\u00fc\u00e7l\u00fc Yaz\u0131lar \u0130\u00e7in Zarflara Alternatifler<\/h3>\n\n\n\n<p>\u00c7e\u015fitli yaz\u0131m uzmanlar\u0131, yazma etkinli\u011fini art\u0131rmak i\u00e7in zarf kullanmak yerine g\u00fc\u00e7l\u00fc alternatif fiilleri desteklemektedir. <\/p>\n\n\n\n<p>Alternatifler \u015funlard\u0131r:<\/p>\n\n\n\n<ul class=\"wp-block-list\">\n<li><strong>G\u00fc\u00e7l\u00fc, Belirli Fiiller:<\/strong> Metinde \"yava\u015f\u00e7a y\u00fcr\u00fcd\u00fc\" yerine \"ayaklar\u0131n\u0131 s\u00fcr\u00fcyerek y\u00fcr\u00fcd\u00fc\", \"ayaklar\u0131n\u0131 s\u00fcr\u00fcyerek y\u00fcr\u00fcd\u00fc\" veya \"ambled\" kullan\u0131ld\u0131\u011f\u0131nda okuyucu y\u00fcr\u00fcmeyi daha do\u011fru anlar.<\/li>\n<\/ul>\n\n\n\n<ul class=\"wp-block-list\">\n<li><strong>Tan\u0131mlay\u0131c\u0131 S\u0131fatlar ve \u0130simler:<\/strong> Instead of using adverbs, use descriptive adjectives to paint a picture in the reader&#8217;s mind. The writer can replace &#8220;her words came through clenched teeth&#8221; instead of &#8220;spoke angrily.&#8221; Another example of this is \u201cher&nbsp; voice was like honey \u201c instead of \u201cshe sang sweetly.\u201d<\/li>\n<\/ul>\n\n\n\n<ul class=\"wp-block-list\">\n<li><strong>Ba\u011flamsal Ayr\u0131nt\u0131lar:<\/strong> Bir anlat\u0131 s\u00f6zelle\u015ftirmeden daha iyi sonu\u00e7 verir \u00e7\u00fcnk\u00fc olaylar\u0131 somut veriler ve icra edilen hareketler arac\u0131l\u0131\u011f\u0131yla ortaya koyar. \u00d6rne\u011fin, \"Oda \u00e7ok da\u011f\u0131n\u0131kt\u0131\" yerine \"Oda kirli \u00e7ama\u015f\u0131rlar, bo\u015f pizza kutular\u0131 ve da\u011f\u0131n\u0131k ka\u011f\u0131tlarla doluydu\" yazabilirsiniz.&nbsp;<\/li>\n<\/ul>\n\n\n\n<ul class=\"wp-block-list\">\n<li><strong>Diyalog ve Eylemler:<\/strong> Karakterleri zarflarla tan\u0131mlamak yerine onlar\u0131n s\u00f6z ve eylemlerinin duygu ve tutumlar\u0131n\u0131 g\u00f6stermesine izin verin. \u00d6rne\u011fin \"oh harika, dedi g\u00f6zlerini devirerek\" ifadesi \"alayc\u0131 bir \u015fekilde konu\u015ftu\" ifadesinden daha iyi bir resim \u00e7izer.<\/li>\n<\/ul>\n\n\n\n<ul class=\"wp-block-list\">\n<li><strong>Duyusal Detaylar:<\/strong> These details make the reader fully engrossed, instead of using adverbs. For example, you can replace \u201cthe cookies taste extremely delicious\u201d with&nbsp; \u201cThe smell of cookies wafted through the air.\u201d&nbsp;<\/li>\n<\/ul>\n\n\n\n<h2 class=\"wp-block-heading\">Yapay Zeka Zarf Kullan\u0131m\u0131n\u0131z\u0131 \u0130yile\u015ftirmenize Nas\u0131l Yard\u0131mc\u0131 Olabilir?<\/h2>\n\n\n\n<p>\u0130\u015fte yapay zekan\u0131n Zarf Kullan\u0131m\u0131n\u0131z\u0131 nas\u0131l geli\u015ftirebilece\u011fi:<\/p>\n\n\n\n<h3 class=\"wp-block-heading\">Yapay Zeka Daha G\u00fc\u00e7l\u00fc Yaz\u0131lar \u0130\u00e7in Alternatifler \u00d6nerebiliyor<\/h3>\n\n\n\n<p>Yapay zeka yazma ara\u00e7lar\u0131, zay\u0131f zarflar\u0131 an\u0131nda tespit edebilir ve daha \u00f6nemli alternatifler \u00f6nerebilir. <\/p>\n\n\n\n<p>Metne \"h\u0131zl\u0131 y\u00fcr\u00fcd\u00fc\" yazd\u0131\u011f\u0131n\u0131zda, <a href=\"https:\/\/undetectable.ai\/ai-chat\" target=\"_blank\" rel=\"noreferrer noopener\">Tespit Edilemeyen Yapay Zeka<\/a> \"strode\" ve \"dashed\" gibi olas\u0131 alternatifler \u00f6nermektedir. <\/p>\n\n\n<div class=\"wp-block-image\">\n<figure class=\"aligncenter size-large\"><img loading=\"lazy\" decoding=\"async\" width=\"1024\" height=\"492\" src=\"https:\/\/undetectable.ai/blog\/wp-content\/uploads\/2025\/01\/ai-chat-1024x492.jpg\" alt=\"Yapay Zeka Sohbeti\" class=\"wp-image-6097\" title=\"\" srcset=\"https:\/\/undetectable.ai/blog\/wp-content\/uploads\/2025\/01\/ai-chat-1024x492.jpg 1024w, https:\/\/undetectable.ai/blog\/wp-content\/uploads\/2025\/01\/ai-chat-300x144.jpg 300w, https:\/\/undetectable.ai/blog\/wp-content\/uploads\/2025\/01\/ai-chat-768x369.jpg 768w, https:\/\/undetectable.ai/blog\/wp-content\/uploads\/2025\/01\/ai-chat-1536x738.jpg 1536w, https:\/\/undetectable.ai/blog\/wp-content\/uploads\/2025\/01\/ai-chat-2048x984.jpg 2048w, https:\/\/undetectable.ai/blog\/wp-content\/uploads\/2025\/01\/ai-chat-18x9.jpg 18w\" sizes=\"auto, (max-width: 1024px) 100vw, 1024px\" \/><\/figure><\/div>\n\n\n<p>Tekrar eden zarflar\u0131 tespit etmek i\u00e7in tespit ara\u00e7lar\u0131 olarak hizmet ederler ve i\u015flevsellikleri sayesinde kullan\u0131c\u0131lar\u0131n do\u011fru yedek ifadeleri ke\u015ffetmelerine yard\u0131mc\u0131 olurlar.<\/p>\n\n\n\n<h3 class=\"wp-block-heading\">Yapay Zeka Destekli Dilbilgisi Denetleyicileri Yanl\u0131\u015f Yerle\u015ftirilen Zarflar\u0131n D\u00fczeltilmesine Yard\u0131mc\u0131 Oluyor<\/h3>\n\n\n\n<p>Otomatik sistem zarflar\u0131n yanl\u0131\u015f yerle\u015ftirildi\u011fini tespit etti\u011finde \u00e7oklu dilbilgisi hatalar\u0131 ortaya \u00e7\u0131kmakta, bu da okuma zorluklar\u0131na ve c\u00fcmle ak\u0131\u015f\u0131n\u0131n kesintiye u\u011framas\u0131na neden olmaktad\u0131r. <\/p>\n\n\n\n<p>Bunlar <a href=\"https:\/\/undetectable.ai\/blog\/best-free-ai-writing-tools\/\" target=\"_blank\" rel=\"noreferrer noopener\">Yapay zeka yazma ara\u00e7lar\u0131<\/a> De\u011fi\u015ftiriciler ve kelime \u00f6bekleri aras\u0131ndaki etkile\u015fim veya do\u011fal olmayan kelime dizilerinde g\u00f6r\u00fcnmeleri nedeniyle ama\u00e7lar\u0131n\u0131 yitiren zarflar\u0131 tespit edin. <\/p>\n\n\n\n<p>Ara\u00e7lar, yaz\u0131l\u0131 metni herhangi bir \u015fekilde geli\u015ftirmeyen \"y\u00fcksek sesle ba\u011f\u0131rd\u0131\" gibi gereksiz zarflar\u0131 tespit eder.<\/p>\n\n\n\n<p>Son olarak, AI sohbet asistanlar\u0131 zarf kullan\u0131m\u0131n\u0131z hakk\u0131nda an\u0131nda ki\u015fiselle\u015ftirilmi\u015f geri bildirim sa\u011flar. Bir c\u00fcmle yap\u0131\u015ft\u0131r\u0131n veya <a href=\"https:\/\/undetectable.ai\/blog\/how-to-write-an-introduction-paragraph\/\" target=\"_blank\" rel=\"noreferrer noopener\">paragraf\u0131<\/a>ve yapay zeka belirli iyile\u015ftirmeler \u00f6nerecektir. <\/p>\n\n\n\n<p>\u00d6rne\u011fin:<\/p>\n\n\n\n<p><strong>Sen:<\/strong> \"Sporcu biti\u015f \u00e7izgisine \u00e7ok h\u0131zl\u0131 bir \u015fekilde ko\u015ftu.\"<\/p>\n\n\n\n<p><strong>AI:<\/strong> \"Daha g\u00fc\u00e7l\u00fc bir etki i\u00e7in 'Atlet biti\u015f \u00e7izgisine do\u011fru ko\u015ftu' ifadesini deneyin.\"<\/p>\n\n\n\n<p>Bu asistanlar yaz\u0131m tarz\u0131n\u0131za uyum sa\u011flar ve tavsiyelerini a\u00e7\u0131klayarak zarflar\u0131 ne zaman etkili kullanaca\u011f\u0131n\u0131z\u0131 ve ne zaman alternatifleri se\u00e7ece\u011finizi \u00f6\u011frenmenize yard\u0131mc\u0131 olur.<\/p>\n\n\n\n<p>Yapay Zeka Dedekt\u00f6r\u00fcm\u00fcz\u00fcn ve \u0130nsanc\u0131lla\u015ft\u0131r\u0131c\u0131m\u0131z\u0131n \u00f6zelliklerini a\u015fa\u011f\u0131daki widget'tan ke\u015ffedin!<\/p>\n\n\n\n<div id=\"uai-widget\" data-affiliate-link=\"https:\/\/undetectable.ai\/?_by=hi4km\"><script>var js = document.createElement(\"script\");js.async = true;js.src = \"https:\/\/widget.undetectable.ai\/js\/widget-loader.js?t=\"+Date.now();document.getElementsByTagName(\"head\")[0].appendChild(js);<\/script><\/div>\n\n\n\n<h2 class=\"wp-block-heading\">Zarflar Hakk\u0131nda SSS<\/h2>\n\n\n<div id=\"rank-math-faq\" class=\"rank-math-block\">\n<div class=\"rank-math-list\">\n<div id=\"faq-question-1740768714576\" class=\"rank-math-list-item\">\n<h3 class=\"rank-math-question\">Bir C\u00fcmledeki Zarf Nas\u0131l Belirlenir?<\/h3>\n<div class=\"rank-math-answer\">\n\n<p>Bir zarf\u0131 tan\u0131mlamak i\u00e7in, \"ne \u00f6l\u00e7\u00fcde\", \"ne zaman\", \"nerede\", \"nas\u0131l\" veya \"neden\" a\u00e7\u0131klayan terimler bulman\u0131z gerekir. Eylemlerle ilgili zaman, yer, y\u00f6ntem, neden veya dereceyi a\u00e7\u0131klayan s\u00f6zc\u00fcklere odaklan\u0131n.\u00a0<\/p>\n\n<\/div>\n<\/div>\n<div id=\"faq-question-1740768717621\" class=\"rank-math-list-item\">\n<h3 class=\"rank-math-question\">Zarf ve S\u0131fat Aras\u0131ndaki Fark Nedir?<\/h3>\n<div class=\"rank-math-answer\">\n\n<p>S\u0131fatlar isimleri ve zamirleri de\u011fi\u015ftirirken, zarflar fiilleri, s\u0131fatlar\u0131, di\u011fer zarflar\u0131 ve hatta tam c\u00fcmleleri de\u011fi\u015ftirir. <\/p>\n<p>S\u0131fatlar ya belirli kategorileri ya da s\u0131kl\u0131kla ba\u011flay\u0131c\u0131 fiillere ba\u011flanan belirli \u00f6\u011fe se\u00e7eneklerini tan\u0131mlar.\u00a0<\/p>\n\n<\/div>\n<\/div>\n<div id=\"faq-question-1740768724133\" class=\"rank-math-list-item\">\n<h3 class=\"rank-math-question\">Bir C\u00fcmlede Birden Fazla Zarf Olabilir mi?<\/h3>\n<div class=\"rank-math-answer\">\n\n<p>Bir c\u00fcmle, sunumu s\u0131ras\u0131nda metinde bulunan farkl\u0131 \u00f6\u011feleri de\u011fi\u015ftiren birden fazla zarf kullan\u0131r. <\/p>\n<p>\"D\u00fcn d\u0131\u015far\u0131da sessizce ve sab\u0131rla bekledi\" t\u00fcmcesinde, davran\u0131\u015f\u0131n\u0131 betimlemek i\u00e7in iki zarf kullan\u0131l\u0131rken, \"d\u0131\u015far\u0131da\" s\u00f6zc\u00fc\u011f\u00fc kald\u0131\u011f\u0131 yeri g\u00f6stermektedir.\u00a0<\/p>\n\n<\/div>\n<\/div>\n<\/div>\n<\/div>\n\n\n<h2 class=\"wp-block-heading\">Sonu\u00e7<\/h2>\n\n\n\n<p>Sonu\u00e7 olarak, zarflar c\u00fcmlelerinize lezzet, derinlik ve netlik katan gizli sostur. <\/p>\n\n\n\n<p>Bir \u015feyin nas\u0131l, ne zaman veya nerede oldu\u011funu anlat\u0131rken, yaz\u0131n\u0131za hayat vermenize yard\u0131mc\u0131 olurlar! <\/p>\n\n\n\n<p>Yaz\u0131lar\u0131n\u0131zda ince ayar yapmak i\u00e7in yard\u0131ma ihtiyac\u0131n\u0131z olursa <strong><a href=\"https:\/\/undetectable.ai\/ai-chat\" target=\"_blank\" rel=\"noreferrer noopener\">Sohbet Yapay Zekas\u0131<\/a><\/strong> itibaren <strong>Tespit Edilemeyen Yapay Zeka<\/strong> arkan\u0131 kollar.<\/p>\n\n\n\n<p>Ve okul projeleri i\u00e7in, <strong><a href=\"https:\/\/undetectable.ai\/ask-ai\" target=\"_blank\" rel=\"noreferrer noopener\">Yapay Zekaya Sor<\/a><\/strong> sizi oyununuzun zirvesinde tutmak i\u00e7in m\u00fckemmel bir \u00e7al\u0131\u015fma arkada\u015f\u0131d\u0131r. Bir deneyin ve yaz\u0131n\u0131z\u0131 zahmetsizce p\u00fcr\u00fczs\u00fcz hale getirin! <\/p>","protected":false},"excerpt":{"rendered":"","protected":false},"author":15,"featured_media":22260,"comment_status":"closed","ping_status":"closed","sticky":false,"template":"","format":"standard","meta":{"_themeisle_gutenberg_block_has_review":false,"footnotes":""},"categories":[31],"tags":[],"class_list":["post-6511","post","type-post","status-publish","format-standard","has-post-thumbnail","hentry","category-helpful-ai-content-tips"],"_links":{"self":[{"href":"https:\/\/undetectable.ai/blog\/tr\/wp-json\/wp\/v2\/posts\/6511","targetHints":{"allow":["GET"]}}],"collection":[{"href":"https:\/\/undetectable.ai/blog\/tr\/wp-json\/wp\/v2\/posts"}],"about":[{"href":"https:\/\/undetectable.ai/blog\/tr\/wp-json\/wp\/v2\/types\/post"}],"author":[{"embeddable":true,"href":"https:\/\/undetectable.ai/blog\/tr\/wp-json\/wp\/v2\/users\/15"}],"replies":[{"embeddable":true,"href":"https:\/\/undetectable.ai/blog\/tr\/wp-json\/wp\/v2\/comments?post=6511"}],"version-history":[{"count":3,"href":"https:\/\/undetectable.ai/blog\/tr\/wp-json\/wp\/v2\/posts\/6511\/revisions"}],"predecessor-version":[{"id":22263,"href":"https:\/\/undetectable.ai/blog\/tr\/wp-json\/wp\/v2\/posts\/6511\/revisions\/22263"}],"wp:featuredmedia":[{"embeddable":true,"href":"https:\/\/undetectable.ai/blog\/tr\/wp-json\/wp\/v2\/media\/22260"}],"wp:attachment":[{"href":"https:\/\/undetectable.ai/blog\/tr\/wp-json\/wp\/v2\/media?parent=6511"}],"wp:term":[{"taxonomy":"category","embeddable":true,"href":"https:\/\/undetectable.ai/blog\/tr\/wp-json\/wp\/v2\/categories?post=6511"},{"taxonomy":"post_tag","embeddable":true,"href":"https:\/\/undetectable.ai/blog\/tr\/wp-json\/wp\/v2\/tags?post=6511"}],"curies":[{"name":"wp","href":"https:\/\/api.w.org\/{rel}","templated":true}]}}